{"id":2111462,"date":"2026-08-23T21:05:15","date_gmt":"2026-08-23T18:05:15","guid":{"rendered":"https:\/\/analyse.optim.biz\/?p=2111462"},"modified":"2026-08-23T21:05:15","modified_gmt":"2026-08-23T18:05:15","slug":"auto-dima-ratemasini-ro-la-tbi-expo-buzau","status":"publish","type":"post","link":"https:\/\/analyse.optim.biz\/?p=2111462","title":{"rendered":"Auto Dima \u2013 RateMasini.ro la tbi Expo Buzau"},"content":{"rendered":"<p>[analyse_image type=&#8221;featured&#8221; src=&#8221;https:\/\/opiniabuzau.ro\/wp-content\/uploads\/2026\/08\/parcautobuzau-scaled.webp&#8221;]<\/p>\n<div class=\"entry-content entry clearfix\">\n<p>Parcarea Shopping City Buz\u0103u s-a transformat, timp de trei zile, \u00eentr-un punct de \u00eent\u00e2lnire pentru pasiona\u021bii de automobile \u0219i pentru \u0219oferii afla\u021bi \u00een c\u0103utarea unei ma\u0219ini rulate, \u00een perioada 10\u201312 iulie 2026. Evenimentul a fost de un real succes \u0219i sper\u0103m c\u0103 va deveni o tradi\u021bie la Buz\u0103u.<\/p>\n<p><strong>Auto Dima<\/strong>\u00a0a participat la\u00a0<strong>tbi Auto Expo Buz\u0103u<\/strong>\u00a0cu 7 autoturisme preg\u0103tite special pentru eveniment, o echip\u0103 format\u0103 din 20 de persoane, trei ma\u0219ini de drift \u0219i numeroase surprize pentru public. Peste 1.000 de vizitatori au trecut prin standul parcului auto \u0219i s-au \u00eenscris la tombola care are drept premiu un BMW Seria 3.<\/p>\n<p>\u00cen perioada 10\u201312 iulie 2026, parcarea\u00a0<strong>Shopping City Buz\u0103u<\/strong>\u00a0a g\u0103zduit\u00a0<strong>tbi Auto Expo<\/strong>, un eveniment dedicat automobilelor, solu\u021biilor de finan\u021bare \u0219i interac\u021biunii directe dintre parcurile auto \u0219i persoanele interesate de achizi\u021bia unei ma\u0219ini.<\/p>\n<p>Printre participan\u021bii care au reu\u0219it s\u0103 atrag\u0103 aten\u021bia publicului s-a num\u0103rat \u0219i<strong>\u00a0Auto Dima<\/strong>,<strong>\u00a0cel mai mare<\/strong>\u00a0<a title=\"Parc Auto Buzau\" href=\"https:\/\/www.ratemasini.ro\/parc-auto-buzau\/\" rel=\"dofollow\"><em><strong>parc auto din Buz\u0103u<\/strong><\/em><\/a>\u00a0\u0219i unul dintre cele mai performante \u0219i apreciate parcuri din Rom\u00e2nia cu sute de ma\u0219ini v\u00e2ndute lunar, care a venit la expozi\u021bie nu doar cu autoturisme disponibile pentru prezentare, ci cu o experien\u021b\u0103 construit\u0103 \u00een jurul vizitatorilor.<\/p>\n<p>\u0218apte ma\u0219ini preg\u0103tite cu aten\u021bie, posibilitatea efectu\u0103rii unui test-drive, finan\u021bare disponibil\u0103 direct la eveniment, o reducere de 500 de euro oferit\u0103 prin campania tbi, 3 automobile de drift \u0219i \u00eenghe\u021bat\u0103 gratuit\u0103 au fost c\u00e2teva dintre elementele care au transformat standul Auto Dima \u00eentr-unul dintre punctele animate ale expozi\u021biei.<\/p>\n<div class=\"stream-item stream-item-in-post stream-item-inline-post aligncenter\"><a href=\"https:\/\/vreaulanova.ro\/?utm_source=opiniabuzau&amp;utm_medium=image\" title target=\"_blank\"><img loading=\"lazy\" decoding=\"async\" data-od-unknown-tag data-od-xpath=\"\/HTML\/BODY\/DIV[@class=&apos;background-overlay&apos;]\/*[1][self::DIV]\/*[1][self::DIV]\/*[4][self::DIV]\/*[1][self::DIV]\/*[1][self::DIV]\/*[2][self::ARTICLE]\/*[3][self::DIV]\/*[7][self::DIV]\/*[1][self::A]\/*[1][self::IMG]\" src=\"https:\/\/opiniabuzau.ro\/wp-content\/smush-webp\/2022\/02\/MicrosoftTeams-image-4-1.jpg.webp\" alt width=\"728\" height=\"91\" class=\"perfmatters-lazy\"><img loading=\"lazy\" decoding=\"async\" data-od-unknown-tag data-od-xpath=\"\/HTML\/BODY\/DIV[@class=&apos;background-overlay&apos;]\/*[1][self::DIV]\/*[1][self::DIV]\/*[4][self::DIV]\/*[1][self::DIV]\/*[1][self::DIV]\/*[2][self::ARTICLE]\/*[3][self::DIV]\/*[7][self::DIV]\/*[1][self::A]\/*[1][self::IMG]\" src=\"https:\/\/opiniabuzau.ro\/wp-content\/smush-webp\/2022\/02\/MicrosoftTeams-image-4-1.jpg.webp\" alt width=\"728\" height=\"91\"><\/a><\/div>\n<p>\u00a0<\/p>\n<h2>Auto Dima a prezentat 7 autoturisme la tbi Auto Expo Buz\u0103u<\/h2>\n<p>Pentru participarea la eveniment, Auto Dima a selectat \u0219i preg\u0103tit cu aten\u021bie 7 autoturisme din oferta parcului auto.<\/p>\n<p>Ma\u0219inile au fost expuse pe toat\u0103 durata celor trei zile, astfel \u00eenc\u00e2t vizitatorii s\u0103 le poat\u0103 analiza de aproape, s\u0103 observe starea caroseriei \u0219i a interiorului, s\u0103 verifice spa\u021biul disponibil \u0219i s\u0103 discute direct cu reprezentan\u021bii parcului despre dot\u0103ri, motoriz\u0103ri, pre\u021buri \u0219i solu\u021bii de achizi\u021bie.<\/p>\n<p>Pentru o persoan\u0103 care caut\u0103 o ma\u0219in\u0103 rulat\u0103, aceast\u0103 interac\u021biune poate fi mai relevant\u0103 dec\u00e2t simpla vizualizare a unui anun\u021b online. Fotografiile \u0219i descrierile ofer\u0103 primele informa\u021bii, \u00eens\u0103 decizia apare, de cele mai multe ori, dup\u0103 ce cump\u0103r\u0103torul vede ma\u0219ina, se a\u0219az\u0103 la volan \u0219i prime\u0219te r\u0103spunsuri clare la \u00eentreb\u0103rile sale.<\/p>\n<p>Vizitatorii au putut compara variantele prezentate \u0219i au avut ocazia s\u0103 discute cu echipa Auto Dima despre tipul de ma\u0219in\u0103 potrivit pentru nevoile lor: autoturism de ora\u0219, SUV pentru familie, model economic pentru navet\u0103 sau ma\u0219in\u0103 confortabil\u0103 pentru drumuri lungi.<\/p>\n<p>O echip\u0103 format\u0103 din 20 de membri<\/p>\n<p><img loading=\"lazy\" decoding=\"async\" data-od-unknown-tag data-od-xpath=\"\/HTML\/BODY\/DIV[@class=&apos;background-overlay&apos;]\/*[1][self::DIV]\/*[1][self::DIV]\/*[4][self::DIV]\/*[1][self::DIV]\/*[1][self::DIV]\/*[2][self::ARTICLE]\/*[3][self::DIV]\/*[17][self::P]\/*[1][self::IMG]\" class=\"alignnone size-full wp-image-478295 perfmatters-lazy\" src=\"https:\/\/opiniabuzau.ro\/wp-content\/uploads\/2026\/08\/80192d0b-3d4c-48fb-a823-dbbc9f16b7a7-scaled.webp\" alt width=\"1024\" height=\"606\"><\/p>\n<p><img loading=\"lazy\" decoding=\"async\" data-od-unknown-tag data-od-xpath=\"\/HTML\/BODY\/DIV[@class=&apos;background-overlay&apos;]\/*[1][self::DIV]\/*[1][self::DIV]\/*[4][self::DIV]\/*[1][self::DIV]\/*[1][self::DIV]\/*[2][self::ARTICLE]\/*[3][self::DIV]\/*[17][self::P]\/*[1][self::IMG]\" class=\"alignnone size-full wp-image-478295\" src=\"https:\/\/opiniabuzau.ro\/wp-content\/uploads\/2026\/08\/80192d0b-3d4c-48fb-a823-dbbc9f16b7a7-scaled.webp\" alt width=\"1024\" height=\"606\"><\/p>\n<h2><a title=\"Auto Dima\" href=\"https:\/\/www.ratemasini.ro\/\" rel=\"dofollow\">Auto Dima<\/a>\u00a0a participat la tbi Auto Expo Buz\u0103u cu o echip\u0103 numeroas\u0103, format\u0103 din 20 de membri.<\/h2>\n<p>Prezen\u021ba unei echipe at\u00e2t de mari a permis desf\u0103\u0219urarea simultan\u0103 a mai multor activit\u0103\u021bi. O parte dintre reprezentan\u021bi s-au ocupat de prezentarea autoturismelor, al\u021bii au oferit informa\u021bii despre finan\u021bare, iar al\u021bi membri ai echipei au coordonat test-drive-urile, \u00eenscrierile la tombol\u0103 \u0219i momentele preg\u0103tite pentru public.<\/p>\n<p>Participarea la o expozi\u021bie auto nu \u00eenseamn\u0103 doar transportarea ma\u0219inilor \u0219i a\u0219ezarea lor \u00eentr-un spa\u021biu de prezentare. \u00cen spatele standului se afl\u0103 preg\u0103tiri logistice, verificarea autoturismelor, organizarea echipei \u0219i coordonarea fiec\u0103rei activit\u0103\u021bi desf\u0103\u0219urate \u00een cele trei zile.<\/p>\n<p>Reprezentan\u021bii Auto Dima spun c\u0103 obiectivul lor a fost s\u0103 dep\u0103\u0219easc\u0103 formatul unei simple expozi\u021bii \u0219i s\u0103 ofere publicului o experien\u021b\u0103 complet\u0103.<\/p>\n<p>\u201eSuntem foarte m\u00e2ndri c\u0103 am putut fi prezen\u021bi la tbi Auto Expo Buz\u0103u \u0219i c\u0103 avem al\u0103turi colaboratori at\u00e2t de implica\u021bi \u00een organizarea unor astfel de evenimente. Ne-am dorit s\u0103 venim \u00een fa\u021ba publicului nu doar cu ma\u0219ini, ci cu o experien\u021b\u0103 complet\u0103 \u0219i s\u0103 oferim, ca de fiecare dat\u0103, cea mai bun\u0103 calitate la un pre\u021b corect\u201d,\u00a0a declarat administratorul Auto Dima.<\/p>\n<h2>Test-drive \u0219i finan\u021bare direct la expozi\u021bie<\/h2>\n<p>Una dintre principalele facilit\u0103\u021bi oferite persoanelor interesate de achizi\u021bia unei ma\u0219ini a fost posibilitatea de a efectua test-drive direct la eveniment.<\/p>\n<p>Pentru mul\u021bi cump\u0103r\u0103tori, testarea ma\u0219inii reprezint\u0103 etapa decisiv\u0103. Pozi\u021bia la volan, vizibilitatea, modul \u00een care r\u0103spunde motorul, func\u021bionarea cutiei de viteze \u0219i confortul suspensiei nu pot fi evaluate complet din fotografii.<\/p>\n<p>La stand, vizitatorii au putut solicita informa\u021bii despre modelele prezentate \u0219i, \u00een func\u021bie de disponibilitate \u0219i condi\u021biile organizatorice, au putut testa autoturismele care le-au atras aten\u021bia.<\/p>\n<p>Tot \u00een cadrul expozi\u021biei a fost disponibil\u0103 \u0219i posibilitatea solicit\u0103rii unei finan\u021b\u0103ri auto pe loc.<\/p>\n<p>Persoanele interesate au putut discuta despre variantele de creditare, perioada de rambursare, valoarea estimativ\u0103 a ratei \u0219i documentele necesare. Astfel, vizitatorul putea trece \u00een aceea\u0219i zi de la simpla analiz\u0103 a ma\u0219inii la o simulare concret\u0103 a costurilor de achizi\u021bie.<\/p>\n<p>\u00a0<\/p>\n<h3>Reducere de 500 de euro din valoarea creditului pentru\u00a0<a title=\"rate auto cu buletinul\" href=\"https:\/\/www.ratemasini.ro\/formular-rate-auto\/\" rel=\"dofollow\">rate auto cu buletinul<\/a><\/h3>\n<p>Pe durata tbi Auto Expo Buz\u0103u, tbi a preg\u0103tit o ofert\u0103 special\u0103 pentru persoanele care au solicitat finan\u021bare \u00een cadrul evenimentului.<\/p>\n<p>Oferta a constat \u00eentr-o reducere de 500 de euro direct din valoarea creditului, acordat\u0103 conform condi\u021biilor campaniei.<\/p>\n<p>Pentru un cump\u0103r\u0103tor, o asemenea reducere poate influen\u021ba costul final al achizi\u021biei \u0219i poate face diferen\u021ba dintre dou\u0103 variante de finan\u021bare.<\/p>\n<p>Avantajul particip\u0103rii la expozi\u021bie a fost acela c\u0103 vizitatorii au putut discuta direct at\u00e2t cu reprezentan\u021bii parcului auto, c\u00e2t \u0219i cu speciali\u0219tii implica\u021bi \u00een procesul de finan\u021bare. \u00centreb\u0103rile despre rat\u0103, avans sau perioad\u0103 puteau primi un r\u0103spuns concret, adaptat situa\u021biei fiec\u0103rui solicitant.<\/p>\n<p>\u00cen loc s\u0103 viziteze separat un parc auto \u0219i o institu\u021bie financiar\u0103, persoana interesat\u0103 avea acces la ambele servicii \u00een cadrul aceluia\u0219i eveniment.<\/p>\n<p>Aprobarea unei finan\u021b\u0103ri r\u0103m\u00e2ne condi\u021bionat\u0103 de analiza institu\u021biei financiare \u0219i de criteriile de eligibilitate aplicabile fiec\u0103rui solicitant.<\/p>\n<h3>Trei ma\u0219ini de drift au f\u0103cut spectacol<\/h3>\n<p>Auto Dima a adus la expozi\u021bie \u0219i trei ma\u0219ini de drift construite special pentru circuit.<\/p>\n<p>Acestea au reprezentat componenta spectaculoas\u0103 a particip\u0103rii \u0219i au animat atmosfera pe parcursul evenimentului. Ma\u0219inile au atras at\u00e2t pasiona\u021bii de motorsport, c\u00e2t \u0219i vizitatorii veni\u021bi cu familiile sau persoanele aflate pentru prima dat\u0103 \u00een apropierea unor astfel de automobile.<\/p>\n<p>O ma\u0219in\u0103 construit\u0103 pentru drift difer\u0103 semnificativ de un autoturism obi\u0219nuit. Modific\u0103rile pot viza suspensia, direc\u021bia, sistemele de siguran\u021b\u0103, motorul sau distribuirea puterii, astfel \u00eenc\u00e2t automobilul s\u0103 poat\u0103 fi controlat \u00een condi\u021biile solicitante ale circuitului.<\/p>\n<p>Modelele \u0219i configura\u021biile tehnice exacte ale celor trei ma\u0219ini nu au fost comunicate, \u00eens\u0103 prezen\u021ba lor a contribuit la atmosfera evenimentului \u0219i a oferit publicului un motiv suplimentar pentru a vizita standul Auto Dima.<\/p>\n<h4>\u00cenghe\u021bat\u0103 gratuit\u0103 pentru to\u021bi vizitatorii<\/h4>\n<p>\u00cen cea de-a doua zi a evenimentului, Auto Dima a preg\u0103tit o surpriz\u0103 potrivit\u0103 pentru temperaturile lunii iulie.<\/p>\n<p>La stand a fost adus\u0103 o ma\u0219in\u0103 de \u00eenghe\u021bat\u0103, care a func\u021bionat pe tot parcursul zilei \u0219i a oferit \u00eenghe\u021bat\u0103 gratuit\u0103 tuturor vizitatorilor.<\/p>\n<p>Momentul a fost apreciat \u00een special de familiile care au participat \u00eempreun\u0103 cu copiii, dar \u0219i de persoanele care au petrecut mai mult timp analiz\u00e2nd autoturismele \u0219i urm\u0103rind activit\u0103\u021bile expozi\u021biei.<\/p>\n<p>Prin aceast\u0103 ini\u021biativ\u0103, standul a devenit mai mult dec\u00e2t un spa\u021biu comercial. Vizitatorii au putut s\u0103 se opreasc\u0103, s\u0103 discute cu membrii echipei, s\u0103 vad\u0103 ma\u0219inile expuse \u0219i s\u0103 se bucure de atmosfera evenimentului f\u0103r\u0103 presiunea unei achizi\u021bii imediate.<\/p>\n<p>Nu toate persoanele care trec printr-un stand auto sunt preg\u0103tite s\u0103 cumpere o ma\u0219in\u0103 \u00een aceea\u0219i zi. Unele vor s\u0103 descopere oferta, s\u0103 cunoasc\u0103 echipa \u0219i s\u0103 afle cum func\u021bioneaz\u0103 finan\u021barea. O experien\u021b\u0103 pl\u0103cut\u0103 poate face \u00eens\u0103 ca numele parcului auto s\u0103 fie re\u021binut pentru momentul \u00een care achizi\u021bia devine o prioritate.<\/p>\n<p>Pentru numero\u0219i participan\u021bi, ma\u0219inile de drift au devenit un decor potrivit pentru fotografii \u0219i film\u0103ri, iar zgomotul motoarelor \u0219i aspectul special al automobilelor au completat experien\u021ba unei expozi\u021bii dedicate pasiona\u021bilor auto.<\/p>\n<h4>Un BMW Seria 3, expus pe toat\u0103 durata evenimentului<\/h4>\n<p>Una dintre cele mai mari atrac\u021bii ale standului Auto Dima,\u00a0<strong>unul dintre cei mai buni dealeri auto rulate din Romania<\/strong>, a fost un BMW Seria 3 berlin\u0103, echipat cu motor diesel de 2,0 litri, fabricat \u00een anul 2007.<\/p>\n<p>Ma\u0219ina nu a fost oferit\u0103 \u00een timpul expozi\u021biei, ci a fost prezentat\u0103 publicului ca premiu al unei tombole care urmeaz\u0103 s\u0103 fie organizat\u0103 la sediul Auto Dima.<\/p>\n<p>BMW-ul a r\u0103mas expus pe toat\u0103 durata celor trei zile, iar persoanele interesate au putut s\u0103 se \u00eenscrie scan\u00e2nd codul QR lipit pe ma\u0219in\u0103.<\/p>\n<p>Mecanismul simplu de \u00eenscriere a atras un num\u0103r mare de participan\u021bi. Nu a fost necesar\u0103 completarea unor formulare pe h\u00e2rtie la stand, iar codul QR a permis publicului s\u0103 acceseze rapid pagina dedicat\u0103 tombolei.<\/p>\n<p>Condi\u021biile complete privind participarea, eligibilitatea \u0219i validarea c\u00e2\u0219tig\u0103torului trebuie consultate \u00een regulamentul oficial pus la dispozi\u021bie de organizator.<\/p>\n<p><img loading=\"lazy\" decoding=\"async\" data-od-unknown-tag data-od-xpath=\"\/HTML\/BODY\/DIV[@class=&apos;background-overlay&apos;]\/*[1][self::DIV]\/*[1][self::DIV]\/*[4][self::DIV]\/*[1][self::DIV]\/*[1][self::DIV]\/*[2][self::ARTICLE]\/*[3][self::DIV]\/*[55][self::P]\/*[1][self::IMG]\" class=\"alignnone size-full wp-image-478297 perfmatters-lazy\" src=\"https:\/\/opiniabuzau.ro\/wp-content\/uploads\/2026\/08\/autodima1-scaled.webp\" alt width=\"768\" height=\"1024\"><\/p>\n<p><img loading=\"lazy\" decoding=\"async\" data-od-unknown-tag data-od-xpath=\"\/HTML\/BODY\/DIV[@class=&apos;background-overlay&apos;]\/*[1][self::DIV]\/*[1][self::DIV]\/*[4][self::DIV]\/*[1][self::DIV]\/*[1][self::DIV]\/*[2][self::ARTICLE]\/*[3][self::DIV]\/*[55][self::P]\/*[1][self::IMG]\" class=\"alignnone size-full wp-image-478297\" src=\"https:\/\/opiniabuzau.ro\/wp-content\/uploads\/2026\/08\/autodima1-scaled.webp\" alt width=\"768\" height=\"1024\"><\/p>\n<h5>Peste 1.000 de persoane s-au \u00eenscris la tombol\u0103<\/h5>\n<p>Peste 1.000 de persoane au trecut prin stand \u0219i s-au \u00eenscris la tombol\u0103 prin scanarea codului QR amplasat pe BMW.<\/p>\n<p>Num\u0103rul \u00eenscrierilor arat\u0103 interesul ridicat generat de activit\u0103\u021bile preg\u0103tite pentru tbi Auto Expo Buz\u0103u.<\/p>\n<p>Cifra se refer\u0103 la persoanele care au parcurs efectiv procesul de \u00eenscriere. Num\u0103rul total al celor care au vizitat standul, au v\u0103zut ma\u0219inile sau au urm\u0103rit activit\u0103\u021bile poate fi mai mare, deoarece nu fiecare participant la expozi\u021bie a ales s\u0103 intre \u00een tombol\u0103.<\/p>\n<p>Interac\u021biunea nu s-a limitat \u00eens\u0103 la premiul expus. Vizitatorii au purtat discu\u021bii cu membrii echipei, au solicitat informa\u021bii despre ma\u0219ini, au analizat variantele de finan\u021bare \u0219i au urm\u0103rit momentele preg\u0103tite \u00een jurul standului.<\/p>\n<p>Pentru Auto Dima, cele peste 1.000 de \u00eenscrieri reprezint\u0103 \u0219i o confirmare a interesului comunit\u0103\u021bii locale pentru evenimentele care combin\u0103 prezentarea ma\u0219inilor cu activit\u0103\u021bi interactive.<\/p>\n<p><img loading=\"lazy\" decoding=\"async\" data-od-unknown-tag data-od-xpath=\"\/HTML\/BODY\/DIV[@class=&apos;background-overlay&apos;]\/*[1][self::DIV]\/*[1][self::DIV]\/*[4][self::DIV]\/*[1][self::DIV]\/*[1][self::DIV]\/*[2][self::ARTICLE]\/*[3][self::DIV]\/*[62][self::P]\/*[1][self::IMG]\" class=\"alignnone size-full wp-image-478298 perfmatters-lazy\" src=\"https:\/\/opiniabuzau.ro\/wp-content\/uploads\/2026\/08\/autodima2-scaled.webp\" alt width=\"1024\" height=\"768\"><\/p>\n<p><img loading=\"lazy\" decoding=\"async\" data-od-unknown-tag data-od-xpath=\"\/HTML\/BODY\/DIV[@class=&apos;background-overlay&apos;]\/*[1][self::DIV]\/*[1][self::DIV]\/*[4][self::DIV]\/*[1][self::DIV]\/*[1][self::DIV]\/*[2][self::ARTICLE]\/*[3][self::DIV]\/*[62][self::P]\/*[1][self::IMG]\" class=\"alignnone size-full wp-image-478298\" src=\"https:\/\/opiniabuzau.ro\/wp-content\/uploads\/2026\/08\/autodima2-scaled.webp\" alt width=\"1024\" height=\"768\"><\/p>\n<h4><strong>Extragerea a avut loc pe 16 august<\/strong><\/h4>\n<p>Tombola nu s-a \u00eencheiat odat\u0103 cu tbi Auto Expo Buz\u0103u.<\/p>\n<p>Extragerea c\u00e2\u0219tig\u0103torului BMW-ului Seria 3 a avut loc pe pe data de 16 august 2026, la loca\u021bia Auto Dima de pe \u0218oseaua Sp\u0103tarului nr. 25, Buz\u0103u, unde sutele de oameni prezen\u021bi au avut parte de o experien\u021b\u0103 frumoas\u0103.<\/p>\n<p>Prin alegerea sediului propriu pentru organizarea extragerii, Auto Dima a continuat experien\u021ba \u00eenceput\u0103 la expozi\u021bie \u0219i le-a oferit participan\u021bilor un nou motiv pentru a reveni.<\/p>\n<p>Participarea \u0219i acordarea premiului s-a realizat \u00een baza regulamentului oficial al tombolei, iar un om a fost f\u0103cut cu adev\u0103rat fericit.<\/p>\n<p>Participarea la expozi\u021bie a permis publicului s\u0103 cunoasc\u0103 o parte din echip\u0103 \u0219i s\u0103 vad\u0103 c\u00e2teva dintre autoturismele preg\u0103tite de parc. Vizita la sediu le poate oferi cump\u0103r\u0103torilor posibilitatea de a analiza mai multe variante \u0219i de a alege ma\u0219ina potrivit\u0103 \u00een func\u021bie de buget, necesit\u0103\u021bi \u0219i modul \u00een care urmeaz\u0103 s\u0103 fie utilizat\u0103.<\/p>\n<\/div>\n<p>[analyse_source url=&#8221;https:\/\/opiniabuzau.ro\/auto-dima-ratemasini-ro-la-tbi-expo-buzau\/&#8221;]<\/p>\n","protected":false},"excerpt":{"rendered":"<p>[analyse_image type=&#8221;featured&#8221; src=&#8221;https:\/\/opiniabuzau.ro\/wp-content\/uploads\/2026\/08\/parcautobuzau-scaled.webp&#8221;] Parcarea Shopping City Buz\u0103u s-a transformat, timp de trei zile, \u00eentr-un punct de \u00eent\u00e2lnire pentru pasiona\u021bii de automobile \u0219i pentru \u0219oferii afla\u021bi \u00een c\u0103utarea unei ma\u0219ini rulate, \u00een perioada 10\u201312 iulie 2026. Evenimentul a fost de un real succes \u0219i sper\u0103m c\u0103 va deveni o tradi\u021bie la Buz\u0103u. Auto Dima\u00a0a participat la\u00a0tbi [&hellip;]<\/p>\n","protected":false},"author":1,"featured_media":0,"comment_status":"open","ping_status":"","sticky":false,"template":"","format":"standard","meta":{"footnotes":""},"categories":[2],"tags":[226,44],"class_list":["post-2111462","post","type-post","status-publish","format-standard","hentry","category-politics","tag-crawlmanager","tag-opiniabuzau-ro"],"_links":{"self":[{"href":"https:\/\/analyse.optim.biz\/index.php?rest_route=\/wp\/v2\/posts\/2111462","targetHints":{"allow":["GET"]}}],"collection":[{"href":"https:\/\/analyse.optim.biz\/index.php?rest_route=\/wp\/v2\/posts"}],"about":[{"href":"https:\/\/analyse.optim.biz\/index.php?rest_route=\/wp\/v2\/types\/post"}],"author":[{"embeddable":true,"href":"https:\/\/analyse.optim.biz\/index.php?rest_route=\/wp\/v2\/users\/1"}],"replies":[{"embeddable":true,"href":"https:\/\/analyse.optim.biz\/index.php?rest_route=%2Fwp%2Fv2%2Fcomments&post=2111462"}],"version-history":[{"count":0,"href":"https:\/\/analyse.optim.biz\/index.php?rest_route=\/wp\/v2\/posts\/2111462\/revisions"}],"wp:attachment":[{"href":"https:\/\/analyse.optim.biz\/index.php?rest_route=%2Fwp%2Fv2%2Fmedia&parent=2111462"}],"wp:term":[{"taxonomy":"category","embeddable":true,"href":"https:\/\/analyse.optim.biz\/index.php?rest_route=%2Fwp%2Fv2%2Fcategories&post=2111462"},{"taxonomy":"post_tag","embeddable":true,"href":"https:\/\/analyse.optim.biz\/index.php?rest_route=%2Fwp%2Fv2%2Ftags&post=2111462"}],"curies":[{"name":"wp","href":"https:\/\/api.w.org\/{rel}","templated":true}]}}