{"id":2111297,"date":"2026-08-25T07:45:49","date_gmt":"2026-08-25T04:45:49","guid":{"rendered":"https:\/\/analyse.optim.biz\/?p=2111297"},"modified":"2026-08-25T07:45:49","modified_gmt":"2026-08-25T04:45:49","slug":"cod-galben-de-furtuni","status":"publish","type":"post","link":"https:\/\/analyse.optim.biz\/?p=2111297","title":{"rendered":"Cod galben de furtuni"},"content":{"rendered":"<p>[analyse_image type=&#8221;featured&#8221; src=&#8221;https:\/\/ziardesuceava.ro\/wp-content\/uploads\/2026\/02\/ploi_0.jpg&#8221;]<\/p>\n<div class=\"post-content clearfix\">\n<div class=\"blog-post-thumb\"><img loading=\"lazy\" decoding=\"async\" width=\"1000\" height=\"667\" src=\"https:\/\/ziardesuceava.ro\/wp-content\/uploads\/2026\/02\/ploi_0.jpg\" class=\"attachment-inhype-blog-thumb size-inhype-blog-thumb wp-post-image\" alt><\/div>\n<div class=\"entry-content\">\n<p>Administra\u021bia Na\u021bional\u0103 de Meteorologie (ANM) a emis aten\u021bion\u0103ri Cod galben de instabilitate atmosferic\u0103 \u0219i averse toren\u021biale \u00eensemnate cantitativ, valabile mar\u021bi \u0219i miercuri \u00een mai multe zone.<\/p>\n<p><img loading=\"lazy\" decoding=\"async\" src=\"https:\/\/agerpres.ro\/data\/202608\/20260825103500_147421.jpg\" alt width=\"935\" height=\"500\"><\/p>\n<p>Conform prognozei de specialitate, \u00een intervalul\u00a0<strong>25 august, ora 16:00 \u2013 26 august, ora 8:00<\/strong>, va fi valabil un Cod galben de vreme instabil\u0103 \u00een sudul Banatului, \u00een cea mai mare parte a Olteniei \u0219i Transilvaniei, apoi, mai ales noaptea, \u0219i \u00een nordul Munteniei, Maramure\u0219 \u0219i \u00een jum\u0103tatea de nord a Moldovei. Vor fi perioade cu instabilitate atmosferic\u0103, manifestat\u0103 prin averse toren\u021biale \u00eensemnate cantitativ, desc\u0103rc\u0103ri electrice, intensific\u0103ri ale v\u00e2ntului \u0219i, izolat, vijelii (rafale de 50 \u2013 70 km\/h) \u0219i grindin\u0103 de mici \u0219i posibil medii dimensiuni (1 \u2013 3 cm).<\/p>\n<p>De asemenea, \u00een intervale scurte de timp (\u00eentre o or\u0103 \u0219i trei ore) \u0219i prin acumulare, cantit\u0103\u021bile de ap\u0103 vor fi de 15 \u2013 25 l\/mp \u0219i, pe arii restr\u00e2nse, de peste 30 \u2013 50 l\/mp.<\/p>\n<p><img loading=\"lazy\" decoding=\"async\" src=\"https:\/\/agerpres.ro\/data\/202608\/20260825103556_771590.jpg\" alt width=\"870\" height=\"500\"><\/p>\n<p>Foto:\u00a0<a href=\"https:\/\/www.meteoromania.ro\/avertizari\/\" target=\"_blank\" rel=\"noopener\">www.meteoromania.ro<\/a><\/p>\n<hr>\n<p>Pe parcursul zilei de\u00a0<strong>miercuri, 26 august<\/strong>, va fi \u00een vigoare al doilea Cod galben de instabilitate atmosferic\u0103, \u00een jum\u0103tatea de nord a Moldovei \u0219i \u00een cea mai mare parte a zonei montane. \u00cen aceste regiuni, se vor semnala averse toren\u021biale \u00eensemnate cantitativ, desc\u0103rc\u0103ri electrice, intensific\u0103ri ale v\u00e2ntului \u0219i, izolat, vijelii (rafale de 50 \u2013 70 km\/h) \u0219i grindin\u0103 de mici \u0219i posibil medii dimensiuni (1 \u2013 3 cm). Prin acumulare, cantit\u0103\u021bile de ap\u0103 vor fi ajunge la 15 \u2013 20 l\/mp, iar izolat vor dep\u0103\u0219i 30 \u2013 40 l\/mp.<\/p>\n<p>Meteorologii precizeaz\u0103 c\u0103 manifest\u0103ri de instabilitate atmosferic\u0103 se vor consemna pe arii restr\u00e2nse \u0219i \u00een restul teritoriului.<\/p>\n<\/div>\n<div class=\"inhype-social-share-fixed sidebar-position-right\">\n<div class=\"post-social-wrapper\">\n<div class=\"post-social-title\"><span class=\"post-social-title-text\">Share<\/span><\/div>\n<\/div>\n<\/div>\n<\/div>\n<p>[analyse_source url=&#8221;https:\/\/ziardesuceava.ro\/cod-galben-de-furtuni\/&#8221;]<\/p>\n","protected":false},"excerpt":{"rendered":"<p>[analyse_image type=&#8221;featured&#8221; src=&#8221;https:\/\/ziardesuceava.ro\/wp-content\/uploads\/2026\/02\/ploi_0.jpg&#8221;] Administra\u021bia Na\u021bional\u0103 de Meteorologie (ANM) a emis aten\u021bion\u0103ri Cod galben de instabilitate atmosferic\u0103 \u0219i averse toren\u021biale \u00eensemnate cantitativ, valabile mar\u021bi \u0219i miercuri \u00een mai multe zone. Conform prognozei de specialitate, \u00een intervalul\u00a025 august, ora 16:00 \u2013 26 august, ora 8:00, va fi valabil un Cod galben de vreme instabil\u0103 \u00een sudul Banatului, [&hellip;]<\/p>\n","protected":false},"author":1,"featured_media":0,"comment_status":"open","ping_status":"","sticky":false,"template":"","format":"standard","meta":{"footnotes":""},"categories":[89],"tags":[226,171],"class_list":["post-2111297","post","type-post","status-publish","format-standard","hentry","category-romania","tag-crawlmanager","tag-ziardesuceava-ro"],"_links":{"self":[{"href":"https:\/\/analyse.optim.biz\/index.php?rest_route=\/wp\/v2\/posts\/2111297","targetHints":{"allow":["GET"]}}],"collection":[{"href":"https:\/\/analyse.optim.biz\/index.php?rest_route=\/wp\/v2\/posts"}],"about":[{"href":"https:\/\/analyse.optim.biz\/index.php?rest_route=\/wp\/v2\/types\/post"}],"author":[{"embeddable":true,"href":"https:\/\/analyse.optim.biz\/index.php?rest_route=\/wp\/v2\/users\/1"}],"replies":[{"embeddable":true,"href":"https:\/\/analyse.optim.biz\/index.php?rest_route=%2Fwp%2Fv2%2Fcomments&post=2111297"}],"version-history":[{"count":0,"href":"https:\/\/analyse.optim.biz\/index.php?rest_route=\/wp\/v2\/posts\/2111297\/revisions"}],"wp:attachment":[{"href":"https:\/\/analyse.optim.biz\/index.php?rest_route=%2Fwp%2Fv2%2Fmedia&parent=2111297"}],"wp:term":[{"taxonomy":"category","embeddable":true,"href":"https:\/\/analyse.optim.biz\/index.php?rest_route=%2Fwp%2Fv2%2Fcategories&post=2111297"},{"taxonomy":"post_tag","embeddable":true,"href":"https:\/\/analyse.optim.biz\/index.php?rest_route=%2Fwp%2Fv2%2Ftags&post=2111297"}],"curies":[{"name":"wp","href":"https:\/\/api.w.org\/{rel}","templated":true}]}}