{"id":2111277,"date":"2026-08-25T16:26:59","date_gmt":"2026-08-25T13:26:59","guid":{"rendered":"https:\/\/analyse.optim.biz\/?p=2111277"},"modified":"2026-08-25T16:26:59","modified_gmt":"2026-08-25T13:26:59","slug":"7-traficanti-care-aduceau-droguri-cu-tirul-in-tara-au-fost-retinuti-stiri-suceava","status":"publish","type":"post","link":"https:\/\/analyse.optim.biz\/?p=2111277","title":{"rendered":"7 trafican\u021bi care aduceau droguri cu tirul \u00een \u021bar\u0103 au fost re\u021binu\u021bi &#8211; Stiri Suceava"},"content":{"rendered":"<p>[analyse_image type=&#8221;featured&#8221; src=&#8221;https:\/\/www.informatiata.ro\/wp-content\/uploads\/2026\/08\/drogati-1-653&#215;1024.jpg&#8221;]<\/p>\n<div class=\"td-post-content tagdiv-type\">\n<div class=\"td-post-featured-image\"><a href=\"https:\/\/www.informatiata.ro\/wp-content\/uploads\/2026\/08\/drogati-1-scaled.jpg\" data-caption><img loading=\"lazy\" decoding=\"async\" width=\"696\" height=\"1092\" class=\"entry-thumb td-modal-image\" src=\"https:\/\/www.informatiata.ro\/wp-content\/uploads\/2026\/08\/drogati-1-696x1092.jpg\" alt title=\"drogati\"><img loading=\"lazy\" decoding=\"async\" width=\"696\" height=\"1092\" class=\"entry-thumb td-modal-image\" src=\"https:\/\/www.informatiata.ro\/wp-content\/uploads\/2026\/08\/drogati-1-696x1092.jpg\" alt title=\"drogati\"><\/a><\/div>\n<p>7 trafican\u021bi care aduceau droguri cu tirul \u00een \u021bar\u0103 au fost re\u021binu\u021bi. Este vorba despre indivizii ridica\u021bi dup\u0103 perchezi\u021bii efectuate \u0219i ijn jude\u021bul Suceava \u2013 C\u00e2mpulung Moldovenesc. <\/p>\n<p>La data de 24 august 2026, procurorii Direc\u021biei de Investigare a Infrac\u021biunilor de Criminalitate Organizat\u0103 \u0219i Terorism \u2013 Structura Central\u0103 \u2013 Sec\u021bia de Combatere a Traficului de Droguri au dispus re\u021binerea a 7 inculpa\u021bi (\u0219ase b\u0103rba\u021bi \u0219i o femeie), cerceta\u021bi pentru s\u0103v\u00e2r\u0219irea infrac\u021biunilor de constituire a unui grup infrac\u021bional organizat,  trafic de droguri de risc \u0219i mare risc \u00een form\u0103 continuat\u0103 \u0219i sp\u0103lare a banilor.<\/p>\n<div class=\"td-a-rec td-a-rec-id-content_inlineright  tdi_7 td_block_template_1\"><img loading=\"lazy\" decoding=\"async\" class=\"aligncenter size-full wp-image-66137\" src=\"https:\/\/www.informatiata.ro\/wp-content\/uploads\/2026\/08\/SAVCOM-6.gif\" alt width=\"299\" height=\"250\"><img loading=\"lazy\" decoding=\"async\" class=\"aligncenter size-full wp-image-66137\" src=\"https:\/\/www.informatiata.ro\/wp-content\/uploads\/2026\/08\/SAVCOM-6.gif\" alt width=\"299\" height=\"250\"><img loading=\"lazy\" decoding=\"async\" class=\"aligncenter size-full wp-image-66138\" src=\"https:\/\/www.informatiata.ro\/wp-content\/uploads\/2026\/08\/FACOS-5.gif\" alt width=\"300\" height=\"250\"><img loading=\"lazy\" decoding=\"async\" class=\"aligncenter size-full wp-image-66138\" src=\"https:\/\/www.informatiata.ro\/wp-content\/uploads\/2026\/08\/FACOS-5.gif\" alt width=\"300\" height=\"250\"><\/div>\n<p>\u00cen urma perchezi\u021biilor efectuate \u00een cursul zilei de ieri au fost g\u0103site \u0219i ridicate \u00eenscrisuri, 54 de monede din aur si argint, un lingou, un ceas de lux, sume de bani \u00een lei, euro, dolari \u0219i forin\u021bi, o arm\u0103 (pu\u0219c\u0103 cu alice), dispozitive de stocare a datelor, precum \u0219i alte mijloace de prob\u0103. <\/p>\n<p>De asemenea, a fost instituit\u0103 m\u0103sura sechestrului asigur\u0103tor asupra mai multor bunuri mobile \u0219i imobile, \u00een valoare de aproximativ 400.000 euro (4 imobile, un autoturism de lux)  precum \u0219i asupra a 27 de conturi bancare deschise pe numele inculpa\u021bilor. <\/p>\n<p>Ast\u0103zi, a fost sesizat judec\u0103torul de drepturi \u0219i libert\u0103\u021bi din cadrul Tribunalului Bucure\u0219ti cu propunerea de arestare preventiv\u0103 a inculpa\u021bilor.<\/p>\n<p>Activit\u0103\u021bile judiciare sunt realizate \u00eempreun\u0103 cu poli\u021bi\u0219tii Direc\u021biei de Combatere a Criminalit\u0103\u021bii Organizate \u2013 Serviciul Antidrog.<\/p>\n<p>Ac\u021biunea a beneficiat de suportul poli\u021bi\u0219tilor Serviciului de Combatere a Criminalit\u0103\u021bii Informatice,  Serviciului de Combatere a Macrocriminalit\u0103\u021bii Economice, ambele din cadrul Direc\u021biei de Combaterea a Criminalit\u0103\u021bii Organizate, brig\u0103zilor din subordinea DCCO,  lupt\u0103torilor Serviciului Interven\u021bii \u0219i Ac\u021biuni Speciale  \u0219i a celor din serviciile ac\u021biuni speciale jude\u021bene, precum \u0219i al speciali\u0219tilor din cadrul  DIICOT \u2013 Serviciul de coordonare a activit\u0103\u021bilor tehnice, de analiz\u0103 a informa\u021biilor \u0219i de investiga\u021bii financiare, at\u00e2t din Structura Central\u0103, c\u00e2t \u0219i din Serviciul Teritorial Timi\u0219oara, Serviciul Teritorial Oradea \u0219i Serviciul Teritorial Cluj.<\/p>\n<div class=\"td-a-rec td-a-rec-id-content_bottom  td-rec-hide-on-m tdi_8 td_block_template_1\"><img loading=\"lazy\" decoding=\"async\" class=\"aligncenter size-large wp-image-66091\" src=\"https:\/\/www.informatiata.ro\/wp-content\/uploads\/2026\/08\/LEVANT-300-x-250-pixels-2025-1024x852.jpg\" alt width=\"696\" height=\"579\"><img loading=\"lazy\" decoding=\"async\" class=\"aligncenter size-large wp-image-66091\" src=\"https:\/\/www.informatiata.ro\/wp-content\/uploads\/2026\/08\/LEVANT-300-x-250-pixels-2025-1024x852.jpg\" alt width=\"696\" height=\"579\"><img loading=\"lazy\" decoding=\"async\" class=\"aligncenter size-large wp-image-66092\" src=\"https:\/\/www.informatiata.ro\/wp-content\/uploads\/2026\/08\/costume-Japonia-Romania-300-x-250-pixels-2025-1024x888.jpg\" alt width=\"696\" height=\"604\"><img loading=\"lazy\" decoding=\"async\" class=\"aligncenter size-large wp-image-66092\" src=\"https:\/\/www.informatiata.ro\/wp-content\/uploads\/2026\/08\/costume-Japonia-Romania-300-x-250-pixels-2025-1024x888.jpg\" alt width=\"696\" height=\"604\"><\/p>\n<p>\u00a0<\/p><\/div>\n<\/div>\n<p>[analyse_source url=&#8221;https:\/\/www.informatiata.ro\/7-retinuti-dosar-trafic-droguri-campulung\/&#8221;]<\/p>\n","protected":false},"excerpt":{"rendered":"<p>[analyse_image type=&#8221;featured&#8221; src=&#8221;https:\/\/www.informatiata.ro\/wp-content\/uploads\/2026\/08\/drogati-1-653&#215;1024.jpg&#8221;] 7 trafican\u021bi care aduceau droguri cu tirul \u00een \u021bar\u0103 au fost re\u021binu\u021bi. Este vorba despre indivizii ridica\u021bi dup\u0103 perchezi\u021bii efectuate \u0219i ijn jude\u021bul Suceava \u2013 C\u00e2mpulung Moldovenesc. La data de 24 august 2026, procurorii Direc\u021biei de Investigare a Infrac\u021biunilor de Criminalitate Organizat\u0103 \u0219i Terorism \u2013 Structura Central\u0103 \u2013 Sec\u021bia de Combatere a [&hellip;]<\/p>\n","protected":false},"author":1,"featured_media":0,"comment_status":"open","ping_status":"","sticky":false,"template":"","format":"standard","meta":{"footnotes":""},"categories":[89],"tags":[226,167],"class_list":["post-2111277","post","type-post","status-publish","format-standard","hentry","category-romania","tag-crawlmanager","tag-informatiata-ro"],"_links":{"self":[{"href":"https:\/\/analyse.optim.biz\/index.php?rest_route=\/wp\/v2\/posts\/2111277","targetHints":{"allow":["GET"]}}],"collection":[{"href":"https:\/\/analyse.optim.biz\/index.php?rest_route=\/wp\/v2\/posts"}],"about":[{"href":"https:\/\/analyse.optim.biz\/index.php?rest_route=\/wp\/v2\/types\/post"}],"author":[{"embeddable":true,"href":"https:\/\/analyse.optim.biz\/index.php?rest_route=\/wp\/v2\/users\/1"}],"replies":[{"embeddable":true,"href":"https:\/\/analyse.optim.biz\/index.php?rest_route=%2Fwp%2Fv2%2Fcomments&post=2111277"}],"version-history":[{"count":0,"href":"https:\/\/analyse.optim.biz\/index.php?rest_route=\/wp\/v2\/posts\/2111277\/revisions"}],"wp:attachment":[{"href":"https:\/\/analyse.optim.biz\/index.php?rest_route=%2Fwp%2Fv2%2Fmedia&parent=2111277"}],"wp:term":[{"taxonomy":"category","embeddable":true,"href":"https:\/\/analyse.optim.biz\/index.php?rest_route=%2Fwp%2Fv2%2Fcategories&post=2111277"},{"taxonomy":"post_tag","embeddable":true,"href":"https:\/\/analyse.optim.biz\/index.php?rest_route=%2Fwp%2Fv2%2Ftags&post=2111277"}],"curies":[{"name":"wp","href":"https:\/\/api.w.org\/{rel}","templated":true}]}}