{"id":2111249,"date":"2026-08-25T17:43:20","date_gmt":"2026-08-25T14:43:20","guid":{"rendered":"https:\/\/analyse.optim.biz\/?p=2111249"},"modified":"2026-08-25T17:43:20","modified_gmt":"2026-08-25T14:43:20","slug":"constantin-toma-decizia-mea-este-luata-nu-voi-mai-candida-din-partea-psd-pentru-un-nou-mandat-de-primar-al-municipiului-buzau","status":"publish","type":"post","link":"https:\/\/analyse.optim.biz\/?p=2111249","title":{"rendered":"Constantin Toma: Decizia mea este luat\u0103 \u2013 nu voi mai candida din partea PSD pentru un nou mandat de primar al municipiului Buz\u0103u"},"content":{"rendered":"<p>[analyse_image type=&#8221;featured&#8221; src=&#8221;https:\/\/buzaumedia.ro\/wp-content\/uploads\/2026\/08\/1787573455_Constantin-Toma-INFORMARE.jpghttps:\/\/buzaumedia.ro\/wp-content\/uploads\/2026\/08\/1787573455_Constantin-Toma-INFORMARE.jpg&#8221;]<\/p>\n<div class=\"entry-content rbct clearfix is-highlight-shares\">\n<p>Dragi buzoieni,<br \/>\nDecizia mea este luat\u0103 \u2013 nu voi mai candida din partea PSD pentru un nou mandat de primar al municipiului Buz\u0103u.<\/p>\n<p>Am renun\u021bat la toate func\u021biile de conducere pe care le-am de\u021binut \u00een partid \u0219i am explicat \u0219i de ce: s-au luat \u0219i din p\u0103cate se iau o mul\u021bime de decizii gre\u0219ite de c\u0103tre PSD, \u00eempotriva rom\u00e2nilor \u0219i implicit a comunit\u0103\u021bii buzoiene!<\/p>\n<p>Ce voi face \u00een 2028, la alegeri, voi decide la momentul potrivit!<\/p>\n<p>Cert este c\u0103 nu voi mai cere votul buzoienilor \u00een calitate de membru PSD.<\/p>\n<p>P\u00e2n\u0103 atunci am un mandat de dus la cap\u0103t, multe proiecte de finalizat \u0219i o mare responsabilitate fa\u021b\u0103 de buzoieni!<\/p>\n<p>Dragi cet\u0103\u021beni ai municipiului Buz\u0103u, v\u0103 mul\u021bumesc din toat\u0103 inima pentru sus\u021binerea \u0219i motivarea permanent\u0103 pe care mi-a\u021bi dat-o \u0219i v\u0103 asigur c\u0103 voi munci \u00een continuare cu devotament, pentru un Buz\u0103u c\u00e2t mai atractiv \u0219i competitiv pentru to\u021bi locuitorii s\u0103i, pentru investitori \u0219i pentru vizitatori!<\/p>\n<p>HAI BUZ\u0102U!<\/p>\n<p>Constantin Toma, primarul municipiului Buz\u0103u<\/p>\n<\/div>\n<p>[analyse_source url=&#8221;https:\/\/buzaumedia.ro\/stiri-buzau\/constantin-toma-decizia-mea-este-luata-nu-voi-mai-candida-din-partea-psd-pentru-un-nou-mandat-de-primar-al-municipiului-buzau\/&#8221;]<\/p>\n","protected":false},"excerpt":{"rendered":"<p>[analyse_image type=&#8221;featured&#8221; src=&#8221;https:\/\/buzaumedia.ro\/wp-content\/uploads\/2026\/08\/1787573455_Constantin-Toma-INFORMARE.jpghttps:\/\/buzaumedia.ro\/wp-content\/uploads\/2026\/08\/1787573455_Constantin-Toma-INFORMARE.jpg&#8221;] Dragi buzoieni, Decizia mea este luat\u0103 \u2013 nu voi mai candida din partea PSD pentru un nou mandat de primar al municipiului Buz\u0103u. Am renun\u021bat la toate func\u021biile de conducere pe care le-am de\u021binut \u00een partid \u0219i am explicat \u0219i de ce: s-au luat \u0219i din p\u0103cate se iau o mul\u021bime de [&hellip;]<\/p>\n","protected":false},"author":1,"featured_media":0,"comment_status":"open","ping_status":"","sticky":false,"template":"","format":"standard","meta":{"footnotes":""},"categories":[2],"tags":[66,226],"class_list":["post-2111249","post","type-post","status-publish","format-standard","hentry","category-politics","tag-buzaumedia-ro","tag-crawlmanager"],"_links":{"self":[{"href":"https:\/\/analyse.optim.biz\/index.php?rest_route=\/wp\/v2\/posts\/2111249","targetHints":{"allow":["GET"]}}],"collection":[{"href":"https:\/\/analyse.optim.biz\/index.php?rest_route=\/wp\/v2\/posts"}],"about":[{"href":"https:\/\/analyse.optim.biz\/index.php?rest_route=\/wp\/v2\/types\/post"}],"author":[{"embeddable":true,"href":"https:\/\/analyse.optim.biz\/index.php?rest_route=\/wp\/v2\/users\/1"}],"replies":[{"embeddable":true,"href":"https:\/\/analyse.optim.biz\/index.php?rest_route=%2Fwp%2Fv2%2Fcomments&post=2111249"}],"version-history":[{"count":0,"href":"https:\/\/analyse.optim.biz\/index.php?rest_route=\/wp\/v2\/posts\/2111249\/revisions"}],"wp:attachment":[{"href":"https:\/\/analyse.optim.biz\/index.php?rest_route=%2Fwp%2Fv2%2Fmedia&parent=2111249"}],"wp:term":[{"taxonomy":"category","embeddable":true,"href":"https:\/\/analyse.optim.biz\/index.php?rest_route=%2Fwp%2Fv2%2Fcategories&post=2111249"},{"taxonomy":"post_tag","embeddable":true,"href":"https:\/\/analyse.optim.biz\/index.php?rest_route=%2Fwp%2Fv2%2Ftags&post=2111249"}],"curies":[{"name":"wp","href":"https:\/\/api.w.org\/{rel}","templated":true}]}}