{"id":2111244,"date":"2026-08-25T17:42:23","date_gmt":"2026-08-25T14:42:23","guid":{"rendered":"https:\/\/analyse.optim.biz\/?p=2111244"},"modified":"2026-08-25T17:42:23","modified_gmt":"2026-08-25T14:42:23","slug":"florin-ceparu-vocea-tinerilor-conteaza","status":"publish","type":"post","link":"https:\/\/analyse.optim.biz\/?p=2111244","title":{"rendered":"Florin Ceparu: VOCEA TINERILOR CONTEAZ\u0102!"},"content":{"rendered":"<p>[analyse_image type=&#8221;featured&#8221; src=&#8221;https:\/\/buzaumedia.ro\/wp-content\/uploads\/2026\/08\/1787659616_Florin-Ceparu-INFORMARE.jpeghttps:\/\/buzaumedia.ro\/wp-content\/uploads\/2026\/08\/1787659616_Florin-Ceparu-INFORMARE.jpeg&#8221;]<\/p>\n<div class=\"entry-content rbct clearfix is-highlight-shares\">\n<p>\u00a0<\/p>\n<p>\u00cei invit\u0103m pe tinerii din municipiul R\u00e2mnicu S\u0103rat \u0219i din localit\u0103\u021bile \u00eenvecinate s\u0103 completeze chestionarul dedicat comunit\u0103\u021bii r\u00e2mnicene de tineri.<\/p>\n<p>Completeaz\u0103 chestionarul aici:<\/p>\n<p>Prin r\u0103spunsurile voastre, ne dorim s\u0103 identific\u0103m:<\/p>\n<p>punctele tari ale comunit\u0103\u021bii;<br \/>\npunctele slabe \u0219i problemele existente;<br \/>\noportunit\u0103\u021bile de dezvoltare;<br \/>\namenin\u021b\u0103rile \u0219i provoc\u0103rile cu care se confrunt\u0103 tinerii.<\/p>\n<p>Opinia fiec\u0103ruia este important\u0103 \u0219i ne va ajuta s\u0103 \u00een\u021belegem mai bine nevoile, a\u0219tept\u0103rile \u0219i ideile tinerilor, pentru a construi \u00eempreun\u0103 o comunitate mai activ\u0103, mai unit\u0103 \u0219i mai prietenoas\u0103 cu ace\u0219tia.<\/p>\n<p>Spune-ne cum vezi comunitatea \u00een care tr\u0103ie\u0219ti!<br \/>\nViitorul comunit\u0103\u021bii r\u00e2mnicene se construie\u0219te \u00eempreun\u0103 cu tinerii!<br \/>\n\u2014\u2014\u2014\u2014\u2014\u2014-<br \/>\nAnaliza SWOT va fi utilizat\u0103 ca baz\u0103 \u00een candidatura Municipiului R\u00e2mnicu S\u0103rat pentru Capitala Tineretului din Rom\u00e2nia 2028.<\/p>\n<p>Florin Ceparu<\/p>\n<\/div>\n<p>[analyse_source url=&#8221;https:\/\/buzaumedia.ro\/stiri-buzau\/florin-ceparu-vocea-tinerilor-conteaza\/&#8221;]<\/p>\n","protected":false},"excerpt":{"rendered":"<p>[analyse_image type=&#8221;featured&#8221; src=&#8221;https:\/\/buzaumedia.ro\/wp-content\/uploads\/2026\/08\/1787659616_Florin-Ceparu-INFORMARE.jpeghttps:\/\/buzaumedia.ro\/wp-content\/uploads\/2026\/08\/1787659616_Florin-Ceparu-INFORMARE.jpeg&#8221;] \u00a0 \u00cei invit\u0103m pe tinerii din municipiul R\u00e2mnicu S\u0103rat \u0219i din localit\u0103\u021bile \u00eenvecinate s\u0103 completeze chestionarul dedicat comunit\u0103\u021bii r\u00e2mnicene de tineri. Completeaz\u0103 chestionarul aici: Prin r\u0103spunsurile voastre, ne dorim s\u0103 identific\u0103m: punctele tari ale comunit\u0103\u021bii; punctele slabe \u0219i problemele existente; oportunit\u0103\u021bile de dezvoltare; amenin\u021b\u0103rile \u0219i provoc\u0103rile cu care se confrunt\u0103 tinerii. Opinia [&hellip;]<\/p>\n","protected":false},"author":1,"featured_media":0,"comment_status":"open","ping_status":"","sticky":false,"template":"","format":"standard","meta":{"footnotes":""},"categories":[2],"tags":[66,226],"class_list":["post-2111244","post","type-post","status-publish","format-standard","hentry","category-politics","tag-buzaumedia-ro","tag-crawlmanager"],"_links":{"self":[{"href":"https:\/\/analyse.optim.biz\/index.php?rest_route=\/wp\/v2\/posts\/2111244","targetHints":{"allow":["GET"]}}],"collection":[{"href":"https:\/\/analyse.optim.biz\/index.php?rest_route=\/wp\/v2\/posts"}],"about":[{"href":"https:\/\/analyse.optim.biz\/index.php?rest_route=\/wp\/v2\/types\/post"}],"author":[{"embeddable":true,"href":"https:\/\/analyse.optim.biz\/index.php?rest_route=\/wp\/v2\/users\/1"}],"replies":[{"embeddable":true,"href":"https:\/\/analyse.optim.biz\/index.php?rest_route=%2Fwp%2Fv2%2Fcomments&post=2111244"}],"version-history":[{"count":0,"href":"https:\/\/analyse.optim.biz\/index.php?rest_route=\/wp\/v2\/posts\/2111244\/revisions"}],"wp:attachment":[{"href":"https:\/\/analyse.optim.biz\/index.php?rest_route=%2Fwp%2Fv2%2Fmedia&parent=2111244"}],"wp:term":[{"taxonomy":"category","embeddable":true,"href":"https:\/\/analyse.optim.biz\/index.php?rest_route=%2Fwp%2Fv2%2Fcategories&post=2111244"},{"taxonomy":"post_tag","embeddable":true,"href":"https:\/\/analyse.optim.biz\/index.php?rest_route=%2Fwp%2Fv2%2Ftags&post=2111244"}],"curies":[{"name":"wp","href":"https:\/\/api.w.org\/{rel}","templated":true}]}}