{"id":2111241,"date":"2026-08-25T19:49:09","date_gmt":"2026-08-25T16:49:09","guid":{"rendered":"https:\/\/analyse.optim.biz\/?p=2111241"},"modified":"2026-08-25T19:49:09","modified_gmt":"2026-08-25T16:49:09","slug":"scdl-face-apel-la-un-geam-pentru-sera-cercetarii","status":"publish","type":"post","link":"https:\/\/analyse.optim.biz\/?p=2111241","title":{"rendered":"SCDL face apel la \u201eUn geam pentru sera cercet\u0103rii\u201d"},"content":{"rendered":"<p>[analyse_image type=&#8221;featured&#8221; src=&#8221;https:\/\/www.tvbuzau.ro\/wp-content\/uploads\/2026\/08\/sddefault-51.jpghttps:\/\/www.tvbuzau.ro\/wp-content\/uploads\/2026\/08\/sddefault-51.jpg&#8221;]<\/p>\n<div class=\"td-ss-main-content\">\n<article id=\"post-120142\" class=\"post-120142 post type-post status-publish format-video has-post-thumbnail hentry category-actualitate post_format-post-format-video\">\n<div class=\"td-post-header\">\n<ul class=\"td-category\">\n<li class=\"entry-category\"><a href=\"https:\/\/www.tvbuzau.ro\/category\/actualitate\/\">Actualitate<\/a><\/li>\n<\/ul>\n<header class=\"td-post-title\">\n<h1 class=\"entry-title\">SCDL face apel la \u201eUn geam pentru sera cercet\u0103rii\u201d<\/h1>\n<div class=\"td-module-meta-info\">\n<div class=\"td-post-author-name\">De c\u0103tre <a href=\"https:\/\/www.tvbuzau.ro\/author\/mihai-vasilescu\/\">TV Buz\u0103u<\/a> &#8211; <\/div>\n<p><span class=\"td-post-date\"><time class=\"entry-date updated td-module-date\" datetime=\"2026-08-25T19:49:09+00:00\">august 25, 2026<\/time><\/span><\/p>\n<div class=\"td-post-comments\"><a href=\"https:\/\/www.tvbuzau.ro\/scdl-face-apel-la-un-geam-pentru-sera-cercetarii\/#respond\">0<\/a><\/div>\n<div class=\"td-post-views\"><span class=\"td-nr-views-120142\">6<\/span><\/div>\n<\/div>\n<\/header>\n<\/div>\n<div class=\"td-post-sharing td-post-sharing-top td-with-like\">\n<div class=\"td-default-sharing\"><a class=\"td-social-sharing-buttons td-social-facebook\" href=\"http:\/\/www.facebook.com\/sharer.php?u=https%3A%2F%2Fwww.tvbuzau.ro%2Fscdl-face-apel-la-un-geam-pentru-sera-cercetarii%2F\"><\/p>\n<div class=\"td-social-but-text\">Distribui\u021bi pe Facebook<\/div>\n<p><\/a><a class=\"td-social-sharing-buttons td-social-twitter\" href=\"https:\/\/twitter.com\/intent\/tweet?text=SCDL+face+apel+la+%E2%80%9EUn+geam+pentru+sera+cercet%C4%83rii%E2%80%9D&amp;url=https%3A%2F%2Fwww.tvbuzau.ro%2Fscdl-face-apel-la-un-geam-pentru-sera-cercetarii%2F&amp;via=TV+Buz%C4%83u\"><\/p>\n<div class=\"td-social-but-text\">Distribui\u021bi pe Twitter<\/div>\n<p><\/a><\/div>\n<div class=\"td-classic-sharing\">\n<ul>\n<li class=\"td-classic-facebook\"><iframe frameborder src=\"https:\/\/www.facebook.com\/plugins\/like.php?href=https:\/\/www.tvbuzau.ro\/scdl-face-apel-la-un-geam-pentru-sera-cercetarii\/&amp;layout=button_count&amp;show_faces=false&amp;width=105&amp;action=like&amp;colorscheme=light&amp;height=21\"><\/iframe><\/li>\n<li class=\"td-classic-twitter\"><a href=\"https:\/\/twitter.com\/share\" class=\"twitter-share-button\" data-url=\"https:\/\/www.tvbuzau.ro\/scdl-face-apel-la-un-geam-pentru-sera-cercetarii\/\" data-text=\"SCDL face apel la \u201eUn geam pentru sera cercet\u0103rii\u201d\" data-via data-lang=\"en\">tweet<\/a><\/li>\n<\/ul>\n<\/div>\n<\/div>\n<div class=\"td-post-content\">\n<div class=\"td-featured-image-rec\">\n<div class=\"wpb_video_wrapper\">\n                    <iframe loading=\"lazy\" id=\"td_youtube_player\" width=\"600\" height=\"560\" src=\"https:\/\/www.youtube.com\/embed\/BdkYYhSvZ3s?enablejsapi=1&amp;feature=oembed&amp;wmode=opaque&amp;vq=hd720\" frameborder allowfullscreen><\/iframe><\/p><\/div>\n<\/div>\n<p>Mai mul\u0163i cet\u0103\u0163eni din Buz\u0103u \u015fi din \u0163ar\u0103 au r\u0103spuns apelului<br \/>\nAnul 2026 a venit cu ploi bogate, cu speran\u021be pentru recolte bune, dar \u0219i cu \u00eencerc\u0103ri pentru serele Sta\u0163iuni de Cercetare-Dezvoltare pentru Legumicultur\u0103 Buz\u0103u. Pentru culturile din c\u00e2mp, apa a fost binevenit\u0103 \u00een schimb pentru serele vechi ale SCDL Buz\u0103u, ploile au l\u0103sat \u00een urm\u0103 numeroase geamuri sparte. Astfel, colectivul institu\u0163iei a lansat c\u0103tre  institu\u021bii publice, \u0219coli, firme, asocia\u021bii, constructori \u0219i persoane fizice ca \u00een situa\u0163ia \u00een care de\u0163in geamuri vechi, rezultate \u00een urma \u00eenlocuirii ferestrelor, pe care nu le mai folosesc s\u0103 le ofere SCDL pentru a primi o nou\u0103 via\u021b\u0103 \u00een serele cercet\u0103rii  unde sunt p\u0103strate \u0219i studiate plante, soiuri \u0219i resurse genetice valoroase pentru horticultura rom\u00e2neasc\u0103.<br \/>\n\u00cen loc s\u0103 devin\u0103 de\u0219eu, un geam recuperat poate contribui la protejarea plantelor, la conservarea biodiversit\u0103\u021bii \u0219i la continuarea cercet\u0103rii horticole rom\u00e2ne\u0219ti.<br \/>\nCu ajutorul publicului, SCDL sper\u0103 s\u0103 repare c\u00e2t mai cur\u00e2d serele afectate \u00een urma vijeliilor din prim\u0103var\u0103 \u015fi de pe parcursul verii astfel \u00eenc\u00e2t activitatea s\u0103 poat\u0103 fi reluat\u0103 \u00een condi\u0163ii optime.<br \/>\nCei care doresc s\u0103 \u00eentind\u0103 o m\u00e2n\u0103 de ajutorul sta\u0163iunii o pot face prin donarea unor geamuri cu dimensiunile de  90\/74 cm, 166\/74 cm.<\/p>\n<div class=\"post-views post-120142 entry-meta\"><span class=\"post-views-label\">Post Views: <\/span><span class=\"post-views-count\">70<\/span><\/div>\n<\/div>\n<footer>\n<div class=\"td-post-sharing td-post-sharing-bottom td-with-like\"><span class=\"td-post-share-title\">DISTRIBUI\u021aI<\/span><\/p>\n<div class=\"td-default-sharing\"><a class=\"td-social-sharing-buttons td-social-facebook\" href=\"http:\/\/www.facebook.com\/sharer.php?u=https%3A%2F%2Fwww.tvbuzau.ro%2Fscdl-face-apel-la-un-geam-pentru-sera-cercetarii%2F\"><\/p>\n<div class=\"td-social-but-text\">Facebook<\/div>\n<p><\/a><a class=\"td-social-sharing-buttons td-social-twitter\" href=\"https:\/\/twitter.com\/intent\/tweet?text=SCDL+face+apel+la+%E2%80%9EUn+geam+pentru+sera+cercet%C4%83rii%E2%80%9D&amp;url=https%3A%2F%2Fwww.tvbuzau.ro%2Fscdl-face-apel-la-un-geam-pentru-sera-cercetarii%2F&amp;via=TV+Buz%C4%83u\"><\/p>\n<div class=\"td-social-but-text\">Twitter<\/div>\n<p><\/a><\/div>\n<div class=\"td-classic-sharing\">\n<ul>\n<li class=\"td-classic-facebook\"><iframe frameborder src=\"https:\/\/www.facebook.com\/plugins\/like.php?href=https:\/\/www.tvbuzau.ro\/scdl-face-apel-la-un-geam-pentru-sera-cercetarii\/&amp;layout=button_count&amp;show_faces=false&amp;width=105&amp;action=like&amp;colorscheme=light&amp;height=21\"><\/iframe><\/li>\n<li class=\"td-classic-twitter\"><a href=\"https:\/\/twitter.com\/share\" class=\"twitter-share-button\" data-url=\"https:\/\/www.tvbuzau.ro\/scdl-face-apel-la-un-geam-pentru-sera-cercetarii\/\" data-text=\"SCDL face apel la \u201eUn geam pentru sera cercet\u0103rii\u201d\" data-via data-lang=\"en\">tweet<\/a><\/li>\n<\/ul>\n<\/div>\n<\/div>\n<div class=\"td-author-name vcard author\"><span class=\"fn\"><a href=\"https:\/\/www.tvbuzau.ro\/author\/mihai-vasilescu\/\">TV Buz\u0103u<\/a><\/span><\/div>\n<p><span><\/span><span><span><\/span><\/span><span><\/span><\/footer>\n<\/article>\n<div class=\"td_block_wrap td_block_related_posts td_uid_1_6a8df54e727c4_rand td_with_ajax_pagination td-pb-border-top\" data-td-block-uid=\"td_uid_1_6a8df54e727c4\">\n<h4 class=\"td-related-title\"><a id=\"td_uid_2_6a8df54e7834d\" class=\"td-related-left td-cur-simple-item\" data-td_filter_value data-td_block_id=\"td_uid_1_6a8df54e727c4\" href=\"https:\/\/www.tvbuzau.ro\/scdl-face-apel-la-un-geam-pentru-sera-cercetarii\/\">ARTICOLE SIMILARE<\/a><a id=\"td_uid_3_6a8df54e7838b\" class=\"td-related-right\" data-td_filter_value=\"td_related_more_from_author\" data-td_block_id=\"td_uid_1_6a8df54e727c4\" href=\"https:\/\/www.tvbuzau.ro\/scdl-face-apel-la-un-geam-pentru-sera-cercetarii\/\">DE LA ACELA\u0218I AUTOR<\/a><\/h4>\n<div id=\"td_uid_1_6a8df54e727c4\" class=\"td_block_inner\">\n<div class=\"td-related-row\">\n<div class=\"td-related-span4\">\n<div class=\"td_module_related_posts td-animation-stack td_mod_related_posts\">\n<div class=\"td-module-image\">\n<div class=\"td-module-thumb\"><a href=\"https:\/\/www.tvbuzau.ro\/va-fi-exclus-din-psd-primarul-constantin-toma\/\" rel=\"bookmark\" title=\"Va fi exclus din PSD, primarul Constantin Toma?\"><img loading=\"lazy\" decoding=\"async\" width=\"218\" height=\"150\" class=\"entry-thumb\" src=\"https:\/\/www.tvbuzau.ro\/wp-content\/uploads\/2026\/08\/sddefault-53-218x150.jpg\" alt title=\"Va fi exclus din PSD, primarul Constantin Toma?\"><span class=\"td-video-play-ico\"><img loading=\"lazy\" decoding=\"async\" width=\"40\" height=\"40\" class=\"td-retina\" src=\"https:\/\/www.tvbuzau.ro\/wp-content\/themes\/Newspaper\/images\/icons\/ico-video-large.png\" alt=\"video\"><\/span><\/a><\/div>\n<p><a href=\"https:\/\/www.tvbuzau.ro\/category\/actualitate\/\" class=\"td-post-category\">Actualitate<\/a><\/div>\n<div class=\"item-details\">\n<h3 class=\"entry-title td-module-title\"><a href=\"https:\/\/www.tvbuzau.ro\/va-fi-exclus-din-psd-primarul-constantin-toma\/\" rel=\"bookmark\" title=\"Va fi exclus din PSD, primarul Constantin Toma?\">Va fi exclus din PSD, primarul Constantin Toma?<\/a><\/h3>\n<\/div>\n<\/div>\n<\/div>\n<div class=\"td-related-span4\">\n<div class=\"td_module_related_posts td-animation-stack td_mod_related_posts\">\n<div class=\"td-module-image\">\n<div class=\"td-module-thumb\"><a href=\"https:\/\/www.tvbuzau.ro\/peste-3-3-milioane-de-tigari-confiscate-de-politisti\/\" rel=\"bookmark\" title=\"Peste 3.3 milioane de \u0163ig\u0103ri confiscate de poli\u0163i\u015fti\"><img loading=\"lazy\" decoding=\"async\" width=\"218\" height=\"150\" class=\"entry-thumb\" src=\"https:\/\/www.tvbuzau.ro\/wp-content\/uploads\/2026\/08\/hqdefault-30-218x150.jpg\" alt title=\"Peste 3.3 milioane de \u0163ig\u0103ri confiscate de poli\u0163i\u015fti\"><span class=\"td-video-play-ico\"><img loading=\"lazy\" decoding=\"async\" width=\"40\" height=\"40\" class=\"td-retina\" src=\"https:\/\/www.tvbuzau.ro\/wp-content\/themes\/Newspaper\/images\/icons\/ico-video-large.png\" alt=\"video\"><\/span><\/a><\/div>\n<p><a href=\"https:\/\/www.tvbuzau.ro\/category\/actualitate\/\" class=\"td-post-category\">Actualitate<\/a><\/div>\n<div class=\"item-details\">\n<h3 class=\"entry-title td-module-title\"><a href=\"https:\/\/www.tvbuzau.ro\/peste-3-3-milioane-de-tigari-confiscate-de-politisti\/\" rel=\"bookmark\" title=\"Peste 3.3 milioane de \u0163ig\u0103ri confiscate de poli\u0163i\u015fti\">Peste 3.3 milioane de \u0163ig\u0103ri confiscate de poli\u0163i\u015fti<\/a><\/h3>\n<\/div>\n<\/div>\n<\/div>\n<div class=\"td-related-span4\">\n<div class=\"td_module_related_posts td-animation-stack td_mod_related_posts\">\n<div class=\"td-module-image\">\n<div class=\"td-module-thumb\"><a href=\"https:\/\/www.tvbuzau.ro\/buzaul-ar-putea-deveni-capitala-culturala\/\" rel=\"bookmark\" title=\"Buz\u0103ul ar putea deveni capital\u0103 cultural\u0103\"><img loading=\"lazy\" decoding=\"async\" width=\"218\" height=\"150\" class=\"entry-thumb\" src=\"https:\/\/www.tvbuzau.ro\/wp-content\/uploads\/2026\/08\/hqdefault-29-218x150.jpg\" alt title=\"Buz\u0103ul ar putea deveni capital\u0103 cultural\u0103\"><span class=\"td-video-play-ico\"><img loading=\"lazy\" decoding=\"async\" width=\"40\" height=\"40\" class=\"td-retina\" src=\"https:\/\/www.tvbuzau.ro\/wp-content\/themes\/Newspaper\/images\/icons\/ico-video-large.png\" alt=\"video\"><\/span><\/a><\/div>\n<p><a href=\"https:\/\/www.tvbuzau.ro\/category\/actualitate\/\" class=\"td-post-category\">Actualitate<\/a><\/div>\n<div class=\"item-details\">\n<h3 class=\"entry-title td-module-title\"><a href=\"https:\/\/www.tvbuzau.ro\/buzaul-ar-putea-deveni-capitala-culturala\/\" rel=\"bookmark\" title=\"Buz\u0103ul ar putea deveni capital\u0103 cultural\u0103\">Buz\u0103ul ar putea deveni capital\u0103 cultural\u0103<\/a><\/h3>\n<\/div>\n<\/div>\n<\/div>\n<\/div>\n<div class=\"td-related-row\">\n<div class=\"td-related-span4\">\n<div class=\"td_module_related_posts td-animation-stack td_mod_related_posts\">\n<div class=\"td-module-image\">\n<div class=\"td-module-thumb\"><a href=\"https:\/\/www.tvbuzau.ro\/14-proiecte-pnrr-vor-fi-gata-pana-la-31-august\/\" rel=\"bookmark\" title=\"14 proiecte PNRR vor fi gata p\u00e2n\u0103 la 31 august\"><img loading=\"lazy\" decoding=\"async\" width=\"218\" height=\"150\" class=\"entry-thumb\" src=\"https:\/\/www.tvbuzau.ro\/wp-content\/uploads\/2026\/08\/sddefault-52-218x150.jpg\" alt title=\"14 proiecte PNRR vor fi gata p\u00e2n\u0103 la 31 august\"><span class=\"td-video-play-ico\"><img loading=\"lazy\" decoding=\"async\" width=\"40\" height=\"40\" class=\"td-retina\" src=\"https:\/\/www.tvbuzau.ro\/wp-content\/themes\/Newspaper\/images\/icons\/ico-video-large.png\" alt=\"video\"><\/span><\/a><\/div>\n<p><a href=\"https:\/\/www.tvbuzau.ro\/category\/actualitate\/\" class=\"td-post-category\">Actualitate<\/a><\/div>\n<div class=\"item-details\">\n<h3 class=\"entry-title td-module-title\"><a href=\"https:\/\/www.tvbuzau.ro\/14-proiecte-pnrr-vor-fi-gata-pana-la-31-august\/\" rel=\"bookmark\" title=\"14 proiecte PNRR vor fi gata p\u00e2n\u0103 la 31 august\">14 proiecte PNRR vor fi gata p\u00e2n\u0103 la 31 august<\/a><\/h3>\n<\/div>\n<\/div>\n<\/div>\n<div class=\"td-related-span4\">\n<div class=\"td_module_related_posts td-animation-stack td_mod_related_posts\">\n<div class=\"td-module-image\">\n<div class=\"td-module-thumb\"><a href=\"https:\/\/www.tvbuzau.ro\/linie-de-garda-pentru-cardiologie\/\" rel=\"bookmark\" title=\"Linie de gard\u0103 pentru Cardiologie\"><img loading=\"lazy\" decoding=\"async\" width=\"218\" height=\"150\" class=\"entry-thumb\" src=\"https:\/\/www.tvbuzau.ro\/wp-content\/uploads\/2026\/08\/sddefault-50-218x150.jpg\" alt title=\"Linie de gard\u0103 pentru Cardiologie\"><span class=\"td-video-play-ico\"><img loading=\"lazy\" decoding=\"async\" width=\"40\" height=\"40\" class=\"td-retina\" src=\"https:\/\/www.tvbuzau.ro\/wp-content\/themes\/Newspaper\/images\/icons\/ico-video-large.png\" alt=\"video\"><\/span><\/a><\/div>\n<p><a href=\"https:\/\/www.tvbuzau.ro\/category\/actualitate\/\" class=\"td-post-category\">Actualitate<\/a><\/div>\n<div class=\"item-details\">\n<h3 class=\"entry-title td-module-title\"><a href=\"https:\/\/www.tvbuzau.ro\/linie-de-garda-pentru-cardiologie\/\" rel=\"bookmark\" title=\"Linie de gard\u0103 pentru Cardiologie\">Linie de gard\u0103 pentru Cardiologie<\/a><\/h3>\n<\/div>\n<\/div>\n<\/div>\n<div class=\"td-related-span4\">\n<div class=\"td_module_related_posts td-animation-stack td_mod_related_posts\">\n<div class=\"td-module-image\">\n<div class=\"td-module-thumb\"><a href=\"https:\/\/www.tvbuzau.ro\/expozitia-fragmentar-la-centrul-muzeal-i-c-bratianu\/\" rel=\"bookmark\" title=\"Expozi\u0163ia \u201eFragmentar\u201d la Centrul Muzeal \u201eI. C. Br\u0103tianu\u201d\"><img loading=\"lazy\" decoding=\"async\" width=\"218\" height=\"150\" class=\"entry-thumb\" src=\"https:\/\/www.tvbuzau.ro\/wp-content\/uploads\/2026\/08\/sddefault-49-218x150.jpg\" alt title=\"Expozi\u0163ia \u201eFragmentar\u201d la Centrul Muzeal \u201eI. C. Br\u0103tianu\u201d\"><span class=\"td-video-play-ico\"><img loading=\"lazy\" decoding=\"async\" width=\"40\" height=\"40\" class=\"td-retina\" src=\"https:\/\/www.tvbuzau.ro\/wp-content\/themes\/Newspaper\/images\/icons\/ico-video-large.png\" alt=\"video\"><\/span><\/a><\/div>\n<p><a href=\"https:\/\/www.tvbuzau.ro\/category\/actualitate\/\" class=\"td-post-category\">Actualitate<\/a><\/div>\n<div class=\"item-details\">\n<h3 class=\"entry-title td-module-title\"><a href=\"https:\/\/www.tvbuzau.ro\/expozitia-fragmentar-la-centrul-muzeal-i-c-bratianu\/\" rel=\"bookmark\" title=\"Expozi\u0163ia \u201eFragmentar\u201d la Centrul Muzeal \u201eI. C. Br\u0103tianu\u201d\">Expozi\u0163ia \u201eFragmentar\u201d la Centrul Muzeal \u201eI. C. Br\u0103tianu\u201d<\/a><\/h3>\n<\/div>\n<\/div>\n<\/div>\n<\/div>\n<\/div>\n<\/div>\n<div class=\"comments\" id=\"comments\">\n<div id=\"respond\" class=\"comment-respond\">\n<h3 id=\"reply-title\" class=\"comment-reply-title\">L\u0102SA\u021aI UN MESAJ <small><a rel=\"nofollow\" id=\"cancel-comment-reply-link\" href=\"https:\/\/www.tvbuzau.ro\/scdl-face-apel-la-un-geam-pentru-sera-cercetarii\/#respond\">Renun\u021ba\u021bi la r\u0103spuns<\/a><\/small><\/h3>\n<\/div>\n<\/div>\n<\/div>\n<div class=\"td-post-content\">\n<div class=\"td-featured-image-rec\">\n<div class=\"wpb_video_wrapper\">\n                    <iframe loading=\"lazy\" id=\"td_youtube_player\" width=\"600\" height=\"560\" src=\"https:\/\/www.youtube.com\/embed\/BdkYYhSvZ3s?enablejsapi=1&amp;feature=oembed&amp;wmode=opaque&amp;vq=hd720\" frameborder allowfullscreen><\/iframe><\/p><\/div>\n<\/div>\n<p>Mai mul\u0163i cet\u0103\u0163eni din Buz\u0103u \u015fi din \u0163ar\u0103 au r\u0103spuns apelului<br \/>\nAnul 2026 a venit cu ploi bogate, cu speran\u021be pentru recolte bune, dar \u0219i cu \u00eencerc\u0103ri pentru serele Sta\u0163iuni de Cercetare-Dezvoltare pentru Legumicultur\u0103 Buz\u0103u. Pentru culturile din c\u00e2mp, apa a fost binevenit\u0103 \u00een schimb pentru serele vechi ale SCDL Buz\u0103u, ploile au l\u0103sat \u00een urm\u0103 numeroase geamuri sparte. Astfel, colectivul institu\u0163iei a lansat c\u0103tre  institu\u021bii publice, \u0219coli, firme, asocia\u021bii, constructori \u0219i persoane fizice ca \u00een situa\u0163ia \u00een care de\u0163in geamuri vechi, rezultate \u00een urma \u00eenlocuirii ferestrelor, pe care nu le mai folosesc s\u0103 le ofere SCDL pentru a primi o nou\u0103 via\u021b\u0103 \u00een serele cercet\u0103rii  unde sunt p\u0103strate \u0219i studiate plante, soiuri \u0219i resurse genetice valoroase pentru horticultura rom\u00e2neasc\u0103.<br \/>\n\u00cen loc s\u0103 devin\u0103 de\u0219eu, un geam recuperat poate contribui la protejarea plantelor, la conservarea biodiversit\u0103\u021bii \u0219i la continuarea cercet\u0103rii horticole rom\u00e2ne\u0219ti.<br \/>\nCu ajutorul publicului, SCDL sper\u0103 s\u0103 repare c\u00e2t mai cur\u00e2d serele afectate \u00een urma vijeliilor din prim\u0103var\u0103 \u015fi de pe parcursul verii astfel \u00eenc\u00e2t activitatea s\u0103 poat\u0103 fi reluat\u0103 \u00een condi\u0163ii optime.<br \/>\nCei care doresc s\u0103 \u00eentind\u0103 o m\u00e2n\u0103 de ajutorul sta\u0163iunii o pot face prin donarea unor geamuri cu dimensiunile de  90\/74 cm, 166\/74 cm.<\/p>\n<div class=\"post-views post-120142 entry-meta\"><span class=\"post-views-label\">Post Views: <\/span><span class=\"post-views-count\">70<\/span><\/div>\n<\/div>\n<p>[analyse_source url=&#8221;https:\/\/www.tvbuzau.ro\/scdl-face-apel-la-un-geam-pentru-sera-cercetarii\/&#8221;]<\/p>\n","protected":false},"excerpt":{"rendered":"<p>[analyse_image type=&#8221;featured&#8221; src=&#8221;https:\/\/www.tvbuzau.ro\/wp-content\/uploads\/2026\/08\/sddefault-51.jpghttps:\/\/www.tvbuzau.ro\/wp-content\/uploads\/2026\/08\/sddefault-51.jpg&#8221;] Actualitate SCDL face apel la \u201eUn geam pentru sera cercet\u0103rii\u201d De c\u0103tre TV Buz\u0103u &#8211; august 25, 2026 0 6 Distribui\u021bi pe Facebook Distribui\u021bi pe Twitter tweet Mai mul\u0163i cet\u0103\u0163eni din Buz\u0103u \u015fi din \u0163ar\u0103 au r\u0103spuns apelului Anul 2026 a venit cu ploi bogate, cu speran\u021be pentru recolte bune, dar \u0219i [&hellip;]<\/p>\n","protected":false},"author":1,"featured_media":0,"comment_status":"open","ping_status":"","sticky":false,"template":"","format":"standard","meta":{"footnotes":""},"categories":[2],"tags":[226,116],"class_list":["post-2111241","post","type-post","status-publish","format-standard","hentry","category-politics","tag-crawlmanager","tag-tvbuzau-ro"],"_links":{"self":[{"href":"https:\/\/analyse.optim.biz\/index.php?rest_route=\/wp\/v2\/posts\/2111241","targetHints":{"allow":["GET"]}}],"collection":[{"href":"https:\/\/analyse.optim.biz\/index.php?rest_route=\/wp\/v2\/posts"}],"about":[{"href":"https:\/\/analyse.optim.biz\/index.php?rest_route=\/wp\/v2\/types\/post"}],"author":[{"embeddable":true,"href":"https:\/\/analyse.optim.biz\/index.php?rest_route=\/wp\/v2\/users\/1"}],"replies":[{"embeddable":true,"href":"https:\/\/analyse.optim.biz\/index.php?rest_route=%2Fwp%2Fv2%2Fcomments&post=2111241"}],"version-history":[{"count":0,"href":"https:\/\/analyse.optim.biz\/index.php?rest_route=\/wp\/v2\/posts\/2111241\/revisions"}],"wp:attachment":[{"href":"https:\/\/analyse.optim.biz\/index.php?rest_route=%2Fwp%2Fv2%2Fmedia&parent=2111241"}],"wp:term":[{"taxonomy":"category","embeddable":true,"href":"https:\/\/analyse.optim.biz\/index.php?rest_route=%2Fwp%2Fv2%2Fcategories&post=2111241"},{"taxonomy":"post_tag","embeddable":true,"href":"https:\/\/analyse.optim.biz\/index.php?rest_route=%2Fwp%2Fv2%2Ftags&post=2111241"}],"curies":[{"name":"wp","href":"https:\/\/api.w.org\/{rel}","templated":true}]}}