{"id":2111240,"date":"2026-08-25T17:42:14","date_gmt":"2026-08-25T14:42:14","guid":{"rendered":"https:\/\/analyse.optim.biz\/?p=2111240"},"modified":"2026-08-25T17:42:14","modified_gmt":"2026-08-25T14:42:14","slug":"ajf-buzau-decizii-importante-pentru-sezonul-2026-2027","status":"publish","type":"post","link":"https:\/\/analyse.optim.biz\/?p=2111240","title":{"rendered":"AJF Buz\u0103u: Decizii importante pentru sezonul 2026\/2027"},"content":{"rendered":"<p>[analyse_image type=&#8221;featured&#8221; src=&#8221;https:\/\/buzaumedia.ro\/wp-content\/uploads\/2026\/08\/1787617378_AJF-Buzau-INFORMARE.jpghttps:\/\/buzaumedia.ro\/wp-content\/uploads\/2026\/08\/1787617378_AJF-Buzau-INFORMARE.jpg&#8221;]<\/p>\n<div class=\"entry-content rbct clearfix is-highlight-shares\">\n<p>Adunarea General\u0103 a AJF Buz\u0103u<\/p>\n<p>Decizii importante pentru sezonul 2026\/2027<\/p>\n<p>Ast\u0103zi a avut loc Adunarea General\u0103 a Asocia\u021biei Jude\u021bene de Fotbal Buz\u0103u, un moment important pentru fotbalul jude\u021bean \u0219i pentru preg\u0103tirea noului sezon competi\u021bional 2026\/2027.<\/p>\n<p>\u00cen cadrul \u00eent\u00e2lnirii, pre\u0219edintele Asocia\u021biei Jude\u021bene de Fotbal Buz\u0103u, Petre Adrian Robert, a sus\u021binut alocu\u021biunea adresat\u0103 membrilor afilia\u021bi, prezent\u00e2nd principalele direc\u021bii \u0219i obiective pentru noul sezon.<\/p>\n<p>Unul dintre cele mai a\u0219teptate momente de pe ordinea de zi a fost tragerea la sor\u021bi pentru campionatele Ligii a 4-a \u0219i Ligii a 5-a, stabilindu-se astfel componen\u021ba programului competi\u021bional pentru sezonul urm\u0103tor.<\/p>\n<p>De asemenea, Adunarea General\u0103 a aprobat programul competi\u021bional pentru sezonul 2026\/2027.<\/p>\n<p>Un alt punct important l-a reprezentat alegerea membrului \u00een Comitetul Executiv ca reprezentant al Ligii a 5-a. \u00cen urma procedurii de vot, func\u021bia \u00eei revine lui Cristea Mihai, reprezentant al clubului Unirea Zore\u0219ti.<\/p>\n<p>Prin aceste demersuri, AJF Buz\u0103u, sub conducerea pre\u0219edintelui Adrian Robert Petre, continu\u0103 preg\u0103tirea \u0219i organizarea competi\u021biilor jude\u021bene, cu obiectivul de a asigura un cadru competi\u021bional c\u00e2t mai bine structurat, transparent \u0219i adaptat noilor cerin\u021be.<\/p>\n<p>Sezonul 2026\/2027 se apropie de start!<\/p>\n<p>Tot \u00een cadrul Adun\u0103rii Generale, pre\u0219edintele Comisiei Jude\u021bene de Arbitri, Lauren\u021biu Iona\u0219cu, le-a prezentat membrilor afilia\u021bi modific\u0103rile \u0219i actualiz\u0103rile regulamentului, precum \u0219i principalele aspecte regulamentare care vor fi aplicate \u00een competi\u021biile organizate de AJF Buz\u0103u.<\/p>\n<p><img loading=\"lazy\" decoding=\"async\" width=\"2048\" height=\"1536\" class=\"wp_automatic_fb_img\" title src=\"https:\/\/buzaumedia.ro\/wp-content\/uploads\/2026\/08\/785136307_1702740655192471_5539241397378390914_n.jpg\"><\/p>\n<p><img loading=\"lazy\" decoding=\"async\" width=\"2048\" height=\"1536\" class=\"wp_automatic_fb_img\" title src=\"https:\/\/buzaumedia.ro\/wp-content\/uploads\/2026\/08\/785136307_1702740655192471_5539241397378390914_n.jpg\"><br \/><img loading=\"lazy\" decoding=\"async\" width=\"2048\" height=\"1536\" class=\"wp_automatic_fb_img\" title src=\"https:\/\/buzaumedia.ro\/wp-content\/uploads\/2026\/08\/785944574_1702740831859120_2034733307311497294_n.jpg\"><img loading=\"lazy\" decoding=\"async\" width=\"2048\" height=\"1536\" class=\"wp_automatic_fb_img\" title src=\"https:\/\/buzaumedia.ro\/wp-content\/uploads\/2026\/08\/785944574_1702740831859120_2034733307311497294_n.jpg\"><br \/><img loading=\"lazy\" decoding=\"async\" width=\"2048\" height=\"1536\" class=\"wp_automatic_fb_img\" title src=\"https:\/\/buzaumedia.ro\/wp-content\/uploads\/2026\/08\/783948362_1702740708525799_2475377623089137466_n.jpg\"><img loading=\"lazy\" decoding=\"async\" width=\"2048\" height=\"1536\" class=\"wp_automatic_fb_img\" title src=\"https:\/\/buzaumedia.ro\/wp-content\/uploads\/2026\/08\/783948362_1702740708525799_2475377623089137466_n.jpg\"><br \/><img loading=\"lazy\" decoding=\"async\" width=\"2048\" height=\"1536\" class=\"wp_automatic_fb_img\" title src=\"https:\/\/buzaumedia.ro\/wp-content\/uploads\/2026\/08\/784351529_1702740615192475_4154653718883141521_n.jpg\"><img loading=\"lazy\" decoding=\"async\" width=\"2048\" height=\"1536\" class=\"wp_automatic_fb_img\" title src=\"https:\/\/buzaumedia.ro\/wp-content\/uploads\/2026\/08\/784351529_1702740615192475_4154653718883141521_n.jpg\"><\/p>\n<p>Asocia\u021bia Jude\u021bean\u0103 de Fotbal Buz\u0103u<\/p>\n<\/div>\n<p>[analyse_source url=&#8221;https:\/\/buzaumedia.ro\/stiri-buzau\/ajf-buzau-decizii-importante-pentru-sezonul-2026-2027\/&#8221;]<\/p>\n","protected":false},"excerpt":{"rendered":"<p>[analyse_image type=&#8221;featured&#8221; src=&#8221;https:\/\/buzaumedia.ro\/wp-content\/uploads\/2026\/08\/1787617378_AJF-Buzau-INFORMARE.jpghttps:\/\/buzaumedia.ro\/wp-content\/uploads\/2026\/08\/1787617378_AJF-Buzau-INFORMARE.jpg&#8221;] Adunarea General\u0103 a AJF Buz\u0103u Decizii importante pentru sezonul 2026\/2027 Ast\u0103zi a avut loc Adunarea General\u0103 a Asocia\u021biei Jude\u021bene de Fotbal Buz\u0103u, un moment important pentru fotbalul jude\u021bean \u0219i pentru preg\u0103tirea noului sezon competi\u021bional 2026\/2027. \u00cen cadrul \u00eent\u00e2lnirii, pre\u0219edintele Asocia\u021biei Jude\u021bene de Fotbal Buz\u0103u, Petre Adrian Robert, a sus\u021binut alocu\u021biunea adresat\u0103 membrilor [&hellip;]<\/p>\n","protected":false},"author":1,"featured_media":0,"comment_status":"open","ping_status":"","sticky":false,"template":"","format":"standard","meta":{"footnotes":""},"categories":[2],"tags":[66,226],"class_list":["post-2111240","post","type-post","status-publish","format-standard","hentry","category-politics","tag-buzaumedia-ro","tag-crawlmanager"],"_links":{"self":[{"href":"https:\/\/analyse.optim.biz\/index.php?rest_route=\/wp\/v2\/posts\/2111240","targetHints":{"allow":["GET"]}}],"collection":[{"href":"https:\/\/analyse.optim.biz\/index.php?rest_route=\/wp\/v2\/posts"}],"about":[{"href":"https:\/\/analyse.optim.biz\/index.php?rest_route=\/wp\/v2\/types\/post"}],"author":[{"embeddable":true,"href":"https:\/\/analyse.optim.biz\/index.php?rest_route=\/wp\/v2\/users\/1"}],"replies":[{"embeddable":true,"href":"https:\/\/analyse.optim.biz\/index.php?rest_route=%2Fwp%2Fv2%2Fcomments&post=2111240"}],"version-history":[{"count":0,"href":"https:\/\/analyse.optim.biz\/index.php?rest_route=\/wp\/v2\/posts\/2111240\/revisions"}],"wp:attachment":[{"href":"https:\/\/analyse.optim.biz\/index.php?rest_route=%2Fwp%2Fv2%2Fmedia&parent=2111240"}],"wp:term":[{"taxonomy":"category","embeddable":true,"href":"https:\/\/analyse.optim.biz\/index.php?rest_route=%2Fwp%2Fv2%2Fcategories&post=2111240"},{"taxonomy":"post_tag","embeddable":true,"href":"https:\/\/analyse.optim.biz\/index.php?rest_route=%2Fwp%2Fv2%2Ftags&post=2111240"}],"curies":[{"name":"wp","href":"https:\/\/api.w.org\/{rel}","templated":true}]}}