{"id":2111238,"date":"2026-08-25T19:47:55","date_gmt":"2026-08-25T16:47:55","guid":{"rendered":"https:\/\/analyse.optim.biz\/?p=2111238"},"modified":"2026-08-25T19:47:55","modified_gmt":"2026-08-25T16:47:55","slug":"linie-de-garda-pentru-cardiologie","status":"publish","type":"post","link":"https:\/\/analyse.optim.biz\/?p=2111238","title":{"rendered":"Linie de gard\u0103 pentru Cardiologie"},"content":{"rendered":"<p>[analyse_image type=&#8221;featured&#8221; src=&#8221;https:\/\/www.tvbuzau.ro\/wp-content\/uploads\/2026\/08\/sddefault-50.jpghttps:\/\/www.tvbuzau.ro\/wp-content\/uploads\/2026\/08\/sddefault-50.jpg&#8221;]<\/p>\n<div class=\"td-ss-main-content\">\n<article id=\"post-120139\" class=\"post-120139 post type-post status-publish format-video has-post-thumbnail hentry category-actualitate post_format-post-format-video\">\n<div class=\"td-post-header\">\n<ul class=\"td-category\">\n<li class=\"entry-category\"><a href=\"https:\/\/www.tvbuzau.ro\/category\/actualitate\/\">Actualitate<\/a><\/li>\n<\/ul>\n<header class=\"td-post-title\">\n<h1 class=\"entry-title\">Linie de gard\u0103 pentru Cardiologie<\/h1>\n<div class=\"td-module-meta-info\">\n<div class=\"td-post-author-name\">De c\u0103tre <a href=\"https:\/\/www.tvbuzau.ro\/author\/mihai-vasilescu\/\">TV Buz\u0103u<\/a> &#8211; <\/div>\n<p><span class=\"td-post-date\"><time class=\"entry-date updated td-module-date\" datetime=\"2026-08-25T19:47:55+00:00\">august 25, 2026<\/time><\/span><\/p>\n<div class=\"td-post-comments\"><a href=\"https:\/\/www.tvbuzau.ro\/linie-de-garda-pentru-cardiologie\/#respond\">0<\/a><\/div>\n<div class=\"td-post-views\"><span class=\"td-nr-views-120139\">12<\/span><\/div>\n<\/div>\n<\/header>\n<\/div>\n<div class=\"td-post-sharing td-post-sharing-top td-with-like\">\n<div class=\"td-default-sharing\"><a class=\"td-social-sharing-buttons td-social-facebook\" href=\"http:\/\/www.facebook.com\/sharer.php?u=https%3A%2F%2Fwww.tvbuzau.ro%2Flinie-de-garda-pentru-cardiologie%2F\"><\/p>\n<div class=\"td-social-but-text\">Distribui\u021bi pe Facebook<\/div>\n<p><\/a><a class=\"td-social-sharing-buttons td-social-twitter\" href=\"https:\/\/twitter.com\/intent\/tweet?text=Linie+de+gard%C4%83+pentru+Cardiologie&amp;url=https%3A%2F%2Fwww.tvbuzau.ro%2Flinie-de-garda-pentru-cardiologie%2F&amp;via=TV+Buz%C4%83u\"><\/p>\n<div class=\"td-social-but-text\">Distribui\u021bi pe Twitter<\/div>\n<p><\/a><\/div>\n<div class=\"td-classic-sharing\">\n<ul>\n<li class=\"td-classic-facebook\"><iframe frameborder src=\"https:\/\/www.facebook.com\/plugins\/like.php?href=https:\/\/www.tvbuzau.ro\/linie-de-garda-pentru-cardiologie\/&amp;layout=button_count&amp;show_faces=false&amp;width=105&amp;action=like&amp;colorscheme=light&amp;height=21\"><\/iframe><\/li>\n<li class=\"td-classic-twitter\"><a href=\"https:\/\/twitter.com\/share\" class=\"twitter-share-button\" data-url=\"https:\/\/www.tvbuzau.ro\/linie-de-garda-pentru-cardiologie\/\" data-text=\"Linie de gard\u0103 pentru Cardiologie\" data-via data-lang=\"en\">tweet<\/a><\/li>\n<\/ul>\n<\/div>\n<\/div>\n<div class=\"td-post-content\">\n<div class=\"td-featured-image-rec\">\n<div class=\"wpb_video_wrapper\">\n                    <iframe loading=\"lazy\" id=\"td_youtube_player\" width=\"600\" height=\"560\" src=\"https:\/\/www.youtube.com\/embed\/iqEwKF12M7s?enablejsapi=1&amp;feature=oembed&amp;wmode=opaque&amp;vq=hd720\" frameborder allowfullscreen><\/iframe><\/p><\/div>\n<\/div>\n<p>Angiograful ar putea fi pus \u00een func\u0163iune<br \/>\nCosor\u0163iul \u00eencheiat \u00eentre Spitalul Universitar Bucure\u015fti \u015fi Spitalul Jude\u0163ean Buz\u0103u ar putea aduce schimb\u0103ri semnificative \u00een activitatea celei mai mari unit\u0103\u0163i medicale din jude\u0163. Conducerea Consil-iului Jude\u0163ean Buz\u0103u apreciaz\u0103 c\u0103 demersul ar putea conduce at\u00e2t la suplimentarea num\u0103rului de speciali\u015fti c\u00e2t \u015fi la crearea unei linii de gard\u0103 extrem de importat\u0103, la Cardiologie.<br \/>\nMarcel Ciolacu a precizat c\u0103 ar putea s\u0103 se bazeze inclusiv pe medicii din medium privat, pentru \u00eembun\u0103t\u0103\u0163irea activit\u0103\u0163ii \u00een Spitalul Jude\u0163ean Buz\u0103u.<br \/>\nSpitalul Jude\u0163ean Buz\u0103u de\u0163ine un angiograf de mai bine de 10 ani \u00eens\u0103 nu exist\u0103 personal suficient pentru a fi utilizat la capacitatea a\u015fteptat\u0103.<br \/>\n\u00cen aprilie 2026, Spitalul Jude\u021bean de Urgen\u021b\u0103 Buz\u0103u \u0219i Spitalul Universitar de Urgen\u021b\u0103 Bucure\u0219ti au semnat primul consor\u021biu medical de stat din Rom\u00e2nia.  <\/p>\n<div class=\"post-views post-120139 entry-meta\"><span class=\"post-views-label\">Post Views: <\/span><span class=\"post-views-count\">76<\/span><\/div>\n<\/div>\n<footer>\n<div class=\"td-post-sharing td-post-sharing-bottom td-with-like\"><span class=\"td-post-share-title\">DISTRIBUI\u021aI<\/span><\/p>\n<div class=\"td-default-sharing\"><a class=\"td-social-sharing-buttons td-social-facebook\" href=\"http:\/\/www.facebook.com\/sharer.php?u=https%3A%2F%2Fwww.tvbuzau.ro%2Flinie-de-garda-pentru-cardiologie%2F\"><\/p>\n<div class=\"td-social-but-text\">Facebook<\/div>\n<p><\/a><a class=\"td-social-sharing-buttons td-social-twitter\" href=\"https:\/\/twitter.com\/intent\/tweet?text=Linie+de+gard%C4%83+pentru+Cardiologie&amp;url=https%3A%2F%2Fwww.tvbuzau.ro%2Flinie-de-garda-pentru-cardiologie%2F&amp;via=TV+Buz%C4%83u\"><\/p>\n<div class=\"td-social-but-text\">Twitter<\/div>\n<p><\/a><\/div>\n<div class=\"td-classic-sharing\">\n<ul>\n<li class=\"td-classic-facebook\"><iframe frameborder src=\"https:\/\/www.facebook.com\/plugins\/like.php?href=https:\/\/www.tvbuzau.ro\/linie-de-garda-pentru-cardiologie\/&amp;layout=button_count&amp;show_faces=false&amp;width=105&amp;action=like&amp;colorscheme=light&amp;height=21\"><\/iframe><\/li>\n<li class=\"td-classic-twitter\"><a href=\"https:\/\/twitter.com\/share\" class=\"twitter-share-button\" data-url=\"https:\/\/www.tvbuzau.ro\/linie-de-garda-pentru-cardiologie\/\" data-text=\"Linie de gard\u0103 pentru Cardiologie\" data-via data-lang=\"en\">tweet<\/a><\/li>\n<\/ul>\n<\/div>\n<\/div>\n<div class=\"td-author-name vcard author\"><span class=\"fn\"><a href=\"https:\/\/www.tvbuzau.ro\/author\/mihai-vasilescu\/\">TV Buz\u0103u<\/a><\/span><\/div>\n<p><span><\/span><span><span><\/span><\/span><span><\/span><\/footer>\n<\/article>\n<div class=\"td_block_wrap td_block_related_posts td_uid_1_6a8df5012f97a_rand td_with_ajax_pagination td-pb-border-top\" data-td-block-uid=\"td_uid_1_6a8df5012f97a\">\n<h4 class=\"td-related-title\"><a id=\"td_uid_2_6a8df50135060\" class=\"td-related-left td-cur-simple-item\" data-td_filter_value data-td_block_id=\"td_uid_1_6a8df5012f97a\" href=\"https:\/\/www.tvbuzau.ro\/linie-de-garda-pentru-cardiologie\/\">ARTICOLE SIMILARE<\/a><a id=\"td_uid_3_6a8df5013509a\" class=\"td-related-right\" data-td_filter_value=\"td_related_more_from_author\" data-td_block_id=\"td_uid_1_6a8df5012f97a\" href=\"https:\/\/www.tvbuzau.ro\/linie-de-garda-pentru-cardiologie\/\">DE LA ACELA\u0218I AUTOR<\/a><\/h4>\n<div id=\"td_uid_1_6a8df5012f97a\" class=\"td_block_inner\">\n<div class=\"td-related-row\">\n<div class=\"td-related-span4\">\n<div class=\"td_module_related_posts td-animation-stack td_mod_related_posts\">\n<div class=\"td-module-image\">\n<div class=\"td-module-thumb\"><a href=\"https:\/\/www.tvbuzau.ro\/va-fi-exclus-din-psd-primarul-constantin-toma\/\" rel=\"bookmark\" title=\"Va fi exclus din PSD, primarul Constantin Toma?\"><img loading=\"lazy\" decoding=\"async\" width=\"218\" height=\"150\" class=\"entry-thumb\" src=\"https:\/\/www.tvbuzau.ro\/wp-content\/uploads\/2026\/08\/sddefault-53-218x150.jpg\" alt title=\"Va fi exclus din PSD, primarul Constantin Toma?\"><span class=\"td-video-play-ico\"><img loading=\"lazy\" decoding=\"async\" width=\"40\" height=\"40\" class=\"td-retina\" src=\"https:\/\/www.tvbuzau.ro\/wp-content\/themes\/Newspaper\/images\/icons\/ico-video-large.png\" alt=\"video\"><\/span><\/a><\/div>\n<p><a href=\"https:\/\/www.tvbuzau.ro\/category\/actualitate\/\" class=\"td-post-category\">Actualitate<\/a><\/div>\n<div class=\"item-details\">\n<h3 class=\"entry-title td-module-title\"><a href=\"https:\/\/www.tvbuzau.ro\/va-fi-exclus-din-psd-primarul-constantin-toma\/\" rel=\"bookmark\" title=\"Va fi exclus din PSD, primarul Constantin Toma?\">Va fi exclus din PSD, primarul Constantin Toma?<\/a><\/h3>\n<\/div>\n<\/div>\n<\/div>\n<div class=\"td-related-span4\">\n<div class=\"td_module_related_posts td-animation-stack td_mod_related_posts\">\n<div class=\"td-module-image\">\n<div class=\"td-module-thumb\"><a href=\"https:\/\/www.tvbuzau.ro\/peste-3-3-milioane-de-tigari-confiscate-de-politisti\/\" rel=\"bookmark\" title=\"Peste 3.3 milioane de \u0163ig\u0103ri confiscate de poli\u0163i\u015fti\"><img loading=\"lazy\" decoding=\"async\" width=\"218\" height=\"150\" class=\"entry-thumb\" src=\"https:\/\/www.tvbuzau.ro\/wp-content\/uploads\/2026\/08\/hqdefault-30-218x150.jpg\" alt title=\"Peste 3.3 milioane de \u0163ig\u0103ri confiscate de poli\u0163i\u015fti\"><span class=\"td-video-play-ico\"><img loading=\"lazy\" decoding=\"async\" width=\"40\" height=\"40\" class=\"td-retina\" src=\"https:\/\/www.tvbuzau.ro\/wp-content\/themes\/Newspaper\/images\/icons\/ico-video-large.png\" alt=\"video\"><\/span><\/a><\/div>\n<p><a href=\"https:\/\/www.tvbuzau.ro\/category\/actualitate\/\" class=\"td-post-category\">Actualitate<\/a><\/div>\n<div class=\"item-details\">\n<h3 class=\"entry-title td-module-title\"><a href=\"https:\/\/www.tvbuzau.ro\/peste-3-3-milioane-de-tigari-confiscate-de-politisti\/\" rel=\"bookmark\" title=\"Peste 3.3 milioane de \u0163ig\u0103ri confiscate de poli\u0163i\u015fti\">Peste 3.3 milioane de \u0163ig\u0103ri confiscate de poli\u0163i\u015fti<\/a><\/h3>\n<\/div>\n<\/div>\n<\/div>\n<div class=\"td-related-span4\">\n<div class=\"td_module_related_posts td-animation-stack td_mod_related_posts\">\n<div class=\"td-module-image\">\n<div class=\"td-module-thumb\"><a href=\"https:\/\/www.tvbuzau.ro\/buzaul-ar-putea-deveni-capitala-culturala\/\" rel=\"bookmark\" title=\"Buz\u0103ul ar putea deveni capital\u0103 cultural\u0103\"><img loading=\"lazy\" decoding=\"async\" width=\"218\" height=\"150\" class=\"entry-thumb\" src=\"https:\/\/www.tvbuzau.ro\/wp-content\/uploads\/2026\/08\/hqdefault-29-218x150.jpg\" alt title=\"Buz\u0103ul ar putea deveni capital\u0103 cultural\u0103\"><span class=\"td-video-play-ico\"><img loading=\"lazy\" decoding=\"async\" width=\"40\" height=\"40\" class=\"td-retina\" src=\"https:\/\/www.tvbuzau.ro\/wp-content\/themes\/Newspaper\/images\/icons\/ico-video-large.png\" alt=\"video\"><\/span><\/a><\/div>\n<p><a href=\"https:\/\/www.tvbuzau.ro\/category\/actualitate\/\" class=\"td-post-category\">Actualitate<\/a><\/div>\n<div class=\"item-details\">\n<h3 class=\"entry-title td-module-title\"><a href=\"https:\/\/www.tvbuzau.ro\/buzaul-ar-putea-deveni-capitala-culturala\/\" rel=\"bookmark\" title=\"Buz\u0103ul ar putea deveni capital\u0103 cultural\u0103\">Buz\u0103ul ar putea deveni capital\u0103 cultural\u0103<\/a><\/h3>\n<\/div>\n<\/div>\n<\/div>\n<\/div>\n<div class=\"td-related-row\">\n<div class=\"td-related-span4\">\n<div class=\"td_module_related_posts td-animation-stack td_mod_related_posts\">\n<div class=\"td-module-image\">\n<div class=\"td-module-thumb\"><a href=\"https:\/\/www.tvbuzau.ro\/14-proiecte-pnrr-vor-fi-gata-pana-la-31-august\/\" rel=\"bookmark\" title=\"14 proiecte PNRR vor fi gata p\u00e2n\u0103 la 31 august\"><img loading=\"lazy\" decoding=\"async\" width=\"218\" height=\"150\" class=\"entry-thumb\" src=\"https:\/\/www.tvbuzau.ro\/wp-content\/uploads\/2026\/08\/sddefault-52-218x150.jpg\" alt title=\"14 proiecte PNRR vor fi gata p\u00e2n\u0103 la 31 august\"><span class=\"td-video-play-ico\"><img loading=\"lazy\" decoding=\"async\" width=\"40\" height=\"40\" class=\"td-retina\" src=\"https:\/\/www.tvbuzau.ro\/wp-content\/themes\/Newspaper\/images\/icons\/ico-video-large.png\" alt=\"video\"><\/span><\/a><\/div>\n<p><a href=\"https:\/\/www.tvbuzau.ro\/category\/actualitate\/\" class=\"td-post-category\">Actualitate<\/a><\/div>\n<div class=\"item-details\">\n<h3 class=\"entry-title td-module-title\"><a href=\"https:\/\/www.tvbuzau.ro\/14-proiecte-pnrr-vor-fi-gata-pana-la-31-august\/\" rel=\"bookmark\" title=\"14 proiecte PNRR vor fi gata p\u00e2n\u0103 la 31 august\">14 proiecte PNRR vor fi gata p\u00e2n\u0103 la 31 august<\/a><\/h3>\n<\/div>\n<\/div>\n<\/div>\n<div class=\"td-related-span4\">\n<div class=\"td_module_related_posts td-animation-stack td_mod_related_posts\">\n<div class=\"td-module-image\">\n<div class=\"td-module-thumb\"><a href=\"https:\/\/www.tvbuzau.ro\/scdl-face-apel-la-un-geam-pentru-sera-cercetarii\/\" rel=\"bookmark\" title=\"SCDL face apel la \u201eUn geam pentru sera cercet\u0103rii\u201d\"><img loading=\"lazy\" decoding=\"async\" width=\"218\" height=\"150\" class=\"entry-thumb\" src=\"https:\/\/www.tvbuzau.ro\/wp-content\/uploads\/2026\/08\/sddefault-51-218x150.jpg\" alt title=\"SCDL face apel la \u201eUn geam pentru sera cercet\u0103rii\u201d\"><span class=\"td-video-play-ico\"><img loading=\"lazy\" decoding=\"async\" width=\"40\" height=\"40\" class=\"td-retina\" src=\"https:\/\/www.tvbuzau.ro\/wp-content\/themes\/Newspaper\/images\/icons\/ico-video-large.png\" alt=\"video\"><\/span><\/a><\/div>\n<p><a href=\"https:\/\/www.tvbuzau.ro\/category\/actualitate\/\" class=\"td-post-category\">Actualitate<\/a><\/div>\n<div class=\"item-details\">\n<h3 class=\"entry-title td-module-title\"><a href=\"https:\/\/www.tvbuzau.ro\/scdl-face-apel-la-un-geam-pentru-sera-cercetarii\/\" rel=\"bookmark\" title=\"SCDL face apel la \u201eUn geam pentru sera cercet\u0103rii\u201d\">SCDL face apel la \u201eUn geam pentru sera cercet\u0103rii\u201d<\/a><\/h3>\n<\/div>\n<\/div>\n<\/div>\n<div class=\"td-related-span4\">\n<div class=\"td_module_related_posts td-animation-stack td_mod_related_posts\">\n<div class=\"td-module-image\">\n<div class=\"td-module-thumb\"><a href=\"https:\/\/www.tvbuzau.ro\/expozitia-fragmentar-la-centrul-muzeal-i-c-bratianu\/\" rel=\"bookmark\" title=\"Expozi\u0163ia \u201eFragmentar\u201d la Centrul Muzeal \u201eI. C. Br\u0103tianu\u201d\"><img loading=\"lazy\" decoding=\"async\" width=\"218\" height=\"150\" class=\"entry-thumb\" src=\"https:\/\/www.tvbuzau.ro\/wp-content\/uploads\/2026\/08\/sddefault-49-218x150.jpg\" alt title=\"Expozi\u0163ia \u201eFragmentar\u201d la Centrul Muzeal \u201eI. C. Br\u0103tianu\u201d\"><span class=\"td-video-play-ico\"><img loading=\"lazy\" decoding=\"async\" width=\"40\" height=\"40\" class=\"td-retina\" src=\"https:\/\/www.tvbuzau.ro\/wp-content\/themes\/Newspaper\/images\/icons\/ico-video-large.png\" alt=\"video\"><\/span><\/a><\/div>\n<p><a href=\"https:\/\/www.tvbuzau.ro\/category\/actualitate\/\" class=\"td-post-category\">Actualitate<\/a><\/div>\n<div class=\"item-details\">\n<h3 class=\"entry-title td-module-title\"><a href=\"https:\/\/www.tvbuzau.ro\/expozitia-fragmentar-la-centrul-muzeal-i-c-bratianu\/\" rel=\"bookmark\" title=\"Expozi\u0163ia \u201eFragmentar\u201d la Centrul Muzeal \u201eI. C. Br\u0103tianu\u201d\">Expozi\u0163ia \u201eFragmentar\u201d la Centrul Muzeal \u201eI. C. Br\u0103tianu\u201d<\/a><\/h3>\n<\/div>\n<\/div>\n<\/div>\n<\/div>\n<\/div>\n<\/div>\n<div class=\"comments\" id=\"comments\">\n<div id=\"respond\" class=\"comment-respond\">\n<h3 id=\"reply-title\" class=\"comment-reply-title\">L\u0102SA\u021aI UN MESAJ <small><a rel=\"nofollow\" id=\"cancel-comment-reply-link\" href=\"https:\/\/www.tvbuzau.ro\/linie-de-garda-pentru-cardiologie\/#respond\">Renun\u021ba\u021bi la r\u0103spuns<\/a><\/small><\/h3>\n<\/div>\n<\/div>\n<\/div>\n<div class=\"td-post-content\">\n<div class=\"td-featured-image-rec\">\n<div class=\"wpb_video_wrapper\">\n                    <iframe loading=\"lazy\" id=\"td_youtube_player\" width=\"600\" height=\"560\" src=\"https:\/\/www.youtube.com\/embed\/iqEwKF12M7s?enablejsapi=1&amp;feature=oembed&amp;wmode=opaque&amp;vq=hd720\" frameborder allowfullscreen><\/iframe><\/p><\/div>\n<\/div>\n<p>Angiograful ar putea fi pus \u00een func\u0163iune<br \/>\nCosor\u0163iul \u00eencheiat \u00eentre Spitalul Universitar Bucure\u015fti \u015fi Spitalul Jude\u0163ean Buz\u0103u ar putea aduce schimb\u0103ri semnificative \u00een activitatea celei mai mari unit\u0103\u0163i medicale din jude\u0163. Conducerea Consil-iului Jude\u0163ean Buz\u0103u apreciaz\u0103 c\u0103 demersul ar putea conduce at\u00e2t la suplimentarea num\u0103rului de speciali\u015fti c\u00e2t \u015fi la crearea unei linii de gard\u0103 extrem de importat\u0103, la Cardiologie.<br \/>\nMarcel Ciolacu a precizat c\u0103 ar putea s\u0103 se bazeze inclusiv pe medicii din medium privat, pentru \u00eembun\u0103t\u0103\u0163irea activit\u0103\u0163ii \u00een Spitalul Jude\u0163ean Buz\u0103u.<br \/>\nSpitalul Jude\u0163ean Buz\u0103u de\u0163ine un angiograf de mai bine de 10 ani \u00eens\u0103 nu exist\u0103 personal suficient pentru a fi utilizat la capacitatea a\u015fteptat\u0103.<br \/>\n\u00cen aprilie 2026, Spitalul Jude\u021bean de Urgen\u021b\u0103 Buz\u0103u \u0219i Spitalul Universitar de Urgen\u021b\u0103 Bucure\u0219ti au semnat primul consor\u021biu medical de stat din Rom\u00e2nia.  <\/p>\n<div class=\"post-views post-120139 entry-meta\"><span class=\"post-views-label\">Post Views: <\/span><span class=\"post-views-count\">76<\/span><\/div>\n<\/div>\n<p>[analyse_source url=&#8221;https:\/\/www.tvbuzau.ro\/linie-de-garda-pentru-cardiologie\/&#8221;]<\/p>\n","protected":false},"excerpt":{"rendered":"<p>[analyse_image type=&#8221;featured&#8221; src=&#8221;https:\/\/www.tvbuzau.ro\/wp-content\/uploads\/2026\/08\/sddefault-50.jpghttps:\/\/www.tvbuzau.ro\/wp-content\/uploads\/2026\/08\/sddefault-50.jpg&#8221;] Actualitate Linie de gard\u0103 pentru Cardiologie De c\u0103tre TV Buz\u0103u &#8211; august 25, 2026 0 12 Distribui\u021bi pe Facebook Distribui\u021bi pe Twitter tweet Angiograful ar putea fi pus \u00een func\u0163iune Cosor\u0163iul \u00eencheiat \u00eentre Spitalul Universitar Bucure\u015fti \u015fi Spitalul Jude\u0163ean Buz\u0103u ar putea aduce schimb\u0103ri semnificative \u00een activitatea celei mai mari unit\u0103\u0163i medicale [&hellip;]<\/p>\n","protected":false},"author":1,"featured_media":0,"comment_status":"open","ping_status":"","sticky":false,"template":"","format":"standard","meta":{"footnotes":""},"categories":[2],"tags":[226,116],"class_list":["post-2111238","post","type-post","status-publish","format-standard","hentry","category-politics","tag-crawlmanager","tag-tvbuzau-ro"],"_links":{"self":[{"href":"https:\/\/analyse.optim.biz\/index.php?rest_route=\/wp\/v2\/posts\/2111238","targetHints":{"allow":["GET"]}}],"collection":[{"href":"https:\/\/analyse.optim.biz\/index.php?rest_route=\/wp\/v2\/posts"}],"about":[{"href":"https:\/\/analyse.optim.biz\/index.php?rest_route=\/wp\/v2\/types\/post"}],"author":[{"embeddable":true,"href":"https:\/\/analyse.optim.biz\/index.php?rest_route=\/wp\/v2\/users\/1"}],"replies":[{"embeddable":true,"href":"https:\/\/analyse.optim.biz\/index.php?rest_route=%2Fwp%2Fv2%2Fcomments&post=2111238"}],"version-history":[{"count":0,"href":"https:\/\/analyse.optim.biz\/index.php?rest_route=\/wp\/v2\/posts\/2111238\/revisions"}],"wp:attachment":[{"href":"https:\/\/analyse.optim.biz\/index.php?rest_route=%2Fwp%2Fv2%2Fmedia&parent=2111238"}],"wp:term":[{"taxonomy":"category","embeddable":true,"href":"https:\/\/analyse.optim.biz\/index.php?rest_route=%2Fwp%2Fv2%2Fcategories&post=2111238"},{"taxonomy":"post_tag","embeddable":true,"href":"https:\/\/analyse.optim.biz\/index.php?rest_route=%2Fwp%2Fv2%2Ftags&post=2111238"}],"curies":[{"name":"wp","href":"https:\/\/api.w.org\/{rel}","templated":true}]}}