{"id":2111237,"date":"2026-08-25T13:46:36","date_gmt":"2026-08-25T10:46:36","guid":{"rendered":"https:\/\/analyse.optim.biz\/?p=2111237"},"modified":"2026-08-25T13:46:36","modified_gmt":"2026-08-25T10:46:36","slug":"prima-editie-a-festivalului-buzau-wine-fest-28-30-august-2026","status":"publish","type":"post","link":"https:\/\/analyse.optim.biz\/?p=2111237","title":{"rendered":"Prima edi\u021bie a festivalului Buz\u0103u Wine Fest, 28-30 august, 2026"},"content":{"rendered":"<p>[analyse_image type=&#8221;featured&#8221; src=&#8221;https:\/\/buzaumedia.ro\/wp-content\/uploads\/2026\/08\/WhatsApp-Image-2026-08-25-at-14.54.01.jpeghttps:\/\/buzaumedia.ro\/wp-content\/uploads\/2026\/08\/WhatsApp-Image-2026-08-25-at-14.54.01.jpeg&#8221;]<\/p>\n<div class=\"entry-content rbct clearfix is-highlight-shares\">\n<p>\u00centre *28 \u0219i 30 august 2026*, *Zona Tezaur din Pietroasele* devine gazda<br \/>\nprimei edi\u021bii a *Buz\u0103u Wine Fest*, un eveniment dedicat vinului,<br \/>\npatrimoniului \u015fi identit\u0103\u0163ii locale.<\/p>\n<p>Timp de trei zile publicul este invitat s\u0103 descopere *vinurile<br \/>\ncramelor buzoiene*, me\u0219te\u0219ugurile tradi\u0163ionale, produsele locale \u0219i<br \/>\nartizanale, muzic\u0103 live, expozi\u021bii \u0219i demonstra\u021bii istorice.<\/p>\n<p>*Programul pentru cele trei zile de festival va fi urm\u0103torul: *<\/p>\n<p>*Vineri \u2013* *28 august, ora 17.00 \u2013 Deschiderea festivalului \u015fi concert Zdob<br \/>\n\u015fi Zdub*<\/p>\n<p>Festivalul va debuta \u00eentr-o not\u0103 spectaculoas\u0103, la *ora 17.00,* prin *ceremonia<br \/>\ntradi\u021bional\u0103 de zdrobire a strugurilor*, un moment simbolic care marcheaz\u0103<br \/>\n\u00eenceputul s\u0103rb\u0103torii dedicate vinului \u0219i recoltei.<\/p>\n<p>Programul artistic *va \u00eencepe *cu momente sus\u0163inute de arti\u015fti \u015fi<br \/>\nansambluri locale: Ansamblul folcloric \u201ePlaiurile Miori\u0163ei\u201d, Denis<br \/>\nDumitrache, Alexia Anton, Alexia Butm\u0103lai, Briana P\u0103tra\u015fcu, Filofteia<br \/>\nDr\u0103ghici, C\u0103t\u0103lin B\u0103lan, Adelina Dedu, Daria Anghelache, Cristina Maria<br \/>\nNicolae, Diana \u015etef\u0103nescu \u015fi Ioana Matei. Prima sear\u0103 a festivalului se va<br \/>\n\u00eencheia cu un concert Zdob \u015fi Zdub.<\/p>\n<p>*S\u00e2mb\u0103t\u0103 \u2013 29 august, ora 17.00 \u2013 Taraful Ionel Tudorache \u015fi AMNA*<\/p>\n<p>Programul artistic *va \u00eencepe de la ora 17.00* cu Ansamblul \u015fcolii<br \/>\nPietroasele, Ansamblul folcloric \u201eSpicul\u201d, Ilinca Tudor, Alexandra<br \/>\nGribincea, Irina Moraru, Nectaria B\u00e2sceanu, Melisa Sandu \u015fi Maria Ionescu.<br \/>\nSeara continu\u0103 cu Ionel Tudorache &amp; Taraful, care vor aduce \u00een fa\u0163a<br \/>\npublicului muzica l\u0103ut\u0103reasc\u0103 autentic\u0103, urmat de concertul sus\u0163inut de<br \/>\nAMNA.<\/p>\n<p>*Duminic\u0103 \u2013 30 august, ora 11.00 \u2013 Istoria prinde via\u0163\u0103 la Pietroasele*<\/p>\n<p>*Ultima zi a festivalului \u00eencepe de la ora 11.00*. Publicul va putea urm\u0103ri<br \/>\nreconstituiri istorice \u015fi demonstra\u0163ii realizate de Garda Apulum \u0219i va<br \/>\nputea participa la ateliere interactive, \u00eentr-o zi dedicat\u0103 patrimoniului<br \/>\n\u015fi istoriei.<\/p>\n<p>Festivalul va reuni produc\u0103tori, arti\u0219ti, me\u0219te\u0219ugari \u0219i<br \/>\ncomunit\u0103\u021bi locale, \u00eentr-un demers comun de promovare a identit\u0103\u021bii<br \/>\njude\u021bului Buz\u0103u.<\/p>\n<p>*Nou\u0103 crame \u015fi produc\u0103tori de vin vor participa la Buz\u0103u Wine<br \/>\nFest*, vizitatorii av\u00e2nd ocazia s\u0103 descopere vinurile din una dintre cele<br \/>\nmai importante zone viticole ale \u0163\u0103rii: Sta\u0163iunea de Cercetare Pietroasa \u015fi<br \/>\nPepiniera Istri\u0163a, Crama Budureasca, Crama Domeniile Ro\u015fca, Domeniile<br \/>\nBlaga, Crama deMatei, Crama Copaci, Crama MOUSEOS, Crama Lupu, Vinurile De<br \/>\n10.<\/p>\n<p>Festivalul va avea \u015fi o zona dedicat\u0103 *me\u015fte\u015fugarilor \u015fi<br \/>\ncreatorilor locali*, unde vizitatorii vor putea descoperi produse<br \/>\nartizanale \u015fi obiecte realizate manual: Istr\u0103\u0163oiu \u015etefan \u2013 sculptor, Tofan<br \/>\nPetru \u2013 sculptor, Negoi\u0163\u0103 Alexandru \u2013 pictor, Papuc Elena \u2013 cosmetician<br \/>\nartizanal, Floarea Doinea \u2013 m\u0103rgele, B\u0103lan Rodica \u2013 m\u0103rgele, \u015eerban Daniela<br \/>\n\u2013 produse din lavand\u0103, Paraschiv Elena \u2013 pirogravur\u0103, Manea Maria-Sofia \u2013<br \/>\nbijuterii din lut polimeric, Popa Alina \u2013 p\u0103pu\u015fi textile artizanale, Albert<br \/>\nMona \u2013 bijuterii din pietre, Andrei Luciana \u2013 produse din lavand\u0103, Popa<br \/>\nTiberiu \u2013 ceramic\u0103 \u015fi ol\u0103rit \u015fi Mihai Achim \u2013 tablouri din s\u00e2rm\u0103 de cupru.<\/p>\n<p>*Buz\u0103u Wine Fest* \u00ee\u0219i propune s\u0103 ofere publicului mai mult dec\u00e2t un<br \/>\nfestival: o experien\u021b\u0103 care vorbe\u0219te despre spiritul locului.<\/p>\n<p>Festivalul este organizat, \u00een premier\u0103, prin parteneriatul dintre *Consiliul<br \/>\nJude\u021bean Buz\u0103u*, *Centrul Jude\u021bean pentru Artele Spectacolului \u0219i Cultur\u0103<br \/>\n\u201eGeorge Ciprian\u201d*, *Organiza\u021bia de Management al Destina\u021biei Jude\u021bul Buz\u0103u<br \/>\n\u0219i Prim\u0103ria Pietroasele*, o colaborare care marcheaz\u0103 \u00eenceputul unei noi<br \/>\ndirec\u021bii de promovare integrat\u0103 a jude\u021bului, \u00een care turismul \u0219i cultura<br \/>\nconstruiesc \u00eempreun\u0103 experien\u021be cu identitate.<\/p>\n<div id=\"gallery-1\" class=\"gallery galleryid-189375 gallery-columns-3 gallery-size-thumbnail\">\n<figure class=\"gallery-item\">\n<div class=\"gallery-icon landscape\"><a href=\"https:\/\/buzaumedia.ro\/stiri-buzau\/prima-editie-a-festivalului-buzau-wine-fest-28-30-august-2026\/attachment\/whatsapp-image-2026-08-25-at-14-54-01\/\"><img loading=\"lazy\" decoding=\"async\" width=\"128\" height=\"90\" src=\"https:\/\/buzaumedia.ro\/wp-content\/uploads\/2026\/08\/WhatsApp-Image-2026-08-25-at-14.54.01.jpeg\" class=\"attachment-thumbnail size-thumbnail\" alt><img decoding=\"async\" loading=\"lazy\" width=\"128\" height=\"90\" src=\"https:\/\/buzaumedia.ro\/wp-content\/uploads\/2026\/08\/WhatsApp-Image-2026-08-25-at-14.54.01.jpeg\" class=\"attachment-thumbnail size-thumbnail\" alt><\/a><\/div>\n<\/figure>\n<\/div>\n<\/div>\n<p>[analyse_source url=&#8221;https:\/\/buzaumedia.ro\/stiri-buzau\/prima-editie-a-festivalului-buzau-wine-fest-28-30-august-2026\/&#8221;]<\/p>\n","protected":false},"excerpt":{"rendered":"<p>[analyse_image type=&#8221;featured&#8221; src=&#8221;https:\/\/buzaumedia.ro\/wp-content\/uploads\/2026\/08\/WhatsApp-Image-2026-08-25-at-14.54.01.jpeghttps:\/\/buzaumedia.ro\/wp-content\/uploads\/2026\/08\/WhatsApp-Image-2026-08-25-at-14.54.01.jpeg&#8221;] \u00centre *28 \u0219i 30 august 2026*, *Zona Tezaur din Pietroasele* devine gazda primei edi\u021bii a *Buz\u0103u Wine Fest*, un eveniment dedicat vinului, patrimoniului \u015fi identit\u0103\u0163ii locale. Timp de trei zile publicul este invitat s\u0103 descopere *vinurile cramelor buzoiene*, me\u0219te\u0219ugurile tradi\u0163ionale, produsele locale \u0219i artizanale, muzic\u0103 live, expozi\u021bii \u0219i demonstra\u021bii istorice. *Programul pentru [&hellip;]<\/p>\n","protected":false},"author":1,"featured_media":0,"comment_status":"open","ping_status":"","sticky":false,"template":"","format":"standard","meta":{"footnotes":""},"categories":[2],"tags":[66,226],"class_list":["post-2111237","post","type-post","status-publish","format-standard","hentry","category-politics","tag-buzaumedia-ro","tag-crawlmanager"],"_links":{"self":[{"href":"https:\/\/analyse.optim.biz\/index.php?rest_route=\/wp\/v2\/posts\/2111237","targetHints":{"allow":["GET"]}}],"collection":[{"href":"https:\/\/analyse.optim.biz\/index.php?rest_route=\/wp\/v2\/posts"}],"about":[{"href":"https:\/\/analyse.optim.biz\/index.php?rest_route=\/wp\/v2\/types\/post"}],"author":[{"embeddable":true,"href":"https:\/\/analyse.optim.biz\/index.php?rest_route=\/wp\/v2\/users\/1"}],"replies":[{"embeddable":true,"href":"https:\/\/analyse.optim.biz\/index.php?rest_route=%2Fwp%2Fv2%2Fcomments&post=2111237"}],"version-history":[{"count":0,"href":"https:\/\/analyse.optim.biz\/index.php?rest_route=\/wp\/v2\/posts\/2111237\/revisions"}],"wp:attachment":[{"href":"https:\/\/analyse.optim.biz\/index.php?rest_route=%2Fwp%2Fv2%2Fmedia&parent=2111237"}],"wp:term":[{"taxonomy":"category","embeddable":true,"href":"https:\/\/analyse.optim.biz\/index.php?rest_route=%2Fwp%2Fv2%2Fcategories&post=2111237"},{"taxonomy":"post_tag","embeddable":true,"href":"https:\/\/analyse.optim.biz\/index.php?rest_route=%2Fwp%2Fv2%2Ftags&post=2111237"}],"curies":[{"name":"wp","href":"https:\/\/api.w.org\/{rel}","templated":true}]}}