{"id":2111235,"date":"2026-08-24T19:44:20","date_gmt":"2026-08-24T16:44:20","guid":{"rendered":"https:\/\/analyse.optim.biz\/?p=2111235"},"modified":"2026-08-24T19:44:20","modified_gmt":"2026-08-24T16:44:20","slug":"expozitia-fragmentar-la-centrul-muzeal-i-c-bratianu","status":"publish","type":"post","link":"https:\/\/analyse.optim.biz\/?p=2111235","title":{"rendered":"Expozi\u0163ia \u201eFragmentar\u201d la Centrul Muzeal \u201eI. C. Br\u0103tianu\u201d"},"content":{"rendered":"<p>[analyse_image type=&#8221;featured&#8221; src=&#8221;https:\/\/www.tvbuzau.ro\/wp-content\/uploads\/2026\/08\/sddefault-49.jpghttps:\/\/www.tvbuzau.ro\/wp-content\/uploads\/2026\/08\/sddefault-49.jpg&#8221;]<\/p>\n<div class=\"td-ss-main-content\">\n<article id=\"post-120136\" class=\"post-120136 post type-post status-publish format-video has-post-thumbnail hentry category-actualitate post_format-post-format-video\">\n<div class=\"td-post-header\">\n<ul class=\"td-category\">\n<li class=\"entry-category\"><a href=\"https:\/\/www.tvbuzau.ro\/category\/actualitate\/\">Actualitate<\/a><\/li>\n<\/ul>\n<header class=\"td-post-title\">\n<h1 class=\"entry-title\">Expozi\u0163ia \u201eFragmentar\u201d la Centrul Muzeal \u201eI. C. Br\u0103tianu\u201d<\/h1>\n<div class=\"td-module-meta-info\">\n<div class=\"td-post-author-name\">De c\u0103tre <a href=\"https:\/\/www.tvbuzau.ro\/author\/mihai-vasilescu\/\">TV Buz\u0103u<\/a> &#8211; <\/div>\n<p><span class=\"td-post-date\"><time class=\"entry-date updated td-module-date\" datetime=\"2026-08-24T19:44:20+00:00\">august 24, 2026<\/time><\/span><\/p>\n<div class=\"td-post-comments\"><a href=\"https:\/\/www.tvbuzau.ro\/expozitia-fragmentar-la-centrul-muzeal-i-c-bratianu\/#respond\">0<\/a><\/div>\n<div class=\"td-post-views\"><span class=\"td-nr-views-120136\">16<\/span><\/div>\n<\/div>\n<\/header>\n<\/div>\n<div class=\"td-post-sharing td-post-sharing-top td-with-like\">\n<div class=\"td-default-sharing\"><a class=\"td-social-sharing-buttons td-social-facebook\" href=\"http:\/\/www.facebook.com\/sharer.php?u=https%3A%2F%2Fwww.tvbuzau.ro%2Fexpozitia-fragmentar-la-centrul-muzeal-i-c-bratianu%2F\"><\/p>\n<div class=\"td-social-but-text\">Distribui\u021bi pe Facebook<\/div>\n<p><\/a><a class=\"td-social-sharing-buttons td-social-twitter\" href=\"https:\/\/twitter.com\/intent\/tweet?text=Expozi%C5%A3ia+%E2%80%9EFragmentar%E2%80%9D+la+Centrul+Muzeal+%E2%80%9EI.+C.+Br%C4%83tianu%E2%80%9D&amp;url=https%3A%2F%2Fwww.tvbuzau.ro%2Fexpozitia-fragmentar-la-centrul-muzeal-i-c-bratianu%2F&amp;via=TV+Buz%C4%83u\"><\/p>\n<div class=\"td-social-but-text\">Distribui\u021bi pe Twitter<\/div>\n<p><\/a><\/div>\n<div class=\"td-classic-sharing\">\n<ul>\n<li class=\"td-classic-facebook\"><iframe frameborder src=\"https:\/\/www.facebook.com\/plugins\/like.php?href=https:\/\/www.tvbuzau.ro\/expozitia-fragmentar-la-centrul-muzeal-i-c-bratianu\/&amp;layout=button_count&amp;show_faces=false&amp;width=105&amp;action=like&amp;colorscheme=light&amp;height=21\"><\/iframe><\/li>\n<li class=\"td-classic-twitter\"><a href=\"https:\/\/twitter.com\/share\" class=\"twitter-share-button\" data-url=\"https:\/\/www.tvbuzau.ro\/expozitia-fragmentar-la-centrul-muzeal-i-c-bratianu\/\" data-text=\"Expozi\u0163ia \u201eFragmentar\u201d la Centrul Muzeal \u201eI. C. Br\u0103tianu\u201d\" data-via data-lang=\"en\">tweet<\/a><\/li>\n<\/ul>\n<\/div>\n<\/div>\n<div class=\"td-post-content\">\n<div class=\"td-featured-image-rec\">\n<div class=\"wpb_video_wrapper\">\n                    <iframe loading=\"lazy\" id=\"td_youtube_player\" width=\"600\" height=\"560\" src=\"https:\/\/www.youtube.com\/embed\/KhSgpWsprP0?enablejsapi=1&amp;feature=oembed&amp;wmode=opaque&amp;vq=hd720\" frameborder allowfullscreen><\/iframe><\/p><\/div>\n<\/div>\n<p>Pictorul realizeaz\u0103 universuri fantastice, pline de via\u021b\u0103 \u0219i culoare<br \/>\nMuzeul Jude\u021bean Buz\u0103u, anun\u021b\u0103 deschiderea expozi\u021biei temporare \u201eFragmentar\u201d, semnat\u0103 de artistul George Stanciu. Evenimentul va avea loc la Centrul Muzeal \u201eI. C. Br\u0103tianu\u201d, \u00een data de 25 august 2026, \u00eencep\u00e2nd cu ora 17:00, iar intrarea este liber\u0103.<br \/>\nExpozi\u021bia de pictur\u0103 \u201eFragmentar\u201d se desf\u0103\u0219oar\u0103 concomitent \u00een dou\u0103 dintre sediile Muzeului Jude\u021bean Buz\u0103u \u2013 la Centrul Muzeal \u201eI. C. Br\u0103tianu\u201d \u0219i la Muzeul de Arheologie, Istorie \u0219i Art\u0103, aceast\u0103 \u00eemp\u0103r\u021bire spa\u021bial\u0103 reflect\u00e2nd \u00eensu\u0219i titlul expozi\u021biei.<br \/>\nGeorge Stanciu, \u00een ciuda experien\u021bei \u0219i al volumului mare de lucr\u0103ri produse, agreeaz\u0103 intimitatea camuflat\u0103 sub voalul anonimatului \u0219i este exemplul perfect al creatorului de \u201eart\u0103 pentru art\u0103\u201d.<\/p>\n<p>\u201ePictorul realizeaz\u0103 universuri fantastice, pline de via\u021b\u0103 \u0219i culoare, doar din nevoia creatoare, pur\u0103, nealterat\u0103 de influen\u021ba necesit\u0103\u021bilor mercantile care distorsioneaz\u0103 din ce \u00een ce mai mult optica arti\u0219tilor din toate domeniile artelor. Picturile sale sunt o manifestare de talent excep\u021bional al creatorului care nu de\u021bine abilitatea \u0219i nici nevoia de a ie\u0219i din spa\u021biul intim al atelierului, moment \u00een care intr\u0103 \u00een scen\u0103 Muzeul Jude\u021bean Buz\u0103u cu rolul de a intermedia rela\u021bia dintre artist \u0219i public, func\u021bie primordial\u0103 pe care muzeul \u0219i-a asumat-o din ce \u00een ce mai mult \u00een ultimii ani\u201d, anun\u0163\u0103 Muzeul Jude\u0163ean Buz\u0103u.<br \/>\nExpozi\u021bia \u201eFragmentar\u201d este important\u0103 pentru comunitatea buzoian\u0103 \u0219i prin prisma originii artistului, George Stanciu fiind n\u0103scut la Buz\u0103u, unde a urmat, sub \u00eendrumarea doamnei profesoare Lumini\u021ba Toader, sec\u021bia Grafic\u0103 a Liceului de Arte din Buz\u0103u.<\/p>\n<p>\u201eSunt buzoian, dar m-am mutat la Bucure\u0219ti. De-a lungul anilor, am lucrat foarte mult ca pictor de decoruri \u00een cinematografie\u201d, precizeaz\u0103 George Stanciu, care este absolvent al Universit\u0103\u021bii Na\u021bionale de Arte din Bucure\u0219ti \u0219i de\u021bine \u00een prezent un atelier de crea\u021bie artistic\u0103 \u00een Capital\u0103.<br \/>\nExpozi\u021bia va fi deschis\u0103, \u00een ambele sedii, \u00een perioada 25 august \u2013 30 septembrie 2026.<\/p>\n<div class=\"post-views post-120136 entry-meta\"><span class=\"post-views-label\">Post Views: <\/span><span class=\"post-views-count\">192<\/span><\/div>\n<\/div>\n<footer>\n<div class=\"td-post-sharing td-post-sharing-bottom td-with-like\"><span class=\"td-post-share-title\">DISTRIBUI\u021aI<\/span><\/p>\n<div class=\"td-default-sharing\"><a class=\"td-social-sharing-buttons td-social-facebook\" href=\"http:\/\/www.facebook.com\/sharer.php?u=https%3A%2F%2Fwww.tvbuzau.ro%2Fexpozitia-fragmentar-la-centrul-muzeal-i-c-bratianu%2F\"><\/p>\n<div class=\"td-social-but-text\">Facebook<\/div>\n<p><\/a><a class=\"td-social-sharing-buttons td-social-twitter\" href=\"https:\/\/twitter.com\/intent\/tweet?text=Expozi%C5%A3ia+%E2%80%9EFragmentar%E2%80%9D+la+Centrul+Muzeal+%E2%80%9EI.+C.+Br%C4%83tianu%E2%80%9D&amp;url=https%3A%2F%2Fwww.tvbuzau.ro%2Fexpozitia-fragmentar-la-centrul-muzeal-i-c-bratianu%2F&amp;via=TV+Buz%C4%83u\"><\/p>\n<div class=\"td-social-but-text\">Twitter<\/div>\n<p><\/a><\/div>\n<div class=\"td-classic-sharing\">\n<ul>\n<li class=\"td-classic-facebook\"><iframe frameborder src=\"https:\/\/www.facebook.com\/plugins\/like.php?href=https:\/\/www.tvbuzau.ro\/expozitia-fragmentar-la-centrul-muzeal-i-c-bratianu\/&amp;layout=button_count&amp;show_faces=false&amp;width=105&amp;action=like&amp;colorscheme=light&amp;height=21\"><\/iframe><\/li>\n<li class=\"td-classic-twitter\"><a href=\"https:\/\/twitter.com\/share\" class=\"twitter-share-button\" data-url=\"https:\/\/www.tvbuzau.ro\/expozitia-fragmentar-la-centrul-muzeal-i-c-bratianu\/\" data-text=\"Expozi\u0163ia \u201eFragmentar\u201d la Centrul Muzeal \u201eI. C. Br\u0103tianu\u201d\" data-via data-lang=\"en\">tweet<\/a><\/li>\n<\/ul>\n<\/div>\n<\/div>\n<div class=\"td-author-name vcard author\"><span class=\"fn\"><a href=\"https:\/\/www.tvbuzau.ro\/author\/mihai-vasilescu\/\">TV Buz\u0103u<\/a><\/span><\/div>\n<p><span><\/span><span><span><\/span><\/span><span><\/span><\/footer>\n<\/article>\n<div class=\"td_block_wrap td_block_related_posts td_uid_1_6a8df4b047df9_rand td_with_ajax_pagination td-pb-border-top\" data-td-block-uid=\"td_uid_1_6a8df4b047df9\">\n<h4 class=\"td-related-title\"><a id=\"td_uid_2_6a8df4b04dad5\" class=\"td-related-left td-cur-simple-item\" data-td_filter_value data-td_block_id=\"td_uid_1_6a8df4b047df9\" href=\"https:\/\/www.tvbuzau.ro\/expozitia-fragmentar-la-centrul-muzeal-i-c-bratianu\/\">ARTICOLE SIMILARE<\/a><a id=\"td_uid_3_6a8df4b04db11\" class=\"td-related-right\" data-td_filter_value=\"td_related_more_from_author\" data-td_block_id=\"td_uid_1_6a8df4b047df9\" href=\"https:\/\/www.tvbuzau.ro\/expozitia-fragmentar-la-centrul-muzeal-i-c-bratianu\/\">DE LA ACELA\u0218I AUTOR<\/a><\/h4>\n<div id=\"td_uid_1_6a8df4b047df9\" class=\"td_block_inner\">\n<div class=\"td-related-row\">\n<div class=\"td-related-span4\">\n<div class=\"td_module_related_posts td-animation-stack td_mod_related_posts\">\n<div class=\"td-module-image\">\n<div class=\"td-module-thumb\"><a href=\"https:\/\/www.tvbuzau.ro\/va-fi-exclus-din-psd-primarul-constantin-toma\/\" rel=\"bookmark\" title=\"Va fi exclus din PSD, primarul Constantin Toma?\"><img loading=\"lazy\" decoding=\"async\" width=\"218\" height=\"150\" class=\"entry-thumb\" src=\"https:\/\/www.tvbuzau.ro\/wp-content\/uploads\/2026\/08\/sddefault-53-218x150.jpg\" alt title=\"Va fi exclus din PSD, primarul Constantin Toma?\"><span class=\"td-video-play-ico\"><img loading=\"lazy\" decoding=\"async\" width=\"40\" height=\"40\" class=\"td-retina\" src=\"https:\/\/www.tvbuzau.ro\/wp-content\/themes\/Newspaper\/images\/icons\/ico-video-large.png\" alt=\"video\"><\/span><\/a><\/div>\n<p><a href=\"https:\/\/www.tvbuzau.ro\/category\/actualitate\/\" class=\"td-post-category\">Actualitate<\/a><\/div>\n<div class=\"item-details\">\n<h3 class=\"entry-title td-module-title\"><a href=\"https:\/\/www.tvbuzau.ro\/va-fi-exclus-din-psd-primarul-constantin-toma\/\" rel=\"bookmark\" title=\"Va fi exclus din PSD, primarul Constantin Toma?\">Va fi exclus din PSD, primarul Constantin Toma?<\/a><\/h3>\n<\/div>\n<\/div>\n<\/div>\n<div class=\"td-related-span4\">\n<div class=\"td_module_related_posts td-animation-stack td_mod_related_posts\">\n<div class=\"td-module-image\">\n<div class=\"td-module-thumb\"><a href=\"https:\/\/www.tvbuzau.ro\/peste-3-3-milioane-de-tigari-confiscate-de-politisti\/\" rel=\"bookmark\" title=\"Peste 3.3 milioane de \u0163ig\u0103ri confiscate de poli\u0163i\u015fti\"><img loading=\"lazy\" decoding=\"async\" width=\"218\" height=\"150\" class=\"entry-thumb\" src=\"https:\/\/www.tvbuzau.ro\/wp-content\/uploads\/2026\/08\/hqdefault-30-218x150.jpg\" alt title=\"Peste 3.3 milioane de \u0163ig\u0103ri confiscate de poli\u0163i\u015fti\"><span class=\"td-video-play-ico\"><img loading=\"lazy\" decoding=\"async\" width=\"40\" height=\"40\" class=\"td-retina\" src=\"https:\/\/www.tvbuzau.ro\/wp-content\/themes\/Newspaper\/images\/icons\/ico-video-large.png\" alt=\"video\"><\/span><\/a><\/div>\n<p><a href=\"https:\/\/www.tvbuzau.ro\/category\/actualitate\/\" class=\"td-post-category\">Actualitate<\/a><\/div>\n<div class=\"item-details\">\n<h3 class=\"entry-title td-module-title\"><a href=\"https:\/\/www.tvbuzau.ro\/peste-3-3-milioane-de-tigari-confiscate-de-politisti\/\" rel=\"bookmark\" title=\"Peste 3.3 milioane de \u0163ig\u0103ri confiscate de poli\u0163i\u015fti\">Peste 3.3 milioane de \u0163ig\u0103ri confiscate de poli\u0163i\u015fti<\/a><\/h3>\n<\/div>\n<\/div>\n<\/div>\n<div class=\"td-related-span4\">\n<div class=\"td_module_related_posts td-animation-stack td_mod_related_posts\">\n<div class=\"td-module-image\">\n<div class=\"td-module-thumb\"><a href=\"https:\/\/www.tvbuzau.ro\/buzaul-ar-putea-deveni-capitala-culturala\/\" rel=\"bookmark\" title=\"Buz\u0103ul ar putea deveni capital\u0103 cultural\u0103\"><img loading=\"lazy\" decoding=\"async\" width=\"218\" height=\"150\" class=\"entry-thumb\" src=\"https:\/\/www.tvbuzau.ro\/wp-content\/uploads\/2026\/08\/hqdefault-29-218x150.jpg\" alt title=\"Buz\u0103ul ar putea deveni capital\u0103 cultural\u0103\"><span class=\"td-video-play-ico\"><img loading=\"lazy\" decoding=\"async\" width=\"40\" height=\"40\" class=\"td-retina\" src=\"https:\/\/www.tvbuzau.ro\/wp-content\/themes\/Newspaper\/images\/icons\/ico-video-large.png\" alt=\"video\"><\/span><\/a><\/div>\n<p><a href=\"https:\/\/www.tvbuzau.ro\/category\/actualitate\/\" class=\"td-post-category\">Actualitate<\/a><\/div>\n<div class=\"item-details\">\n<h3 class=\"entry-title td-module-title\"><a href=\"https:\/\/www.tvbuzau.ro\/buzaul-ar-putea-deveni-capitala-culturala\/\" rel=\"bookmark\" title=\"Buz\u0103ul ar putea deveni capital\u0103 cultural\u0103\">Buz\u0103ul ar putea deveni capital\u0103 cultural\u0103<\/a><\/h3>\n<\/div>\n<\/div>\n<\/div>\n<\/div>\n<div class=\"td-related-row\">\n<div class=\"td-related-span4\">\n<div class=\"td_module_related_posts td-animation-stack td_mod_related_posts\">\n<div class=\"td-module-image\">\n<div class=\"td-module-thumb\"><a href=\"https:\/\/www.tvbuzau.ro\/14-proiecte-pnrr-vor-fi-gata-pana-la-31-august\/\" rel=\"bookmark\" title=\"14 proiecte PNRR vor fi gata p\u00e2n\u0103 la 31 august\"><img loading=\"lazy\" decoding=\"async\" width=\"218\" height=\"150\" class=\"entry-thumb\" src=\"https:\/\/www.tvbuzau.ro\/wp-content\/uploads\/2026\/08\/sddefault-52-218x150.jpg\" alt title=\"14 proiecte PNRR vor fi gata p\u00e2n\u0103 la 31 august\"><span class=\"td-video-play-ico\"><img loading=\"lazy\" decoding=\"async\" width=\"40\" height=\"40\" class=\"td-retina\" src=\"https:\/\/www.tvbuzau.ro\/wp-content\/themes\/Newspaper\/images\/icons\/ico-video-large.png\" alt=\"video\"><\/span><\/a><\/div>\n<p><a href=\"https:\/\/www.tvbuzau.ro\/category\/actualitate\/\" class=\"td-post-category\">Actualitate<\/a><\/div>\n<div class=\"item-details\">\n<h3 class=\"entry-title td-module-title\"><a href=\"https:\/\/www.tvbuzau.ro\/14-proiecte-pnrr-vor-fi-gata-pana-la-31-august\/\" rel=\"bookmark\" title=\"14 proiecte PNRR vor fi gata p\u00e2n\u0103 la 31 august\">14 proiecte PNRR vor fi gata p\u00e2n\u0103 la 31 august<\/a><\/h3>\n<\/div>\n<\/div>\n<\/div>\n<div class=\"td-related-span4\">\n<div class=\"td_module_related_posts td-animation-stack td_mod_related_posts\">\n<div class=\"td-module-image\">\n<div class=\"td-module-thumb\"><a href=\"https:\/\/www.tvbuzau.ro\/scdl-face-apel-la-un-geam-pentru-sera-cercetarii\/\" rel=\"bookmark\" title=\"SCDL face apel la \u201eUn geam pentru sera cercet\u0103rii\u201d\"><img loading=\"lazy\" decoding=\"async\" width=\"218\" height=\"150\" class=\"entry-thumb\" src=\"https:\/\/www.tvbuzau.ro\/wp-content\/uploads\/2026\/08\/sddefault-51-218x150.jpg\" alt title=\"SCDL face apel la \u201eUn geam pentru sera cercet\u0103rii\u201d\"><span class=\"td-video-play-ico\"><img loading=\"lazy\" decoding=\"async\" width=\"40\" height=\"40\" class=\"td-retina\" src=\"https:\/\/www.tvbuzau.ro\/wp-content\/themes\/Newspaper\/images\/icons\/ico-video-large.png\" alt=\"video\"><\/span><\/a><\/div>\n<p><a href=\"https:\/\/www.tvbuzau.ro\/category\/actualitate\/\" class=\"td-post-category\">Actualitate<\/a><\/div>\n<div class=\"item-details\">\n<h3 class=\"entry-title td-module-title\"><a href=\"https:\/\/www.tvbuzau.ro\/scdl-face-apel-la-un-geam-pentru-sera-cercetarii\/\" rel=\"bookmark\" title=\"SCDL face apel la \u201eUn geam pentru sera cercet\u0103rii\u201d\">SCDL face apel la \u201eUn geam pentru sera cercet\u0103rii\u201d<\/a><\/h3>\n<\/div>\n<\/div>\n<\/div>\n<div class=\"td-related-span4\">\n<div class=\"td_module_related_posts td-animation-stack td_mod_related_posts\">\n<div class=\"td-module-image\">\n<div class=\"td-module-thumb\"><a href=\"https:\/\/www.tvbuzau.ro\/linie-de-garda-pentru-cardiologie\/\" rel=\"bookmark\" title=\"Linie de gard\u0103 pentru Cardiologie\"><img loading=\"lazy\" decoding=\"async\" width=\"218\" height=\"150\" class=\"entry-thumb\" src=\"https:\/\/www.tvbuzau.ro\/wp-content\/uploads\/2026\/08\/sddefault-50-218x150.jpg\" alt title=\"Linie de gard\u0103 pentru Cardiologie\"><span class=\"td-video-play-ico\"><img loading=\"lazy\" decoding=\"async\" width=\"40\" height=\"40\" class=\"td-retina\" src=\"https:\/\/www.tvbuzau.ro\/wp-content\/themes\/Newspaper\/images\/icons\/ico-video-large.png\" alt=\"video\"><\/span><\/a><\/div>\n<p><a href=\"https:\/\/www.tvbuzau.ro\/category\/actualitate\/\" class=\"td-post-category\">Actualitate<\/a><\/div>\n<div class=\"item-details\">\n<h3 class=\"entry-title td-module-title\"><a href=\"https:\/\/www.tvbuzau.ro\/linie-de-garda-pentru-cardiologie\/\" rel=\"bookmark\" title=\"Linie de gard\u0103 pentru Cardiologie\">Linie de gard\u0103 pentru Cardiologie<\/a><\/h3>\n<\/div>\n<\/div>\n<\/div>\n<\/div>\n<\/div>\n<\/div>\n<div class=\"comments\" id=\"comments\">\n<div id=\"respond\" class=\"comment-respond\">\n<h3 id=\"reply-title\" class=\"comment-reply-title\">L\u0102SA\u021aI UN MESAJ <small><a rel=\"nofollow\" id=\"cancel-comment-reply-link\" href=\"https:\/\/www.tvbuzau.ro\/expozitia-fragmentar-la-centrul-muzeal-i-c-bratianu\/#respond\">Renun\u021ba\u021bi la r\u0103spuns<\/a><\/small><\/h3>\n<\/div>\n<\/div>\n<\/div>\n<div class=\"td-post-content\">\n<div class=\"td-featured-image-rec\">\n<div class=\"wpb_video_wrapper\">\n                    <iframe loading=\"lazy\" id=\"td_youtube_player\" width=\"600\" height=\"560\" src=\"https:\/\/www.youtube.com\/embed\/KhSgpWsprP0?enablejsapi=1&amp;feature=oembed&amp;wmode=opaque&amp;vq=hd720\" frameborder allowfullscreen><\/iframe><\/p><\/div>\n<\/div>\n<p>Pictorul realizeaz\u0103 universuri fantastice, pline de via\u021b\u0103 \u0219i culoare<br \/>\nMuzeul Jude\u021bean Buz\u0103u, anun\u021b\u0103 deschiderea expozi\u021biei temporare \u201eFragmentar\u201d, semnat\u0103 de artistul George Stanciu. Evenimentul va avea loc la Centrul Muzeal \u201eI. C. Br\u0103tianu\u201d, \u00een data de 25 august 2026, \u00eencep\u00e2nd cu ora 17:00, iar intrarea este liber\u0103.<br \/>\nExpozi\u021bia de pictur\u0103 \u201eFragmentar\u201d se desf\u0103\u0219oar\u0103 concomitent \u00een dou\u0103 dintre sediile Muzeului Jude\u021bean Buz\u0103u \u2013 la Centrul Muzeal \u201eI. C. Br\u0103tianu\u201d \u0219i la Muzeul de Arheologie, Istorie \u0219i Art\u0103, aceast\u0103 \u00eemp\u0103r\u021bire spa\u021bial\u0103 reflect\u00e2nd \u00eensu\u0219i titlul expozi\u021biei.<br \/>\nGeorge Stanciu, \u00een ciuda experien\u021bei \u0219i al volumului mare de lucr\u0103ri produse, agreeaz\u0103 intimitatea camuflat\u0103 sub voalul anonimatului \u0219i este exemplul perfect al creatorului de \u201eart\u0103 pentru art\u0103\u201d.<\/p>\n<p>\u201ePictorul realizeaz\u0103 universuri fantastice, pline de via\u021b\u0103 \u0219i culoare, doar din nevoia creatoare, pur\u0103, nealterat\u0103 de influen\u021ba necesit\u0103\u021bilor mercantile care distorsioneaz\u0103 din ce \u00een ce mai mult optica arti\u0219tilor din toate domeniile artelor. Picturile sale sunt o manifestare de talent excep\u021bional al creatorului care nu de\u021bine abilitatea \u0219i nici nevoia de a ie\u0219i din spa\u021biul intim al atelierului, moment \u00een care intr\u0103 \u00een scen\u0103 Muzeul Jude\u021bean Buz\u0103u cu rolul de a intermedia rela\u021bia dintre artist \u0219i public, func\u021bie primordial\u0103 pe care muzeul \u0219i-a asumat-o din ce \u00een ce mai mult \u00een ultimii ani\u201d, anun\u0163\u0103 Muzeul Jude\u0163ean Buz\u0103u.<br \/>\nExpozi\u021bia \u201eFragmentar\u201d este important\u0103 pentru comunitatea buzoian\u0103 \u0219i prin prisma originii artistului, George Stanciu fiind n\u0103scut la Buz\u0103u, unde a urmat, sub \u00eendrumarea doamnei profesoare Lumini\u021ba Toader, sec\u021bia Grafic\u0103 a Liceului de Arte din Buz\u0103u.<\/p>\n<p>\u201eSunt buzoian, dar m-am mutat la Bucure\u0219ti. De-a lungul anilor, am lucrat foarte mult ca pictor de decoruri \u00een cinematografie\u201d, precizeaz\u0103 George Stanciu, care este absolvent al Universit\u0103\u021bii Na\u021bionale de Arte din Bucure\u0219ti \u0219i de\u021bine \u00een prezent un atelier de crea\u021bie artistic\u0103 \u00een Capital\u0103.<br \/>\nExpozi\u021bia va fi deschis\u0103, \u00een ambele sedii, \u00een perioada 25 august \u2013 30 septembrie 2026.<\/p>\n<div class=\"post-views post-120136 entry-meta\"><span class=\"post-views-label\">Post Views: <\/span><span class=\"post-views-count\">192<\/span><\/div>\n<\/div>\n<p>[analyse_source url=&#8221;https:\/\/www.tvbuzau.ro\/expozitia-fragmentar-la-centrul-muzeal-i-c-bratianu\/&#8221;]<\/p>\n","protected":false},"excerpt":{"rendered":"<p>[analyse_image type=&#8221;featured&#8221; src=&#8221;https:\/\/www.tvbuzau.ro\/wp-content\/uploads\/2026\/08\/sddefault-49.jpghttps:\/\/www.tvbuzau.ro\/wp-content\/uploads\/2026\/08\/sddefault-49.jpg&#8221;] Actualitate Expozi\u0163ia \u201eFragmentar\u201d la Centrul Muzeal \u201eI. C. Br\u0103tianu\u201d De c\u0103tre TV Buz\u0103u &#8211; august 24, 2026 0 16 Distribui\u021bi pe Facebook Distribui\u021bi pe Twitter tweet Pictorul realizeaz\u0103 universuri fantastice, pline de via\u021b\u0103 \u0219i culoare Muzeul Jude\u021bean Buz\u0103u, anun\u021b\u0103 deschiderea expozi\u021biei temporare \u201eFragmentar\u201d, semnat\u0103 de artistul George Stanciu. Evenimentul va avea loc [&hellip;]<\/p>\n","protected":false},"author":1,"featured_media":0,"comment_status":"open","ping_status":"","sticky":false,"template":"","format":"standard","meta":{"footnotes":""},"categories":[2],"tags":[226,116],"class_list":["post-2111235","post","type-post","status-publish","format-standard","hentry","category-politics","tag-crawlmanager","tag-tvbuzau-ro"],"_links":{"self":[{"href":"https:\/\/analyse.optim.biz\/index.php?rest_route=\/wp\/v2\/posts\/2111235","targetHints":{"allow":["GET"]}}],"collection":[{"href":"https:\/\/analyse.optim.biz\/index.php?rest_route=\/wp\/v2\/posts"}],"about":[{"href":"https:\/\/analyse.optim.biz\/index.php?rest_route=\/wp\/v2\/types\/post"}],"author":[{"embeddable":true,"href":"https:\/\/analyse.optim.biz\/index.php?rest_route=\/wp\/v2\/users\/1"}],"replies":[{"embeddable":true,"href":"https:\/\/analyse.optim.biz\/index.php?rest_route=%2Fwp%2Fv2%2Fcomments&post=2111235"}],"version-history":[{"count":0,"href":"https:\/\/analyse.optim.biz\/index.php?rest_route=\/wp\/v2\/posts\/2111235\/revisions"}],"wp:attachment":[{"href":"https:\/\/analyse.optim.biz\/index.php?rest_route=%2Fwp%2Fv2%2Fmedia&parent=2111235"}],"wp:term":[{"taxonomy":"category","embeddable":true,"href":"https:\/\/analyse.optim.biz\/index.php?rest_route=%2Fwp%2Fv2%2Fcategories&post=2111235"},{"taxonomy":"post_tag","embeddable":true,"href":"https:\/\/analyse.optim.biz\/index.php?rest_route=%2Fwp%2Fv2%2Ftags&post=2111235"}],"curies":[{"name":"wp","href":"https:\/\/api.w.org\/{rel}","templated":true}]}}