{"id":2111224,"date":"2026-08-25T13:09:52","date_gmt":"2026-08-25T10:09:52","guid":{"rendered":"https:\/\/analyse.optim.biz\/?p=2111224"},"modified":"2026-08-25T13:09:52","modified_gmt":"2026-08-25T10:09:52","slug":"o-noua-editie-a-universitatii-de-vara-la-rm-sarat","status":"publish","type":"post","link":"https:\/\/analyse.optim.biz\/?p=2111224","title":{"rendered":"O nou\u0103 edi\u021bie a Universit\u0103\u021bii de Var\u0103, la Rm. S\u0103rat!"},"content":{"rendered":"<p>[analyse_image type=&#8221;featured&#8221; src=&#8221;https:\/\/buzaumedia.ro\/wp-content\/uploads\/2026\/08\/universitate.jpghttps:\/\/buzaumedia.ro\/wp-content\/uploads\/2026\/08\/universitate.jpg&#8221;]<\/p>\n<div class=\"entry-content rbct clearfix is-highlight-shares\">\n<p>Istoria comunismului este adus\u0103, din nou, \u00een prim-plan, la Rm. S\u0103rat.<br \/>\nEste vorba despre o nou\u0103 edi\u021bie a Universit\u0103\u021bii de Var\u0103, eveniment<br \/>\norganizat de Institutul de Investigare a Crimelor Comunismului la<br \/>\nfostul penitenciar din Rm. S\u0103rat.<br \/>\nEvenimentul, ajuns la cea de-a XVIII-a edi\u021bie, propune conferin\u021be,<br \/>\ndezbateri \u0219i \u00eent\u00e2lniri cu cercet\u0103tori, istorici, profesori \u0219i tineri,<br \/>\ncare vor analiza una dintre cele mai dificile perioade din istoria<br \/>\nrecent\u0103 a Rom\u00e2niei. Edi\u021bia din acest an, cu tema \u201eComunismul rom\u00e2nesc.<br \/>\nInstruc\u021biuni de folosire.\u201d, are ca scop o analiz\u0103 a comunismului<br \/>\nrom\u00e2nesc, a institu\u021biilor \u0219i mecanismelor sale de putere, precum \u0219i a<br \/>\nmodului \u00een care aceast\u0103 experien\u021b\u0103 a influen\u021bat \u0219i continu\u0103 s\u0103<br \/>\ninfluen\u021beze societatea rom\u00e2neasc\u0103. Participan\u021bii vor analiza felul \u00een<br \/>\ncare a func\u021bionat regimul represiv comunist \u0219i felul \u00een care acea<br \/>\nperioad\u0103 este v\u0103zut\u0103 \u00een societatea de ast\u0103zi. Universitatea de Var\u0103 se<br \/>\ndesf\u0103\u0219oar\u0103 p\u00e2n\u0103 pe 28 august \u0219i \u00ee\u015fi propune s\u0103 analizeze modalit\u0103\u0163ile<br \/>\nde rememorare sub raport istoric \u015fi biografic a perioadei 1945-1989,<br \/>\ninvit\u00e2ndu-\u015fi participan\u0163ii s\u0103 reflecteze asupra diverselor aspecte<br \/>\nideologice, sociale \u015fi politice.<br \/>\nMulte dintre activit\u0103\u021bile din cadrul Universot\u0103\u021bii de Var\u0103 vor avea<br \/>\nloc la fosta \u00eenchisoarea de la R\u00e2mnicu S\u0103rat, unde, dup\u0103 instalarea<br \/>\nregimului comunist, au fost \u00eenchi\u0219i o serie de membri ai partidelor<br \/>\npolitice, fo\u0219ti mini\u0219tri din guvernul Ion Antonescu, precum \u0219i clerici<br \/>\ngreco-catolici \u015fi romano-catolici. Penitenciarul a fost \u00eenchis oficial<br \/>\n\u00een aprilie 1963, iar supravie\u021buitorii au fost trimi\u0219i \u00een alte<br \/>\n\u00eenchisori sau \u00een domiciliu obligatoriu, sub atenta supraveghere a<br \/>\nSecurit\u0103\u021bii. \u00cenchisoarea a fost folosit\u0103 ulterior ca depozit.<\/p>\n<div id=\"gallery-1\" class=\"gallery galleryid-189369 gallery-columns-3 gallery-size-thumbnail\">\n<figure class=\"gallery-item\">\n<div class=\"gallery-icon landscape\"><a href=\"https:\/\/buzaumedia.ro\/stiri-buzau\/fwd-o-noua-editie-a-universitatii-de-vara-la-rm-sarat\/attachment\/universitate\/\"><img loading=\"lazy\" decoding=\"async\" width=\"128\" height=\"72\" src=\"https:\/\/buzaumedia.ro\/wp-content\/uploads\/2026\/08\/universitate.jpg\" class=\"attachment-thumbnail size-thumbnail\" alt><img decoding=\"async\" loading=\"lazy\" width=\"128\" height=\"72\" src=\"https:\/\/buzaumedia.ro\/wp-content\/uploads\/2026\/08\/universitate.jpg\" class=\"attachment-thumbnail size-thumbnail\" alt><\/a><\/div>\n<\/figure>\n<\/div>\n<\/div>\n<p>[analyse_source url=&#8221;https:\/\/buzaumedia.ro\/stiri-buzau\/fwd-o-noua-editie-a-universitatii-de-vara-la-rm-sarat\/&#8221;]<\/p>\n","protected":false},"excerpt":{"rendered":"<p>[analyse_image type=&#8221;featured&#8221; src=&#8221;https:\/\/buzaumedia.ro\/wp-content\/uploads\/2026\/08\/universitate.jpghttps:\/\/buzaumedia.ro\/wp-content\/uploads\/2026\/08\/universitate.jpg&#8221;] Istoria comunismului este adus\u0103, din nou, \u00een prim-plan, la Rm. S\u0103rat. Este vorba despre o nou\u0103 edi\u021bie a Universit\u0103\u021bii de Var\u0103, eveniment organizat de Institutul de Investigare a Crimelor Comunismului la fostul penitenciar din Rm. S\u0103rat. Evenimentul, ajuns la cea de-a XVIII-a edi\u021bie, propune conferin\u021be, dezbateri \u0219i \u00eent\u00e2lniri cu cercet\u0103tori, istorici, profesori [&hellip;]<\/p>\n","protected":false},"author":1,"featured_media":0,"comment_status":"open","ping_status":"","sticky":false,"template":"","format":"standard","meta":{"footnotes":""},"categories":[2],"tags":[66,226],"class_list":["post-2111224","post","type-post","status-publish","format-standard","hentry","category-politics","tag-buzaumedia-ro","tag-crawlmanager"],"_links":{"self":[{"href":"https:\/\/analyse.optim.biz\/index.php?rest_route=\/wp\/v2\/posts\/2111224","targetHints":{"allow":["GET"]}}],"collection":[{"href":"https:\/\/analyse.optim.biz\/index.php?rest_route=\/wp\/v2\/posts"}],"about":[{"href":"https:\/\/analyse.optim.biz\/index.php?rest_route=\/wp\/v2\/types\/post"}],"author":[{"embeddable":true,"href":"https:\/\/analyse.optim.biz\/index.php?rest_route=\/wp\/v2\/users\/1"}],"replies":[{"embeddable":true,"href":"https:\/\/analyse.optim.biz\/index.php?rest_route=%2Fwp%2Fv2%2Fcomments&post=2111224"}],"version-history":[{"count":0,"href":"https:\/\/analyse.optim.biz\/index.php?rest_route=\/wp\/v2\/posts\/2111224\/revisions"}],"wp:attachment":[{"href":"https:\/\/analyse.optim.biz\/index.php?rest_route=%2Fwp%2Fv2%2Fmedia&parent=2111224"}],"wp:term":[{"taxonomy":"category","embeddable":true,"href":"https:\/\/analyse.optim.biz\/index.php?rest_route=%2Fwp%2Fv2%2Fcategories&post=2111224"},{"taxonomy":"post_tag","embeddable":true,"href":"https:\/\/analyse.optim.biz\/index.php?rest_route=%2Fwp%2Fv2%2Ftags&post=2111224"}],"curies":[{"name":"wp","href":"https:\/\/api.w.org\/{rel}","templated":true}]}}