{"id":2111220,"date":"2026-08-25T13:09:35","date_gmt":"2026-08-25T10:09:35","guid":{"rendered":"https:\/\/analyse.optim.biz\/?p=2111220"},"modified":"2026-08-25T13:09:35","modified_gmt":"2026-08-25T10:09:35","slug":"aquapark-ul-din-buzau-deschis-abia-vara-viitoare","status":"publish","type":"post","link":"https:\/\/analyse.optim.biz\/?p=2111220","title":{"rendered":"Aquapark-ul din Buz\u0103u, deschis abia vara viitoare!"},"content":{"rendered":"<p>[analyse_image type=&#8221;featured&#8221; src=&#8221;https:\/\/buzaumedia.ro\/wp-content\/uploads\/2026\/08\/aquapark-1.jpghttps:\/\/buzaumedia.ro\/wp-content\/uploads\/2026\/08\/aquapark-1.jpg&#8221;]<\/p>\n<div class=\"entry-content rbct clearfix is-highlight-shares\">\n<p>Este cert. Aquapark-ul din Parcul Tineretului, din municipiul Buz\u0103u,<br \/>\nse va deschide abia anul viitor. Mai multe obstacole descoperite de<br \/>\nconstructor pe amplasamentul centrului acvatic, dar \u0219i infiltra\u021biile<br \/>\ndin parcul \u00eenvecinat, au \u00eent\u00e2rziat semnificativ lucr\u0103rile.<br \/>\n\u00cen aceste condi\u021bii, finalizarea investi\u021biei este estimat\u0103 \u00een luna<br \/>\noctombrie, moment c\u00e2nd vremea nu va mai permite fuc\u021bionarea centrului<br \/>\nde agrement. \u00cen prezent, constructorul a \u00eenceput probele la<br \/>\ninstala\u021biile care d\u00e9j\u00e0 au fost montate. Cert este c\u0103 parcul acvatic va<br \/>\nfi gata s\u0103-\u0219i \u00eent\u00e2mpine primii oaspe\u021bi, anul viitor, odat\u0103 cu<br \/>\n\u00eenc\u0103lzirea vremii.<br \/>\nVara viitoare, Aquapark-ul din Parcul Tineretului va putea<br \/>\nprimi, simultan, 2.000 de vizitatori. Partea exterioar\u0103 a viitorului<br \/>\ncentru de agrement va cuprinde o piscin\u0103 cu valuri, una cu ap\u0103 s\u0103rat\u0103,<br \/>\nadus\u0103 de la S\u0103rata Monteoru, tobogane, piscine cu jocuri de ap\u0103, un<br \/>\nlazy river de aproape<br \/>\nun kilometru, jacuzzi, o piscin\u0103 de copii \u0219i altele.<br \/>\nUlterior, Aquapark-ul din Buz\u0103u va avea \u0219i o parte de interior, care<br \/>\nse va realiza \u00een urma unui alt proiect. Partea de interior, acoperit\u0103,<br \/>\nar urma s\u0103 cuprind\u0103 un bazin pentru adul\u021bi \u0219i unul didactic pentru<br \/>\ncopii, \u00eenc\u0103lzite pe toat\u0103 perioada anului. Aquapark-ul din Parcul<br \/>\nTineretului este construit din fondurile Prim\u0103riei Buz\u0103u, printr-o<br \/>\ninvesti\u021bie de aproape 10 milioane de euro.<\/p>\n<div id=\"gallery-1\" class=\"gallery galleryid-189367 gallery-columns-3 gallery-size-thumbnail\">\n<figure class=\"gallery-item\">\n<div class=\"gallery-icon landscape\"><a href=\"https:\/\/buzaumedia.ro\/stiri-buzau\/fwd-aquapark-ul-din-buzau-deschis-abia-vara-viitoare\/attachment\/aquapark-1\/\"><img loading=\"lazy\" decoding=\"async\" width=\"128\" height=\"81\" src=\"https:\/\/buzaumedia.ro\/wp-content\/uploads\/2026\/08\/aquapark-1.jpg\" class=\"attachment-thumbnail size-thumbnail\" alt><img decoding=\"async\" loading=\"lazy\" width=\"128\" height=\"81\" src=\"https:\/\/buzaumedia.ro\/wp-content\/uploads\/2026\/08\/aquapark-1.jpg\" class=\"attachment-thumbnail size-thumbnail\" alt><\/a><\/div>\n<\/figure>\n<\/div>\n<\/div>\n<p>[analyse_source url=&#8221;https:\/\/buzaumedia.ro\/stiri-buzau\/fwd-aquapark-ul-din-buzau-deschis-abia-vara-viitoare\/&#8221;]<\/p>\n","protected":false},"excerpt":{"rendered":"<p>[analyse_image type=&#8221;featured&#8221; src=&#8221;https:\/\/buzaumedia.ro\/wp-content\/uploads\/2026\/08\/aquapark-1.jpghttps:\/\/buzaumedia.ro\/wp-content\/uploads\/2026\/08\/aquapark-1.jpg&#8221;] Este cert. Aquapark-ul din Parcul Tineretului, din municipiul Buz\u0103u, se va deschide abia anul viitor. Mai multe obstacole descoperite de constructor pe amplasamentul centrului acvatic, dar \u0219i infiltra\u021biile din parcul \u00eenvecinat, au \u00eent\u00e2rziat semnificativ lucr\u0103rile. \u00cen aceste condi\u021bii, finalizarea investi\u021biei este estimat\u0103 \u00een luna octombrie, moment c\u00e2nd vremea nu va mai permite [&hellip;]<\/p>\n","protected":false},"author":1,"featured_media":0,"comment_status":"open","ping_status":"","sticky":false,"template":"","format":"standard","meta":{"footnotes":""},"categories":[2],"tags":[66,226],"class_list":["post-2111220","post","type-post","status-publish","format-standard","hentry","category-politics","tag-buzaumedia-ro","tag-crawlmanager"],"_links":{"self":[{"href":"https:\/\/analyse.optim.biz\/index.php?rest_route=\/wp\/v2\/posts\/2111220","targetHints":{"allow":["GET"]}}],"collection":[{"href":"https:\/\/analyse.optim.biz\/index.php?rest_route=\/wp\/v2\/posts"}],"about":[{"href":"https:\/\/analyse.optim.biz\/index.php?rest_route=\/wp\/v2\/types\/post"}],"author":[{"embeddable":true,"href":"https:\/\/analyse.optim.biz\/index.php?rest_route=\/wp\/v2\/users\/1"}],"replies":[{"embeddable":true,"href":"https:\/\/analyse.optim.biz\/index.php?rest_route=%2Fwp%2Fv2%2Fcomments&post=2111220"}],"version-history":[{"count":0,"href":"https:\/\/analyse.optim.biz\/index.php?rest_route=\/wp\/v2\/posts\/2111220\/revisions"}],"wp:attachment":[{"href":"https:\/\/analyse.optim.biz\/index.php?rest_route=%2Fwp%2Fv2%2Fmedia&parent=2111220"}],"wp:term":[{"taxonomy":"category","embeddable":true,"href":"https:\/\/analyse.optim.biz\/index.php?rest_route=%2Fwp%2Fv2%2Fcategories&post=2111220"},{"taxonomy":"post_tag","embeddable":true,"href":"https:\/\/analyse.optim.biz\/index.php?rest_route=%2Fwp%2Fv2%2Ftags&post=2111220"}],"curies":[{"name":"wp","href":"https:\/\/api.w.org\/{rel}","templated":true}]}}