{"id":2111213,"date":"2026-08-24T16:44:00","date_gmt":"2026-08-24T13:44:00","guid":{"rendered":"https:\/\/analyse.optim.biz\/?p=2111213"},"modified":"2026-08-24T16:44:00","modified_gmt":"2026-08-24T13:44:00","slug":"sfarsit-de-tabara-s-a-incheiat-a-viii-a-editie-a-proiectului-buzau-oras-deschis-artei","status":"publish","type":"post","link":"https:\/\/analyse.optim.biz\/?p=2111213","title":{"rendered":"Sf\u00e2r\u0219it de Tab\u0103r\u0103. S-a \u00eencheiat a VIII-a edi\u021bie a Proiectului \u201eBuz\u0103u\u2013ora\u0219 deschis artei\u201d"},"content":{"rendered":"<p>[analyse_image type=&#8221;featured&#8221; src=&#8221;https:\/\/www.campusbuzau.ro\/wp-content\/uploads\/2026\/08\/vlcsnap-2026-08-24-11h10m03s734.jpghttps:\/\/www.campusbuzau.ro\/wp-content\/uploads\/2026\/08\/vlcsnap-2026-08-24-11h10m03s734.jpg&#8221;]<\/p>\n<div class=\"entry-content\">\n<p><strong><em>Doisprezece arti\u0219ti vizuali profesioni\u0219ti din \u021bar\u0103 au fost oaspe\u021bii Buz\u0103ului pentru 5 zile ca invita\u021bi ai Simpozionului Na\u021bional de Arte Vizuale \u201eBuz\u0103u \u2013 ora\u0219 deschis Artei\u201d. Lucr\u0103rile realizate pe parcursul celei d-a VIII-a edi\u021bii vor fi expuse la Galeriile de Art\u0103 \u201eIon Andreescu\u201d apoi vor intra \u00een pinacoteca Centrului Cultural \u0219i Educa\u021bional \u201eAlexandru Marghiloman\u201d. Proiectul este ini\u021biat \u0219i realizat de artistul vizual profesionist Valeriu \u0218u\u0219nea, pre\u0219edintele UAPR Buz\u0103u.<\/em><\/strong><\/p>\n<p>Cea de-a opta edi\u021bie a proiectului \u201eBuz\u0103u-ora\u0219 deschis artei \u2013 pe urmele lui Ion Andreescu\u201d a reunit 12 arti\u0219ti vizuali profesioni\u0219ti din mai multe zone ale \u021b\u0103rii, care \u0219i-au ales din vizita prin municipiul de re\u0219edin\u021b\u0103 al jude\u021bului subiectele care i-au impresionat cel mai mult pentru lucr\u0103rile de art\u0103 create aici.<\/p>\n<p>\u00cen prima perioad\u0103 a Taberei de Art\u0103 ini\u021biatorul \u0219i coordonatorul proiectului, profesorul doctor Valeriu \u0218u\u0219nea, pre\u0219edintele filialei buzoiene a Uniunii Arti\u0219tilor Plastici din Rom\u00e2nia, le-a prezentat arti\u0219tilor invita\u021bi ora\u0219ul nostru obiectivele reprezentative ale patrimoniului urban.<\/p>\n<p>Arti\u0219tii au fost \u00eenc\u00e2nta\u021bi de organizarea acestui simpozion anual din Buz\u0103u \u0219i de atmosfera creativ\u0103 din cadrul taberei de art\u0103.<\/p>\n<p>Unii dintre arti\u0219ti se afl\u0103 pentru prima oar\u0103 la Buz\u0103u \u0219i au r\u0103mas surprin\u0219i de locurile minunate ale urbei \u0219i frumos impresiona\u021bi de estetica ora\u0219ului.<\/p>\n<p>Tab\u0103ra s-a \u00eencheiat pe 22 august iar lucr\u0103rile realizate de cei 12 arti\u0219ti vor fi expuse pentru publicul buzoian la Galeriile de Art\u0103 \u201eIon Andreescu\u201d.<\/p>\n<p>\u0218i anul acesta va fi realizat un catalog al celei de-a VIII-a edi\u021bii cu lucr\u0103rile realizate de cei 12 arti\u0219ti \u0219i cu imagini de lucru.<\/p>\n<figure class=\"wp-block-embed is-type-video is-provider-youtube wp-block-embed-youtube wp-embed-aspect-16-9 wp-has-aspect-ratio\">\n<div class=\"wp-block-embed__wrapper\">\n<iframe loading=\"lazy\" title=\"SF\u00c2R\u015eIT DE TAB\u0102R\u0102. PE URMELE LUI ION ANDREESCU, EDI\u0162IA 8\" width=\"500\" height=\"281\" src=\"https:\/\/www.youtube.com\/embed\/ojK9-adOP-g?feature=oembed\" frameborder allow=\"accelerometer; autoplay; clipboard-write; encrypted-media; gyroscope; picture-in-picture; web-share\" referrerpolicy=\"strict-origin-when-cross-origin\" allowfullscreen><\/iframe>\n<\/div>\n<\/figure>\n<\/div>\n<p>[analyse_source url=&#8221;https:\/\/www.campusbuzau.ro\/sfarsit-de-tabara-s-a-incheiat-a-viii-a-editie-a-proiectului-buzau-oras-deschis-artei\/&#8221;]<\/p>\n","protected":false},"excerpt":{"rendered":"<p>[analyse_image type=&#8221;featured&#8221; src=&#8221;https:\/\/www.campusbuzau.ro\/wp-content\/uploads\/2026\/08\/vlcsnap-2026-08-24-11h10m03s734.jpghttps:\/\/www.campusbuzau.ro\/wp-content\/uploads\/2026\/08\/vlcsnap-2026-08-24-11h10m03s734.jpg&#8221;] Doisprezece arti\u0219ti vizuali profesioni\u0219ti din \u021bar\u0103 au fost oaspe\u021bii Buz\u0103ului pentru 5 zile ca invita\u021bi ai Simpozionului Na\u021bional de Arte Vizuale \u201eBuz\u0103u \u2013 ora\u0219 deschis Artei\u201d. Lucr\u0103rile realizate pe parcursul celei d-a VIII-a edi\u021bii vor fi expuse la Galeriile de Art\u0103 \u201eIon Andreescu\u201d apoi vor intra \u00een pinacoteca Centrului Cultural \u0219i Educa\u021bional [&hellip;]<\/p>\n","protected":false},"author":1,"featured_media":0,"comment_status":"open","ping_status":"","sticky":false,"template":"","format":"standard","meta":{"footnotes":""},"categories":[2],"tags":[118,226],"class_list":["post-2111213","post","type-post","status-publish","format-standard","hentry","category-politics","tag-campusbuzau-ro","tag-crawlmanager"],"_links":{"self":[{"href":"https:\/\/analyse.optim.biz\/index.php?rest_route=\/wp\/v2\/posts\/2111213","targetHints":{"allow":["GET"]}}],"collection":[{"href":"https:\/\/analyse.optim.biz\/index.php?rest_route=\/wp\/v2\/posts"}],"about":[{"href":"https:\/\/analyse.optim.biz\/index.php?rest_route=\/wp\/v2\/types\/post"}],"author":[{"embeddable":true,"href":"https:\/\/analyse.optim.biz\/index.php?rest_route=\/wp\/v2\/users\/1"}],"replies":[{"embeddable":true,"href":"https:\/\/analyse.optim.biz\/index.php?rest_route=%2Fwp%2Fv2%2Fcomments&post=2111213"}],"version-history":[{"count":0,"href":"https:\/\/analyse.optim.biz\/index.php?rest_route=\/wp\/v2\/posts\/2111213\/revisions"}],"wp:attachment":[{"href":"https:\/\/analyse.optim.biz\/index.php?rest_route=%2Fwp%2Fv2%2Fmedia&parent=2111213"}],"wp:term":[{"taxonomy":"category","embeddable":true,"href":"https:\/\/analyse.optim.biz\/index.php?rest_route=%2Fwp%2Fv2%2Fcategories&post=2111213"},{"taxonomy":"post_tag","embeddable":true,"href":"https:\/\/analyse.optim.biz\/index.php?rest_route=%2Fwp%2Fv2%2Ftags&post=2111213"}],"curies":[{"name":"wp","href":"https:\/\/api.w.org\/{rel}","templated":true}]}}