{"id":2111048,"date":"2026-08-24T21:00:00","date_gmt":"2026-08-24T18:00:00","guid":{"rendered":"https:\/\/analyse.optim.biz\/?p=2111048"},"modified":"2026-08-24T21:00:00","modified_gmt":"2026-08-24T18:00:00","slug":"foto-misiune-speciala-la-atelierul-simonei-copiii-din-suraia-au-descoperit-lumea-jandarmilor","status":"publish","type":"post","link":"https:\/\/analyse.optim.biz\/?p=2111048","title":{"rendered":"FOTO! Misiune special\u0103 la Atelierul Simonei; copiii din Suraia au descoperit lumea jandarmilor"},"content":{"rendered":"<p>[analyse_image type=&#8221;featured&#8221; src=&#8221;https:\/\/www.monitoruldevrancea.ro\/wp-content\/uploads\/2026\/08\/atelier.jpg&#8221;]<\/p>\n<div class=\"td_block_wrap tdb_single_content tdi_123 td-pb-border-top td_block_template_1 td-post-content tagdiv-type\" data-td-block-uid=\"tdi_123\">\n<div class=\"tdb-block-inner td-fix-index\">\n<p><strong>Comunicat de pres\u0103:<\/strong><\/p>\n<p>De la pove\u0219ti despre siguran\u021b\u0103 \u0219i curaj, la echipamente purtate de cei mici \u0219i o adev\u0103rat\u0103 ma\u0219in\u0103 de interven\u021bie \u2013 o nou\u0103 \u00eent\u00e2lnire din proiectul \u201eOameni care inspir\u0103\u201d le-a oferit copiilor o experien\u021b\u0103 pe care cu greu o vor uita.<\/p>\n<p>La Atelierul Simonei din Suraia, o zi obi\u0219nuit\u0103 de atelier s-a transformat, s\u00e2mb\u0103t\u0103, 22 august, \u00eentr-o adev\u0103rat\u0103 misiune. Nu una cu sirene \u0219i interven\u021bii, ci una construit\u0103 special pentru copii: \u201eMisiunea 001\u201d \u2013 o \u00eent\u00e2lnire cu jandarmii vr\u00e2nceni, prin care cei mici au avut ocazia s\u0103 descopere oamenii din spatele uniformei \u0219i o meserie despre care, de cele mai multe ori, \u0219tiu doar ceea ce v\u0103d de la distan\u021b\u0103.<\/p>\n<p>Activitatea a f\u0103cut parte din proiectul \u201eOameni care inspir\u0103\u201d, ini\u021biat de Atelierul Simonei, un proiect prin care copiii sunt adu\u0219i mai aproape de oameni, profesii \u0219i pove\u0219ti din comunitate.<\/p>\n<p><strong>Mai mult dec\u00e2t o uniform\u0103<\/strong><\/p>\n<p>Pentru c\u00e2teva ore, jandarmii au l\u0103sat deoparte imaginea pe care copiii o cunosc de la televizor sau de pe strad\u0103 \u0219i le-au vorbit direct, simplu \u0219i pe \u00een\u021belesul lor. Cei mici au aflat ce \u00eenseamn\u0103 meseria de jandarm, care sunt responsabilit\u0103\u021bile acestora \u0219i c\u00e2t de important\u0103 este siguran\u021ba.\u00a0<\/p>\n<p>Au discutat despre situa\u021bii \u00een care trebuie s\u0103 cear\u0103 ajutor, despre cum s\u0103 reac\u021bioneze atunci c\u00e2nd se simt \u00een pericol \u0219i despre importan\u021ba de a avea \u00eencredere \u00een adul\u021bii care au rolul de a-i proteja.<\/p>\n<p>Un loc important \u00een discu\u021bie l-a ocupat \u0219i siguran\u021ba \u00een mediul online. Copiii au fost \u00eencuraja\u021bi s\u0103 fie aten\u021bi la pericolele care pot ap\u0103rea \u00een jocurile online, la interac\u021biunile cu persoane necunoscute \u0219i la informa\u021biile pe care le ofer\u0103 pe internet \u2013 lec\u021bii care, \u00eentr-o lume \u00een care copil\u0103ria se mut\u0103 tot mai mult \u0219i \u00een mediul virtual, devin esen\u021biale.<\/p>\n<p><strong>C\u00e2nd lec\u021bia devine experien\u021b\u0103<\/strong><\/p>\n<p>Dup\u0103 partea de discu\u021bii, curiozitatea copiilor a primit \u0219i r\u0103spunsuri\u2026 pe viu.<\/p>\n<p>Jandarmii le-au prezentat echipamentul folosit \u00een misiuni, iar cei mici au avut ocazia s\u0103 \u00eel vad\u0103 \u00eendeaproape, s\u0103 \u00eel ating\u0103 \u0219i chiar s\u0103 \u00eel probeze.<\/p>\n<p>Apoi a venit unul dintre cele mai a\u0219teptate momente: ma\u0219ina de interven\u021bie. Copiii au urcat \u00een autospecial\u0103, au descoperit-o \u0219i au f\u0103cut fotografii, transform\u00e2nd \u00eent\u00e2lnirea \u00eentr-o experien\u021b\u0103 pe care probabil o vor povesti mult timp de acum \u00eenainte.<\/p>\n<p>Pentru un copil, diferen\u021ba dintre \u201eam v\u0103zut un jandarm\u201d \u0219i \u201eam stat de vorb\u0103 cu un jandarm, am purtat echipamentul lui \u0219i am urcat \u00een ma\u0219ina de interven\u021bie\u201d este uria\u0219\u0103.<\/p>\n<p>Este diferen\u021ba dintre informa\u021bie \u0219i experien\u021b\u0103.<\/p>\n<p><strong>Oameni care inspir\u0103<\/strong><\/p>\n<p>\u00cent\u00e2lnirea cu jandarmii vine dup\u0103 o alt\u0103 experien\u021b\u0103 special\u0103 pentru copiii de la Atelierul Simonei \u2013 \u00eent\u00e2lnirea cu reprezentan\u021bii ISU Vrancea, care au fost al\u0103turi de cei mici \u00een urm\u0103 cu o s\u0103pt\u0103m\u00e2n\u0103 \u0219i le-au vorbit despre interven\u021bie, preven\u021bie \u0219i primul ajutor.<\/p>\n<p>Cele dou\u0103 \u00eent\u00e2lniri fac parte din aceea\u0219i idee: aceea de a le ar\u0103ta copiilor c\u0103, \u00een spatele fiec\u0103rei uniforme, exist\u0103 un om, o poveste \u0219i o meserie care poate avea un rol important \u00een via\u021ba comunit\u0103\u021bii.<\/p>\n<p>\u201eOameni care inspir\u0103\u201d nu \u00ee\u0219i propune doar s\u0103 le ofere copiilor activit\u0103\u021bi frumoase de weekend. \u00ce\u0219i propune s\u0103 le ofere modele reale, s\u0103 le trezeasc\u0103 \u00eentreb\u0103ri \u0219i curiozit\u0103\u021bi \u0219i, de ce nu, s\u0103 le planteze \u00een suflet un vis.<\/p>\n<p>Poate c\u0103 un copil va pleca de la o astfel de \u00eent\u00e2lnire hot\u0103r\u00e2t c\u0103, \u00eentr-o zi, vrea s\u0103 devin\u0103 jandarm. Poate altul va \u00een\u021belege pentru prima dat\u0103 de ce trebuie s\u0103 fie atent atunci c\u00e2nd se joac\u0103 online. Iar altul va descoperi c\u0103 oamenii \u00een uniform\u0103 nu sunt doar ni\u0219te figuri pe care le vede trec\u00e2nd pe strad\u0103, ci oameni c\u0103tre care poate apela atunci c\u00e2nd are nevoie de ajutor.<\/p>\n<p>\u0218i poate c\u0103 tocmai acesta este cel mai important lucru pe care \u00eel pot primi copiii de la astfel de \u00eent\u00e2lniri: curajul de a \u00eentreba, de a \u00eenv\u0103\u021ba \u0219i de a avea \u00eencredere.<\/p>\n<p><strong>O comunitate care cre\u0219te \u00eempreun\u0103 cu copiii ei<\/strong><\/p>\n<p>Astfel de proiecte sunt posibile atunci c\u00e2nd exist\u0103 oameni \u0219i institu\u021bii care aleg s\u0103 fie aproape de comunitate. Un g\u00e2nd de recuno\u0219tin\u021b\u0103 merge \u0219i c\u0103tre Prim\u0103ria Comunei Suraia \u0219i doamna primar <strong><em>Maria Stroe<\/em><\/strong>, pentru sus\u021binerea constant\u0103 oferit\u0103 ini\u021biativelor dedicate copiilor \u0219i pentru \u00eencrederea acordat\u0103 proiectelor care \u00ee\u0219i propun s\u0103 aduc\u0103 \u00een comunitate educa\u021bie, experien\u021be \u0219i oameni care pot deveni modele pentru cei mici.<\/p>\n<p>Iar dac\u0103 la finalul zilei copiii au plecat acas\u0103 cu z\u00e2mbete, fotografii \u0219i o mul\u021bime de lucruri noi de povestit, atunci Misiunea 001 poate fi declarat\u0103 oficial \u00eendeplinit\u0103.<\/p>\n<p>Pentru c\u0103 uneori, o zi de s\u00e2mb\u0103t\u0103 nu este doar o zi de atelier. Uneori este ziua \u00een care un copil \u00eent\u00e2lne\u0219te un om care \u00eei poate schimba felul \u00een care prive\u0219te lumea.<\/p>\n<p>Iar \u201eOameni care inspir\u0103\u201d merge mai departe.<\/p>\n<figure class=\"wp-block-gallery has-nested-images columns-default is-cropped td-modal-on-gallery wp-block-gallery-1 is-layout-flex wp-block-gallery-is-layout-flex\">\n<figure class=\"wp-block-image size-full\"><img loading=\"lazy\" decoding=\"async\" width=\"1536\" height=\"2048\" data-id=\"728158\" src=\"https:\/\/www.monitoruldevrancea.ro\/wp-content\/uploads\/2026\/08\/IMG-20260822-WA0011.jpg\" alt class=\"wp-image-728158\"><\/figure>\n<figure class=\"wp-block-image size-full\"><img loading=\"lazy\" decoding=\"async\" width=\"1536\" height=\"2048\" data-id=\"728159\" src=\"https:\/\/www.monitoruldevrancea.ro\/wp-content\/uploads\/2026\/08\/IMG-20260822-WA0012.jpg\" alt class=\"wp-image-728159\"><\/figure>\n<figure class=\"wp-block-image size-full\"><img loading=\"lazy\" decoding=\"async\" width=\"1536\" height=\"2048\" data-id=\"728162\" src=\"https:\/\/www.monitoruldevrancea.ro\/wp-content\/uploads\/2026\/08\/IMG-20260822-WA0013.jpg\" alt class=\"wp-image-728162\"><\/figure>\n<figure class=\"wp-block-image size-full\"><img decoding=\"async\" loading=\"lazy\" width=\"1536\" height=\"2048\" data-id=\"728160\" src=\"https:\/\/www.monitoruldevrancea.ro\/wp-content\/uploads\/2026\/08\/IMG-20260822-WA0015.jpg\" alt class=\"wp-image-728160\"><\/figure>\n<figure class=\"wp-block-image size-full\"><img decoding=\"async\" loading=\"lazy\" width=\"1536\" height=\"2048\" data-id=\"728161\" src=\"https:\/\/www.monitoruldevrancea.ro\/wp-content\/uploads\/2026\/08\/IMG-20260822-WA0017.jpg\" alt class=\"wp-image-728161\"><\/figure>\n<\/figure>\n<\/div>\n<\/div>\n<p>[analyse_source url=&#8221;https:\/\/www.monitoruldevrancea.ro\/2026\/08\/25\/foto-misiune-speciala-la-atelierul-simonei-copiii-din-suraia-au-descoperit-lumea-jandarmilor\/&#8221;]<\/p>\n","protected":false},"excerpt":{"rendered":"<p>[analyse_image type=&#8221;featured&#8221; src=&#8221;https:\/\/www.monitoruldevrancea.ro\/wp-content\/uploads\/2026\/08\/atelier.jpg&#8221;] Comunicat de pres\u0103: De la pove\u0219ti despre siguran\u021b\u0103 \u0219i curaj, la echipamente purtate de cei mici \u0219i o adev\u0103rat\u0103 ma\u0219in\u0103 de interven\u021bie \u2013 o nou\u0103 \u00eent\u00e2lnire din proiectul \u201eOameni care inspir\u0103\u201d le-a oferit copiilor o experien\u021b\u0103 pe care cu greu o vor uita. La Atelierul Simonei din Suraia, o zi obi\u0219nuit\u0103 de [&hellip;]<\/p>\n","protected":false},"author":1,"featured_media":0,"comment_status":"open","ping_status":"","sticky":false,"template":"","format":"standard","meta":{"footnotes":""},"categories":[89],"tags":[226,209],"class_list":["post-2111048","post","type-post","status-publish","format-standard","hentry","category-romania","tag-crawlmanager","tag-monitoruldevrancea-ro"],"_links":{"self":[{"href":"https:\/\/analyse.optim.biz\/index.php?rest_route=\/wp\/v2\/posts\/2111048","targetHints":{"allow":["GET"]}}],"collection":[{"href":"https:\/\/analyse.optim.biz\/index.php?rest_route=\/wp\/v2\/posts"}],"about":[{"href":"https:\/\/analyse.optim.biz\/index.php?rest_route=\/wp\/v2\/types\/post"}],"author":[{"embeddable":true,"href":"https:\/\/analyse.optim.biz\/index.php?rest_route=\/wp\/v2\/users\/1"}],"replies":[{"embeddable":true,"href":"https:\/\/analyse.optim.biz\/index.php?rest_route=%2Fwp%2Fv2%2Fcomments&post=2111048"}],"version-history":[{"count":0,"href":"https:\/\/analyse.optim.biz\/index.php?rest_route=\/wp\/v2\/posts\/2111048\/revisions"}],"wp:attachment":[{"href":"https:\/\/analyse.optim.biz\/index.php?rest_route=%2Fwp%2Fv2%2Fmedia&parent=2111048"}],"wp:term":[{"taxonomy":"category","embeddable":true,"href":"https:\/\/analyse.optim.biz\/index.php?rest_route=%2Fwp%2Fv2%2Fcategories&post=2111048"},{"taxonomy":"post_tag","embeddable":true,"href":"https:\/\/analyse.optim.biz\/index.php?rest_route=%2Fwp%2Fv2%2Ftags&post=2111048"}],"curies":[{"name":"wp","href":"https:\/\/api.w.org\/{rel}","templated":true}]}}