{"id":2111045,"date":"2026-08-24T21:00:00","date_gmt":"2026-08-24T18:00:00","guid":{"rendered":"https:\/\/analyse.optim.biz\/?p=2111045"},"modified":"2026-08-24T21:00:00","modified_gmt":"2026-08-24T18:00:00","slug":"foto-duminica-a-12-a-dupa-rusalii-la-catedrala-unirii-din-focsani","status":"publish","type":"post","link":"https:\/\/analyse.optim.biz\/?p=2111045","title":{"rendered":"FOTO! Duminica a 12-a dup\u0103 Rusalii la Catedrala Unirii din Foc\u0219ani"},"content":{"rendered":"<p>[analyse_image type=&#8221;featured&#8221; src=&#8221;https:\/\/www.monitoruldevrancea.ro\/wp-content\/uploads\/2026\/08\/arhiepiscopie.jpg&#8221;]<\/p>\n<div class=\"td_block_wrap tdb_single_content tdi_123 td-pb-border-top td_block_template_1 td-post-content tagdiv-type\" data-td-block-uid=\"tdi_123\">\n<div class=\"tdb-block-inner td-fix-index\">\n<p>\u00cen Duminica a 12-a dup\u0103 Rusalii, 23 august 2026, la Catedrala Unirii din municipiul Foc\u0219ani, cu hramurile \u201eSf\u00e2nta Cuvioas\u0103 Parascheva\u201d \u0219i \u201eIzvorul T\u0103m\u0103duirii\u201d, Sf\u00e2nta Liturghie a fost s\u0103v\u00e2r\u0219it\u0103 de \u00cenaltpreasfin\u021bitul P\u0103rinte Ciprian, Arhiepiscopul Buz\u0103ului \u0219i Vrancei.<\/p>\n<p>Chiriarhul a slujit \u00eempreun\u0103 cu un sobor de nou\u0103 clerici: pr. Valentin-Bogdan Ene, inspector bisericesc; pr. Aurel Bo\u021ban, protoiereu al Protoieriei Foc\u0219ani I; pr. paroh Ioan Ploscaru; pr. conslujitor Alexandru Savin; pr. George-Marian L\u0103\u021bcan, paroh al Parohiei \u201eAcoper\u0103m\u00e2ntul Maicii Domului\u201d din Foc\u0219ani; pr. Ionu\u021b-Marian B\u0103icu\u0219, slujitor la Catedrala Arhiepiscopal\u0103 \u201e\u00cen\u0103l\u021barea Domnului\u201d din Buz\u0103u; ierod. Anastasie Iancu \u0219i diac. Anastasie Ion, inspectori eparhiali; diac. \u0218tefan G\u00eendac.<\/p>\n<p>\u00cen omilia adresat\u0103 credincio\u0219ilor, \u00cenaltpreasfin\u021bitul P\u0103rinte Arhiepiscop Ciprian a eviden\u021biat \u00een\u021belesurile pericopei evanghelice despre convorbirea M\u00e2ntuitorului Iisus Hristos cu t\u00e2n\u0103rul bogat (Matei 19, 16-26), ar\u0103t\u00e2nd c\u0103 bog\u0103\u021bia \u00een sine nu este un p\u0103cat, dar devine un mare pericol atunci c\u00e2nd l\u0103comia pune st\u0103p\u00e2nire pe sufletul omului.<\/p>\n<p>Ierarhul a subliniat c\u0103 ata\u0219amentul boln\u0103vicios de averi ne \u00eempietre\u0219te inima, f\u0103c\u00e2ndu-ne s\u0103 \u00cel uit\u0103m pe Dumnezeu \u0219i s\u0103 devenim nep\u0103s\u0103tori fa\u021b\u0103 de lipsurile semenilor no\u0219tri. Ca pild\u0103 de urmat, \u00cent\u00e2ist\u0103t\u0103torul Eparhiei Buz\u0103ului \u0219i Vrancei a evocat jertfa Sfin\u021bilor Martiri Br\u00e2ncoveni, care au pus toat\u0103 puterea \u0219i avu\u021bia lor \u00een slujba neamului \u0219i au ales s\u0103 piard\u0103 bunurile acestei lumi pentru a-\u0219i salva sufletele \u0219i credin\u021ba.\u00a0<\/p>\n<p>\u00cen final, \u00cenaltpreasfin\u021bia Sa i-a \u00eendrumat pe cei prezen\u021bi s\u0103 fug\u0103 de p\u0103catul invidiei, s\u0103 cultive milostenia f\u0103cut\u0103 cu discre\u021bie \u0219i s\u0103 \u00ee\u0219i tr\u0103iasc\u0103 via\u021ba dup\u0103 \u00eendemnul Maicii Domnului, acela de a \u00eemplini \u00eentotdeauna poruncile Fiului ei, M\u00e2ntuitorul Hristos.<\/p>\n<p>R\u0103spunsurile liturgice au fost oferite de Corala Mixt\u0103 a Catedralei \u201eSf\u00e2nta Cuvioas\u0103 Parascheva\u201d din Foc\u0219ani, dirijat\u0103 de diac. Ionu\u021b Drilia.<\/p>\n<figure class=\"wp-block-gallery has-nested-images columns-default is-cropped td-modal-on-gallery wp-block-gallery-1 is-layout-flex wp-block-gallery-is-layout-flex\">\n<figure class=\"wp-block-image size-full\"><img loading=\"lazy\" decoding=\"async\" width=\"2207\" height=\"1471\" data-id=\"728141\" src=\"https:\/\/www.monitoruldevrancea.ro\/wp-content\/uploads\/2026\/08\/285A2217.jpg\" alt class=\"wp-image-728141\"><\/figure>\n<figure class=\"wp-block-image size-full\"><img loading=\"lazy\" decoding=\"async\" width=\"2207\" height=\"1471\" data-id=\"728142\" src=\"https:\/\/www.monitoruldevrancea.ro\/wp-content\/uploads\/2026\/08\/285A2274.jpg\" alt class=\"wp-image-728142\"><\/figure>\n<figure class=\"wp-block-image size-full\"><img loading=\"lazy\" decoding=\"async\" width=\"2207\" height=\"1471\" data-id=\"728143\" src=\"https:\/\/www.monitoruldevrancea.ro\/wp-content\/uploads\/2026\/08\/285A2326.jpg\" alt class=\"wp-image-728143\"><\/figure>\n<figure class=\"wp-block-image size-full\"><img decoding=\"async\" loading=\"lazy\" width=\"2207\" height=\"1471\" data-id=\"728144\" src=\"https:\/\/www.monitoruldevrancea.ro\/wp-content\/uploads\/2026\/08\/285A2337.jpg\" alt class=\"wp-image-728144\"><\/figure>\n<figure class=\"wp-block-image size-full\"><img decoding=\"async\" loading=\"lazy\" width=\"2207\" height=\"1471\" data-id=\"728140\" src=\"https:\/\/www.monitoruldevrancea.ro\/wp-content\/uploads\/2026\/08\/285A2351.jpg\" alt class=\"wp-image-728140\"><\/figure>\n<\/figure>\n<\/div>\n<\/div>\n<p>[analyse_source url=&#8221;https:\/\/www.monitoruldevrancea.ro\/2026\/08\/25\/foto-duminica-a-12-a-dupa-rusalii-la-catedrala-unirii-din-focsani\/&#8221;]<\/p>\n","protected":false},"excerpt":{"rendered":"<p>[analyse_image type=&#8221;featured&#8221; src=&#8221;https:\/\/www.monitoruldevrancea.ro\/wp-content\/uploads\/2026\/08\/arhiepiscopie.jpg&#8221;] \u00cen Duminica a 12-a dup\u0103 Rusalii, 23 august 2026, la Catedrala Unirii din municipiul Foc\u0219ani, cu hramurile \u201eSf\u00e2nta Cuvioas\u0103 Parascheva\u201d \u0219i \u201eIzvorul T\u0103m\u0103duirii\u201d, Sf\u00e2nta Liturghie a fost s\u0103v\u00e2r\u0219it\u0103 de \u00cenaltpreasfin\u021bitul P\u0103rinte Ciprian, Arhiepiscopul Buz\u0103ului \u0219i Vrancei. Chiriarhul a slujit \u00eempreun\u0103 cu un sobor de nou\u0103 clerici: pr. Valentin-Bogdan Ene, inspector bisericesc; pr. [&hellip;]<\/p>\n","protected":false},"author":1,"featured_media":0,"comment_status":"open","ping_status":"","sticky":false,"template":"","format":"standard","meta":{"footnotes":""},"categories":[89],"tags":[226,209],"class_list":["post-2111045","post","type-post","status-publish","format-standard","hentry","category-romania","tag-crawlmanager","tag-monitoruldevrancea-ro"],"_links":{"self":[{"href":"https:\/\/analyse.optim.biz\/index.php?rest_route=\/wp\/v2\/posts\/2111045","targetHints":{"allow":["GET"]}}],"collection":[{"href":"https:\/\/analyse.optim.biz\/index.php?rest_route=\/wp\/v2\/posts"}],"about":[{"href":"https:\/\/analyse.optim.biz\/index.php?rest_route=\/wp\/v2\/types\/post"}],"author":[{"embeddable":true,"href":"https:\/\/analyse.optim.biz\/index.php?rest_route=\/wp\/v2\/users\/1"}],"replies":[{"embeddable":true,"href":"https:\/\/analyse.optim.biz\/index.php?rest_route=%2Fwp%2Fv2%2Fcomments&post=2111045"}],"version-history":[{"count":0,"href":"https:\/\/analyse.optim.biz\/index.php?rest_route=\/wp\/v2\/posts\/2111045\/revisions"}],"wp:attachment":[{"href":"https:\/\/analyse.optim.biz\/index.php?rest_route=%2Fwp%2Fv2%2Fmedia&parent=2111045"}],"wp:term":[{"taxonomy":"category","embeddable":true,"href":"https:\/\/analyse.optim.biz\/index.php?rest_route=%2Fwp%2Fv2%2Fcategories&post=2111045"},{"taxonomy":"post_tag","embeddable":true,"href":"https:\/\/analyse.optim.biz\/index.php?rest_route=%2Fwp%2Fv2%2Ftags&post=2111045"}],"curies":[{"name":"wp","href":"https:\/\/api.w.org\/{rel}","templated":true}]}}