{"id":2111023,"date":"2026-08-25T11:02:56","date_gmt":"2026-08-25T08:02:56","guid":{"rendered":"https:\/\/analyse.optim.biz\/?p=2111023"},"modified":"2026-08-25T11:02:56","modified_gmt":"2026-08-25T08:02:56","slug":"consiliul-judetean-timis-sprijina-codru-festival-editia-a-vi-a","status":"publish","type":"post","link":"https:\/\/analyse.optim.biz\/?p=2111023","title":{"rendered":"Consiliul Jude\u021bean Timi\u0219 sprijin\u0103 CODRU Festival, edi\u021bia a VI-a"},"content":{"rendered":"<p>[analyse_image type=&#8221;featured&#8221; src=&#8221;https:\/\/renasterea.ro\/ro\/wp-content\/uploads\/2026\/08\/codru-festival-3.jpghttps:\/\/renasterea.ro\/ro\/wp-content\/uploads\/2026\/08\/codru-festival-3.jpg&#8221;]<\/p>\n<div class=\"entry-content\"><img loading=\"lazy\" decoding=\"async\" width=\"600\" height=\"337\" src=\"https:\/\/renasterea.ro\/ro\/wp-content\/uploads\/2026\/08\/codru-festival-3.jpg\" class=\"attachment-medium size-medium wp-post-image\" alt=\"Consiliul Jude\u021bean Timi\u0219 sprijin\u0103 CODRU Festival, edi\u021bia a VI-a\" title=\"Consiliul Jude\u021bean Timi\u0219 sprijin\u0103 CODRU Festival, edi\u021bia a VI-a 1\"><\/p>\n<h4><strong>Consiliul Jude\u021bean Timi\u0219 sprijin\u0103 CODRU Festival, edi\u021bia a VI-a.<\/strong><\/h4>\n<p>CODRU Festival revine la Timi\u0219oara \u00eentre 28 \u0219i 30 august, pentru cea de-a VI-a edi\u021bie, \u00een P\u0103durea Verde.<\/p>\n<p>Consiliul Jude\u021bean Timi\u0219, prin Visit Timi\u0219, sprijin\u0103 \u0219i \u00een acest an desf\u0103\u0219urarea festivalului, unul dintre evenimentele care contribuie la promovarea Timi\u0219oarei \u0219i a jude\u021bului ca destina\u021bie pentru turism cultural \u0219i de evenimente.<\/p>\n<p>Timp de trei zile, P\u0103durea Verde devine spa\u021biul \u00een care muzica, cultura \u0219i experien\u021bele \u00een aer liber se \u00eent\u00e2lnesc. Programul edi\u021biei din acest an aduce pe scenele CODRU arti\u0219ti interna\u021bionali \u0219i rom\u00e2ni, de la Gipsy Kings featuring Tonino Baliardo, S.A.R.S. \u0219i Ternipe, p\u00e2n\u0103 la Alternosfera, Subcarpa\u021bi, Puya, Lupii lui Calancea &amp; Surorile Osoianu, Damian &amp; Brothers, Robin and the Backstabbers \u0219i El Cartel Reggaeton Afterparty.<\/p>\n<p>Programul include, de asemenea, arti\u0219ti din noua genera\u021bie \u0219i proiecte din zona muzicii electronice, hip-hop, alternative \u0219i indie, precum Oscar, Rava, Ian, IDK, Petre \u0218tefan, MGK, Vanilla, Lucawts, Calinacho, DJ M\u0103-Ta, Balkandreea &amp; The Balkan Sisters \u0219i mul\u021bi al\u021bii.<\/p>\n<p>Prin sprijinul acordat CODRU Festival, Consiliul Jude\u021bean Timi\u0219 contribuie la sus\u021binerea unui eveniment care aduce public din Timi\u0219oara, din jude\u021b \u0219i din alte zone ale \u021b\u0103rii. Festivalurile de acest tip creeaz\u0103 contexte pentru promovarea jude\u021bului, cresc atractivitatea destina\u021biei \u0219i sus\u021bin activitatea operatorilor locali din turism, ospitalitate, alimenta\u021bie public\u0103 \u0219i servicii.<\/p>\n<p>\u201eEvenimentele culturale de amploare sunt importante pentru Timi\u0219 pentru c\u0103 aduc oameni, creeaz\u0103 experien\u021be \u0219i fac jude\u021bul mai vizibil. CODRU a construit \u00een timp o identitate proprie \u0219i a reu\u0219it s\u0103 transforme P\u0103durea Verde \u00eentr-un spa\u021biu \u00een care muzica \u0219i natura se \u00eent\u00e2lnesc. Prin sprijinul nostru, vrem s\u0103 contribuim la dezvoltarea unui calendar de evenimente care \u00eei face pe oameni s\u0103 aleag\u0103 Timi\u0219ul ca destina\u021bie \u0219i s\u0103 descopere mai mult dec\u00e2t un singur eveniment\u201d\u2028, afirm\u0103 Sorina Alexandra Ciurlea \u2013 Director Adjunct Visit Timi\u0219.<\/p>\n<p>Edi\u021bia a VI-a CODRU Festival are loc \u00een perioada 28-30 august 2026, la P\u0103durea Verde, Timi\u0219oara.<\/p>\n<p>Informa\u021bii despre program \u0219i bilete sunt disponibile pe canalele oficiale ale CODRU Festival.<\/p>\n<h2><strong>CITE\u0218TE \u0218I: <a href=\"https:\/\/renasterea.ro\/contractul-pentru-noul-stadion-dan-paltinisanu-a-fost-semnat-simonis-timisoara-si-timisul-au-asteptat-suficient\/\">Contractul pentru noul Stadion \u201eDan P\u0103ltini\u0219anu\u201d a fost semnat. Simonis: \u201eTimi\u0219oara \u0219i Timi\u0219ul au a\u0219teptat suficient\u201d<\/a><\/strong><\/h2>\n<\/div>\n<p>[analyse_source url=&#8221;https:\/\/renasterea.ro\/consiliul-judetean-timis-sprijina-codru-festival-editia-a-vi-a\/&#8221;]<\/p>\n","protected":false},"excerpt":{"rendered":"<p>[analyse_image type=&#8221;featured&#8221; src=&#8221;https:\/\/renasterea.ro\/ro\/wp-content\/uploads\/2026\/08\/codru-festival-3.jpghttps:\/\/renasterea.ro\/ro\/wp-content\/uploads\/2026\/08\/codru-festival-3.jpg&#8221;] Consiliul Jude\u021bean Timi\u0219 sprijin\u0103 CODRU Festival, edi\u021bia a VI-a. CODRU Festival revine la Timi\u0219oara \u00eentre 28 \u0219i 30 august, pentru cea de-a VI-a edi\u021bie, \u00een P\u0103durea Verde. Consiliul Jude\u021bean Timi\u0219, prin Visit Timi\u0219, sprijin\u0103 \u0219i \u00een acest an desf\u0103\u0219urarea festivalului, unul dintre evenimentele care contribuie la promovarea Timi\u0219oarei \u0219i a jude\u021bului ca [&hellip;]<\/p>\n","protected":false},"author":1,"featured_media":0,"comment_status":"open","ping_status":"","sticky":false,"template":"","format":"standard","meta":{"footnotes":""},"categories":[89],"tags":[226,188],"class_list":["post-2111023","post","type-post","status-publish","format-standard","hentry","category-romania","tag-crawlmanager","tag-renasterea-ro"],"_links":{"self":[{"href":"https:\/\/analyse.optim.biz\/index.php?rest_route=\/wp\/v2\/posts\/2111023","targetHints":{"allow":["GET"]}}],"collection":[{"href":"https:\/\/analyse.optim.biz\/index.php?rest_route=\/wp\/v2\/posts"}],"about":[{"href":"https:\/\/analyse.optim.biz\/index.php?rest_route=\/wp\/v2\/types\/post"}],"author":[{"embeddable":true,"href":"https:\/\/analyse.optim.biz\/index.php?rest_route=\/wp\/v2\/users\/1"}],"replies":[{"embeddable":true,"href":"https:\/\/analyse.optim.biz\/index.php?rest_route=%2Fwp%2Fv2%2Fcomments&post=2111023"}],"version-history":[{"count":0,"href":"https:\/\/analyse.optim.biz\/index.php?rest_route=\/wp\/v2\/posts\/2111023\/revisions"}],"wp:attachment":[{"href":"https:\/\/analyse.optim.biz\/index.php?rest_route=%2Fwp%2Fv2%2Fmedia&parent=2111023"}],"wp:term":[{"taxonomy":"category","embeddable":true,"href":"https:\/\/analyse.optim.biz\/index.php?rest_route=%2Fwp%2Fv2%2Fcategories&post=2111023"},{"taxonomy":"post_tag","embeddable":true,"href":"https:\/\/analyse.optim.biz\/index.php?rest_route=%2Fwp%2Fv2%2Ftags&post=2111023"}],"curies":[{"name":"wp","href":"https:\/\/api.w.org\/{rel}","templated":true}]}}