{"id":2111021,"date":"2026-08-24T12:47:10","date_gmt":"2026-08-24T09:47:10","guid":{"rendered":"https:\/\/analyse.optim.biz\/?p=2111021"},"modified":"2026-08-24T12:47:10","modified_gmt":"2026-08-24T09:47:10","slug":"casa-cu-ancora-si-o-poveste-de-125-de-ani","status":"publish","type":"post","link":"https:\/\/analyse.optim.biz\/?p=2111021","title":{"rendered":"Casa cu Ancor\u0103 \u015fi o poveste de 125 de ani"},"content":{"rendered":"<p>[analyse_image type=&#8221;featured&#8221; src=&#8221;https:\/\/renasterea.ro\/ro\/wp-content\/uploads\/2026\/08\/ancora-2.jpghttps:\/\/renasterea.ro\/ro\/wp-content\/uploads\/2026\/08\/ancora-2.jpg&#8221;]<\/p>\n<div class=\"entry-content\"><img loading=\"lazy\" decoding=\"async\" width=\"598\" height=\"401\" src=\"https:\/\/renasterea.ro\/ro\/wp-content\/uploads\/2026\/08\/ancora-2.jpg\" class=\"attachment-medium size-medium wp-post-image\" alt=\"Casa cu Ancor\u0103 \u015fi o poveste de 125 de ani\" title=\"Casa cu Ancor\u0103 \u015fi o poveste de 125 de ani 1\"><\/p>\n<h4><strong>Casa cu Ancor\u0103 \u015fi o poveste de 125 de ani.<\/strong><\/h4>\n<p>Cu 125 de ani \u00een urm\u0103, pe malul Beg\u0103i, Palatul Kudelich-Sailer intra \u00een istorie: la 24 august 1901 era emis\u0103 autoriza\u021bia de construire, iar cl\u0103direa avea s\u0103 fie finalizat\u0103 la 7 iulie 1902. Reprezentan\u021bii Muzeului Na\u021bional al Banatului ne \u00eembie la un nou suvenir istoric, relat\u00e2nd fascinanta poveste a uneia dintre cele mai reprezentative cl\u0103diri din Timi\u0219oara.<\/p>\n<p>\u201dDin 1732, Bega devenise navigabil\u0103 \u00eentre Timi\u0219oara \u0219i Tisa, principala cale de transport a m\u0103rfurilor din Banatul de c\u00e2mpie p\u00e2n\u0103 \u00een a doua jum\u0103tate a secolului al XIX-lea. Lucr\u0103rile realizate \u00eentre 1753 \u0219i 1754 de inginerul Johann Karl Stockhausen au f\u0103cut naviga\u021bia mai sigur\u0103, iar cerealele plecau din Timi\u0219oara spre Tisa, Dun\u0103re, Sava \u0219i Adriatica.<\/p>\n<p><img loading=\"lazy\" decoding=\"async\" class=\"alignnone size-full wp-image-304425\" src=\"https:\/\/renasterea.ro\/ro\/wp-content\/uploads\/2026\/08\/ancora-1.jpg\" alt=\"ancora 1\" width=\"600\" height=\"383\" title=\"Casa cu Ancor\u0103 \u015fi o poveste de 125 de ani 2\"><\/p>\n<p>\u00cen 1775 era \u00eenfiin\u021bat Oficiul de Naviga\u021bie, moment care oficializa portul comercial al ora\u0219ului.<\/p>\n<p>Sediul s\u0103u se afla la intersec\u021bia actualului Splai Tudor Vladimirescu cu Bulevardul General Dragalina, \u00eentr-o cl\u0103dire modest\u0103, cu un singur nivel, unde erau p\u0103strate registrele \u0219i actele referitoare la circula\u021bia zilnic\u0103 a sute de ambarca\u021biuni.<\/p>\n<p>Deasupra por\u021bii at\u00e2rna semnul locului, o ancor\u0103 u\u0219oar\u0103 de fier, cu patru bra\u021be, asemenea celor folosite de vasele de pe Bega pentru prinderea de copacii de pe mal.<\/p>\n<p>\u00centre 1901 \u0219i 1902, vechea cas\u0103 a fost demolat\u0103, iar \u00een locul ei s-a ridicat Palatul Kudelich-Sailer, o construc\u021bie eclectic\u0103, istoricist\u0103, cu elemente neoromanice \u0219i neogotice, parter comercial, dou\u0103 etaje, frontoane supradimensionate \u0219i un turn de col\u021b inspirat de arhitectura medieval\u0103.<\/p>\n<p>Lemn\u0103ria \u0219i decora\u021bia au fost realizate de me\u0219terul timi\u0219orean Michael Albert, cunoscut pentru primele poduri din lemn ale tramvaielor cu cai \u0219i pentru scena rotativ\u0103 construit\u0103 \u00een 1894 la teatrul ora\u0219ului.<\/p>\n<p>Palatul a p\u0103strat memoria portului. Pe turn a fost a\u0219ezat\u0103 o ancor\u0103 \u00een basorelief, iar la parter a func\u021bionat restaurantul &lt;&lt;Ancora de Aur&gt;&gt;.<\/p>\n<p>Numele proprietarilor s-a retras treptat din vorbirea ora\u0219ului, l\u0103s\u00e2nd loc celui ales de timi\u0219oreni: Palatul Ancora. Piesa original\u0103 a urmat alt traseu. Odat\u0103 cu demolarea Oficiului de Naviga\u021bie, \u00een 1902, a disp\u0103rut din peisajul malului Beg\u0103i. Documentele las\u0103 apoi o pauz\u0103 de patru ani, iar locul \u00een care a fost p\u0103strat\u0103 \u00een acest interval r\u0103m\u00e2ne de cercetat.<\/p>\n<p>La 31 octombrie 1906, ancora a intrat \u00een colec\u021bia muzeului prin dona\u021bia publicistului Karl Steiner. Istv\u00e1n Berkeszi, custode, c\u0103rturar \u0219i autor al mai multor monografii dedicate Timi\u0219oarei, i-a consemnat povestea \u00een registrul de inventar. Are 97 de centimetri, patru bra\u021be \u0219i o fund\u0103 decorativ\u0103 prins\u0103 de veriga superioar\u0103, f\u0103r\u0103 rol practic. Ast\u0103zi se afl\u0103 \u00een depozitul Muzeului Na\u021bional al Banatului, iar dup\u0103 restaurare va reveni \u00een fa\u021ba publicului, \u00eentr-una dintre viitoarele noastre expozi\u021bii. Palatul \u0219i ancora au mers mai bine de un secol pe dou\u0103 linii ale aceleia\u0219i istorii: cl\u0103direa a r\u0103mas pe malul Beg\u0103i, purt\u00e2nd semnul \u00een basorelief, iar piesa a intrat \u00een patrimoniul muzeului, p\u0103str\u00e2nd urmele vechiului port.<\/p>\n<p><img loading=\"lazy\" decoding=\"async\" class=\"alignnone size-full wp-image-304426\" src=\"https:\/\/renasterea.ro\/ro\/wp-content\/uploads\/2026\/08\/ancora-3.jpg\" alt=\"ancora 3\" width=\"600\" height=\"387\" title=\"Casa cu Ancor\u0103 \u015fi o poveste de 125 de ani 3\"><\/p>\n<p>La 125 de ani de la \u00eenceperea construc\u021biei, cele dou\u0103 pove\u0219ti se apropie din nou. Florin Medele\u021b \u0219i Daniela Micu descriau ancora drept &lt;&lt;un obiect unic, de o real\u0103 valoare istoric\u0103, documentar\u0103 \u0219i sentimental\u0103 pentru ora\u0219ul nostru&gt;&gt;, \u201d au transmis cei de la Muzeul Banatului, folosind drept surs\u0103 bibliografic\u0103 lucrarea \u201eAsupra semnifica\u021biei istorice a Casei cu Ancor\u0103 din Timi\u0219oara\u201d de Forin Medele\u0163 \u015fi Daniela Micu, Patrimonium Banaticum, I, 2002, pp. 229\u2013231.<\/p>\n<h2><strong>CITE\u0218TE \u0218I: <a href=\"https:\/\/renasterea.ro\/35c-apoi-22c-vremea-se-schimba-brusc-in-romania-cand-vin-ploile-prognoza-pentru-banat\/\">35\u00b0C, apoi 22\u00b0C: vremea se schimb\u0103 brusc \u00een Rom\u00e2nia. C\u00e2nd vin ploile. Prognoza pentru Banat<\/a><\/strong><\/h2>\n<\/div>\n<p>[analyse_source url=&#8221;https:\/\/renasterea.ro\/casa-cu-ancora-si-o-poveste-de-125-de-ani\/&#8221;]<\/p>\n","protected":false},"excerpt":{"rendered":"<p>[analyse_image type=&#8221;featured&#8221; src=&#8221;https:\/\/renasterea.ro\/ro\/wp-content\/uploads\/2026\/08\/ancora-2.jpghttps:\/\/renasterea.ro\/ro\/wp-content\/uploads\/2026\/08\/ancora-2.jpg&#8221;] Casa cu Ancor\u0103 \u015fi o poveste de 125 de ani. Cu 125 de ani \u00een urm\u0103, pe malul Beg\u0103i, Palatul Kudelich-Sailer intra \u00een istorie: la 24 august 1901 era emis\u0103 autoriza\u021bia de construire, iar cl\u0103direa avea s\u0103 fie finalizat\u0103 la 7 iulie 1902. Reprezentan\u021bii Muzeului Na\u021bional al Banatului ne \u00eembie la un [&hellip;]<\/p>\n","protected":false},"author":1,"featured_media":0,"comment_status":"open","ping_status":"","sticky":false,"template":"","format":"standard","meta":{"footnotes":""},"categories":[89],"tags":[226,188],"class_list":["post-2111021","post","type-post","status-publish","format-standard","hentry","category-romania","tag-crawlmanager","tag-renasterea-ro"],"_links":{"self":[{"href":"https:\/\/analyse.optim.biz\/index.php?rest_route=\/wp\/v2\/posts\/2111021","targetHints":{"allow":["GET"]}}],"collection":[{"href":"https:\/\/analyse.optim.biz\/index.php?rest_route=\/wp\/v2\/posts"}],"about":[{"href":"https:\/\/analyse.optim.biz\/index.php?rest_route=\/wp\/v2\/types\/post"}],"author":[{"embeddable":true,"href":"https:\/\/analyse.optim.biz\/index.php?rest_route=\/wp\/v2\/users\/1"}],"replies":[{"embeddable":true,"href":"https:\/\/analyse.optim.biz\/index.php?rest_route=%2Fwp%2Fv2%2Fcomments&post=2111021"}],"version-history":[{"count":0,"href":"https:\/\/analyse.optim.biz\/index.php?rest_route=\/wp\/v2\/posts\/2111021\/revisions"}],"wp:attachment":[{"href":"https:\/\/analyse.optim.biz\/index.php?rest_route=%2Fwp%2Fv2%2Fmedia&parent=2111021"}],"wp:term":[{"taxonomy":"category","embeddable":true,"href":"https:\/\/analyse.optim.biz\/index.php?rest_route=%2Fwp%2Fv2%2Fcategories&post=2111021"},{"taxonomy":"post_tag","embeddable":true,"href":"https:\/\/analyse.optim.biz\/index.php?rest_route=%2Fwp%2Fv2%2Ftags&post=2111021"}],"curies":[{"name":"wp","href":"https:\/\/api.w.org\/{rel}","templated":true}]}}