{"id":2111020,"date":"2026-08-25T17:05:36","date_gmt":"2026-08-25T14:05:36","guid":{"rendered":"https:\/\/analyse.optim.biz\/?p=2111020"},"modified":"2026-08-25T17:05:36","modified_gmt":"2026-08-25T14:05:36","slug":"primaria-timisoara-continua-controalele-pentru-terenurile-neintretinute-si-focarele-de-ambrozie-110-amenzi","status":"publish","type":"post","link":"https:\/\/analyse.optim.biz\/?p=2111020","title":{"rendered":"Prim\u0103ria Timi\u0219oara continu\u0103 controalele pentru terenurile ne\u00eentre\u021binute \u0219i focarele de ambrozie. 110 amenzi"},"content":{"rendered":"<p>[analyse_image type=&#8221;featured&#8221; src=&#8221;https:\/\/orasul-timisoara.ro\/wp-content\/uploads\/2026\/08\/Ambrozie-oras.jpg&#8221;]<\/p>\n<article id=\"post-40514\" class=\"td-post-template-7 post-40514 post type-post status-publish format-standard has-post-thumbnail category-administratie category-featured category-sanatate category-stiri-timisoara tag-alergii tag-ambrozie tag-ambrozie-timisoara tag-amenzi tag-combaterea-ambroziei tag-politia-locala-timisoara-2 tag-primaria-timisoara-2 tag-sanatate-publica tag-terenuri-necosite tag-terenuri-neintretinute tag-timisoara-2 td-container-wrap\">\n<div class=\"td-full-screen-header-image-wrap\">\n<div class=\"td-container td-post-header\">\n<div class=\"td-crumb-container\">\n<div class=\"entry-crumbs\"><span><a title=\"Vede\u021bi toate articolele \u00een Administra\u021bie local\u0103\" class=\"entry-crumb\" href=\"https:\/\/orasul-timisoara.ro\/local-category\/administratie\/\">Administra\u021bie local\u0103<\/a><\/span><span class=\"td-bred-no-url-last\">Prim\u0103ria Timi\u0219oara continu\u0103 controalele pentru terenurile ne\u00eentre\u021binute \u0219i focarele de ambrozie. 110&#8230;<\/span><\/div>\n<\/div>\n<div class=\"td-post-header-holder\">\n<div class=\"td-parallax-header\">\n<header class=\"td-post-title\">\n<ul class=\"td-category\">\n<li class=\"entry-category\"><a href=\"https:\/\/orasul-timisoara.ro\/local-category\/administratie\/\">Administra\u021bie local\u0103<\/a><\/li>\n<li class=\"entry-category\"><a href=\"https:\/\/orasul-timisoara.ro\/local-category\/sanatate\/\">S\u0103n\u0103tate<\/a><\/li>\n<li class=\"entry-category\"><a href=\"https:\/\/orasul-timisoara.ro\/local-category\/stiri-timisoara\/\">\u0218tiri Locale<\/a><\/li>\n<\/ul>\n<h1 class=\"entry-title\">Prim\u0103ria Timi\u0219oara continu\u0103 controalele pentru terenurile ne\u00eentre\u021binute \u0219i focarele de ambrozie. 110 amenzi aplicate \u00een aceast\u0103 var\u0103<\/h1>\n<div class=\"td-module-meta-info\">\n<div class=\"td-post-author-name\">\n<div class=\"td-author-by\">De c\u0103tre<\/div>\n<p><a href=\"https:\/\/orasul-timisoara.ro\/author\/timisoara\/\">redactia<\/a><\/p>\n<div class=\"td-author-line\"> &#8211; <\/div>\n<\/div>\n<p><span class=\"td-post-date\"><time class=\"entry-date updated td-module-date\" datetime=\"2026-08-25T20:05:36+03:00\">25\/08\/2026<\/time><\/span><\/div>\n<\/header>\n<\/div>\n<\/div>\n<\/div>\n<div id=\"td-full-screen-header-image\" class=\"td-image-gradient-style7\"><img decoding=\"async\" class=\"td-backstretch\" src=\"https:\/\/orasul-timisoara.ro\/wp-content\/uploads\/2026\/08\/Ambrozie-oras.jpg\"><\/div>\n<\/div>\n<div class=\"td-container\">\n<div class=\"td-pb-row\">\n<div class=\"td-pb-span8 td-main-content\" role=\"main\">\n<div class=\"td-ss-main-content\">\n<div class=\"td-post-sharing-top\">\n<div class=\"td-post-sharing-classic\"><iframe title=\"topFacebookLike\" frameborder src=\"https:\/\/www.facebook.com\/plugins\/like.php?href=https:\/\/orasul-timisoara.ro\/local-40514\/&amp;layout=button_count&amp;show_faces=false&amp;width=105&amp;action=like&amp;colorscheme=light&amp;height=21\"><\/iframe><\/div>\n<div id=\"td_social_sharing_article_top\" class=\"td-post-sharing td-ps-bg td-ps-notext td-post-sharing-style1 \">\n<div class=\"td-post-sharing-visible\"><a class=\"td-social-sharing-button td-social-sharing-button-js td-social-network td-social-facebook\" href=\"https:\/\/www.facebook.com\/sharer.php?u=https%3A%2F%2Forasul-timisoara.ro%2Flocal-40514%2F\" title=\"Facebook\"><\/p>\n<div class=\"td-social-but-text\">Facebook<\/div>\n<p><\/a><a class=\"td-social-sharing-button td-social-sharing-button-js td-social-network td-social-twitter\" href=\"https:\/\/twitter.com\/intent\/tweet?text=Prim%C4%83ria+Timi%C8%99oara+continu%C4%83+controalele+pentru+terenurile+ne%C3%AEntre%C8%9Binute+%C8%99i+focarele+de+ambrozie.+110+amenzi+aplicate+%C3%AEn+aceast%C4%83+var%C4%83&amp;url=https%3A%2F%2Forasul-timisoara.ro%2Flocal-40514%2F&amp;via=orasultm\" title=\"Twitter\"><\/p>\n<div class=\"td-social-but-text\">Twitter<\/div>\n<p><\/a><a class=\"td-social-sharing-button td-social-sharing-button-js td-social-network td-social-whatsapp\" href=\"https:\/\/api.whatsapp.com\/send?text=Prim%C4%83ria+Timi%C8%99oara+continu%C4%83+controalele+pentru+terenurile+ne%C3%AEntre%C8%9Binute+%C8%99i+focarele+de+ambrozie.+110+amenzi+aplicate+%C3%AEn+aceast%C4%83+var%C4%83%20%0A%0A%20https:\/\/orasul-timisoara.ro\/local-40514\/\" title=\"WhatsApp\"><\/p>\n<div class=\"td-social-but-text\">WhatsApp<\/div>\n<p><\/a><a class=\"td-social-sharing-button td-social-sharing-button-js td-social-network td-social-linkedin\" href=\"https:\/\/www.linkedin.com\/shareArticle?mini=true&amp;url=https:\/\/orasul-timisoara.ro\/local-40514\/&amp;title=Prim%C4%83ria+Timi%C8%99oara+continu%C4%83+controalele+pentru+terenurile+ne%C3%AEntre%C8%9Binute+%C8%99i+focarele+de+ambrozie.+110+amenzi+aplicate+%C3%AEn+aceast%C4%83+var%C4%83\" title=\"Linkedin\"><\/p>\n<div class=\"td-social-but-text\">Linkedin<\/div>\n<p><\/a><a class=\"td-social-sharing-button td-social-sharing-button-js td-social-network td-social-reddit\" href=\"https:\/\/reddit.com\/submit?url=https:\/\/orasul-timisoara.ro\/local-40514\/&amp;title=Prim%C4%83ria+Timi%C8%99oara+continu%C4%83+controalele+pentru+terenurile+ne%C3%AEntre%C8%9Binute+%C8%99i+focarele+de+ambrozie.+110+amenzi+aplicate+%C3%AEn+aceast%C4%83+var%C4%83\" title=\"ReddIt\"><\/p>\n<div class=\"td-social-but-text\">ReddIt<\/div>\n<p><\/a><a class=\"td-social-sharing-button td-social-sharing-button-js td-social-network td-social-mail\" href=\"mailto:?subject=Prim%C4%83ria%20Timi%C8%99oara%20continu%C4%83%20controalele%20pentru%20terenurile%20ne%C3%AEntre%C8%9Binute%20%C8%99i%20focarele%20de%20ambrozie.%20110%20amenzi%20aplicate%20%C3%AEn%20aceast%C4%83%20var%C4%83&amp;body=https:\/\/orasul-timisoara.ro\/local-40514\/\" title=\"Email\"><\/p>\n<div class=\"td-social-but-text\">Email<\/div>\n<p><\/a><a class=\"td-social-sharing-button td-social-sharing-button-js td-social-network td-social-print\" href=\"https:\/\/orasul-timisoara.ro\/local-40514\/\" title=\"Imprimare\"><\/p>\n<div class=\"td-social-but-text\">Imprimare<\/div>\n<p><\/a><\/div>\n<\/div>\n<\/div>\n<div class=\"td-post-content tagdiv-type\">\n<p class=\"wp-block-paragraph\">Prim\u0103ria Timi\u0219oara continu\u0103 verific\u0103rile pentru identificarea terenurilor ne\u00eentre\u021binute \u0219i a focarelor de ambrozie, \u00een condi\u021biile \u00een care lunile august \u0219i septembrie reprezint\u0103 o perioad\u0103 important\u0103 pentru combaterea plantei \u00eenainte ca aceasta s\u0103 ajung\u0103 la \u00eenflorire.<\/p>\n<p class=\"wp-block-paragraph\">\u00cen aceast\u0103 var\u0103, Poli\u021bia Local\u0103 Timi\u0219oara a efectuat 170 de verific\u0103ri \u0219i a aplicat 110 amenzi pentru terenuri necosite sau nesalubrizate. Valoarea total\u0103 a sanc\u021biunilor se ridic\u0103 la 33.000 de lei.<\/p>\n<p class=\"wp-block-paragraph\">\u00cen ceea ce prive\u0219te \u00eenc\u0103lcarea legisla\u021biei privind combaterea ambroziei, autorit\u0103\u021bile au emis p\u00e2n\u0103 acum nou\u0103 avertismente.<\/p>\n<h2 class=\"wp-block-heading\">Controalele au fost \u00eengreunate de blocajul de la ANCPI<\/h2>\n<p class=\"wp-block-paragraph\">Activitatea de verificare a terenurilor a fost \u00eengreunat\u0103 temporar de blocajul de la Agen\u021bia Na\u021bional\u0103 de Cadastru \u0219i Publicitate Imobiliar\u0103 (ANCPI), care a afectat accesul la anumite informa\u021bii necesare identific\u0103rii proprietarilor \u0219i de\u021bin\u0103torilor terenurilor.<\/p>\n<p class=\"wp-block-paragraph\">Municipalitatea anun\u021b\u0103 \u00eens\u0103 c\u0103 verific\u0103rile continu\u0103, iar proprietarii, de\u021bin\u0103torii \u0219i administratorii terenurilor sunt obliga\u021bi s\u0103 ia m\u0103suri pentru combaterea ambroziei pe \u00eentreaga perioad\u0103 de vegeta\u021bie.<\/p>\n<h2 class=\"wp-block-heading\">Ambrozia trebuie eliminat\u0103 \u00eenainte de \u00eenflorire<\/h2>\n<p class=\"wp-block-paragraph\">Prim\u0103ria Timi\u0219oara le reaminte\u0219te proprietarilor \u0219i administratorilor de terenuri c\u0103 ambrozia trebuie comb\u0103tut\u0103 pe tot parcursul perioadei de vegeta\u021bie, astfel \u00eenc\u00e2t planta s\u0103 nu ajung\u0103 la \u00eenflorire.<\/p>\n<p class=\"wp-block-paragraph\">Ambrozia este una dintre plantele cu un puternic poten\u021bial alergen. Aceasta cre\u0219te \u0219i se r\u0103sp\u00e2nde\u0219te cu u\u0219urin\u021b\u0103 pe terenuri virane, \u0219antiere, la marginea drumurilor \u0219i \u00een spa\u021biile verzi ne\u00eengrijite.<\/p>\n<p class=\"wp-block-paragraph\">Problema este reprezentat\u0103 de polenul eliberat \u00een perioada de \u00eenflorire. Acesta este transportat cu u\u0219urin\u021b\u0103 de v\u00e2nt \u0219i se poate r\u0103sp\u00e2ndi pe distan\u021be mari.<\/p>\n<p class=\"wp-block-paragraph\">Din acest motiv, interven\u021biile pentru \u00eendep\u0103rtarea plantei \u00eenainte \u0219i \u00een timpul perioadei de \u00eenflorire sunt importante pentru limitarea r\u0103sp\u00e2ndirii polenului.<\/p>\n<h2 class=\"wp-block-heading\">August \u0219i septembrie, perioad\u0103 important\u0103 pentru combaterea ambroziei<\/h2>\n<p class=\"wp-block-paragraph\">\u00cen perioada august\u2013septembrie sunt necesare verific\u0103ri suplimentare ale terenurilor \u0219i interven\u021bii acolo unde sunt identificate focare de ambrozie.<\/p>\n<p class=\"wp-block-paragraph\">Municipalitatea atrage aten\u021bia c\u0103 nerespectarea obliga\u021biilor legale privind combaterea ambroziei poate fi sanc\u021bionat\u0103 cu amenzi cuprinse \u00eentre 1.000 \u0219i 5.000 de lei pentru persoanele fizice \u0219i \u00eentre 10.000 \u0219i 20.000 de lei pentru persoanele juridice.<\/p>\n<p class=\"wp-block-paragraph\">\u00cen cazul terenurilor necosite sau nesalubrizate, controalele Poli\u021biei Locale urm\u0103resc at\u00e2t identificarea situa\u021biilor \u00een care proprietarii nu \u00ee\u0219i \u00eendeplinesc obliga\u021biile de \u00eentre\u021binere, c\u00e2t \u0219i aplicarea sanc\u021biunilor prev\u0103zute de legisla\u021bie.<\/p>\n<h2 class=\"wp-block-heading\">Timi\u0219orenii pot sesiza focarele de ambrozie<\/h2>\n<p class=\"wp-block-paragraph\">Locuitorii Timi\u0219oarei care identific\u0103 focare de ambrozie pe terenuri ne\u00eentre\u021binute pot transmite sesiz\u0103ri c\u0103tre municipalitate.<\/p>\n<p class=\"wp-block-paragraph\">Sesiz\u0103rile pot fi trimise la adresa de e-mail <strong>primariatm@primariatm.ro<\/strong> sau pot fi f\u0103cute la dispeceratul Poli\u021biei Locale Timi\u0219oara.<\/p>\n<p class=\"wp-block-paragraph\">Prim\u0103ria continu\u0103 astfel verific\u0103rile \u00een teren, cu obiectivul de a identifica \u0219i elimina focarele de ambrozie \u00eenainte ca planta s\u0103 elibereze cantit\u0103\u021bi importante de polen.<\/p>\n<\/div>\n<footer>\n<div class=\"td-post-source-tags\">\n<ul class=\"td-tags td-post-small-box clearfix\">\n<li><span>ETICHETE<\/span><\/li>\n<li><a href=\"https:\/\/orasul-timisoara.ro\/local-tag\/alergii\/\">alergii<\/a><\/li>\n<li><a href=\"https:\/\/orasul-timisoara.ro\/local-tag\/ambrozie\/\">ambrozie<\/a><\/li>\n<li><a href=\"https:\/\/orasul-timisoara.ro\/local-tag\/ambrozie-timisoara\/\">ambrozie timi\u0219oara<\/a><\/li>\n<li><a href=\"https:\/\/orasul-timisoara.ro\/local-tag\/amenzi\/\">amenzi<\/a><\/li>\n<li><a href=\"https:\/\/orasul-timisoara.ro\/local-tag\/combaterea-ambroziei\/\">combaterea ambroziei<\/a><\/li>\n<li><a href=\"https:\/\/orasul-timisoara.ro\/local-tag\/politia-locala-timisoara-2\/\">Poli\u021bia Local\u0103 Timi\u0219oara<\/a><\/li>\n<li><a href=\"https:\/\/orasul-timisoara.ro\/local-tag\/primaria-timisoara-2\/\">Prim\u0103ria Timi\u0219oara<\/a><\/li>\n<li><a href=\"https:\/\/orasul-timisoara.ro\/local-tag\/sanatate-publica\/\">s\u0103n\u0103tate public\u0103<\/a><\/li>\n<li><a href=\"https:\/\/orasul-timisoara.ro\/local-tag\/terenuri-necosite\/\">terenuri necosite<\/a><\/li>\n<li><a href=\"https:\/\/orasul-timisoara.ro\/local-tag\/terenuri-neintretinute\/\">terenuri ne\u00eentre\u021binute<\/a><\/li>\n<li><a href=\"https:\/\/orasul-timisoara.ro\/local-tag\/timisoara-2\/\">timi\u0219oara<\/a><\/li>\n<\/ul>\n<\/div>\n<div class=\"td-post-sharing-bottom\">\n<div class=\"td-post-sharing-classic\"><iframe title=\"bottomFacebookLike\" frameborder src=\"https:\/\/www.facebook.com\/plugins\/like.php?href=https:\/\/orasul-timisoara.ro\/local-40514\/&amp;layout=button_count&amp;show_faces=false&amp;width=105&amp;action=like&amp;colorscheme=light&amp;height=21\"><\/iframe><\/div>\n<div id=\"td_social_sharing_article_bottom\" class=\"td-post-sharing td-ps-bg td-ps-notext td-post-sharing-style1 \">\n<div class=\"td-post-sharing-visible\"><a class=\"td-social-sharing-button td-social-sharing-button-js td-social-network td-social-facebook\" href=\"https:\/\/www.facebook.com\/sharer.php?u=https%3A%2F%2Forasul-timisoara.ro%2Flocal-40514%2F\" title=\"Facebook\"><\/p>\n<div class=\"td-social-but-text\">Facebook<\/div>\n<p><\/a><a class=\"td-social-sharing-button td-social-sharing-button-js td-social-network td-social-twitter\" href=\"https:\/\/twitter.com\/intent\/tweet?text=Prim%C4%83ria+Timi%C8%99oara+continu%C4%83+controalele+pentru+terenurile+ne%C3%AEntre%C8%9Binute+%C8%99i+focarele+de+ambrozie.+110+amenzi+aplicate+%C3%AEn+aceast%C4%83+var%C4%83&amp;url=https%3A%2F%2Forasul-timisoara.ro%2Flocal-40514%2F&amp;via=orasultm\" title=\"Twitter\"><\/p>\n<div class=\"td-social-but-text\">Twitter<\/div>\n<p><\/a><a class=\"td-social-sharing-button td-social-sharing-button-js td-social-network td-social-whatsapp\" href=\"https:\/\/api.whatsapp.com\/send?text=Prim%C4%83ria+Timi%C8%99oara+continu%C4%83+controalele+pentru+terenurile+ne%C3%AEntre%C8%9Binute+%C8%99i+focarele+de+ambrozie.+110+amenzi+aplicate+%C3%AEn+aceast%C4%83+var%C4%83%20%0A%0A%20https:\/\/orasul-timisoara.ro\/local-40514\/\" title=\"WhatsApp\"><\/p>\n<div class=\"td-social-but-text\">WhatsApp<\/div>\n<p><\/a><a class=\"td-social-sharing-button td-social-sharing-button-js td-social-network td-social-linkedin\" href=\"https:\/\/www.linkedin.com\/shareArticle?mini=true&amp;url=https:\/\/orasul-timisoara.ro\/local-40514\/&amp;title=Prim%C4%83ria+Timi%C8%99oara+continu%C4%83+controalele+pentru+terenurile+ne%C3%AEntre%C8%9Binute+%C8%99i+focarele+de+ambrozie.+110+amenzi+aplicate+%C3%AEn+aceast%C4%83+var%C4%83\" title=\"Linkedin\"><\/p>\n<div class=\"td-social-but-text\">Linkedin<\/div>\n<p><\/a><a class=\"td-social-sharing-button td-social-sharing-button-js td-social-network td-social-reddit\" href=\"https:\/\/reddit.com\/submit?url=https:\/\/orasul-timisoara.ro\/local-40514\/&amp;title=Prim%C4%83ria+Timi%C8%99oara+continu%C4%83+controalele+pentru+terenurile+ne%C3%AEntre%C8%9Binute+%C8%99i+focarele+de+ambrozie.+110+amenzi+aplicate+%C3%AEn+aceast%C4%83+var%C4%83\" title=\"ReddIt\"><\/p>\n<div class=\"td-social-but-text\">ReddIt<\/div>\n<p><\/a><a class=\"td-social-sharing-button td-social-sharing-button-js td-social-network td-social-mail\" href=\"mailto:?subject=Prim%C4%83ria%20Timi%C8%99oara%20continu%C4%83%20controalele%20pentru%20terenurile%20ne%C3%AEntre%C8%9Binute%20%C8%99i%20focarele%20de%20ambrozie.%20110%20amenzi%20aplicate%20%C3%AEn%20aceast%C4%83%20var%C4%83&amp;body=https:\/\/orasul-timisoara.ro\/local-40514\/\" title=\"Email\"><\/p>\n<div class=\"td-social-but-text\">Email<\/div>\n<p><\/a><a class=\"td-social-sharing-button td-social-sharing-button-js td-social-network td-social-print\" href=\"https:\/\/orasul-timisoara.ro\/local-40514\/\" title=\"Imprimare\"><\/p>\n<div class=\"td-social-but-text\">Imprimare<\/div>\n<p><\/a><\/div>\n<\/div>\n<\/div>\n<div class=\"td-block-row td-post-next-prev\">\n<div class=\"td-block-span6 td-post-prev-post\">\n<div class=\"td-post-next-prev-content\"><span>Articolul precedent<\/span><a href=\"https:\/\/orasul-timisoara.ro\/local-40505\/\">Baza Uszoda din Timi\u0219oara \u00ee\u0219i recap\u0103t\u0103 forma de acum 100 de ani<\/a><\/div>\n<\/div>\n<div class=\"td-block-span6 td-post-next-post\">\n<div class=\"td-post-next-prev-content\"><span>Articolul urm\u0103tor<\/span><a href=\"https:\/\/orasul-timisoara.ro\/local-40516\/\">Cu toate c\u0103 acciza s-a redus, pre\u021bul la motorin\u0103 a \u00eenceput din nou s\u0103 creasc\u0103<\/a><\/div>\n<\/div>\n<\/div>\n<div class=\"td-author-name vcard author\"><span class=\"fn\"><a href=\"https:\/\/orasul-timisoara.ro\/author\/timisoara\/\">redactia<\/a><\/span><\/div>\n<p><span class=\"td-page-meta\"><\/span><span class=\"td-page-meta\"><span class=\"td-page-meta\"><\/span><\/span><span class=\"td-page-meta\"><\/span><\/footer>\n<div class=\"td_block_wrap td_block_related_posts tdi_3 td_with_ajax_pagination td-pb-border-top td_block_template_8\" data-td-block-uid=\"tdi_3\">\n<h4 class=\"td-related-title td-block-title\"><a id=\"tdi_4\" class=\"td-related-left td-cur-simple-item\" data-td_filter_value data-td_block_id=\"tdi_3\" href=\"https:\/\/orasul-timisoara.ro\/local-40514\/\">ARTICOLE SIMILARE<\/a><a id=\"tdi_5\" class=\"td-related-right\" data-td_filter_value=\"td_related_more_from_author\" data-td_block_id=\"tdi_3\" href=\"https:\/\/orasul-timisoara.ro\/local-40514\/\">DE LA ACELA\u0218I AUTOR<\/a><\/h4>\n<div id=\"tdi_3\" class=\"td_block_inner\">\n<div class=\"td-related-row\">\n<div class=\"td-related-span4\">\n<div class=\"td_module_related_posts td-animation-stack td_mod_related_posts\">\n<div class=\"td-module-image\">\n<div class=\"td-module-thumb\"><a href=\"https:\/\/orasul-timisoara.ro\/local-40323\/\" rel=\"bookmark\" class=\"td-image-wrap \" title=\"A \u00eenceput sezonul ambroziei. Medicii avertizeaz\u0103 asupra riscului de astm alergic la copii\"><img loading=\"lazy\" decoding=\"async\" class=\"entry-thumb\" src=\"https:\/\/orasul-timisoara.ro\/wp-content\/uploads\/2026\/08\/Ambrozie-oras-436x300.jpg\" alt title=\"A \u00eenceput sezonul ambroziei. Medicii avertizeaz\u0103 asupra riscului de astm alergic la copii\" width=\"218\" height=\"150\"><\/a><\/div>\n<\/div>\n<div class=\"item-details\">\n<h3 class=\"entry-title td-module-title\"><a href=\"https:\/\/orasul-timisoara.ro\/local-40323\/\" rel=\"bookmark\" title=\"A \u00eenceput sezonul ambroziei. Medicii avertizeaz\u0103 asupra riscului de astm alergic la copii\">A \u00eenceput sezonul ambroziei. Medicii avertizeaz\u0103 asupra riscului de astm alergic la copii<\/a><\/h3>\n<\/div>\n<\/div>\n<\/div>\n<div class=\"td-related-span4\">\n<div class=\"td_module_related_posts td-animation-stack td_mod_related_posts\">\n<div class=\"td-module-image\">\n<div class=\"td-module-thumb\"><a href=\"https:\/\/orasul-timisoara.ro\/local-40035\/\" rel=\"bookmark\" class=\"td-image-wrap \" title=\"Poli\u021bia Local\u0103 Timi\u0219oara \u00eencepe controalele dup\u0103 intrarea \u00een vigoare a noului regulament de tonaj. Camioanele de peste 3,5 tone au nevoie de autoriza\u021bie pentru acces \u00een zonele restric\u021bionate din ora\u0219\"><img loading=\"lazy\" decoding=\"async\" class=\"entry-thumb\" src=\"https:\/\/orasul-timisoara.ro\/wp-content\/uploads\/2026\/08\/auto2-1-436x300.jpg\" alt title=\"Poli\u021bia Local\u0103 Timi\u0219oara \u00eencepe controalele dup\u0103 intrarea \u00een vigoare a noului regulament de tonaj. Camioanele de peste 3,5 tone au nevoie de autoriza\u021bie pentru acces \u00een zonele restric\u021bionate din ora\u0219\" width=\"218\" height=\"150\"><\/a><\/div>\n<\/div>\n<div class=\"item-details\">\n<h3 class=\"entry-title td-module-title\"><a href=\"https:\/\/orasul-timisoara.ro\/local-40035\/\" rel=\"bookmark\" title=\"Poli\u021bia Local\u0103 Timi\u0219oara \u00eencepe controalele dup\u0103 intrarea \u00een vigoare a noului regulament de tonaj. Camioanele de peste 3,5 tone au nevoie de autoriza\u021bie pentru acces \u00een zonele restric\u021bionate din ora\u0219\">Poli\u021bia Local\u0103 Timi\u0219oara \u00eencepe controalele dup\u0103 intrarea \u00een vigoare a noului regulament de tonaj. Camioanele de peste 3,5 tone au nevoie de autoriza\u021bie pentru&#8230;<\/a><\/h3>\n<\/div>\n<\/div>\n<\/div>\n<div class=\"td-related-span4\">\n<div class=\"td_module_related_posts td-animation-stack td_mod_related_posts\">\n<div class=\"td-module-image\">\n<div class=\"td-module-thumb\"><a href=\"https:\/\/orasul-timisoara.ro\/local-40025\/\" rel=\"bookmark\" class=\"td-image-wrap \" title=\"Razie pe DN 6 \u00een Timi\u0219: 151 de amenzi \u0219i nou\u0103 permise re\u021binute (foto)\"><img loading=\"lazy\" decoding=\"async\" class=\"entry-thumb\" src=\"https:\/\/orasul-timisoara.ro\/wp-content\/uploads\/2026\/08\/WhatsApp-Image-2026-08-04-at-09.21.52-436x300.jpg\" alt title=\"Razie pe DN 6 \u00een Timi\u0219: 151 de amenzi \u0219i nou\u0103 permise re\u021binute (foto)\" width=\"218\" height=\"150\"><\/a><\/div>\n<\/div>\n<div class=\"item-details\">\n<h3 class=\"entry-title td-module-title\"><a href=\"https:\/\/orasul-timisoara.ro\/local-40025\/\" rel=\"bookmark\" title=\"Razie pe DN 6 \u00een Timi\u0219: 151 de amenzi \u0219i nou\u0103 permise re\u021binute (foto)\">Razie pe DN 6 \u00een Timi\u0219: 151 de amenzi \u0219i nou\u0103 permise re\u021binute (foto)<\/a><\/h3>\n<\/div>\n<\/div>\n<\/div>\n<\/div>\n<\/div>\n<\/div>\n<div class=\"comments\" id=\"comments\">\n<div id=\"respond\" class=\"comment-respond\">\n<h3 id=\"reply-title\" class=\"comment-reply-title\">L\u0102SA\u021aI UN MESAJ<\/h3>\n<div class=\"comment-form-input-wrap td-form-comment\">\n<div class=\"td-warning-comment\">V\u0103 rug\u0103m s\u0103 introduce\u021bi comentariul dvs.!<\/div>\n<\/div>\n<div class=\"comment-form-input-wrap td-form-author\">\n<div class=\"td-warning-author\">Introduce\u021bi aici numele dvs.<\/div>\n<\/div>\n<div class=\"comment-form-input-wrap td-form-email\">\n<div class=\"td-warning-email-error\">A\u021bi introdus o adres\u0103 de e-mail incorect\u0103!<\/div>\n<div class=\"td-warning-email\">V\u0103 rug\u0103m s\u0103 introduce\u021bi adresa dvs. de e-mail aici<\/div>\n<\/div>\n<\/div>\n<p class=\"akismet_comment_form_privacy_notice\">Acest site folose\u0219te Akismet pentru a reduce spamul. <a href=\"https:\/\/akismet.com\/privacy\/\" target=\"_blank\" rel=\"nofollow noopener\">Afl\u0103 cum sunt procesate datele comentariilor tale<\/a>.<\/p>\n<\/div>\n<\/div>\n<\/div>\n<div class=\"td-pb-span4 td-main-sidebar\" role=\"complementary\">\n<div class=\"td-ss-main-sidebar\">\n<aside id=\"block-4\" class=\"td_block_template_8 widget block-4 widget_block widget_media_image\">\n<figure class=\"wp-block-image size-full\"><img loading=\"lazy\" decoding=\"async\" width=\"336\" height=\"280\" src=\"https:\/\/orasul-timisoara.ro\/wp-content\/uploads\/2024\/11\/ReTIM-Abonamentul-Verde-Google-Ads-336x280px.gif\" alt class=\"wp-image-29257\"><\/figure>\n<\/aside>\n<div class=\"td_block_wrap td_block_social_counter td_block_widget tdi_6 td-social-style5 td-social-boxed td-pb-border-top td_block_template_8\">\n<div class=\"td-block-title-wrap\">\n<h4 class=\"td-block-title\"><span>Urm\u0103re\u0219te-ne pe Social Media<\/span><\/h4>\n<\/div>\n<div class=\"td-social-list\">\n<div class=\"td_social_type td-pb-margin-side td_social_facebook\">\n<div class=\"td-social-box\"><span class=\"td_social_info td_social_info_counter\">344,595<\/span><span class=\"td_social_info td_social_info_name\">Fani<\/span><span class=\"td_social_button\"><a href=\"https:\/\/www.facebook.com\/247timisoara\" target=\"_blank\" rel=\"nofollow\">\u00cemi place<\/a><\/span><\/div>\n<\/div>\n<div class=\"td_social_type td-pb-margin-side td_social_instagram\">\n<div class=\"td-social-box\"><span class=\"td_social_info td_social_info_counter\">4,416<\/span><span class=\"td_social_info td_social_info_name\">Cititori<\/span><span class=\"td_social_button\"><a href=\"https:\/\/instagram.com\/orasultimisoararo\/\" target=\"_blank\" rel=\"nofollow\">Conecta\u021bi-v\u0103<\/a><\/span><\/div>\n<\/div>\n<div class=\"td_social_type td-pb-margin-side td_social_rss\">\n<div class=\"td-social-box\"><span class=\"td_social_info td_social_info_counter\">12,506<\/span><span class=\"td_social_info td_social_info_name\">Cititori<\/span><span class=\"td_social_button\"><a href=\"https:\/\/orasul-timisoara.ro\/feed\/\" target=\"_blank\" rel=\"nofollow\">Conecta\u021bi-v\u0103<\/a><\/span><\/div>\n<\/div>\n<div class=\"td_social_type td-pb-margin-side td_social_tiktok\">\n<div class=\"td-social-box\"><span class=\"td_social_info td_social_info_counter\">1,500<\/span><span class=\"td_social_info td_social_info_name\">Cititori<\/span><span class=\"td_social_button\"><a href=\"https:\/\/www.tiktok.com\/@orasultimisoara\" target=\"_blank\" rel=\"nofollow\">Conecta\u021bi-v\u0103<\/a><\/span><\/div>\n<\/div>\n<div class=\"td_social_type td-pb-margin-side td_social_twitter\">\n<div class=\"td-social-box\"><span class=\"td_social_info td_social_info_counter\">1,595<\/span><span class=\"td_social_info td_social_info_name\">Cititori<\/span><span class=\"td_social_button\"><a href=\"https:\/\/twitter.com\/orasultm\" target=\"_blank\" rel=\"nofollow\">Conecta\u021bi-v\u0103<\/a><\/span><\/div>\n<\/div>\n<div class=\"td_social_type td-pb-margin-side td_social_youtube\">\n<div class=\"td-social-box\"><span class=\"td_social_info td_social_info_counter\">3,506<\/span><span class=\"td_social_info td_social_info_name\">Abona\u021bi<\/span><span class=\"td_social_button\"><a href=\"https:\/\/www.youtube.com\/channel\/UCQNsQvs2XCSIm1Z-AHRturw?sub_confirmation=1\" target=\"_blank\" rel=\"nofollow\">Abona\u021bi-v\u0103<\/a><\/span><\/div>\n<\/div>\n<\/div>\n<\/div>\n<aside id=\"text-7\" class=\"td_block_template_8 widget text-7 widget_text\">\n<h4 class=\"td-block-title\"><span>C\u0103ut\u0103ri populare pe OTM<\/span><\/h4>\n<div class=\"textwidget\"><a href=\"https:\/\/orasul-timisoara.ro\/?s=timisoara\"><span>Timisoara<\/span><\/a><a href=\"https:\/\/orasul-timisoara.ro\/?s=calin+dobra\"><span>Calin Dobra<\/span><\/a><a href=\"https:\/\/orasul-timisoara.ro\/?s=primaria+timisoara\"><span>Primaria Timisoara<\/span><\/a><a href=\"https:\/\/orasul-timisoara.ro\/?s=dominic+fritz\"><span>Dominic Fritz<\/span><\/a><a href=\"https:\/\/orasul-timisoara.ro\/?s=nicolae+robu\"><span>Nicolae Robu<\/span><\/a><a href=\"https:\/\/orasul-timisoara.ro\/?s=consiliul+local+timisoara\">Consiliul Local Timisoara<\/a><a href=\"https:\/\/orasul-timisoara.ro\/?s=consiliul+judetean+timis\"><span>Consiliul Judetean Timis<\/span><\/a><a href=\"https:\/\/orasul-timisoara.ro\/?s=cjt\"><span>CJT<\/span><\/a><a href=\"https:\/\/orasul-timisoara.ro\/?s=Alfred+Simonis\"><span>Alfred Simonis<\/span><\/a><a href=\"https:\/\/orasul-timisoara.ro\/?s=PNL\"><span>PNL<\/span><\/a><a href=\"https:\/\/orasul-timisoara.ro\/?s=coronavirus\"><span>coronavirus<\/span><\/a><a href=\"https:\/\/orasul-timisoara.ro\/?s=teatru+timisoara\">teatru Timisoara<\/a><a href=\"https:\/\/orasul-timisoara.ro\/?s=restaurante\"><span>restaurante Timisoara<\/span><\/a><a href=\"https:\/\/orasul-timisoara.ro\/?s=diskoteka\"><span>Diskoteka<\/span><\/a><a href=\"https:\/\/orasul-timisoara.ro\/?s=iulius+town\"><span>Iulius Town<\/span><\/a><a href=\"https:\/\/orasul-timisoara.ro\/?s=iulius+mall\"><span>Iulius Mall<\/span><\/a><a href=\"https:\/\/orasul-timisoara.ro\/?s=stpt\"><span>STPT<\/span><\/a><a href=\"https:\/\/orasul-timisoara.ro\/?s=alin+nica\"><span>Alin Nica<\/span><\/a><a href=\"https:\/\/orasul-timisoara.ro\/?s=psd\"><span>PSD<\/span><\/a><a href=\"https:\/\/orasul-timisoara.ro\/?s=aeroport\"><span>Aeroportul International Timisoara<\/span><\/a><a href=\"https:\/\/orasul-timisoara.ro\/?s=babes\"><span>Spitalul Victor Babes Timisoara<\/span><\/a><a href=\"https:\/\/orasul-timisoara.ro\/?s=poli\"><span>Poli Timi\u0219oara<\/span><\/a><a href=\"https:\/\/orasul-timisoara.ro\/?s=carantina\"><span>carantina<\/span><\/a><a href=\"https:\/\/orasul-timisoara.ro\/?s=aquatim\"><span>Aquatim<\/span><\/a><a href=\"https:\/\/orasul-timisoara.ro\/local-category\/stiri-timisoara\/\"><span>Stiri Timisoara<\/span><\/a><a href=\"https:\/\/orasul-timisoara.ro\/local-category\/investitii-in-timisoara\/\"><span>Investi\u021bii in Timi\u0219oara<\/span><\/a><a href=\"https:\/\/orasul-timisoara.ro\/local-9463\/\"><span>shaorma<\/span><\/a><a href=\"https:\/\/orasul-timisoara.ro\/?s=trafic\"><span>trafic rutier<\/span><\/a><a href=\"https:\/\/orasul-timisoara.ro\/?s=politia\"><span>politia locala timisoara<\/span><\/a><a href=\"https:\/\/orasul-timisoara.ro\/?s=roxana\"><span>Roxana Iliescu<\/span><\/a><a href=\"https:\/\/orasul-timisoara.ro\/?s=colterm\"><span>Colterm<\/span><\/a><a href=\"https:\/\/orasul-timisoara.ro\/?s=latcau\"><span>Ruben La\u021bc\u0103u<\/span><\/a><a href=\"https:\/\/orasul-timisoara.ro\/?s=timis\"><span>\u0218tiri din Timi\u0219<\/span><\/a><a href=\"https:\/\/orasul-timisoara.ro\/?s=spital\"><span>Spitale din Timi\u0219oara<\/span><\/a><a href=\"https:\/\/orasul-timisoara.ro\/?s=tabara\"><span>Cosmin Tab\u0103r\u0103<\/span><\/a><\/div>\n<\/aside>\n<aside id=\"rss-2\" class=\"td_block_template_8 widget rss-2 widget_rss\">\n<h4 class=\"td-block-title\"><span><a class=\"rsswidget rss-widget-feed\" href=\"https:\/\/fashionfridays.ro\/feed\"><img decoding=\"async\" class=\"rss-widget-icon\" width=\"14\" height=\"14\" src=\"https:\/\/orasul-timisoara.ro\/wp-includes\/images\/rss.png\" alt=\"Flux RSS: Fashion Fridays\" loading=\"lazy\"><\/a><a class=\"rsswidget rss-widget-title\" href=\"https:\/\/fashionfridays.ro\/\">Fashion Fridays<\/a><\/span><\/h4>\n<ul>\n<li><a class=\"rsswidget\" href=\"https:\/\/fashionfridays.ro\/romania-devine-a-29-a-piata-vogue-o-noua-era-pentru-industria-locala-de-moda\/\">Rom\u00e2nia devine a 29-a pia\u021b\u0103 Vogue: o nou\u0103 er\u0103 pentru industria local\u0103 de mod\u0103<\/a>\n<div class=\"rssSummary\">Revista Vogue \u00ee\u0219i extinde prezen\u021ba global\u0103 \u0219i va fi lansat\u0103 oficial \u00een Rom\u00e2nia \u00een prim\u0103vara anului 2027, marc\u00e2nd intrarea pe cea de-a 29-a pia\u021b\u0103 interna\u021bional\u0103. Proiectul este realizat \u00een parteneriat cu AEMME Publishing, o companie media recent \u00eenfiin\u021bat\u0103, care va publica edi\u021bia local\u0103 sub licen\u021b\u0103. Noua edi\u021bie, Vogue Rom\u00e2nia, \u00ee\u0219i propune s\u0103 combine autoritatea global\u0103 [\u2026]<\/div>\n<\/li>\n<\/ul>\n<\/aside>\n<aside id=\"rss-4\" class=\"td_block_template_8 widget rss-4 widget_rss\">\n<h4 class=\"td-block-title\"><span><a class=\"rsswidget rss-widget-feed\" href=\"https:\/\/emasini.ro\/feed\"><img decoding=\"async\" class=\"rss-widget-icon\" width=\"14\" height=\"14\" src=\"https:\/\/orasul-timisoara.ro\/wp-includes\/images\/rss.png\" alt=\"Flux RSS: eMasini\" loading=\"lazy\"><\/a><a class=\"rsswidget rss-widget-title\" href=\"https:\/\/emasini.ro\/\">eMasini<\/a><\/span><\/h4>\n<ul>\n<li><a class=\"rsswidget\" href=\"https:\/\/emasini.ro\/adio-bordurilor-pline-de-ecrane-mercedes-benz-readuce-butoanele-in-noile-masini-produse\/\">Adio bordurilor pline de ecrane? Mercedes-Benz readuce butoanele \u00een noile ma\u0219ini produse<\/a>\n<div class=\"rssSummary\">Mercedes-Benz \u00ee\u0219i schimb\u0103 direc\u021bia \u00een ceea ce prive\u0219te designul interioarelor \u0219i va readuce comenzile fizice pentru anumite func\u021bii importante. Constructorul german nu renun\u021b\u0103 la ecranele mari \u0219i la tehnologiile digitale, dar recunoa\u0219te c\u0103 a mers prea departe prin eliminarea unor butoane \u0219i comenzi tactile. Ola K\u00e4llenius, pre\u0219edintele Consiliului de Administra\u021bie al Mercedes-Benz Group \u0219i CEO [\u2026]<\/div>\n<\/li>\n<\/ul>\n<\/aside>\n<\/div>\n<\/div>\n<\/div>\n<\/div>\n<\/article>\n<div class=\"td-post-content tagdiv-type\">\n<p class=\"wp-block-paragraph\">Prim\u0103ria Timi\u0219oara continu\u0103 verific\u0103rile pentru identificarea terenurilor ne\u00eentre\u021binute \u0219i a focarelor de ambrozie, \u00een condi\u021biile \u00een care lunile august \u0219i septembrie reprezint\u0103 o perioad\u0103 important\u0103 pentru combaterea plantei \u00eenainte ca aceasta s\u0103 ajung\u0103 la \u00eenflorire.<\/p>\n<p class=\"wp-block-paragraph\">\u00cen aceast\u0103 var\u0103, Poli\u021bia Local\u0103 Timi\u0219oara a efectuat 170 de verific\u0103ri \u0219i a aplicat 110 amenzi pentru terenuri necosite sau nesalubrizate. Valoarea total\u0103 a sanc\u021biunilor se ridic\u0103 la 33.000 de lei.<\/p>\n<p class=\"wp-block-paragraph\">\u00cen ceea ce prive\u0219te \u00eenc\u0103lcarea legisla\u021biei privind combaterea ambroziei, autorit\u0103\u021bile au emis p\u00e2n\u0103 acum nou\u0103 avertismente.<\/p>\n<h2 class=\"wp-block-heading\">Controalele au fost \u00eengreunate de blocajul de la ANCPI<\/h2>\n<p class=\"wp-block-paragraph\">Activitatea de verificare a terenurilor a fost \u00eengreunat\u0103 temporar de blocajul de la Agen\u021bia Na\u021bional\u0103 de Cadastru \u0219i Publicitate Imobiliar\u0103 (ANCPI), care a afectat accesul la anumite informa\u021bii necesare identific\u0103rii proprietarilor \u0219i de\u021bin\u0103torilor terenurilor.<\/p>\n<p class=\"wp-block-paragraph\">Municipalitatea anun\u021b\u0103 \u00eens\u0103 c\u0103 verific\u0103rile continu\u0103, iar proprietarii, de\u021bin\u0103torii \u0219i administratorii terenurilor sunt obliga\u021bi s\u0103 ia m\u0103suri pentru combaterea ambroziei pe \u00eentreaga perioad\u0103 de vegeta\u021bie.<\/p>\n<h2 class=\"wp-block-heading\">Ambrozia trebuie eliminat\u0103 \u00eenainte de \u00eenflorire<\/h2>\n<p class=\"wp-block-paragraph\">Prim\u0103ria Timi\u0219oara le reaminte\u0219te proprietarilor \u0219i administratorilor de terenuri c\u0103 ambrozia trebuie comb\u0103tut\u0103 pe tot parcursul perioadei de vegeta\u021bie, astfel \u00eenc\u00e2t planta s\u0103 nu ajung\u0103 la \u00eenflorire.<\/p>\n<p class=\"wp-block-paragraph\">Ambrozia este una dintre plantele cu un puternic poten\u021bial alergen. Aceasta cre\u0219te \u0219i se r\u0103sp\u00e2nde\u0219te cu u\u0219urin\u021b\u0103 pe terenuri virane, \u0219antiere, la marginea drumurilor \u0219i \u00een spa\u021biile verzi ne\u00eengrijite.<\/p>\n<p class=\"wp-block-paragraph\">Problema este reprezentat\u0103 de polenul eliberat \u00een perioada de \u00eenflorire. Acesta este transportat cu u\u0219urin\u021b\u0103 de v\u00e2nt \u0219i se poate r\u0103sp\u00e2ndi pe distan\u021be mari.<\/p>\n<p class=\"wp-block-paragraph\">Din acest motiv, interven\u021biile pentru \u00eendep\u0103rtarea plantei \u00eenainte \u0219i \u00een timpul perioadei de \u00eenflorire sunt importante pentru limitarea r\u0103sp\u00e2ndirii polenului.<\/p>\n<h2 class=\"wp-block-heading\">August \u0219i septembrie, perioad\u0103 important\u0103 pentru combaterea ambroziei<\/h2>\n<p class=\"wp-block-paragraph\">\u00cen perioada august\u2013septembrie sunt necesare verific\u0103ri suplimentare ale terenurilor \u0219i interven\u021bii acolo unde sunt identificate focare de ambrozie.<\/p>\n<p class=\"wp-block-paragraph\">Municipalitatea atrage aten\u021bia c\u0103 nerespectarea obliga\u021biilor legale privind combaterea ambroziei poate fi sanc\u021bionat\u0103 cu amenzi cuprinse \u00eentre 1.000 \u0219i 5.000 de lei pentru persoanele fizice \u0219i \u00eentre 10.000 \u0219i 20.000 de lei pentru persoanele juridice.<\/p>\n<p class=\"wp-block-paragraph\">\u00cen cazul terenurilor necosite sau nesalubrizate, controalele Poli\u021biei Locale urm\u0103resc at\u00e2t identificarea situa\u021biilor \u00een care proprietarii nu \u00ee\u0219i \u00eendeplinesc obliga\u021biile de \u00eentre\u021binere, c\u00e2t \u0219i aplicarea sanc\u021biunilor prev\u0103zute de legisla\u021bie.<\/p>\n<h2 class=\"wp-block-heading\">Timi\u0219orenii pot sesiza focarele de ambrozie<\/h2>\n<p class=\"wp-block-paragraph\">Locuitorii Timi\u0219oarei care identific\u0103 focare de ambrozie pe terenuri ne\u00eentre\u021binute pot transmite sesiz\u0103ri c\u0103tre municipalitate.<\/p>\n<p class=\"wp-block-paragraph\">Sesiz\u0103rile pot fi trimise la adresa de e-mail <strong>primariatm@primariatm.ro<\/strong> sau pot fi f\u0103cute la dispeceratul Poli\u021biei Locale Timi\u0219oara.<\/p>\n<p class=\"wp-block-paragraph\">Prim\u0103ria continu\u0103 astfel verific\u0103rile \u00een teren, cu obiectivul de a identifica \u0219i elimina focarele de ambrozie \u00eenainte ca planta s\u0103 elibereze cantit\u0103\u021bi importante de polen.<\/p>\n<\/div>\n<p>[analyse_source url=&#8221;https:\/\/orasul-timisoara.ro\/local-40514\/&#8221;]<\/p>\n","protected":false},"excerpt":{"rendered":"<p>[analyse_image type=&#8221;featured&#8221; src=&#8221;https:\/\/orasul-timisoara.ro\/wp-content\/uploads\/2026\/08\/Ambrozie-oras.jpg&#8221;] Administra\u021bie local\u0103Prim\u0103ria Timi\u0219oara continu\u0103 controalele pentru terenurile ne\u00eentre\u021binute \u0219i focarele de ambrozie. 110&#8230; Administra\u021bie local\u0103 S\u0103n\u0103tate \u0218tiri Locale Prim\u0103ria Timi\u0219oara continu\u0103 controalele pentru terenurile ne\u00eentre\u021binute \u0219i focarele de ambrozie. 110 amenzi aplicate \u00een aceast\u0103 var\u0103 De c\u0103tre redactia &#8211; 25\/08\/2026 Facebook Twitter WhatsApp Linkedin ReddIt Email Imprimare Prim\u0103ria Timi\u0219oara continu\u0103 verific\u0103rile pentru [&hellip;]<\/p>\n","protected":false},"author":1,"featured_media":0,"comment_status":"open","ping_status":"","sticky":false,"template":"","format":"standard","meta":{"footnotes":""},"categories":[89],"tags":[226,189],"class_list":["post-2111020","post","type-post","status-publish","format-standard","hentry","category-romania","tag-crawlmanager","tag-orasul-timisoara-ro"],"_links":{"self":[{"href":"https:\/\/analyse.optim.biz\/index.php?rest_route=\/wp\/v2\/posts\/2111020","targetHints":{"allow":["GET"]}}],"collection":[{"href":"https:\/\/analyse.optim.biz\/index.php?rest_route=\/wp\/v2\/posts"}],"about":[{"href":"https:\/\/analyse.optim.biz\/index.php?rest_route=\/wp\/v2\/types\/post"}],"author":[{"embeddable":true,"href":"https:\/\/analyse.optim.biz\/index.php?rest_route=\/wp\/v2\/users\/1"}],"replies":[{"embeddable":true,"href":"https:\/\/analyse.optim.biz\/index.php?rest_route=%2Fwp%2Fv2%2Fcomments&post=2111020"}],"version-history":[{"count":0,"href":"https:\/\/analyse.optim.biz\/index.php?rest_route=\/wp\/v2\/posts\/2111020\/revisions"}],"wp:attachment":[{"href":"https:\/\/analyse.optim.biz\/index.php?rest_route=%2Fwp%2Fv2%2Fmedia&parent=2111020"}],"wp:term":[{"taxonomy":"category","embeddable":true,"href":"https:\/\/analyse.optim.biz\/index.php?rest_route=%2Fwp%2Fv2%2Fcategories&post=2111020"},{"taxonomy":"post_tag","embeddable":true,"href":"https:\/\/analyse.optim.biz\/index.php?rest_route=%2Fwp%2Fv2%2Ftags&post=2111020"}],"curies":[{"name":"wp","href":"https:\/\/api.w.org\/{rel}","templated":true}]}}