{"id":2111015,"date":"2026-08-25T15:20:01","date_gmt":"2026-08-25T12:20:01","guid":{"rendered":"https:\/\/analyse.optim.biz\/?p=2111015"},"modified":"2026-08-25T15:20:01","modified_gmt":"2026-08-25T12:20:01","slug":"primele-placi-de-piatra-naturala-montate-in-piata-traian-din-timisoara","status":"publish","type":"post","link":"https:\/\/analyse.optim.biz\/?p=2111015","title":{"rendered":"Primele pl\u0103ci de piatr\u0103 natural\u0103, montate \u00een Pia\u021ba Traian din Timi\u0219oara"},"content":{"rendered":"<p>[analyse_image type=&#8221;featured&#8221; src=&#8221;https:\/\/orasul-timisoara.ro\/wp-content\/uploads\/2026\/08\/786453184_1412264284181269_4182515969705390182_n.jpg&#8221;]<\/p>\n<article id=\"post-40492\" class=\"td-post-template-7 post-40492 post type-post status-publish format-standard has-post-thumbnail category-administratie category-featured category-investitii-in-timisoara category-stiri-timisoara tag-adr-vest tag-cartierul-traian tag-lucrari-timisoara-2 tag-piata-traian-2 tag-piatra-cubica tag-piatra-naturala tag-primaria-timisoara-2 tag-programul-regional-vest tag-reabilitare-piata-traian tag-timisoara-2 td-container-wrap\">\n<div class=\"td-full-screen-header-image-wrap\">\n<div class=\"td-container td-post-header\">\n<div class=\"td-crumb-container\">\n<div class=\"entry-crumbs\"><span><a title=\"Vede\u021bi toate articolele \u00een Administra\u021bie local\u0103\" class=\"entry-crumb\" href=\"https:\/\/orasul-timisoara.ro\/local-category\/administratie\/\">Administra\u021bie local\u0103<\/a><\/span><span class=\"td-bred-no-url-last\">Primele pl\u0103ci de piatr\u0103 natural\u0103, montate \u00een Pia\u021ba Traian din Timi\u0219oara<\/span><\/div>\n<\/div>\n<div class=\"td-post-header-holder\">\n<div class=\"td-parallax-header\">\n<header class=\"td-post-title\">\n<ul class=\"td-category\">\n<li class=\"entry-category\"><a href=\"https:\/\/orasul-timisoara.ro\/local-category\/administratie\/\">Administra\u021bie local\u0103<\/a><\/li>\n<li class=\"entry-category\"><a href=\"https:\/\/orasul-timisoara.ro\/local-category\/investitii-in-timisoara\/\">Investitii in Timisoara<\/a><\/li>\n<li class=\"entry-category\"><a href=\"https:\/\/orasul-timisoara.ro\/local-category\/stiri-timisoara\/\">\u0218tiri Locale<\/a><\/li>\n<\/ul>\n<h1 class=\"entry-title\">Primele pl\u0103ci de piatr\u0103 natural\u0103, montate \u00een Pia\u021ba Traian din Timi\u0219oara<\/h1>\n<div class=\"td-module-meta-info\">\n<div class=\"td-post-author-name\">\n<div class=\"td-author-by\">De c\u0103tre<\/div>\n<p><a href=\"https:\/\/orasul-timisoara.ro\/author\/timisoara\/\">redactia<\/a><\/p>\n<div class=\"td-author-line\"> &#8211; <\/div>\n<\/div>\n<p><span class=\"td-post-date\"><time class=\"entry-date updated td-module-date\" datetime=\"2026-08-25T18:20:01+03:00\">25\/08\/2026<\/time><\/span><\/div>\n<\/header>\n<\/div>\n<\/div>\n<\/div>\n<div id=\"td-full-screen-header-image\" class=\"td-image-gradient-style7\"><img decoding=\"async\" class=\"td-backstretch\" src=\"https:\/\/orasul-timisoara.ro\/wp-content\/uploads\/2026\/08\/786453184_1412264284181269_4182515969705390182_n.jpg\"><\/div>\n<\/div>\n<div class=\"td-container\">\n<div class=\"td-pb-row\">\n<div class=\"td-pb-span8 td-main-content\" role=\"main\">\n<div class=\"td-ss-main-content\">\n<div class=\"td-post-sharing-top\">\n<div class=\"td-post-sharing-classic\"><iframe title=\"topFacebookLike\" frameborder src=\"https:\/\/www.facebook.com\/plugins\/like.php?href=https:\/\/orasul-timisoara.ro\/local-40492\/&amp;layout=button_count&amp;show_faces=false&amp;width=105&amp;action=like&amp;colorscheme=light&amp;height=21\"><\/iframe><\/div>\n<div id=\"td_social_sharing_article_top\" class=\"td-post-sharing td-ps-bg td-ps-notext td-post-sharing-style1 \">\n<div class=\"td-post-sharing-visible\"><a class=\"td-social-sharing-button td-social-sharing-button-js td-social-network td-social-facebook\" href=\"https:\/\/www.facebook.com\/sharer.php?u=https%3A%2F%2Forasul-timisoara.ro%2Flocal-40492%2F\" title=\"Facebook\"><\/p>\n<div class=\"td-social-but-text\">Facebook<\/div>\n<p><\/a><a class=\"td-social-sharing-button td-social-sharing-button-js td-social-network td-social-twitter\" href=\"https:\/\/twitter.com\/intent\/tweet?text=Primele+pl%C4%83ci+de+piatr%C4%83+natural%C4%83%2C+montate+%C3%AEn+Pia%C8%9Ba+Traian+din+Timi%C8%99oara&amp;url=https%3A%2F%2Forasul-timisoara.ro%2Flocal-40492%2F&amp;via=orasultm\" title=\"Twitter\"><\/p>\n<div class=\"td-social-but-text\">Twitter<\/div>\n<p><\/a><a class=\"td-social-sharing-button td-social-sharing-button-js td-social-network td-social-whatsapp\" href=\"https:\/\/api.whatsapp.com\/send?text=Primele+pl%C4%83ci+de+piatr%C4%83+natural%C4%83%2C+montate+%C3%AEn+Pia%C8%9Ba+Traian+din+Timi%C8%99oara%20%0A%0A%20https:\/\/orasul-timisoara.ro\/local-40492\/\" title=\"WhatsApp\"><\/p>\n<div class=\"td-social-but-text\">WhatsApp<\/div>\n<p><\/a><a class=\"td-social-sharing-button td-social-sharing-button-js td-social-network td-social-linkedin\" href=\"https:\/\/www.linkedin.com\/shareArticle?mini=true&amp;url=https:\/\/orasul-timisoara.ro\/local-40492\/&amp;title=Primele+pl%C4%83ci+de+piatr%C4%83+natural%C4%83%2C+montate+%C3%AEn+Pia%C8%9Ba+Traian+din+Timi%C8%99oara\" title=\"Linkedin\"><\/p>\n<div class=\"td-social-but-text\">Linkedin<\/div>\n<p><\/a><a class=\"td-social-sharing-button td-social-sharing-button-js td-social-network td-social-reddit\" href=\"https:\/\/reddit.com\/submit?url=https:\/\/orasul-timisoara.ro\/local-40492\/&amp;title=Primele+pl%C4%83ci+de+piatr%C4%83+natural%C4%83%2C+montate+%C3%AEn+Pia%C8%9Ba+Traian+din+Timi%C8%99oara\" title=\"ReddIt\"><\/p>\n<div class=\"td-social-but-text\">ReddIt<\/div>\n<p><\/a><a class=\"td-social-sharing-button td-social-sharing-button-js td-social-network td-social-mail\" href=\"mailto:?subject=Primele%20pl%C4%83ci%20de%20piatr%C4%83%20natural%C4%83,%20montate%20%C3%AEn%20Pia%C8%9Ba%20Traian%20din%20Timi%C8%99oara&amp;body=https:\/\/orasul-timisoara.ro\/local-40492\/\" title=\"Email\"><\/p>\n<div class=\"td-social-but-text\">Email<\/div>\n<p><\/a><a class=\"td-social-sharing-button td-social-sharing-button-js td-social-network td-social-print\" href=\"https:\/\/orasul-timisoara.ro\/local-40492\/\" title=\"Imprimare\"><\/p>\n<div class=\"td-social-but-text\">Imprimare<\/div>\n<p><\/a><\/div>\n<\/div>\n<\/div>\n<div class=\"td-post-content tagdiv-type\">\n<p class=\"wp-block-paragraph\">Pia\u021ba Traian din Timi\u0219oara a intrat \u00een una dintre ultimele etape ale proiectului de reabilitare, dup\u0103 ce au \u00eenceput lucr\u0103rile de montare a primelor pl\u0103ci de piatr\u0103 natural\u0103. La cinci luni de la \u00eenceperea proiectului, \u0219antierul a ajuns \u00eentr-o etap\u0103 avansat\u0103, iar autorit\u0103\u021bile estimeaz\u0103 c\u0103 lucr\u0103rile din pia\u021b\u0103 se apropie de finalizare.<\/p>\n<h2 class=\"wp-block-heading\">Au \u00eenceput lucr\u0103rile cu piatr\u0103 natural\u0103 \u00een Pia\u021ba Traian<\/h2>\n<p class=\"wp-block-paragraph\">Primele pl\u0103ci de piatr\u0103 natural\u0103 sunt montate \u00een Pia\u021ba Traian, acestea reprezent\u00e2nd una dintre ultimele etape importante ale lucr\u0103rilor de reamenajare a zonei.<\/p>\n<p class=\"wp-block-paragraph\">Potrivit Prim\u0103riei Timi\u0219oara, cercetarea arheologic\u0103 desf\u0103\u0219urat\u0103 \u00een timpul proiectului nu a identificat elemente care s\u0103 impun\u0103 \u00eent\u00e2rzieri ale lucr\u0103rilor.<\/p>\n<p class=\"wp-block-paragraph\">Astfel, la aproximativ cinci luni de la deschiderea \u0219antierului, proiectul a ajuns deja \u00een etapa de amenajare a suprafe\u021belor cu piatr\u0103 natural\u0103.<\/p>\n<h2 class=\"wp-block-heading\">Piatra cubic\u0103 veche va fi refolosit\u0103<\/h2>\n<p class=\"wp-block-paragraph\">O parte dintre materialele existente \u00een pia\u021b\u0103 nu vor fi abandonate. Piatra cubic\u0103 veche va fi refolosit\u0103 \u00een cadrul proiectului, inclusiv la baza cl\u0103dirilor istorice din Pia\u021ba Traian.<\/p>\n<p class=\"wp-block-paragraph\">Materialul va fi utilizat \u0219i pe mai multe str\u0103zi din cartier incluse \u00een proiect, precum \u0219i pentru amenajarea unor locuri de parcare.<\/p>\n<p class=\"wp-block-paragraph\">Refolosirea pietrei existente urm\u0103re\u0219te at\u00e2t p\u0103strarea caracterului istoric al zonei, c\u00e2t \u0219i valorificarea materialelor care au f\u0103cut parte deja din infrastructura cartierului.<\/p>\n<h2 class=\"wp-block-heading\">Proiectul de reabilitare a Pie\u021bei Traian<\/h2>\n<p class=\"wp-block-paragraph\">Lucr\u0103rile din Pia\u021ba Traian fac parte dintr-un proiect mai amplu de reabilitare a zonei istorice \u0219i a mai multor str\u0103zi din cartier.<\/p>\n<p class=\"wp-block-paragraph\">Interven\u021biile urm\u0103resc modernizarea spa\u021biilor publice, \u00eembun\u0103t\u0103\u021birea infrastructurii \u0219i punerea \u00een valoare a zonei istorice, cu p\u0103strarea elementelor care definesc identitatea cartierului Traian.<\/p>\n<figure class=\"wp-block-gallery has-nested-images columns-default is-cropped wp-block-gallery-1 is-layout-flex wp-block-gallery-is-layout-flex\">\n<figure class=\"wp-block-image size-full\"><img loading=\"lazy\" decoding=\"async\" width=\"1920\" height=\"1280\" data-id=\"40495\" src=\"https:\/\/orasul-timisoara.ro\/wp-content\/uploads\/2026\/08\/786453184_1412264284181269_4182515969705390182_n.jpg\" alt class=\"wp-image-40495\"><\/figure>\n<figure class=\"wp-block-image size-full\"><img loading=\"lazy\" decoding=\"async\" width=\"1920\" height=\"1080\" data-id=\"40497\" src=\"https:\/\/orasul-timisoara.ro\/wp-content\/uploads\/2026\/08\/786756268_1551323232672951_7701575859914703359_n.jpg\" alt class=\"wp-image-40497\"><\/figure>\n<figure class=\"wp-block-image size-full\"><img loading=\"lazy\" decoding=\"async\" width=\"1920\" height=\"1080\" data-id=\"40496\" src=\"https:\/\/orasul-timisoara.ro\/wp-content\/uploads\/2026\/08\/787507380_1573089544270136_4935021526231548085_n.jpg\" alt class=\"wp-image-40496\"><\/figure>\n<figure class=\"wp-block-image size-full\"><img decoding=\"async\" loading=\"lazy\" width=\"1920\" height=\"1080\" data-id=\"40494\" src=\"https:\/\/orasul-timisoara.ro\/wp-content\/uploads\/2026\/08\/778984903_1086701637142286_6575914598642730005_n.jpg\" alt class=\"wp-image-40494\"><\/figure>\n<figure class=\"wp-block-image size-full\"><img decoding=\"async\" loading=\"lazy\" width=\"1920\" height=\"1080\" data-id=\"40493\" src=\"https:\/\/orasul-timisoara.ro\/wp-content\/uploads\/2026\/08\/785059123_1622771282855067_1659943858266451337_n.jpg\" alt class=\"wp-image-40493\"><\/figure>\n<\/figure>\n<p class=\"wp-block-paragraph\">Proiectul este cofinan\u021bat de Uniunea European\u0103, prin ADR Vest, \u00een calitate de Autoritate de Management pentru Programul Regional Vest 2021\u20132027.<\/p>\n<p class=\"wp-block-paragraph\">Montarea pl\u0103cilor de piatr\u0103 natural\u0103 marcheaz\u0103 astfel una dintre ultimele etape ale lucr\u0103rilor din Pia\u021ba Traian, pia\u021b\u0103 care urmeaz\u0103 s\u0103 \u00ee\u0219i recapete treptat aspectul \u0219i func\u021bionalitatea dup\u0103 finalizarea proiectului.<\/p>\n<\/div>\n<footer>\n<div class=\"td-post-source-tags\">\n<ul class=\"td-tags td-post-small-box clearfix\">\n<li><span>ETICHETE<\/span><\/li>\n<li><a href=\"https:\/\/orasul-timisoara.ro\/local-tag\/adr-vest\/\">adr vest<\/a><\/li>\n<li><a href=\"https:\/\/orasul-timisoara.ro\/local-tag\/cartierul-traian\/\">cartierul traian<\/a><\/li>\n<li><a href=\"https:\/\/orasul-timisoara.ro\/local-tag\/lucrari-timisoara-2\/\">lucr\u0103ri Timi\u0219oara<\/a><\/li>\n<li><a href=\"https:\/\/orasul-timisoara.ro\/local-tag\/piata-traian-2\/\">Pia\u021ba Traian<\/a><\/li>\n<li><a href=\"https:\/\/orasul-timisoara.ro\/local-tag\/piatra-cubica\/\">piatr\u0103 cubic\u0103<\/a><\/li>\n<li><a href=\"https:\/\/orasul-timisoara.ro\/local-tag\/piatra-naturala\/\">piatr\u0103 natural\u0103<\/a><\/li>\n<li><a href=\"https:\/\/orasul-timisoara.ro\/local-tag\/primaria-timisoara-2\/\">Prim\u0103ria Timi\u0219oara<\/a><\/li>\n<li><a href=\"https:\/\/orasul-timisoara.ro\/local-tag\/programul-regional-vest\/\">Programul Regional Vest<\/a><\/li>\n<li><a href=\"https:\/\/orasul-timisoara.ro\/local-tag\/reabilitare-piata-traian\/\">reabilitare pia\u021ba traian<\/a><\/li>\n<li><a href=\"https:\/\/orasul-timisoara.ro\/local-tag\/timisoara-2\/\">timi\u0219oara<\/a><\/li>\n<\/ul>\n<\/div>\n<div class=\"td-post-sharing-bottom\">\n<div class=\"td-post-sharing-classic\"><iframe title=\"bottomFacebookLike\" frameborder src=\"https:\/\/www.facebook.com\/plugins\/like.php?href=https:\/\/orasul-timisoara.ro\/local-40492\/&amp;layout=button_count&amp;show_faces=false&amp;width=105&amp;action=like&amp;colorscheme=light&amp;height=21\"><\/iframe><\/div>\n<div id=\"td_social_sharing_article_bottom\" class=\"td-post-sharing td-ps-bg td-ps-notext td-post-sharing-style1 \">\n<div class=\"td-post-sharing-visible\"><a class=\"td-social-sharing-button td-social-sharing-button-js td-social-network td-social-facebook\" href=\"https:\/\/www.facebook.com\/sharer.php?u=https%3A%2F%2Forasul-timisoara.ro%2Flocal-40492%2F\" title=\"Facebook\"><\/p>\n<div class=\"td-social-but-text\">Facebook<\/div>\n<p><\/a><a class=\"td-social-sharing-button td-social-sharing-button-js td-social-network td-social-twitter\" href=\"https:\/\/twitter.com\/intent\/tweet?text=Primele+pl%C4%83ci+de+piatr%C4%83+natural%C4%83%2C+montate+%C3%AEn+Pia%C8%9Ba+Traian+din+Timi%C8%99oara&amp;url=https%3A%2F%2Forasul-timisoara.ro%2Flocal-40492%2F&amp;via=orasultm\" title=\"Twitter\"><\/p>\n<div class=\"td-social-but-text\">Twitter<\/div>\n<p><\/a><a class=\"td-social-sharing-button td-social-sharing-button-js td-social-network td-social-whatsapp\" href=\"https:\/\/api.whatsapp.com\/send?text=Primele+pl%C4%83ci+de+piatr%C4%83+natural%C4%83%2C+montate+%C3%AEn+Pia%C8%9Ba+Traian+din+Timi%C8%99oara%20%0A%0A%20https:\/\/orasul-timisoara.ro\/local-40492\/\" title=\"WhatsApp\"><\/p>\n<div class=\"td-social-but-text\">WhatsApp<\/div>\n<p><\/a><a class=\"td-social-sharing-button td-social-sharing-button-js td-social-network td-social-linkedin\" href=\"https:\/\/www.linkedin.com\/shareArticle?mini=true&amp;url=https:\/\/orasul-timisoara.ro\/local-40492\/&amp;title=Primele+pl%C4%83ci+de+piatr%C4%83+natural%C4%83%2C+montate+%C3%AEn+Pia%C8%9Ba+Traian+din+Timi%C8%99oara\" title=\"Linkedin\"><\/p>\n<div class=\"td-social-but-text\">Linkedin<\/div>\n<p><\/a><a class=\"td-social-sharing-button td-social-sharing-button-js td-social-network td-social-reddit\" href=\"https:\/\/reddit.com\/submit?url=https:\/\/orasul-timisoara.ro\/local-40492\/&amp;title=Primele+pl%C4%83ci+de+piatr%C4%83+natural%C4%83%2C+montate+%C3%AEn+Pia%C8%9Ba+Traian+din+Timi%C8%99oara\" title=\"ReddIt\"><\/p>\n<div class=\"td-social-but-text\">ReddIt<\/div>\n<p><\/a><a class=\"td-social-sharing-button td-social-sharing-button-js td-social-network td-social-mail\" href=\"mailto:?subject=Primele%20pl%C4%83ci%20de%20piatr%C4%83%20natural%C4%83,%20montate%20%C3%AEn%20Pia%C8%9Ba%20Traian%20din%20Timi%C8%99oara&amp;body=https:\/\/orasul-timisoara.ro\/local-40492\/\" title=\"Email\"><\/p>\n<div class=\"td-social-but-text\">Email<\/div>\n<p><\/a><a class=\"td-social-sharing-button td-social-sharing-button-js td-social-network td-social-print\" href=\"https:\/\/orasul-timisoara.ro\/local-40492\/\" title=\"Imprimare\"><\/p>\n<div class=\"td-social-but-text\">Imprimare<\/div>\n<p><\/a><\/div>\n<\/div>\n<\/div>\n<div class=\"td-block-row td-post-next-prev\">\n<div class=\"td-block-span6 td-post-prev-post\">\n<div class=\"td-post-next-prev-content\"><span>Articolul precedent<\/span><a href=\"https:\/\/orasul-timisoara.ro\/local-40487\/\">Aniri Cards aduce la Timi\u0219oara carduri rare \u0219i tricouri semnate de fotbali\u0219ti, \u00een weekend la Iulius Town<\/a><\/div>\n<\/div>\n<div class=\"td-block-span6 td-post-next-post\">\n<div class=\"td-post-next-prev-content\"><span>Articolul urm\u0103tor<\/span><a href=\"https:\/\/orasul-timisoara.ro\/local-40499\/\">Asfalt nou pe Calea Buzia\u0219ului. Lucr\u0103rile dintre Electrotimi\u0219 \u0219i AEM s-au \u00eencheiat (foto)<\/a><\/div>\n<\/div>\n<\/div>\n<div class=\"td-author-name vcard author\"><span class=\"fn\"><a href=\"https:\/\/orasul-timisoara.ro\/author\/timisoara\/\">redactia<\/a><\/span><\/div>\n<p><span class=\"td-page-meta\"><\/span><span class=\"td-page-meta\"><span class=\"td-page-meta\"><\/span><\/span><span class=\"td-page-meta\"><\/span><\/footer>\n<div class=\"td_block_wrap td_block_related_posts tdi_3 td_with_ajax_pagination td-pb-border-top td_block_template_8\" data-td-block-uid=\"tdi_3\">\n<h4 class=\"td-related-title td-block-title\"><a id=\"tdi_4\" class=\"td-related-left td-cur-simple-item\" data-td_filter_value data-td_block_id=\"tdi_3\" href=\"https:\/\/orasul-timisoara.ro\/local-40492\/\">ARTICOLE SIMILARE<\/a><a id=\"tdi_5\" class=\"td-related-right\" data-td_filter_value=\"td_related_more_from_author\" data-td_block_id=\"tdi_3\" href=\"https:\/\/orasul-timisoara.ro\/local-40492\/\">DE LA ACELA\u0218I AUTOR<\/a><\/h4>\n<div id=\"tdi_3\" class=\"td_block_inner\">\n<div class=\"td-related-row\">\n<div class=\"td-related-span4\">\n<div class=\"td_module_related_posts td-animation-stack td_mod_related_posts\">\n<div class=\"td-module-image\">\n<div class=\"td-module-thumb\"><a href=\"https:\/\/orasul-timisoara.ro\/local-40499\/\" rel=\"bookmark\" class=\"td-image-wrap \" title=\"Asfalt nou pe Calea Buzia\u0219ului. Lucr\u0103rile dintre Electrotimi\u0219 \u0219i AEM s-au \u00eencheiat (foto)\"><img loading=\"lazy\" decoding=\"async\" class=\"entry-thumb\" src=\"https:\/\/orasul-timisoara.ro\/wp-content\/uploads\/2026\/08\/asfaltare-buziasului-3-436x300.jpg\" alt title=\"Asfalt nou pe Calea Buzia\u0219ului. Lucr\u0103rile dintre Electrotimi\u0219 \u0219i AEM s-au \u00eencheiat (foto)\" width=\"218\" height=\"150\"><\/a><\/div>\n<\/div>\n<div class=\"item-details\">\n<h3 class=\"entry-title td-module-title\"><a href=\"https:\/\/orasul-timisoara.ro\/local-40499\/\" rel=\"bookmark\" title=\"Asfalt nou pe Calea Buzia\u0219ului. Lucr\u0103rile dintre Electrotimi\u0219 \u0219i AEM s-au \u00eencheiat (foto)\">Asfalt nou pe Calea Buzia\u0219ului. Lucr\u0103rile dintre Electrotimi\u0219 \u0219i AEM s-au \u00eencheiat (foto)<\/a><\/h3>\n<\/div>\n<\/div>\n<\/div>\n<div class=\"td-related-span4\">\n<div class=\"td_module_related_posts td-animation-stack td_mod_related_posts\">\n<div class=\"td-module-image\">\n<div class=\"td-module-thumb\"><a href=\"https:\/\/orasul-timisoara.ro\/local-40229\/\" rel=\"bookmark\" class=\"td-image-wrap \" title=\"Aquapark de patru hectare la S\u00e2nnicolau Mare. C\u00e2nd ar putea fi gata\"><img loading=\"lazy\" decoding=\"async\" class=\"entry-thumb\" src=\"https:\/\/orasul-timisoara.ro\/wp-content\/uploads\/2026\/08\/primar-sannicolau-436x300.jpg\" alt title=\"Aquapark de patru hectare la S\u00e2nnicolau Mare. C\u00e2nd ar putea fi gata\" width=\"218\" height=\"150\"><\/a><\/div>\n<\/div>\n<div class=\"item-details\">\n<h3 class=\"entry-title td-module-title\"><a href=\"https:\/\/orasul-timisoara.ro\/local-40229\/\" rel=\"bookmark\" title=\"Aquapark de patru hectare la S\u00e2nnicolau Mare. C\u00e2nd ar putea fi gata\">Aquapark de patru hectare la S\u00e2nnicolau Mare. C\u00e2nd ar putea fi gata<\/a><\/h3>\n<\/div>\n<\/div>\n<\/div>\n<div class=\"td-related-span4\">\n<div class=\"td_module_related_posts td-animation-stack td_mod_related_posts\">\n<div class=\"td-module-image\">\n<div class=\"td-module-thumb\"><a href=\"https:\/\/orasul-timisoara.ro\/local-39618\/\" rel=\"bookmark\" class=\"td-image-wrap \" title=\"Prim\u0103ria Timi\u0219oara a \u00eenceput transformarea Pie\u021bei Corneliu Miclo\u0219i \u00eentr-un parc urban (foto)\"><img loading=\"lazy\" decoding=\"async\" class=\"entry-thumb\" src=\"https:\/\/orasul-timisoara.ro\/wp-content\/uploads\/2026\/07\/Piata-Corneliu-Miclosi-3-1-436x300.jpg\" alt title=\"Prim\u0103ria Timi\u0219oara a \u00eenceput transformarea Pie\u021bei Corneliu Miclo\u0219i \u00eentr-un parc urban (foto)\" width=\"218\" height=\"150\"><\/a><\/div>\n<\/div>\n<div class=\"item-details\">\n<h3 class=\"entry-title td-module-title\"><a href=\"https:\/\/orasul-timisoara.ro\/local-39618\/\" rel=\"bookmark\" title=\"Prim\u0103ria Timi\u0219oara a \u00eenceput transformarea Pie\u021bei Corneliu Miclo\u0219i \u00eentr-un parc urban (foto)\">Prim\u0103ria Timi\u0219oara a \u00eenceput transformarea Pie\u021bei Corneliu Miclo\u0219i \u00eentr-un parc urban (foto)<\/a><\/h3>\n<\/div>\n<\/div>\n<\/div>\n<\/div>\n<\/div>\n<\/div>\n<div class=\"comments\" id=\"comments\">\n<div id=\"respond\" class=\"comment-respond\">\n<h3 id=\"reply-title\" class=\"comment-reply-title\">L\u0102SA\u021aI UN MESAJ<\/h3>\n<div class=\"comment-form-input-wrap td-form-comment\">\n<div class=\"td-warning-comment\">V\u0103 rug\u0103m s\u0103 introduce\u021bi comentariul dvs.!<\/div>\n<\/div>\n<div class=\"comment-form-input-wrap td-form-author\">\n<div class=\"td-warning-author\">Introduce\u021bi aici numele dvs.<\/div>\n<\/div>\n<div class=\"comment-form-input-wrap td-form-email\">\n<div class=\"td-warning-email-error\">A\u021bi introdus o adres\u0103 de e-mail incorect\u0103!<\/div>\n<div class=\"td-warning-email\">V\u0103 rug\u0103m s\u0103 introduce\u021bi adresa dvs. de e-mail aici<\/div>\n<\/div>\n<\/div>\n<p class=\"akismet_comment_form_privacy_notice\">Acest site folose\u0219te Akismet pentru a reduce spamul. <a href=\"https:\/\/akismet.com\/privacy\/\" target=\"_blank\" rel=\"nofollow noopener\">Afl\u0103 cum sunt procesate datele comentariilor tale<\/a>.<\/p>\n<\/div>\n<\/div>\n<\/div>\n<div class=\"td-pb-span4 td-main-sidebar\" role=\"complementary\">\n<div class=\"td-ss-main-sidebar\">\n<aside id=\"block-4\" class=\"td_block_template_8 widget block-4 widget_block widget_media_image\">\n<figure class=\"wp-block-image size-full\"><img decoding=\"async\" loading=\"lazy\" width=\"336\" height=\"280\" src=\"https:\/\/orasul-timisoara.ro\/wp-content\/uploads\/2024\/11\/ReTIM-Abonamentul-Verde-Google-Ads-336x280px.gif\" alt class=\"wp-image-29257\"><\/figure>\n<\/aside>\n<div class=\"td_block_wrap td_block_social_counter td_block_widget tdi_6 td-social-style5 td-social-boxed td-pb-border-top td_block_template_8\">\n<div class=\"td-block-title-wrap\">\n<h4 class=\"td-block-title\"><span>Urm\u0103re\u0219te-ne pe Social Media<\/span><\/h4>\n<\/div>\n<div class=\"td-social-list\">\n<div class=\"td_social_type td-pb-margin-side td_social_facebook\">\n<div class=\"td-social-box\"><span class=\"td_social_info td_social_info_counter\">344,595<\/span><span class=\"td_social_info td_social_info_name\">Fani<\/span><span class=\"td_social_button\"><a href=\"https:\/\/www.facebook.com\/247timisoara\" target=\"_blank\" rel=\"nofollow\">\u00cemi place<\/a><\/span><\/div>\n<\/div>\n<div class=\"td_social_type td-pb-margin-side td_social_instagram\">\n<div class=\"td-social-box\"><span class=\"td_social_info td_social_info_counter\">4,416<\/span><span class=\"td_social_info td_social_info_name\">Cititori<\/span><span class=\"td_social_button\"><a href=\"https:\/\/instagram.com\/orasultimisoararo\/\" target=\"_blank\" rel=\"nofollow\">Conecta\u021bi-v\u0103<\/a><\/span><\/div>\n<\/div>\n<div class=\"td_social_type td-pb-margin-side td_social_rss\">\n<div class=\"td-social-box\"><span class=\"td_social_info td_social_info_counter\">12,506<\/span><span class=\"td_social_info td_social_info_name\">Cititori<\/span><span class=\"td_social_button\"><a href=\"https:\/\/orasul-timisoara.ro\/feed\/\" target=\"_blank\" rel=\"nofollow\">Conecta\u021bi-v\u0103<\/a><\/span><\/div>\n<\/div>\n<div class=\"td_social_type td-pb-margin-side td_social_tiktok\">\n<div class=\"td-social-box\"><span class=\"td_social_info td_social_info_counter\">1,500<\/span><span class=\"td_social_info td_social_info_name\">Cititori<\/span><span class=\"td_social_button\"><a href=\"https:\/\/www.tiktok.com\/@orasultimisoara\" target=\"_blank\" rel=\"nofollow\">Conecta\u021bi-v\u0103<\/a><\/span><\/div>\n<\/div>\n<div class=\"td_social_type td-pb-margin-side td_social_twitter\">\n<div class=\"td-social-box\"><span class=\"td_social_info td_social_info_counter\">1,595<\/span><span class=\"td_social_info td_social_info_name\">Cititori<\/span><span class=\"td_social_button\"><a href=\"https:\/\/twitter.com\/orasultm\" target=\"_blank\" rel=\"nofollow\">Conecta\u021bi-v\u0103<\/a><\/span><\/div>\n<\/div>\n<div class=\"td_social_type td-pb-margin-side td_social_youtube\">\n<div class=\"td-social-box\"><span class=\"td_social_info td_social_info_counter\">3,506<\/span><span class=\"td_social_info td_social_info_name\">Abona\u021bi<\/span><span class=\"td_social_button\"><a href=\"https:\/\/www.youtube.com\/channel\/UCQNsQvs2XCSIm1Z-AHRturw?sub_confirmation=1\" target=\"_blank\" rel=\"nofollow\">Abona\u021bi-v\u0103<\/a><\/span><\/div>\n<\/div>\n<\/div>\n<\/div>\n<aside id=\"text-7\" class=\"td_block_template_8 widget text-7 widget_text\">\n<h4 class=\"td-block-title\"><span>C\u0103ut\u0103ri populare pe OTM<\/span><\/h4>\n<div class=\"textwidget\"><a href=\"https:\/\/orasul-timisoara.ro\/?s=timisoara\"><span>Timisoara<\/span><\/a><a href=\"https:\/\/orasul-timisoara.ro\/?s=calin+dobra\"><span>Calin Dobra<\/span><\/a><a href=\"https:\/\/orasul-timisoara.ro\/?s=primaria+timisoara\"><span>Primaria Timisoara<\/span><\/a><a href=\"https:\/\/orasul-timisoara.ro\/?s=dominic+fritz\"><span>Dominic Fritz<\/span><\/a><a href=\"https:\/\/orasul-timisoara.ro\/?s=nicolae+robu\"><span>Nicolae Robu<\/span><\/a><a href=\"https:\/\/orasul-timisoara.ro\/?s=consiliul+local+timisoara\">Consiliul Local Timisoara<\/a><a href=\"https:\/\/orasul-timisoara.ro\/?s=consiliul+judetean+timis\"><span>Consiliul Judetean Timis<\/span><\/a><a href=\"https:\/\/orasul-timisoara.ro\/?s=cjt\"><span>CJT<\/span><\/a><a href=\"https:\/\/orasul-timisoara.ro\/?s=Alfred+Simonis\"><span>Alfred Simonis<\/span><\/a><a href=\"https:\/\/orasul-timisoara.ro\/?s=PNL\"><span>PNL<\/span><\/a><a href=\"https:\/\/orasul-timisoara.ro\/?s=coronavirus\"><span>coronavirus<\/span><\/a><a href=\"https:\/\/orasul-timisoara.ro\/?s=teatru+timisoara\">teatru Timisoara<\/a><a href=\"https:\/\/orasul-timisoara.ro\/?s=restaurante\"><span>restaurante Timisoara<\/span><\/a><a href=\"https:\/\/orasul-timisoara.ro\/?s=diskoteka\"><span>Diskoteka<\/span><\/a><a href=\"https:\/\/orasul-timisoara.ro\/?s=iulius+town\"><span>Iulius Town<\/span><\/a><a href=\"https:\/\/orasul-timisoara.ro\/?s=iulius+mall\"><span>Iulius Mall<\/span><\/a><a href=\"https:\/\/orasul-timisoara.ro\/?s=stpt\"><span>STPT<\/span><\/a><a href=\"https:\/\/orasul-timisoara.ro\/?s=alin+nica\"><span>Alin Nica<\/span><\/a><a href=\"https:\/\/orasul-timisoara.ro\/?s=psd\"><span>PSD<\/span><\/a><a href=\"https:\/\/orasul-timisoara.ro\/?s=aeroport\"><span>Aeroportul International Timisoara<\/span><\/a><a href=\"https:\/\/orasul-timisoara.ro\/?s=babes\"><span>Spitalul Victor Babes Timisoara<\/span><\/a><a href=\"https:\/\/orasul-timisoara.ro\/?s=poli\"><span>Poli Timi\u0219oara<\/span><\/a><a href=\"https:\/\/orasul-timisoara.ro\/?s=carantina\"><span>carantina<\/span><\/a><a href=\"https:\/\/orasul-timisoara.ro\/?s=aquatim\"><span>Aquatim<\/span><\/a><a href=\"https:\/\/orasul-timisoara.ro\/local-category\/stiri-timisoara\/\"><span>Stiri Timisoara<\/span><\/a><a href=\"https:\/\/orasul-timisoara.ro\/local-category\/investitii-in-timisoara\/\"><span>Investi\u021bii in Timi\u0219oara<\/span><\/a><a href=\"https:\/\/orasul-timisoara.ro\/local-9463\/\"><span>shaorma<\/span><\/a><a href=\"https:\/\/orasul-timisoara.ro\/?s=trafic\"><span>trafic rutier<\/span><\/a><a href=\"https:\/\/orasul-timisoara.ro\/?s=politia\"><span>politia locala timisoara<\/span><\/a><a href=\"https:\/\/orasul-timisoara.ro\/?s=roxana\"><span>Roxana Iliescu<\/span><\/a><a href=\"https:\/\/orasul-timisoara.ro\/?s=colterm\"><span>Colterm<\/span><\/a><a href=\"https:\/\/orasul-timisoara.ro\/?s=latcau\"><span>Ruben La\u021bc\u0103u<\/span><\/a><a href=\"https:\/\/orasul-timisoara.ro\/?s=timis\"><span>\u0218tiri din Timi\u0219<\/span><\/a><a href=\"https:\/\/orasul-timisoara.ro\/?s=spital\"><span>Spitale din Timi\u0219oara<\/span><\/a><a href=\"https:\/\/orasul-timisoara.ro\/?s=tabara\"><span>Cosmin Tab\u0103r\u0103<\/span><\/a><\/div>\n<\/aside>\n<aside id=\"rss-2\" class=\"td_block_template_8 widget rss-2 widget_rss\">\n<h4 class=\"td-block-title\"><span><a class=\"rsswidget rss-widget-feed\" href=\"https:\/\/fashionfridays.ro\/feed\"><img decoding=\"async\" class=\"rss-widget-icon\" width=\"14\" height=\"14\" src=\"https:\/\/orasul-timisoara.ro\/wp-includes\/images\/rss.png\" alt=\"Flux RSS: Fashion Fridays\" loading=\"lazy\"><\/a><a class=\"rsswidget rss-widget-title\" href=\"https:\/\/fashionfridays.ro\/\">Fashion Fridays<\/a><\/span><\/h4>\n<ul>\n<li><a class=\"rsswidget\" href=\"https:\/\/fashionfridays.ro\/romania-devine-a-29-a-piata-vogue-o-noua-era-pentru-industria-locala-de-moda\/\">Rom\u00e2nia devine a 29-a pia\u021b\u0103 Vogue: o nou\u0103 er\u0103 pentru industria local\u0103 de mod\u0103<\/a>\n<div class=\"rssSummary\">Revista Vogue \u00ee\u0219i extinde prezen\u021ba global\u0103 \u0219i va fi lansat\u0103 oficial \u00een Rom\u00e2nia \u00een prim\u0103vara anului 2027, marc\u00e2nd intrarea pe cea de-a 29-a pia\u021b\u0103 interna\u021bional\u0103. Proiectul este realizat \u00een parteneriat cu AEMME Publishing, o companie media recent \u00eenfiin\u021bat\u0103, care va publica edi\u021bia local\u0103 sub licen\u021b\u0103. Noua edi\u021bie, Vogue Rom\u00e2nia, \u00ee\u0219i propune s\u0103 combine autoritatea global\u0103 [\u2026]<\/div>\n<\/li>\n<\/ul>\n<\/aside>\n<aside id=\"rss-4\" class=\"td_block_template_8 widget rss-4 widget_rss\">\n<h4 class=\"td-block-title\"><span><a class=\"rsswidget rss-widget-feed\" href=\"https:\/\/emasini.ro\/feed\"><img decoding=\"async\" class=\"rss-widget-icon\" width=\"14\" height=\"14\" src=\"https:\/\/orasul-timisoara.ro\/wp-includes\/images\/rss.png\" alt=\"Flux RSS: eMasini\" loading=\"lazy\"><\/a><a class=\"rsswidget rss-widget-title\" href=\"https:\/\/emasini.ro\/\">eMasini<\/a><\/span><\/h4>\n<ul>\n<li><a class=\"rsswidget\" href=\"https:\/\/emasini.ro\/adio-bordurilor-pline-de-ecrane-mercedes-benz-readuce-butoanele-in-noile-masini-produse\/\">Adio bordurilor pline de ecrane? Mercedes-Benz readuce butoanele \u00een noile ma\u0219ini produse<\/a>\n<div class=\"rssSummary\">Mercedes-Benz \u00ee\u0219i schimb\u0103 direc\u021bia \u00een ceea ce prive\u0219te designul interioarelor \u0219i va readuce comenzile fizice pentru anumite func\u021bii importante. Constructorul german nu renun\u021b\u0103 la ecranele mari \u0219i la tehnologiile digitale, dar recunoa\u0219te c\u0103 a mers prea departe prin eliminarea unor butoane \u0219i comenzi tactile. Ola K\u00e4llenius, pre\u0219edintele Consiliului de Administra\u021bie al Mercedes-Benz Group \u0219i CEO [\u2026]<\/div>\n<\/li>\n<\/ul>\n<\/aside>\n<\/div>\n<\/div>\n<\/div>\n<\/div>\n<\/article>\n<div class=\"td-post-content tagdiv-type\">\n<p class=\"wp-block-paragraph\">Pia\u021ba Traian din Timi\u0219oara a intrat \u00een una dintre ultimele etape ale proiectului de reabilitare, dup\u0103 ce au \u00eenceput lucr\u0103rile de montare a primelor pl\u0103ci de piatr\u0103 natural\u0103. La cinci luni de la \u00eenceperea proiectului, \u0219antierul a ajuns \u00eentr-o etap\u0103 avansat\u0103, iar autorit\u0103\u021bile estimeaz\u0103 c\u0103 lucr\u0103rile din pia\u021b\u0103 se apropie de finalizare.<\/p>\n<h2 class=\"wp-block-heading\">Au \u00eenceput lucr\u0103rile cu piatr\u0103 natural\u0103 \u00een Pia\u021ba Traian<\/h2>\n<p class=\"wp-block-paragraph\">Primele pl\u0103ci de piatr\u0103 natural\u0103 sunt montate \u00een Pia\u021ba Traian, acestea reprezent\u00e2nd una dintre ultimele etape importante ale lucr\u0103rilor de reamenajare a zonei.<\/p>\n<p class=\"wp-block-paragraph\">Potrivit Prim\u0103riei Timi\u0219oara, cercetarea arheologic\u0103 desf\u0103\u0219urat\u0103 \u00een timpul proiectului nu a identificat elemente care s\u0103 impun\u0103 \u00eent\u00e2rzieri ale lucr\u0103rilor.<\/p>\n<p class=\"wp-block-paragraph\">Astfel, la aproximativ cinci luni de la deschiderea \u0219antierului, proiectul a ajuns deja \u00een etapa de amenajare a suprafe\u021belor cu piatr\u0103 natural\u0103.<\/p>\n<h2 class=\"wp-block-heading\">Piatra cubic\u0103 veche va fi refolosit\u0103<\/h2>\n<p class=\"wp-block-paragraph\">O parte dintre materialele existente \u00een pia\u021b\u0103 nu vor fi abandonate. Piatra cubic\u0103 veche va fi refolosit\u0103 \u00een cadrul proiectului, inclusiv la baza cl\u0103dirilor istorice din Pia\u021ba Traian.<\/p>\n<p class=\"wp-block-paragraph\">Materialul va fi utilizat \u0219i pe mai multe str\u0103zi din cartier incluse \u00een proiect, precum \u0219i pentru amenajarea unor locuri de parcare.<\/p>\n<p class=\"wp-block-paragraph\">Refolosirea pietrei existente urm\u0103re\u0219te at\u00e2t p\u0103strarea caracterului istoric al zonei, c\u00e2t \u0219i valorificarea materialelor care au f\u0103cut parte deja din infrastructura cartierului.<\/p>\n<h2 class=\"wp-block-heading\">Proiectul de reabilitare a Pie\u021bei Traian<\/h2>\n<p class=\"wp-block-paragraph\">Lucr\u0103rile din Pia\u021ba Traian fac parte dintr-un proiect mai amplu de reabilitare a zonei istorice \u0219i a mai multor str\u0103zi din cartier.<\/p>\n<p class=\"wp-block-paragraph\">Interven\u021biile urm\u0103resc modernizarea spa\u021biilor publice, \u00eembun\u0103t\u0103\u021birea infrastructurii \u0219i punerea \u00een valoare a zonei istorice, cu p\u0103strarea elementelor care definesc identitatea cartierului Traian.<\/p>\n<figure class=\"wp-block-gallery has-nested-images columns-default is-cropped wp-block-gallery-1 is-layout-flex wp-block-gallery-is-layout-flex\">\n<figure class=\"wp-block-image size-full\"><img loading=\"lazy\" decoding=\"async\" width=\"1920\" height=\"1280\" data-id=\"40495\" src=\"https:\/\/orasul-timisoara.ro\/wp-content\/uploads\/2026\/08\/786453184_1412264284181269_4182515969705390182_n.jpg\" alt class=\"wp-image-40495\"><\/figure>\n<figure class=\"wp-block-image size-full\"><img loading=\"lazy\" decoding=\"async\" width=\"1920\" height=\"1080\" data-id=\"40497\" src=\"https:\/\/orasul-timisoara.ro\/wp-content\/uploads\/2026\/08\/786756268_1551323232672951_7701575859914703359_n.jpg\" alt class=\"wp-image-40497\"><\/figure>\n<figure class=\"wp-block-image size-full\"><img loading=\"lazy\" decoding=\"async\" width=\"1920\" height=\"1080\" data-id=\"40496\" src=\"https:\/\/orasul-timisoara.ro\/wp-content\/uploads\/2026\/08\/787507380_1573089544270136_4935021526231548085_n.jpg\" alt class=\"wp-image-40496\"><\/figure>\n<figure class=\"wp-block-image size-full\"><img decoding=\"async\" loading=\"lazy\" width=\"1920\" height=\"1080\" data-id=\"40494\" src=\"https:\/\/orasul-timisoara.ro\/wp-content\/uploads\/2026\/08\/778984903_1086701637142286_6575914598642730005_n.jpg\" alt class=\"wp-image-40494\"><\/figure>\n<figure class=\"wp-block-image size-full\"><img decoding=\"async\" loading=\"lazy\" width=\"1920\" height=\"1080\" data-id=\"40493\" src=\"https:\/\/orasul-timisoara.ro\/wp-content\/uploads\/2026\/08\/785059123_1622771282855067_1659943858266451337_n.jpg\" alt class=\"wp-image-40493\"><\/figure>\n<\/figure>\n<p class=\"wp-block-paragraph\">Proiectul este cofinan\u021bat de Uniunea European\u0103, prin ADR Vest, \u00een calitate de Autoritate de Management pentru Programul Regional Vest 2021\u20132027.<\/p>\n<p class=\"wp-block-paragraph\">Montarea pl\u0103cilor de piatr\u0103 natural\u0103 marcheaz\u0103 astfel una dintre ultimele etape ale lucr\u0103rilor din Pia\u021ba Traian, pia\u021b\u0103 care urmeaz\u0103 s\u0103 \u00ee\u0219i recapete treptat aspectul \u0219i func\u021bionalitatea dup\u0103 finalizarea proiectului.<\/p>\n<\/div>\n<p>[analyse_source url=&#8221;https:\/\/orasul-timisoara.ro\/local-40492\/&#8221;]<\/p>\n","protected":false},"excerpt":{"rendered":"<p>[analyse_image type=&#8221;featured&#8221; src=&#8221;https:\/\/orasul-timisoara.ro\/wp-content\/uploads\/2026\/08\/786453184_1412264284181269_4182515969705390182_n.jpg&#8221;] Administra\u021bie local\u0103Primele pl\u0103ci de piatr\u0103 natural\u0103, montate \u00een Pia\u021ba Traian din Timi\u0219oara Administra\u021bie local\u0103 Investitii in Timisoara \u0218tiri Locale Primele pl\u0103ci de piatr\u0103 natural\u0103, montate \u00een Pia\u021ba Traian din Timi\u0219oara De c\u0103tre redactia &#8211; 25\/08\/2026 Facebook Twitter WhatsApp Linkedin ReddIt Email Imprimare Pia\u021ba Traian din Timi\u0219oara a intrat \u00een una dintre ultimele [&hellip;]<\/p>\n","protected":false},"author":1,"featured_media":0,"comment_status":"open","ping_status":"","sticky":false,"template":"","format":"standard","meta":{"footnotes":""},"categories":[89],"tags":[226,189],"class_list":["post-2111015","post","type-post","status-publish","format-standard","hentry","category-romania","tag-crawlmanager","tag-orasul-timisoara-ro"],"_links":{"self":[{"href":"https:\/\/analyse.optim.biz\/index.php?rest_route=\/wp\/v2\/posts\/2111015","targetHints":{"allow":["GET"]}}],"collection":[{"href":"https:\/\/analyse.optim.biz\/index.php?rest_route=\/wp\/v2\/posts"}],"about":[{"href":"https:\/\/analyse.optim.biz\/index.php?rest_route=\/wp\/v2\/types\/post"}],"author":[{"embeddable":true,"href":"https:\/\/analyse.optim.biz\/index.php?rest_route=\/wp\/v2\/users\/1"}],"replies":[{"embeddable":true,"href":"https:\/\/analyse.optim.biz\/index.php?rest_route=%2Fwp%2Fv2%2Fcomments&post=2111015"}],"version-history":[{"count":0,"href":"https:\/\/analyse.optim.biz\/index.php?rest_route=\/wp\/v2\/posts\/2111015\/revisions"}],"wp:attachment":[{"href":"https:\/\/analyse.optim.biz\/index.php?rest_route=%2Fwp%2Fv2%2Fmedia&parent=2111015"}],"wp:term":[{"taxonomy":"category","embeddable":true,"href":"https:\/\/analyse.optim.biz\/index.php?rest_route=%2Fwp%2Fv2%2Fcategories&post=2111015"},{"taxonomy":"post_tag","embeddable":true,"href":"https:\/\/analyse.optim.biz\/index.php?rest_route=%2Fwp%2Fv2%2Ftags&post=2111015"}],"curies":[{"name":"wp","href":"https:\/\/api.w.org\/{rel}","templated":true}]}}