{"id":2111012,"date":"2026-08-25T16:38:05","date_gmt":"2026-08-25T13:38:05","guid":{"rendered":"https:\/\/analyse.optim.biz\/?p=2111012"},"modified":"2026-08-25T16:38:05","modified_gmt":"2026-08-25T13:38:05","slug":"baza-uszoda-din-timisoara-isi-recapata-forma-de-acum-100-de-ani","status":"publish","type":"post","link":"https:\/\/analyse.optim.biz\/?p=2111012","title":{"rendered":"Baza Uszoda din Timi\u0219oara \u00ee\u0219i recap\u0103t\u0103 forma de acum 100 de ani"},"content":{"rendered":"<p>[analyse_image type=&#8221;featured&#8221; src=&#8221;https:\/\/orasul-timisoara.ro\/wp-content\/uploads\/2026\/08\/baza-uszoda-1.jpg&#8221;]<\/p>\n<article id=\"post-40505\" class=\"td-post-template-7 post-40505 post type-post status-publish format-standard has-post-thumbnail category-administratie category-featured category-investitii-in-timisoara category-stiri-timisoara tag-ambulanta-pentru-monumente tag-ambulanta-pentru-monumente-banat tag-arhabito tag-baza-uszoda tag-cladiri-istorice-2 tag-monumente-istorice tag-patrimoniu-arhitectural tag-patrimoniu-timisoara-2 tag-restaurare-timisoara tag-ruben-latcau-2 tag-timisoara-2 tag-uszoda td-container-wrap\">\n<div class=\"td-full-screen-header-image-wrap\">\n<div class=\"td-container td-post-header\">\n<div class=\"td-crumb-container\">\n<div class=\"entry-crumbs\"><span><a title=\"Vede\u021bi toate articolele \u00een Administra\u021bie local\u0103\" class=\"entry-crumb\" href=\"https:\/\/orasul-timisoara.ro\/local-category\/administratie\/\">Administra\u021bie local\u0103<\/a><\/span><span class=\"td-bred-no-url-last\">Baza Uszoda din Timi\u0219oara \u00ee\u0219i recap\u0103t\u0103 forma de acum 100 de ani<\/span><\/div>\n<\/div>\n<div class=\"td-post-header-holder\">\n<div class=\"td-parallax-header\">\n<header class=\"td-post-title\">\n<ul class=\"td-category\">\n<li class=\"entry-category\"><a href=\"https:\/\/orasul-timisoara.ro\/local-category\/administratie\/\">Administra\u021bie local\u0103<\/a><\/li>\n<li class=\"entry-category\"><a href=\"https:\/\/orasul-timisoara.ro\/local-category\/investitii-in-timisoara\/\">Investitii in Timisoara<\/a><\/li>\n<li class=\"entry-category\"><a href=\"https:\/\/orasul-timisoara.ro\/local-category\/stiri-timisoara\/\">\u0218tiri Locale<\/a><\/li>\n<\/ul>\n<h1 class=\"entry-title\">Baza Uszoda din Timi\u0219oara \u00ee\u0219i recap\u0103t\u0103 forma de acum 100 de ani<\/h1>\n<div class=\"td-module-meta-info\">\n<div class=\"td-post-author-name\">\n<div class=\"td-author-by\">De c\u0103tre<\/div>\n<p><a href=\"https:\/\/orasul-timisoara.ro\/author\/timisoara\/\">redactia<\/a><\/p>\n<div class=\"td-author-line\"> &#8211; <\/div>\n<\/div>\n<p><span class=\"td-post-date\"><time class=\"entry-date updated td-module-date\" datetime=\"2026-08-25T19:38:05+03:00\">25\/08\/2026<\/time><\/span><\/div>\n<\/header>\n<\/div>\n<\/div>\n<\/div>\n<div id=\"td-full-screen-header-image\" class=\"td-image-gradient-style7\"><img decoding=\"async\" class=\"td-backstretch\" src=\"https:\/\/orasul-timisoara.ro\/wp-content\/uploads\/2026\/08\/baza-uszoda-1.jpg\"><\/div>\n<\/div>\n<div class=\"td-container\">\n<div class=\"td-pb-row\">\n<div class=\"td-pb-span8 td-main-content\" role=\"main\">\n<div class=\"td-ss-main-content\">\n<div class=\"td-post-sharing-top\">\n<div class=\"td-post-sharing-classic\"><iframe title=\"topFacebookLike\" frameborder src=\"https:\/\/www.facebook.com\/plugins\/like.php?href=https:\/\/orasul-timisoara.ro\/local-40505\/&amp;layout=button_count&amp;show_faces=false&amp;width=105&amp;action=like&amp;colorscheme=light&amp;height=21\"><\/iframe><\/div>\n<div id=\"td_social_sharing_article_top\" class=\"td-post-sharing td-ps-bg td-ps-notext td-post-sharing-style1 \">\n<div class=\"td-post-sharing-visible\"><a class=\"td-social-sharing-button td-social-sharing-button-js td-social-network td-social-facebook\" href=\"https:\/\/www.facebook.com\/sharer.php?u=https%3A%2F%2Forasul-timisoara.ro%2Flocal-40505%2F\" title=\"Facebook\"><\/p>\n<div class=\"td-social-but-text\">Facebook<\/div>\n<p><\/a><a class=\"td-social-sharing-button td-social-sharing-button-js td-social-network td-social-twitter\" href=\"https:\/\/twitter.com\/intent\/tweet?text=Baza+Uszoda+din+Timi%C8%99oara+%C3%AE%C8%99i+recap%C4%83t%C4%83+forma+de+acum+100+de+ani&amp;url=https%3A%2F%2Forasul-timisoara.ro%2Flocal-40505%2F&amp;via=orasultm\" title=\"Twitter\"><\/p>\n<div class=\"td-social-but-text\">Twitter<\/div>\n<p><\/a><a class=\"td-social-sharing-button td-social-sharing-button-js td-social-network td-social-whatsapp\" href=\"https:\/\/api.whatsapp.com\/send?text=Baza+Uszoda+din+Timi%C8%99oara+%C3%AE%C8%99i+recap%C4%83t%C4%83+forma+de+acum+100+de+ani%20%0A%0A%20https:\/\/orasul-timisoara.ro\/local-40505\/\" title=\"WhatsApp\"><\/p>\n<div class=\"td-social-but-text\">WhatsApp<\/div>\n<p><\/a><a class=\"td-social-sharing-button td-social-sharing-button-js td-social-network td-social-linkedin\" href=\"https:\/\/www.linkedin.com\/shareArticle?mini=true&amp;url=https:\/\/orasul-timisoara.ro\/local-40505\/&amp;title=Baza+Uszoda+din+Timi%C8%99oara+%C3%AE%C8%99i+recap%C4%83t%C4%83+forma+de+acum+100+de+ani\" title=\"Linkedin\"><\/p>\n<div class=\"td-social-but-text\">Linkedin<\/div>\n<p><\/a><a class=\"td-social-sharing-button td-social-sharing-button-js td-social-network td-social-reddit\" href=\"https:\/\/reddit.com\/submit?url=https:\/\/orasul-timisoara.ro\/local-40505\/&amp;title=Baza+Uszoda+din+Timi%C8%99oara+%C3%AE%C8%99i+recap%C4%83t%C4%83+forma+de+acum+100+de+ani\" title=\"ReddIt\"><\/p>\n<div class=\"td-social-but-text\">ReddIt<\/div>\n<p><\/a><a class=\"td-social-sharing-button td-social-sharing-button-js td-social-network td-social-mail\" href=\"mailto:?subject=Baza%20Uszoda%20din%20Timi%C8%99oara%20%C3%AE%C8%99i%20recap%C4%83t%C4%83%20forma%20de%20acum%20100%20de%20ani&amp;body=https:\/\/orasul-timisoara.ro\/local-40505\/\" title=\"Email\"><\/p>\n<div class=\"td-social-but-text\">Email<\/div>\n<p><\/a><a class=\"td-social-sharing-button td-social-sharing-button-js td-social-network td-social-print\" href=\"https:\/\/orasul-timisoara.ro\/local-40505\/\" title=\"Imprimare\"><\/p>\n<div class=\"td-social-but-text\">Imprimare<\/div>\n<p><\/a><\/div>\n<\/div>\n<\/div>\n<div class=\"td-post-content tagdiv-type\">\n<p class=\"wp-block-paragraph\">Construc\u021biile istorice de la Baza Uszoda din Timi\u0219oara \u00eencep s\u0103-\u0219i recapete forma de acum 100 de ani, prin interven\u021biile realizate cu sprijinul Asocia\u021biei Arhabito, prin proiectul \u201eAmbulan\u021ba pentru Monumente \u2013 Banat\u201d.<\/p>\n<p class=\"wp-block-paragraph\">Echipele lucreaz\u0103 \u00een aceast\u0103 perioad\u0103 la \u0219arpanta cl\u0103dirilor, unde lemnul degradat este \u00eenlocuit, \u00een timp ce elementele care se afl\u0103 \u00eentr-o stare bun\u0103 sunt p\u0103strate pentru a fi refolosite. Interven\u021biile urm\u0103resc conservarea unei c\u00e2t mai mari p\u0103r\u021bi din structura istoric\u0103 a construc\u021biilor.<\/p>\n<p class=\"wp-block-paragraph\">\u00cen paralel, \u00eencepe \u0219i \u00eenlocuirea \u021biglelor de pe acoperi\u0219, o etap\u0103 important\u0103 pentru recuperarea aspectului istoric al ansamblului.<\/p>\n<h2 class=\"wp-block-heading\">Se p\u0103streaz\u0103 c\u00e2t mai mult din structura original\u0103<\/h2>\n<p class=\"wp-block-paragraph\">Lucr\u0103rile la \u0219arpant\u0103 sunt realizate astfel \u00eenc\u00e2t elementele istorice care pot fi salvate s\u0103 fie conservate \u0219i reintegrate \u00een construc\u021bie. Lemnul degradat este \u00eenlocuit, iar componentele aflate \u00eentr-o stare bun\u0103 sunt refolosite.<\/p>\n<figure class=\"wp-block-gallery has-nested-images columns-6 is-cropped wp-block-gallery-1 is-layout-flex wp-block-gallery-is-layout-flex\">\n<figure class=\"wp-block-image size-full\"><img loading=\"lazy\" decoding=\"async\" width=\"1920\" height=\"1080\" data-id=\"40507\" src=\"https:\/\/orasul-timisoara.ro\/wp-content\/uploads\/2026\/08\/baza-uszoda-2.jpg\" alt class=\"wp-image-40507\"><\/figure>\n<figure class=\"wp-block-image size-full\"><img loading=\"lazy\" decoding=\"async\" width=\"1920\" height=\"1080\" data-id=\"40510\" src=\"https:\/\/orasul-timisoara.ro\/wp-content\/uploads\/2026\/08\/baza-uszoda-3.jpg\" alt class=\"wp-image-40510\"><\/figure>\n<figure class=\"wp-block-image size-full\"><img loading=\"lazy\" decoding=\"async\" width=\"1920\" height=\"1080\" data-id=\"40506\" src=\"https:\/\/orasul-timisoara.ro\/wp-content\/uploads\/2026\/08\/baza-uszoda-4.jpg\" alt class=\"wp-image-40506\"><\/figure>\n<figure class=\"wp-block-image size-full\"><img decoding=\"async\" loading=\"lazy\" width=\"1920\" height=\"1080\" data-id=\"40508\" src=\"https:\/\/orasul-timisoara.ro\/wp-content\/uploads\/2026\/08\/baza-uszoda-5.jpg\" alt class=\"wp-image-40508\"><\/figure>\n<figure class=\"wp-block-image size-full\"><img decoding=\"async\" loading=\"lazy\" width=\"1920\" height=\"1080\" data-id=\"40509\" src=\"https:\/\/orasul-timisoara.ro\/wp-content\/uploads\/2026\/08\/baza-uszoda-6.jpg\" alt class=\"wp-image-40509\"><\/figure>\n<figure class=\"wp-block-image size-full\"><img decoding=\"async\" loading=\"lazy\" width=\"1920\" height=\"1080\" data-id=\"40511\" src=\"https:\/\/orasul-timisoara.ro\/wp-content\/uploads\/2026\/08\/baza-uszoda-7.jpg\" alt class=\"wp-image-40511\"><\/figure>\n<figure class=\"wp-block-image size-full\"><img decoding=\"async\" loading=\"lazy\" width=\"1920\" height=\"1080\" data-id=\"40512\" src=\"https:\/\/orasul-timisoara.ro\/wp-content\/uploads\/2026\/08\/baza-uszoda-1.jpg\" alt class=\"wp-image-40512\"><\/figure>\n<\/figure>\n<p class=\"wp-block-paragraph\">\u201eEchipele lucreaz\u0103 la \u0219arpant\u0103, unde \u00eenlocuiesc lemnul degradat \u0219i p\u0103streaz\u0103 elementele \u00een stare bun\u0103 pentru a le refolosi \u0219i a conserva c\u00e2t mai mult din structura istoric\u0103 a cl\u0103dirilor. \u00cen paralel, s\u0103pt\u0103m\u00e2na aceasta \u00eencepe \u0219i \u00eenlocuirea \u021biglelor de pe acoperi\u0219\u201d, transmite Ruben La\u021bc\u0103u, viceprimarul Timi\u0219oarei.<\/p>\n<h2 class=\"wp-block-heading\">Construc\u021biile vor fi readuse c\u00e2t mai aproape de forma de acum un secol<\/h2>\n<p class=\"wp-block-paragraph\">Interven\u021biile nu se limiteaz\u0103 la acoperi\u0219 \u0219i \u0219arpant\u0103. Pentru a reda ansamblului aspectul pe care \u00eel avea \u00een urm\u0103 cu aproximativ un secol, sunt ref\u0103cute elementele originale care au disp\u0103rut \u00een timp.<\/p>\n<p class=\"wp-block-paragraph\">Totodat\u0103, sunt eliminate compartiment\u0103rile care au fost ad\u0103ugate \u00een perioada comunist\u0103, interven\u021bia urm\u0103rind recuperarea c\u00e2t mai fidel\u0103 a configura\u021biei istorice a cl\u0103dirilor.<\/p>\n<h2 class=\"wp-block-heading\">Comunitatea particip\u0103 la recuperarea patrimoniului<\/h2>\n<p class=\"wp-block-paragraph\">Lucr\u0103rile de la Baza Uszoda sunt realizate cu sprijinul Asocia\u021biei Arhabito, prin proiectul \u201eAmbulan\u021ba pentru Monumente \u2013 Banat\u201d, \u0219i beneficiaz\u0103 de implicarea voluntarilor \u0219i speciali\u0219tilor.<\/p>\n<p class=\"wp-block-paragraph\">Viceprimarul Ruben La\u021bc\u0103u subliniaz\u0103 rolul comunit\u0103\u021bii \u00een astfel de proiecte \u0219i sus\u021bine c\u0103 administra\u021bia local\u0103 \u00ee\u0219i propune s\u0103 transforme comunitatea \u00eentr-un partener \u00een recuperarea patrimoniului ora\u0219ului.<\/p>\n<p class=\"wp-block-paragraph\">\u201e\u00cen Timi\u0219oara continu\u0103m s\u0103 atragem comunitatea ca partener \u00een proiectele prin care facem ora\u0219ul mai bun. Le mul\u021bumim tuturor voluntarilor \u0219i speciali\u0219tilor care pun acum um\u0103rul la recuperarea unei buc\u0103\u021bi din istoria ora\u0219ului nostru\u201d, spune Ruben La\u021bc\u0103u.<\/p>\n<p class=\"wp-block-paragraph\">Interven\u021biile de la Baza Uszoda contribuie astfel la conservarea unei construc\u021bii istorice \u0219i la recuperarea elementelor care definesc aspectul original al ansamblului.<\/p>\n<\/div>\n<footer>\n<div class=\"td-post-source-tags\">\n<ul class=\"td-tags td-post-small-box clearfix\">\n<li><span>ETICHETE<\/span><\/li>\n<li><a href=\"https:\/\/orasul-timisoara.ro\/local-tag\/ambulanta-pentru-monumente\/\">ambulan\u021ba pentru monumente<\/a><\/li>\n<li><a href=\"https:\/\/orasul-timisoara.ro\/local-tag\/ambulanta-pentru-monumente-banat\/\">ambulan\u021ba pentru monumente banat<\/a><\/li>\n<li><a href=\"https:\/\/orasul-timisoara.ro\/local-tag\/arhabito\/\">arhabito<\/a><\/li>\n<li><a href=\"https:\/\/orasul-timisoara.ro\/local-tag\/baza-uszoda\/\">baza uszoda<\/a><\/li>\n<li><a href=\"https:\/\/orasul-timisoara.ro\/local-tag\/cladiri-istorice-2\/\">cl\u0103diri istorice<\/a><\/li>\n<li><a href=\"https:\/\/orasul-timisoara.ro\/local-tag\/monumente-istorice\/\">monumente istorice<\/a><\/li>\n<li><a href=\"https:\/\/orasul-timisoara.ro\/local-tag\/patrimoniu-arhitectural\/\">patrimoniu arhitectural<\/a><\/li>\n<li><a href=\"https:\/\/orasul-timisoara.ro\/local-tag\/patrimoniu-timisoara-2\/\">patrimoniu Timi\u0219oara<\/a><\/li>\n<li><a href=\"https:\/\/orasul-timisoara.ro\/local-tag\/restaurare-timisoara\/\">restaurare timi\u0219oara<\/a><\/li>\n<li><a href=\"https:\/\/orasul-timisoara.ro\/local-tag\/ruben-latcau-2\/\">Ruben La\u021bc\u0103u<\/a><\/li>\n<li><a href=\"https:\/\/orasul-timisoara.ro\/local-tag\/timisoara-2\/\">timi\u0219oara<\/a><\/li>\n<li><a href=\"https:\/\/orasul-timisoara.ro\/local-tag\/uszoda\/\">Uszoda<\/a><\/li>\n<\/ul>\n<\/div>\n<div class=\"td-post-sharing-bottom\">\n<div class=\"td-post-sharing-classic\"><iframe title=\"bottomFacebookLike\" frameborder src=\"https:\/\/www.facebook.com\/plugins\/like.php?href=https:\/\/orasul-timisoara.ro\/local-40505\/&amp;layout=button_count&amp;show_faces=false&amp;width=105&amp;action=like&amp;colorscheme=light&amp;height=21\"><\/iframe><\/div>\n<div id=\"td_social_sharing_article_bottom\" class=\"td-post-sharing td-ps-bg td-ps-notext td-post-sharing-style1 \">\n<div class=\"td-post-sharing-visible\"><a class=\"td-social-sharing-button td-social-sharing-button-js td-social-network td-social-facebook\" href=\"https:\/\/www.facebook.com\/sharer.php?u=https%3A%2F%2Forasul-timisoara.ro%2Flocal-40505%2F\" title=\"Facebook\"><\/p>\n<div class=\"td-social-but-text\">Facebook<\/div>\n<p><\/a><a class=\"td-social-sharing-button td-social-sharing-button-js td-social-network td-social-twitter\" href=\"https:\/\/twitter.com\/intent\/tweet?text=Baza+Uszoda+din+Timi%C8%99oara+%C3%AE%C8%99i+recap%C4%83t%C4%83+forma+de+acum+100+de+ani&amp;url=https%3A%2F%2Forasul-timisoara.ro%2Flocal-40505%2F&amp;via=orasultm\" title=\"Twitter\"><\/p>\n<div class=\"td-social-but-text\">Twitter<\/div>\n<p><\/a><a class=\"td-social-sharing-button td-social-sharing-button-js td-social-network td-social-whatsapp\" href=\"https:\/\/api.whatsapp.com\/send?text=Baza+Uszoda+din+Timi%C8%99oara+%C3%AE%C8%99i+recap%C4%83t%C4%83+forma+de+acum+100+de+ani%20%0A%0A%20https:\/\/orasul-timisoara.ro\/local-40505\/\" title=\"WhatsApp\"><\/p>\n<div class=\"td-social-but-text\">WhatsApp<\/div>\n<p><\/a><a class=\"td-social-sharing-button td-social-sharing-button-js td-social-network td-social-linkedin\" href=\"https:\/\/www.linkedin.com\/shareArticle?mini=true&amp;url=https:\/\/orasul-timisoara.ro\/local-40505\/&amp;title=Baza+Uszoda+din+Timi%C8%99oara+%C3%AE%C8%99i+recap%C4%83t%C4%83+forma+de+acum+100+de+ani\" title=\"Linkedin\"><\/p>\n<div class=\"td-social-but-text\">Linkedin<\/div>\n<p><\/a><a class=\"td-social-sharing-button td-social-sharing-button-js td-social-network td-social-reddit\" href=\"https:\/\/reddit.com\/submit?url=https:\/\/orasul-timisoara.ro\/local-40505\/&amp;title=Baza+Uszoda+din+Timi%C8%99oara+%C3%AE%C8%99i+recap%C4%83t%C4%83+forma+de+acum+100+de+ani\" title=\"ReddIt\"><\/p>\n<div class=\"td-social-but-text\">ReddIt<\/div>\n<p><\/a><a class=\"td-social-sharing-button td-social-sharing-button-js td-social-network td-social-mail\" href=\"mailto:?subject=Baza%20Uszoda%20din%20Timi%C8%99oara%20%C3%AE%C8%99i%20recap%C4%83t%C4%83%20forma%20de%20acum%20100%20de%20ani&amp;body=https:\/\/orasul-timisoara.ro\/local-40505\/\" title=\"Email\"><\/p>\n<div class=\"td-social-but-text\">Email<\/div>\n<p><\/a><a class=\"td-social-sharing-button td-social-sharing-button-js td-social-network td-social-print\" href=\"https:\/\/orasul-timisoara.ro\/local-40505\/\" title=\"Imprimare\"><\/p>\n<div class=\"td-social-but-text\">Imprimare<\/div>\n<p><\/a><\/div>\n<\/div>\n<\/div>\n<div class=\"td-block-row td-post-next-prev\">\n<div class=\"td-block-span6 td-post-prev-post\">\n<div class=\"td-post-next-prev-content\"><span>Articolul precedent<\/span><a href=\"https:\/\/orasul-timisoara.ro\/local-40499\/\">Asfalt nou pe Calea Buzia\u0219ului. Lucr\u0103rile dintre Electrotimi\u0219 \u0219i AEM s-au \u00eencheiat (foto)<\/a><\/div>\n<\/div>\n<div class=\"td-block-span6 td-post-next-post\">\n<div class=\"td-post-next-prev-content\"><span>Articolul urm\u0103tor<\/span><a href=\"https:\/\/orasul-timisoara.ro\/local-40514\/\">Prim\u0103ria Timi\u0219oara continu\u0103 controalele pentru terenurile ne\u00eentre\u021binute \u0219i focarele de ambrozie. 110 amenzi aplicate \u00een aceast\u0103 var\u0103<\/a><\/div>\n<\/div>\n<\/div>\n<div class=\"td-author-name vcard author\"><span class=\"fn\"><a href=\"https:\/\/orasul-timisoara.ro\/author\/timisoara\/\">redactia<\/a><\/span><\/div>\n<p><span class=\"td-page-meta\"><\/span><span class=\"td-page-meta\"><span class=\"td-page-meta\"><\/span><\/span><span class=\"td-page-meta\"><\/span><\/footer>\n<div class=\"td_block_wrap td_block_related_posts tdi_3 td_with_ajax_pagination td-pb-border-top td_block_template_8\" data-td-block-uid=\"tdi_3\">\n<h4 class=\"td-related-title td-block-title\"><a id=\"tdi_4\" class=\"td-related-left td-cur-simple-item\" data-td_filter_value data-td_block_id=\"tdi_3\" href=\"https:\/\/orasul-timisoara.ro\/local-40505\/\">ARTICOLE SIMILARE<\/a><a id=\"tdi_5\" class=\"td-related-right\" data-td_filter_value=\"td_related_more_from_author\" data-td_block_id=\"tdi_3\" href=\"https:\/\/orasul-timisoara.ro\/local-40505\/\">DE LA ACELA\u0218I AUTOR<\/a><\/h4>\n<div id=\"tdi_3\" class=\"td_block_inner\">\n<div class=\"td-related-row\">\n<div class=\"td-related-span4\">\n<div class=\"td_module_related_posts td-animation-stack td_mod_related_posts\">\n<div class=\"td-module-image\">\n<div class=\"td-module-thumb\"><a href=\"https:\/\/orasul-timisoara.ro\/local-39745\/\" rel=\"bookmark\" class=\"td-image-wrap \" title=\"Fosta vil\u0103 de protocol a familiei Ceau\u0219escu va fi restaurat\u0103. Lucr\u0103rile la Vila Interna\u021bional \u00eencep \u00een 2027, dac\u0103 nu apar contesta\u021bii (foto)\"><img loading=\"lazy\" decoding=\"async\" class=\"entry-thumb\" src=\"https:\/\/orasul-timisoara.ro\/wp-content\/uploads\/2026\/07\/VILA-INTERNATIONAL-TM-ceausescu-4-436x300.jpg\" alt title=\"Fosta vil\u0103 de protocol a familiei Ceau\u0219escu va fi restaurat\u0103. Lucr\u0103rile la Vila Interna\u021bional \u00eencep \u00een 2027, dac\u0103 nu apar contesta\u021bii (foto)\" width=\"218\" height=\"150\"><\/a><\/div>\n<\/div>\n<div class=\"item-details\">\n<h3 class=\"entry-title td-module-title\"><a href=\"https:\/\/orasul-timisoara.ro\/local-39745\/\" rel=\"bookmark\" title=\"Fosta vil\u0103 de protocol a familiei Ceau\u0219escu va fi restaurat\u0103. Lucr\u0103rile la Vila Interna\u021bional \u00eencep \u00een 2027, dac\u0103 nu apar contesta\u021bii (foto)\">Fosta vil\u0103 de protocol a familiei Ceau\u0219escu va fi restaurat\u0103. Lucr\u0103rile la Vila Interna\u021bional \u00eencep \u00een 2027, dac\u0103 nu apar contesta\u021bii (foto)<\/a><\/h3>\n<\/div>\n<\/div>\n<\/div>\n<div class=\"td-related-span4\">\n<div class=\"td_module_related_posts td-animation-stack td_mod_related_posts\">\n<div class=\"td-module-image\">\n<div class=\"td-module-thumb\"><a href=\"https:\/\/orasul-timisoara.ro\/local-37285\/\" rel=\"bookmark\" class=\"td-image-wrap \" title=\"Alfred Simonis cere transferul bazei Uszoda, Ceasului Floral, \u0218trandului Termal \u0219i al Gr\u0103dinii de Var\u0103 c\u0103tre CJ Timi\u0219\"><img loading=\"lazy\" decoding=\"async\" class=\"entry-thumb\" src=\"https:\/\/orasul-timisoara.ro\/wp-content\/uploads\/2026\/02\/ceasil-floral-002-436x300.jpg\" alt title=\"Alfred Simonis cere transferul bazei Uszoda, Ceasului Floral, \u0218trandului Termal \u0219i al Gr\u0103dinii de Var\u0103 c\u0103tre CJ Timi\u0219\" width=\"218\" height=\"150\"><\/a><\/div>\n<\/div>\n<div class=\"item-details\">\n<h3 class=\"entry-title td-module-title\"><a href=\"https:\/\/orasul-timisoara.ro\/local-37285\/\" rel=\"bookmark\" title=\"Alfred Simonis cere transferul bazei Uszoda, Ceasului Floral, \u0218trandului Termal \u0219i al Gr\u0103dinii de Var\u0103 c\u0103tre CJ Timi\u0219\">Alfred Simonis cere transferul bazei Uszoda, Ceasului Floral, \u0218trandului Termal \u0219i al Gr\u0103dinii de Var\u0103 c\u0103tre CJ Timi\u0219<\/a><\/h3>\n<\/div>\n<\/div>\n<\/div>\n<div class=\"td-related-span4\">\n<div class=\"td_module_related_posts td-animation-stack td_mod_related_posts\">\n<div class=\"td-module-image\">\n<div class=\"td-module-thumb\"><a href=\"https:\/\/orasul-timisoara.ro\/local-36301\/\" rel=\"bookmark\" class=\"td-image-wrap \" title=\"Alfred Simonis: Investi\u021biile \u00een infrastructur\u0103 \u0219i s\u0103n\u0103tate, priorit\u0103\u021bi ale CJ Timi\u0219 \u00een 2026\"><img loading=\"lazy\" decoding=\"async\" class=\"entry-thumb\" src=\"https:\/\/orasul-timisoara.ro\/wp-content\/uploads\/2026\/01\/alfred-simonis-masa-discutii-02-436x300.jpg\" alt title=\"Alfred Simonis: Investi\u021biile \u00een infrastructur\u0103 \u0219i s\u0103n\u0103tate, priorit\u0103\u021bi ale CJ Timi\u0219 \u00een 2026\" width=\"218\" height=\"150\"><\/a><\/div>\n<\/div>\n<div class=\"item-details\">\n<h3 class=\"entry-title td-module-title\"><a href=\"https:\/\/orasul-timisoara.ro\/local-36301\/\" rel=\"bookmark\" title=\"Alfred Simonis: Investi\u021biile \u00een infrastructur\u0103 \u0219i s\u0103n\u0103tate, priorit\u0103\u021bi ale CJ Timi\u0219 \u00een 2026\">Alfred Simonis: Investi\u021biile \u00een infrastructur\u0103 \u0219i s\u0103n\u0103tate, priorit\u0103\u021bi ale CJ Timi\u0219 \u00een 2026<\/a><\/h3>\n<\/div>\n<\/div>\n<\/div>\n<\/div>\n<\/div>\n<\/div>\n<div class=\"comments\" id=\"comments\">\n<div id=\"respond\" class=\"comment-respond\">\n<h3 id=\"reply-title\" class=\"comment-reply-title\">L\u0102SA\u021aI UN MESAJ<\/h3>\n<div class=\"comment-form-input-wrap td-form-comment\">\n<div class=\"td-warning-comment\">V\u0103 rug\u0103m s\u0103 introduce\u021bi comentariul dvs.!<\/div>\n<\/div>\n<div class=\"comment-form-input-wrap td-form-author\">\n<div class=\"td-warning-author\">Introduce\u021bi aici numele dvs.<\/div>\n<\/div>\n<div class=\"comment-form-input-wrap td-form-email\">\n<div class=\"td-warning-email-error\">A\u021bi introdus o adres\u0103 de e-mail incorect\u0103!<\/div>\n<div class=\"td-warning-email\">V\u0103 rug\u0103m s\u0103 introduce\u021bi adresa dvs. de e-mail aici<\/div>\n<\/div>\n<\/div>\n<p class=\"akismet_comment_form_privacy_notice\">Acest site folose\u0219te Akismet pentru a reduce spamul. <a href=\"https:\/\/akismet.com\/privacy\/\" target=\"_blank\" rel=\"nofollow noopener\">Afl\u0103 cum sunt procesate datele comentariilor tale<\/a>.<\/p>\n<\/div>\n<\/div>\n<\/div>\n<div class=\"td-pb-span4 td-main-sidebar\" role=\"complementary\">\n<div class=\"td-ss-main-sidebar\">\n<aside id=\"block-4\" class=\"td_block_template_8 widget block-4 widget_block widget_media_image\">\n<figure class=\"wp-block-image size-full\"><img decoding=\"async\" loading=\"lazy\" width=\"336\" height=\"280\" src=\"https:\/\/orasul-timisoara.ro\/wp-content\/uploads\/2024\/11\/ReTIM-Abonamentul-Verde-Google-Ads-336x280px.gif\" alt class=\"wp-image-29257\"><\/figure>\n<\/aside>\n<div class=\"td_block_wrap td_block_social_counter td_block_widget tdi_6 td-social-style5 td-social-boxed td-pb-border-top td_block_template_8\">\n<div class=\"td-block-title-wrap\">\n<h4 class=\"td-block-title\"><span>Urm\u0103re\u0219te-ne pe Social Media<\/span><\/h4>\n<\/div>\n<div class=\"td-social-list\">\n<div class=\"td_social_type td-pb-margin-side td_social_facebook\">\n<div class=\"td-social-box\"><span class=\"td_social_info td_social_info_counter\">344,595<\/span><span class=\"td_social_info td_social_info_name\">Fani<\/span><span class=\"td_social_button\"><a href=\"https:\/\/www.facebook.com\/247timisoara\" target=\"_blank\" rel=\"nofollow\">\u00cemi place<\/a><\/span><\/div>\n<\/div>\n<div class=\"td_social_type td-pb-margin-side td_social_instagram\">\n<div class=\"td-social-box\"><span class=\"td_social_info td_social_info_counter\">4,416<\/span><span class=\"td_social_info td_social_info_name\">Cititori<\/span><span class=\"td_social_button\"><a href=\"https:\/\/instagram.com\/orasultimisoararo\/\" target=\"_blank\" rel=\"nofollow\">Conecta\u021bi-v\u0103<\/a><\/span><\/div>\n<\/div>\n<div class=\"td_social_type td-pb-margin-side td_social_rss\">\n<div class=\"td-social-box\"><span class=\"td_social_info td_social_info_counter\">12,506<\/span><span class=\"td_social_info td_social_info_name\">Cititori<\/span><span class=\"td_social_button\"><a href=\"https:\/\/orasul-timisoara.ro\/feed\/\" target=\"_blank\" rel=\"nofollow\">Conecta\u021bi-v\u0103<\/a><\/span><\/div>\n<\/div>\n<div class=\"td_social_type td-pb-margin-side td_social_tiktok\">\n<div class=\"td-social-box\"><span class=\"td_social_info td_social_info_counter\">1,500<\/span><span class=\"td_social_info td_social_info_name\">Cititori<\/span><span class=\"td_social_button\"><a href=\"https:\/\/www.tiktok.com\/@orasultimisoara\" target=\"_blank\" rel=\"nofollow\">Conecta\u021bi-v\u0103<\/a><\/span><\/div>\n<\/div>\n<div class=\"td_social_type td-pb-margin-side td_social_twitter\">\n<div class=\"td-social-box\"><span class=\"td_social_info td_social_info_counter\">1,595<\/span><span class=\"td_social_info td_social_info_name\">Cititori<\/span><span class=\"td_social_button\"><a href=\"https:\/\/twitter.com\/orasultm\" target=\"_blank\" rel=\"nofollow\">Conecta\u021bi-v\u0103<\/a><\/span><\/div>\n<\/div>\n<div class=\"td_social_type td-pb-margin-side td_social_youtube\">\n<div class=\"td-social-box\"><span class=\"td_social_info td_social_info_counter\">3,506<\/span><span class=\"td_social_info td_social_info_name\">Abona\u021bi<\/span><span class=\"td_social_button\"><a href=\"https:\/\/www.youtube.com\/channel\/UCQNsQvs2XCSIm1Z-AHRturw?sub_confirmation=1\" target=\"_blank\" rel=\"nofollow\">Abona\u021bi-v\u0103<\/a><\/span><\/div>\n<\/div>\n<\/div>\n<\/div>\n<aside id=\"text-7\" class=\"td_block_template_8 widget text-7 widget_text\">\n<h4 class=\"td-block-title\"><span>C\u0103ut\u0103ri populare pe OTM<\/span><\/h4>\n<div class=\"textwidget\"><a href=\"https:\/\/orasul-timisoara.ro\/?s=timisoara\"><span>Timisoara<\/span><\/a><a href=\"https:\/\/orasul-timisoara.ro\/?s=calin+dobra\"><span>Calin Dobra<\/span><\/a><a href=\"https:\/\/orasul-timisoara.ro\/?s=primaria+timisoara\"><span>Primaria Timisoara<\/span><\/a><a href=\"https:\/\/orasul-timisoara.ro\/?s=dominic+fritz\"><span>Dominic Fritz<\/span><\/a><a href=\"https:\/\/orasul-timisoara.ro\/?s=nicolae+robu\"><span>Nicolae Robu<\/span><\/a><a href=\"https:\/\/orasul-timisoara.ro\/?s=consiliul+local+timisoara\">Consiliul Local Timisoara<\/a><a href=\"https:\/\/orasul-timisoara.ro\/?s=consiliul+judetean+timis\"><span>Consiliul Judetean Timis<\/span><\/a><a href=\"https:\/\/orasul-timisoara.ro\/?s=cjt\"><span>CJT<\/span><\/a><a href=\"https:\/\/orasul-timisoara.ro\/?s=Alfred+Simonis\"><span>Alfred Simonis<\/span><\/a><a href=\"https:\/\/orasul-timisoara.ro\/?s=PNL\"><span>PNL<\/span><\/a><a href=\"https:\/\/orasul-timisoara.ro\/?s=coronavirus\"><span>coronavirus<\/span><\/a><a href=\"https:\/\/orasul-timisoara.ro\/?s=teatru+timisoara\">teatru Timisoara<\/a><a href=\"https:\/\/orasul-timisoara.ro\/?s=restaurante\"><span>restaurante Timisoara<\/span><\/a><a href=\"https:\/\/orasul-timisoara.ro\/?s=diskoteka\"><span>Diskoteka<\/span><\/a><a href=\"https:\/\/orasul-timisoara.ro\/?s=iulius+town\"><span>Iulius Town<\/span><\/a><a href=\"https:\/\/orasul-timisoara.ro\/?s=iulius+mall\"><span>Iulius Mall<\/span><\/a><a href=\"https:\/\/orasul-timisoara.ro\/?s=stpt\"><span>STPT<\/span><\/a><a href=\"https:\/\/orasul-timisoara.ro\/?s=alin+nica\"><span>Alin Nica<\/span><\/a><a href=\"https:\/\/orasul-timisoara.ro\/?s=psd\"><span>PSD<\/span><\/a><a href=\"https:\/\/orasul-timisoara.ro\/?s=aeroport\"><span>Aeroportul International Timisoara<\/span><\/a><a href=\"https:\/\/orasul-timisoara.ro\/?s=babes\"><span>Spitalul Victor Babes Timisoara<\/span><\/a><a href=\"https:\/\/orasul-timisoara.ro\/?s=poli\"><span>Poli Timi\u0219oara<\/span><\/a><a href=\"https:\/\/orasul-timisoara.ro\/?s=carantina\"><span>carantina<\/span><\/a><a href=\"https:\/\/orasul-timisoara.ro\/?s=aquatim\"><span>Aquatim<\/span><\/a><a href=\"https:\/\/orasul-timisoara.ro\/local-category\/stiri-timisoara\/\"><span>Stiri Timisoara<\/span><\/a><a href=\"https:\/\/orasul-timisoara.ro\/local-category\/investitii-in-timisoara\/\"><span>Investi\u021bii in Timi\u0219oara<\/span><\/a><a href=\"https:\/\/orasul-timisoara.ro\/local-9463\/\"><span>shaorma<\/span><\/a><a href=\"https:\/\/orasul-timisoara.ro\/?s=trafic\"><span>trafic rutier<\/span><\/a><a href=\"https:\/\/orasul-timisoara.ro\/?s=politia\"><span>politia locala timisoara<\/span><\/a><a href=\"https:\/\/orasul-timisoara.ro\/?s=roxana\"><span>Roxana Iliescu<\/span><\/a><a href=\"https:\/\/orasul-timisoara.ro\/?s=colterm\"><span>Colterm<\/span><\/a><a href=\"https:\/\/orasul-timisoara.ro\/?s=latcau\"><span>Ruben La\u021bc\u0103u<\/span><\/a><a href=\"https:\/\/orasul-timisoara.ro\/?s=timis\"><span>\u0218tiri din Timi\u0219<\/span><\/a><a href=\"https:\/\/orasul-timisoara.ro\/?s=spital\"><span>Spitale din Timi\u0219oara<\/span><\/a><a href=\"https:\/\/orasul-timisoara.ro\/?s=tabara\"><span>Cosmin Tab\u0103r\u0103<\/span><\/a><\/div>\n<\/aside>\n<aside id=\"rss-2\" class=\"td_block_template_8 widget rss-2 widget_rss\">\n<h4 class=\"td-block-title\"><span><a class=\"rsswidget rss-widget-feed\" href=\"https:\/\/fashionfridays.ro\/feed\"><img decoding=\"async\" class=\"rss-widget-icon\" width=\"14\" height=\"14\" src=\"https:\/\/orasul-timisoara.ro\/wp-includes\/images\/rss.png\" alt=\"Flux RSS: Fashion Fridays\" loading=\"lazy\"><\/a><a class=\"rsswidget rss-widget-title\" href=\"https:\/\/fashionfridays.ro\/\">Fashion Fridays<\/a><\/span><\/h4>\n<ul>\n<li><a class=\"rsswidget\" href=\"https:\/\/fashionfridays.ro\/romania-devine-a-29-a-piata-vogue-o-noua-era-pentru-industria-locala-de-moda\/\">Rom\u00e2nia devine a 29-a pia\u021b\u0103 Vogue: o nou\u0103 er\u0103 pentru industria local\u0103 de mod\u0103<\/a>\n<div class=\"rssSummary\">Revista Vogue \u00ee\u0219i extinde prezen\u021ba global\u0103 \u0219i va fi lansat\u0103 oficial \u00een Rom\u00e2nia \u00een prim\u0103vara anului 2027, marc\u00e2nd intrarea pe cea de-a 29-a pia\u021b\u0103 interna\u021bional\u0103. Proiectul este realizat \u00een parteneriat cu AEMME Publishing, o companie media recent \u00eenfiin\u021bat\u0103, care va publica edi\u021bia local\u0103 sub licen\u021b\u0103. Noua edi\u021bie, Vogue Rom\u00e2nia, \u00ee\u0219i propune s\u0103 combine autoritatea global\u0103 [\u2026]<\/div>\n<\/li>\n<\/ul>\n<\/aside>\n<aside id=\"rss-4\" class=\"td_block_template_8 widget rss-4 widget_rss\">\n<h4 class=\"td-block-title\"><span><a class=\"rsswidget rss-widget-feed\" href=\"https:\/\/emasini.ro\/feed\"><img decoding=\"async\" class=\"rss-widget-icon\" width=\"14\" height=\"14\" src=\"https:\/\/orasul-timisoara.ro\/wp-includes\/images\/rss.png\" alt=\"Flux RSS: eMasini\" loading=\"lazy\"><\/a><a class=\"rsswidget rss-widget-title\" href=\"https:\/\/emasini.ro\/\">eMasini<\/a><\/span><\/h4>\n<ul>\n<li><a class=\"rsswidget\" href=\"https:\/\/emasini.ro\/adio-bordurilor-pline-de-ecrane-mercedes-benz-readuce-butoanele-in-noile-masini-produse\/\">Adio bordurilor pline de ecrane? Mercedes-Benz readuce butoanele \u00een noile ma\u0219ini produse<\/a>\n<div class=\"rssSummary\">Mercedes-Benz \u00ee\u0219i schimb\u0103 direc\u021bia \u00een ceea ce prive\u0219te designul interioarelor \u0219i va readuce comenzile fizice pentru anumite func\u021bii importante. Constructorul german nu renun\u021b\u0103 la ecranele mari \u0219i la tehnologiile digitale, dar recunoa\u0219te c\u0103 a mers prea departe prin eliminarea unor butoane \u0219i comenzi tactile. Ola K\u00e4llenius, pre\u0219edintele Consiliului de Administra\u021bie al Mercedes-Benz Group \u0219i CEO [\u2026]<\/div>\n<\/li>\n<\/ul>\n<\/aside>\n<\/div>\n<\/div>\n<\/div>\n<\/div>\n<\/article>\n<div class=\"td-post-content tagdiv-type\">\n<p class=\"wp-block-paragraph\">Construc\u021biile istorice de la Baza Uszoda din Timi\u0219oara \u00eencep s\u0103-\u0219i recapete forma de acum 100 de ani, prin interven\u021biile realizate cu sprijinul Asocia\u021biei Arhabito, prin proiectul \u201eAmbulan\u021ba pentru Monumente \u2013 Banat\u201d.<\/p>\n<p class=\"wp-block-paragraph\">Echipele lucreaz\u0103 \u00een aceast\u0103 perioad\u0103 la \u0219arpanta cl\u0103dirilor, unde lemnul degradat este \u00eenlocuit, \u00een timp ce elementele care se afl\u0103 \u00eentr-o stare bun\u0103 sunt p\u0103strate pentru a fi refolosite. Interven\u021biile urm\u0103resc conservarea unei c\u00e2t mai mari p\u0103r\u021bi din structura istoric\u0103 a construc\u021biilor.<\/p>\n<p class=\"wp-block-paragraph\">\u00cen paralel, \u00eencepe \u0219i \u00eenlocuirea \u021biglelor de pe acoperi\u0219, o etap\u0103 important\u0103 pentru recuperarea aspectului istoric al ansamblului.<\/p>\n<h2 class=\"wp-block-heading\">Se p\u0103streaz\u0103 c\u00e2t mai mult din structura original\u0103<\/h2>\n<p class=\"wp-block-paragraph\">Lucr\u0103rile la \u0219arpant\u0103 sunt realizate astfel \u00eenc\u00e2t elementele istorice care pot fi salvate s\u0103 fie conservate \u0219i reintegrate \u00een construc\u021bie. Lemnul degradat este \u00eenlocuit, iar componentele aflate \u00eentr-o stare bun\u0103 sunt refolosite.<\/p>\n<figure class=\"wp-block-gallery has-nested-images columns-6 is-cropped wp-block-gallery-1 is-layout-flex wp-block-gallery-is-layout-flex\">\n<figure class=\"wp-block-image size-full\"><img loading=\"lazy\" decoding=\"async\" width=\"1920\" height=\"1080\" data-id=\"40507\" src=\"https:\/\/orasul-timisoara.ro\/wp-content\/uploads\/2026\/08\/baza-uszoda-2.jpg\" alt class=\"wp-image-40507\"><\/figure>\n<figure class=\"wp-block-image size-full\"><img loading=\"lazy\" decoding=\"async\" width=\"1920\" height=\"1080\" data-id=\"40510\" src=\"https:\/\/orasul-timisoara.ro\/wp-content\/uploads\/2026\/08\/baza-uszoda-3.jpg\" alt class=\"wp-image-40510\"><\/figure>\n<figure class=\"wp-block-image size-full\"><img loading=\"lazy\" decoding=\"async\" width=\"1920\" height=\"1080\" data-id=\"40506\" src=\"https:\/\/orasul-timisoara.ro\/wp-content\/uploads\/2026\/08\/baza-uszoda-4.jpg\" alt class=\"wp-image-40506\"><\/figure>\n<figure class=\"wp-block-image size-full\"><img decoding=\"async\" loading=\"lazy\" width=\"1920\" height=\"1080\" data-id=\"40508\" src=\"https:\/\/orasul-timisoara.ro\/wp-content\/uploads\/2026\/08\/baza-uszoda-5.jpg\" alt class=\"wp-image-40508\"><\/figure>\n<figure class=\"wp-block-image size-full\"><img decoding=\"async\" loading=\"lazy\" width=\"1920\" height=\"1080\" data-id=\"40509\" src=\"https:\/\/orasul-timisoara.ro\/wp-content\/uploads\/2026\/08\/baza-uszoda-6.jpg\" alt class=\"wp-image-40509\"><\/figure>\n<figure class=\"wp-block-image size-full\"><img decoding=\"async\" loading=\"lazy\" width=\"1920\" height=\"1080\" data-id=\"40511\" src=\"https:\/\/orasul-timisoara.ro\/wp-content\/uploads\/2026\/08\/baza-uszoda-7.jpg\" alt class=\"wp-image-40511\"><\/figure>\n<figure class=\"wp-block-image size-full\"><img decoding=\"async\" loading=\"lazy\" width=\"1920\" height=\"1080\" data-id=\"40512\" src=\"https:\/\/orasul-timisoara.ro\/wp-content\/uploads\/2026\/08\/baza-uszoda-1.jpg\" alt class=\"wp-image-40512\"><\/figure>\n<\/figure>\n<p class=\"wp-block-paragraph\">\u201eEchipele lucreaz\u0103 la \u0219arpant\u0103, unde \u00eenlocuiesc lemnul degradat \u0219i p\u0103streaz\u0103 elementele \u00een stare bun\u0103 pentru a le refolosi \u0219i a conserva c\u00e2t mai mult din structura istoric\u0103 a cl\u0103dirilor. \u00cen paralel, s\u0103pt\u0103m\u00e2na aceasta \u00eencepe \u0219i \u00eenlocuirea \u021biglelor de pe acoperi\u0219\u201d, transmite Ruben La\u021bc\u0103u, viceprimarul Timi\u0219oarei.<\/p>\n<h2 class=\"wp-block-heading\">Construc\u021biile vor fi readuse c\u00e2t mai aproape de forma de acum un secol<\/h2>\n<p class=\"wp-block-paragraph\">Interven\u021biile nu se limiteaz\u0103 la acoperi\u0219 \u0219i \u0219arpant\u0103. Pentru a reda ansamblului aspectul pe care \u00eel avea \u00een urm\u0103 cu aproximativ un secol, sunt ref\u0103cute elementele originale care au disp\u0103rut \u00een timp.<\/p>\n<p class=\"wp-block-paragraph\">Totodat\u0103, sunt eliminate compartiment\u0103rile care au fost ad\u0103ugate \u00een perioada comunist\u0103, interven\u021bia urm\u0103rind recuperarea c\u00e2t mai fidel\u0103 a configura\u021biei istorice a cl\u0103dirilor.<\/p>\n<h2 class=\"wp-block-heading\">Comunitatea particip\u0103 la recuperarea patrimoniului<\/h2>\n<p class=\"wp-block-paragraph\">Lucr\u0103rile de la Baza Uszoda sunt realizate cu sprijinul Asocia\u021biei Arhabito, prin proiectul \u201eAmbulan\u021ba pentru Monumente \u2013 Banat\u201d, \u0219i beneficiaz\u0103 de implicarea voluntarilor \u0219i speciali\u0219tilor.<\/p>\n<p class=\"wp-block-paragraph\">Viceprimarul Ruben La\u021bc\u0103u subliniaz\u0103 rolul comunit\u0103\u021bii \u00een astfel de proiecte \u0219i sus\u021bine c\u0103 administra\u021bia local\u0103 \u00ee\u0219i propune s\u0103 transforme comunitatea \u00eentr-un partener \u00een recuperarea patrimoniului ora\u0219ului.<\/p>\n<p class=\"wp-block-paragraph\">\u201e\u00cen Timi\u0219oara continu\u0103m s\u0103 atragem comunitatea ca partener \u00een proiectele prin care facem ora\u0219ul mai bun. Le mul\u021bumim tuturor voluntarilor \u0219i speciali\u0219tilor care pun acum um\u0103rul la recuperarea unei buc\u0103\u021bi din istoria ora\u0219ului nostru\u201d, spune Ruben La\u021bc\u0103u.<\/p>\n<p class=\"wp-block-paragraph\">Interven\u021biile de la Baza Uszoda contribuie astfel la conservarea unei construc\u021bii istorice \u0219i la recuperarea elementelor care definesc aspectul original al ansamblului.<\/p>\n<\/div>\n<p>[analyse_source url=&#8221;https:\/\/orasul-timisoara.ro\/local-40505\/&#8221;]<\/p>\n","protected":false},"excerpt":{"rendered":"<p>[analyse_image type=&#8221;featured&#8221; src=&#8221;https:\/\/orasul-timisoara.ro\/wp-content\/uploads\/2026\/08\/baza-uszoda-1.jpg&#8221;] Administra\u021bie local\u0103Baza Uszoda din Timi\u0219oara \u00ee\u0219i recap\u0103t\u0103 forma de acum 100 de ani Administra\u021bie local\u0103 Investitii in Timisoara \u0218tiri Locale Baza Uszoda din Timi\u0219oara \u00ee\u0219i recap\u0103t\u0103 forma de acum 100 de ani De c\u0103tre redactia &#8211; 25\/08\/2026 Facebook Twitter WhatsApp Linkedin ReddIt Email Imprimare Construc\u021biile istorice de la Baza Uszoda din Timi\u0219oara [&hellip;]<\/p>\n","protected":false},"author":1,"featured_media":0,"comment_status":"open","ping_status":"","sticky":false,"template":"","format":"standard","meta":{"footnotes":""},"categories":[89],"tags":[226,189],"class_list":["post-2111012","post","type-post","status-publish","format-standard","hentry","category-romania","tag-crawlmanager","tag-orasul-timisoara-ro"],"_links":{"self":[{"href":"https:\/\/analyse.optim.biz\/index.php?rest_route=\/wp\/v2\/posts\/2111012","targetHints":{"allow":["GET"]}}],"collection":[{"href":"https:\/\/analyse.optim.biz\/index.php?rest_route=\/wp\/v2\/posts"}],"about":[{"href":"https:\/\/analyse.optim.biz\/index.php?rest_route=\/wp\/v2\/types\/post"}],"author":[{"embeddable":true,"href":"https:\/\/analyse.optim.biz\/index.php?rest_route=\/wp\/v2\/users\/1"}],"replies":[{"embeddable":true,"href":"https:\/\/analyse.optim.biz\/index.php?rest_route=%2Fwp%2Fv2%2Fcomments&post=2111012"}],"version-history":[{"count":0,"href":"https:\/\/analyse.optim.biz\/index.php?rest_route=\/wp\/v2\/posts\/2111012\/revisions"}],"wp:attachment":[{"href":"https:\/\/analyse.optim.biz\/index.php?rest_route=%2Fwp%2Fv2%2Fmedia&parent=2111012"}],"wp:term":[{"taxonomy":"category","embeddable":true,"href":"https:\/\/analyse.optim.biz\/index.php?rest_route=%2Fwp%2Fv2%2Fcategories&post=2111012"},{"taxonomy":"post_tag","embeddable":true,"href":"https:\/\/analyse.optim.biz\/index.php?rest_route=%2Fwp%2Fv2%2Ftags&post=2111012"}],"curies":[{"name":"wp","href":"https:\/\/api.w.org\/{rel}","templated":true}]}}