{"id":2110960,"date":"2026-08-24T13:55:00","date_gmt":"2026-08-24T10:55:00","guid":{"rendered":"https:\/\/analyse.optim.biz\/?p=2110960"},"modified":"2026-08-24T13:55:00","modified_gmt":"2026-08-24T10:55:00","slug":"ne-prostim-pe-zi-ce-trece-studiile-care-demonstreaza-scaderea-inteligentei-umane","status":"publish","type":"post","link":"https:\/\/analyse.optim.biz\/?p=2110960","title":{"rendered":"Ne prostim pe zi ce trece? Studiile care demonstreaz\u0103 sc\u0103derea inteligen\u021bei umane"},"content":{"rendered":"<p>[analyse_image type=&#8221;featured&#8221; src=&#8221;https:\/\/radiogoldfm.ro\/wp-content\/uploads\/2026\/08\/ne-prostim-pe-zi-ce-trece-studiile-care-demonstreaz-sc-derea-inteligen-ei-umane-main.webphttps:\/\/radiogoldfm.ro\/wp-content\/uploads\/2026\/08\/ne-prostim-pe-zi-ce-trece-studiile-care-demonstreaz-sc-derea-inteligen-ei-umane-main.webp&#8221;]<\/p>\n<div class=\"qt-the-content\">\n<p>\u00cen ultimii ani, mai multe studii au sugerat c\u0103 creierul uman \u00ee\u0219i pierde din dimensiuni, iar nivelul de inteligen\u021b\u0103 este \u00een sc\u0103dere. Totu\u0219i, oamenii de \u0219tiin\u021b\u0103 atrag aten\u021bia c\u0103 lucrurile nu sunt at\u00e2t de simple \u0219i c\u0103 realitatea este mult mai nuan\u021bat\u0103.<\/p>\n<p>Timp de aproape o sut\u0103 de ani, s-a observat c\u0103 scorurile la testele de coeficient de inteligen\u021b\u0103 cresceau constant de la o genera\u021bie la alta. Acest fenomen a fost denumit \u201eefectul Flynn\u201d \u00een 1984, dup\u0103 cercet\u0103torul James Flynn, \u0219i ar\u0103ta o cre\u0219tere de aproximativ trei puncte de IQ \u00een fiecare deceniu.<\/p>\n<p>Printre motivele principale ale acestei evolu\u021bii s-au num\u0103rat o hran\u0103 mai bun\u0103, accesul mai rapid la educa\u021bie, familiile cu mai pu\u021bini copii \u0219i un mediu de via\u021b\u0103 din ce \u00een ce mai complex.<\/p>\n<p>Trecerea la \u201eefectul Flynn invers\u201d: ce au descoperit cercet\u0103torii americani<\/p>\n<p>\u00cens\u0103 cercet\u0103rile recente sugereaz\u0103 c\u0103 aceast\u0103 tendin\u021b\u0103 s-ar fi inversat. \u00centr-un studiu publicat de jurnalul Intelligence, o echip\u0103 condus\u0103 de Elizabeth Dworak, de la Northwestern University (SUA), a analizat rezultatele a aproape 400.000 de adul\u021bi americani testa\u021bi \u00eentre anii 2006 \u0219i 2018 \u0219i a descoperit indicii ale unui posibil \u201eefect Flynn invers\u201d.<\/p>\n<p>Datele au provenit din proiectul SAPA, o platform\u0103 online de cercetare, iar participan\u021bii au completat testul International Cognitive Ability Resource (ICAR). \u00cen loc s\u0103 analizeze doar scorul total, cercet\u0103torii au evaluat separat mai multe tipuri de abilit\u0103\u021bi cognitive, printre care ra\u021bionarea abstract\u0103, g\u00e2ndirea logic\u0103, ra\u021bionarea verbal\u0103 \u0219i capacitatea de a manipula mintal obiecte tridimensionale.<\/p>\n<p>Abilit\u0103\u021bile cognitive afectate: cine \u00eenregistreaz\u0103 cele mai mari sc\u0103deri<\/p>\n<p>Rezultatele au ar\u0103tat o sc\u0103dere a scorurilor cognitive generale pe parcursul celor 13 ani analiza\u021bi, indiferent de v\u00e2rst\u0103, sex sau nivel de educa\u021bie. Cele mai accentuate sc\u0103deri au fost observate \u00een r\u00e2ndul tinerilor cu v\u00e2rste cuprinse \u00eentre 18 \u0219i 22 de ani \u0219i al persoanelor cu un nivel mai redus de educa\u021bie.<\/p>\n<p>Totu\u0219i, declinul nu a fost uniform, scrie Science Alert. Performan\u021bele la testele de ra\u021bionare abstract\u0103 \u0219i logic\u0103 au sc\u0103zut, \u00een timp ce rezultatele la probele de ra\u021bionare verbal\u0103 au r\u0103mas aproape neschimbate. \u00cen schimb, capacitatea de rota\u021bie mintal\u0103 \u00een spa\u021biu (abilitatea de a vizualiza \u0219i manipula obiecte tridimensionale) s-a \u00eembun\u0103t\u0103\u021bit.<\/p>\n<p>Cercet\u0103torii sugereaz\u0103 c\u0103 popularitatea jocurilor video ar putea contribui la aceast\u0103 evolu\u021bie, de\u0219i ipoteza nu a fost testat\u0103 \u00een studiu.<\/p>\n<p>O evolu\u021bie complex\u0103 a min\u021bii umane \u00een era tehnologiei<\/p>\n<p>Tendin\u021be similare au fost observate \u0219i la alte examene standardizate din SUA, precum ACT \u0219i SAT, ale c\u0103ror scoruri medii au sc\u0103zut \u00een ultimul deceniu. Declinul a \u00eenceput \u00eens\u0103 \u00eenainte de apari\u021bia Inteligen\u021bei Artificiale (AI) generative \u0219i \u00eenainte de pandemia de COVID-19, ceea ce \u00eenseamn\u0103 c\u0103 niciuna dintre acestea nu poate explica fenomenul.<\/p>\n<p>Concluzia cercet\u0103torilor este c\u0103 evolu\u021bia inteligen\u021bei umane pare mai complex\u0103 dec\u00e2t o simpl\u0103 cre\u0219tere sau sc\u0103dere a IQ-ului. Unele abilit\u0103\u021bi cognitive par s\u0103 se deterioreze, \u00een timp ce altele continu\u0103 s\u0103 se dezvolte, posibil ca r\u0103spuns la schimb\u0103rile tehnologice \u0219i culturale ale societ\u0103\u021bii moderne.<\/p>\n<p><em><strong>surs\u0103: <a href=\"https:\/\/www.ziuanews.ro\/stiri\/ne-prostim-pe-zi-ce-trece-studiile-care-demonstreaza-scaderea-inteligen-ei-umane-1595996\">ziuanews.ro<\/a><\/strong><\/em><\/p>\n<div class=\"tagcloud qt-spacer-m\"><span class=\"qt-title\">Tagged as <\/span><a href=\"https:\/\/radiogoldfm.ro\/tag\/gold-fm\/\" rel=\"tag\">GOLD FM<\/a><a href=\"https:\/\/radiogoldfm.ro\/tag\/inteligenta-umana\/\" rel=\"tag\">inteligenta umana<\/a><a href=\"https:\/\/radiogoldfm.ro\/tag\/prostie\/\" rel=\"tag\">prostie<\/a><a href=\"https:\/\/radiogoldfm.ro\/tag\/romania\/\" rel=\"tag\">romania<\/a><a href=\"https:\/\/radiogoldfm.ro\/tag\/societate\/\" rel=\"tag\">societate<\/a><a href=\"https:\/\/radiogoldfm.ro\/tag\/studii\/\" rel=\"tag\">studii<\/a><\/div>\n<div class=\"qt-post-author qt-card\">\n<div class=\"row\">\n<div class=\"qt-post-author-data col s10 m7 l7\">\n<h6>Profil<\/h6>\n<h4><a href=\"https:\/\/radiogoldfm.ro\/ne-prostim-pe-zi-ce-trece-studiile-care-demonstreaza-scaderea-inteligentei-umane\/#author_page\">Gold FM Radio<\/a><\/h4>\n<\/div>\n<div class=\"qt-post-author-link col s12 m3 l4 \"><a href=\"https:\/\/radiogoldfm.ro\/author\/gold-fm\/\" class=\"qt-btn qt-btn-large qt-btn-primary aligncenter\">Arhiva postari<\/a><\/div>\n<\/div>\n<\/div>\n<\/div>\n<p>[analyse_source url=&#8221;https:\/\/radiogoldfm.ro\/ne-prostim-pe-zi-ce-trece-studiile-care-demonstreaza-scaderea-inteligentei-umane\/&#8221;]<\/p>\n","protected":false},"excerpt":{"rendered":"<p>[analyse_image type=&#8221;featured&#8221; src=&#8221;https:\/\/radiogoldfm.ro\/wp-content\/uploads\/2026\/08\/ne-prostim-pe-zi-ce-trece-studiile-care-demonstreaz-sc-derea-inteligen-ei-umane-main.webphttps:\/\/radiogoldfm.ro\/wp-content\/uploads\/2026\/08\/ne-prostim-pe-zi-ce-trece-studiile-care-demonstreaz-sc-derea-inteligen-ei-umane-main.webp&#8221;] \u00cen ultimii ani, mai multe studii au sugerat c\u0103 creierul uman \u00ee\u0219i pierde din dimensiuni, iar nivelul de inteligen\u021b\u0103 este \u00een sc\u0103dere. Totu\u0219i, oamenii de \u0219tiin\u021b\u0103 atrag aten\u021bia c\u0103 lucrurile nu sunt at\u00e2t de simple \u0219i c\u0103 realitatea este mult mai nuan\u021bat\u0103. Timp de aproape o sut\u0103 de ani, s-a observat c\u0103 [&hellip;]<\/p>\n","protected":false},"author":1,"featured_media":0,"comment_status":"open","ping_status":"","sticky":false,"template":"","format":"standard","meta":{"footnotes":""},"categories":[89],"tags":[226,96],"class_list":["post-2110960","post","type-post","status-publish","format-standard","hentry","category-romania","tag-crawlmanager","tag-radiogoldfm-ro"],"_links":{"self":[{"href":"https:\/\/analyse.optim.biz\/index.php?rest_route=\/wp\/v2\/posts\/2110960","targetHints":{"allow":["GET"]}}],"collection":[{"href":"https:\/\/analyse.optim.biz\/index.php?rest_route=\/wp\/v2\/posts"}],"about":[{"href":"https:\/\/analyse.optim.biz\/index.php?rest_route=\/wp\/v2\/types\/post"}],"author":[{"embeddable":true,"href":"https:\/\/analyse.optim.biz\/index.php?rest_route=\/wp\/v2\/users\/1"}],"replies":[{"embeddable":true,"href":"https:\/\/analyse.optim.biz\/index.php?rest_route=%2Fwp%2Fv2%2Fcomments&post=2110960"}],"version-history":[{"count":0,"href":"https:\/\/analyse.optim.biz\/index.php?rest_route=\/wp\/v2\/posts\/2110960\/revisions"}],"wp:attachment":[{"href":"https:\/\/analyse.optim.biz\/index.php?rest_route=%2Fwp%2Fv2%2Fmedia&parent=2110960"}],"wp:term":[{"taxonomy":"category","embeddable":true,"href":"https:\/\/analyse.optim.biz\/index.php?rest_route=%2Fwp%2Fv2%2Fcategories&post=2110960"},{"taxonomy":"post_tag","embeddable":true,"href":"https:\/\/analyse.optim.biz\/index.php?rest_route=%2Fwp%2Fv2%2Ftags&post=2110960"}],"curies":[{"name":"wp","href":"https:\/\/api.w.org\/{rel}","templated":true}]}}