{"id":2110958,"date":"2026-08-25T10:34:00","date_gmt":"2026-08-25T07:34:00","guid":{"rendered":"https:\/\/analyse.optim.biz\/?p=2110958"},"modified":"2026-08-25T10:34:00","modified_gmt":"2026-08-25T07:34:00","slug":"150-de-buzoieni-consultati-gratuit-la-simileasca-ce-spune-directorul-claudiu-damian","status":"publish","type":"post","link":"https:\/\/analyse.optim.biz\/?p=2110958","title":{"rendered":"150 de buzoieni, consulta\u021bi gratuit la Simileasca. Ce spune directorul Claudiu Damian"},"content":{"rendered":"<p>[analyse_image type=&#8221;featured&#8221; src=&#8221;https:\/\/opiniabuzau.ro\/wp-content\/uploads\/2019\/02\/damian-claudiu.jpg&#8221;]<\/p>\n<div class=\"entry-content entry clearfix\">\n<blockquote>\n<p class=\"isSelectedEnd\"><strong>Managerul Spitalului Jude\u021bean de Urgen\u021b\u0103 Buz\u0103u, ec. Claudiu Damian, a f\u0103cut un scurt bilan\u021b al celei de-a 13-a edi\u021bii a caravanei medicale \u201eS\u0103n\u0103tate pentru Buz\u0103u\u201d, desf\u0103\u0219urat\u0103 \u00een cartierul Simileasca. Acesta consider\u0103 c\u0103 ac\u021biunea a avut o miz\u0103 care dep\u0103\u0219e\u0219te acordarea unor consulta\u021bii medicale gratuite. Caravana s-a desf\u0103\u0219urat pe 22 august, la \u0218coala Gimnazial\u0103 Nr. 14 din cartierul Simileasca. Au fost programa\u021bi 100 de adul\u021bi \u0219i 50 de copii, iar consulta\u021biile au fost asigurate de 11 medici. Beneficiarii au avut\u00a0 posibilitatea de a efectua analize \u0219i investiga\u021bii medicale.<\/strong><\/p>\n<\/blockquote>\n<p class=\"isSelectedEnd\">\u00centr-un interviu realizat de purt\u0103torul de cuv\u00e2nt al institu\u021biei medicale, Adriana Bunil\u0103, Claudiu Damian a vorbit despre accesul la servicii medicale, importan\u021ba preven\u021biei, implicarea medicilor \u0219i necesitatea ca astfel de ac\u021biuni s\u0103 ajung\u0103 \u00een c\u00e2t mai multe comunit\u0103\u021bi.<\/p>\n<p class=\"isSelectedEnd\">Pentru Claudiu Damian, alegerea unei \u0219coli drept loc de desf\u0103\u0219urare a ac\u021biunii a avut o semnifica\u021bie aparte.<\/p>\n<p class=\"isSelectedEnd\"><em>\u201eA fost mai mult dec\u00e2t o ac\u021biune medical\u0103. A fost o \u00eent\u00e2lnire \u00eentre oameni care au nevoie de ajutor \u0219i oameni care au ales s\u0103 \u00eel ofere\u201d, a declarat managerul SJU Buz\u0103u. \u00cen opinia sa, prezen\u021ba caravanei \u00een comunitate, \u00eentr-un spa\u021biu familiar precum \u0219coala, transmite \u201eun mesaj important despre preven\u021bie, educa\u021bie \u0219i solidaritate\u201d.<\/em><\/p>\n<h3><strong>A fost cea mai numeroas\u0103 prezen\u021b\u0103 a medicilor<\/strong><\/h3>\n<p class=\"isSelectedEnd\">Una dintre particularit\u0103\u021bile acestei edi\u021bii a fost num\u0103rul medicilor implica\u021bi. Claudiu Damian spune c\u0103 participarea speciali\u0219tilor a fost cea mai numeroas\u0103 \u00eenregistrat\u0103 \u00een cele 13 edi\u021bii ale caravanei. <em>\u201eAm avut speciali\u0219ti \u00een pediatrie, pneumologie, chirurgie, obstetric\u0103-ginecologie \u0219i dermato-venerologie\u201d,<\/em> a precizat acesta.<\/p>\n<div class=\"stream-item stream-item-in-post stream-item-inline-post aligncenter\"><a href=\"https:\/\/vreaulanova.ro\/?utm_source=opiniabuzau&amp;utm_medium=image\" title target=\"_blank\"><img loading=\"lazy\" decoding=\"async\" data-od-unknown-tag data-od-xpath=\"\/HTML\/BODY\/DIV[@class=&apos;background-overlay&apos;]\/*[1][self::DIV]\/*[1][self::DIV]\/*[4][self::DIV]\/*[1][self::DIV]\/*[1][self::DIV]\/*[2][self::ARTICLE]\/*[3][self::DIV]\/*[8][self::DIV]\/*[1][self::A]\/*[1][self::IMG]\" src=\"https:\/\/opiniabuzau.ro\/wp-content\/smush-webp\/2022\/02\/MicrosoftTeams-image-4-1.jpg.webp\" alt width=\"728\" height=\"91\" class=\"perfmatters-lazy\"><img loading=\"lazy\" decoding=\"async\" data-od-unknown-tag data-od-xpath=\"\/HTML\/BODY\/DIV[@class=&apos;background-overlay&apos;]\/*[1][self::DIV]\/*[1][self::DIV]\/*[4][self::DIV]\/*[1][self::DIV]\/*[1][self::DIV]\/*[2][self::ARTICLE]\/*[3][self::DIV]\/*[8][self::DIV]\/*[1][self::A]\/*[1][self::IMG]\" src=\"https:\/\/opiniabuzau.ro\/wp-content\/smush-webp\/2022\/02\/MicrosoftTeams-image-4-1.jpg.webp\" alt width=\"728\" height=\"91\"><\/a><\/div>\n<p class=\"isSelectedEnd\">Managerul spitalului a insistat asupra faptului c\u0103 medicii au participat voluntar, \u00een condi\u021biile unui program profesional solicitant. <em>\u201eMedicii lucreaz\u0103 \u00eentr-un ritm intens, au multe ore de munc\u0103 \u0219i g\u0103rzi, \u00eens\u0103 au ales s\u0103 \u00ee\u0219i dedice timpul oamenilor din Simileasca\u201d, a spus Claudiu Damian,<\/em> ad\u0103ug\u00e2nd c\u0103 le este<em> \u201eprofund recunosc\u0103tor pentru profesionalismul \u0219i empatia de care au dat dovad\u0103\u201d.<\/em><\/p>\n<h3><strong>Spitalul a dus echipamente medicale \u00een comunitate<\/strong><\/h3>\n<p class=\"isSelectedEnd\">Implicarea Spitalului Jude\u021bean de Urgen\u021b\u0103 Buz\u0103u nu s-a limitat la participarea medicilor. Unitatea medical\u0103 a asigurat \u0219i o parte important\u0103 din logistica necesar\u0103 desf\u0103\u0219ur\u0103rii consulta\u021biilor. <em>\u201eSpitalul a oferit at\u00e2t sprijin medical, prin participarea speciali\u0219tilor, c\u00e2t \u0219i sprijin logistic\u201d,<\/em> a explicat managerul. Au fost puse la dispozi\u021bie paturi pentru consulta\u021bii, un aparat EKG \u0219i un ecograf portabil.<\/p>\n<p class=\"isSelectedEnd\">Potrivit lui Claudiu Damian, aceste resurse au permis ca o parte dintre consulta\u021bii \u0219i investiga\u021bii s\u0103 fie realizate <em>\u201e\u00een condi\u021bii bune, aproape de locuin\u021bele oamenilor\u201d.<\/em><\/p>\n<h3><strong>Accesul la medic, \u00eenainte ca problema s\u0103 devin\u0103 o urgen\u021b\u0103<\/strong><\/h3>\n<p class=\"isSelectedEnd\"><img loading=\"lazy\" decoding=\"async\" data-od-unknown-tag data-od-xpath=\"\/HTML\/BODY\/DIV[@class=&apos;background-overlay&apos;]\/*[1][self::DIV]\/*[1][self::DIV]\/*[4][self::DIV]\/*[1][self::DIV]\/*[1][self::DIV]\/*[2][self::ARTICLE]\/*[3][self::DIV]\/*[15][self::P]\/*[1][self::IMG]\" class=\"size-medium wp-image-478377 alignleft perfmatters-lazy\" src=\"https:\/\/opiniabuzau.ro\/wp-content\/uploads\/2026\/08\/spitalul-judetean-in-caravana-2026-293x220.webp\" alt width=\"293\" height=\"220\"><\/p>\n<p><img loading=\"lazy\" decoding=\"async\" data-od-unknown-tag data-od-xpath=\"\/HTML\/BODY\/DIV[@class=&apos;background-overlay&apos;]\/*[1][self::DIV]\/*[1][self::DIV]\/*[4][self::DIV]\/*[1][self::DIV]\/*[1][self::DIV]\/*[2][self::ARTICLE]\/*[3][self::DIV]\/*[15][self::P]\/*[1][self::IMG]\" class=\"size-medium wp-image-478377 alignleft\" src=\"https:\/\/opiniabuzau.ro\/wp-content\/uploads\/2026\/08\/spitalul-judetean-in-caravana-2026-293x220.webp\" alt width=\"293\" height=\"220\">Unul dintre mesajele centrale transmise de managerul SJU Buz\u0103u este legat de preven\u021bie. \u00cen opinia sa, apropierea serviciilor medicale de comunitate poate \u00eencuraja oamenii s\u0103 nu am\u00e2ne un control. <em>\u201ePentru mul\u021bi oameni, faptul c\u0103 medicul ajunge aproape de cas\u0103 poate \u00eensemna diferen\u021ba dintre a face un control la timp \u0219i a am\u00e2na problema\u201d<\/em>, a declarat Claudiu Damian.<\/p>\n<p class=\"isSelectedEnd\">La edi\u021bia din Simileasca au fost programa\u021bi 100 de adul\u021bi \u0219i 50 de copii, ace\u0219tia av\u00e2nd acces la consulta\u021bii \u00een mai multe specialit\u0103\u021bi \u0219i la analize medicale.<\/p>\n<p class=\"isSelectedEnd\">Managerul consider\u0103 c\u0103 depistarea precoce a unor probleme de s\u0103n\u0103tate poate contribui inclusiv la diminuarea presiunii asupra serviciilor de urgen\u021b\u0103. <em>\u201eDac\u0103 problemele sunt descoperite mai devreme \u0219i oamenii ajung la medic \u00eenainte s\u0103 se agraveze, se poate reduce presiunea asupra serviciilor de urgen\u021b\u0103\u201d<\/em>, a afirmat acesta.<\/p>\n<h3><strong>S\u0103n\u0103tatea \u00eencepe cu educa\u021bia<\/strong><\/h3>\n<p class=\"isSelectedEnd\">Faptul c\u0103 edi\u021bia a 13-a a caravanei a fost organizat\u0103 \u00eentr-o unitate de \u00eenv\u0103\u021b\u0103m\u00e2nt i-a oferit lui Claudiu Damian ocazia de a vorbi \u0219i despre rolul educa\u021biei \u00een preven\u021bie. \u201eS\u0103n\u0103tatea \u00eencepe cu educa\u021bia\u201d, spune managerul SJU Buz\u0103u, care consider\u0103 c\u0103 elevii trebuie s\u0103 \u00eenve\u021be de la v\u00e2rste mici importan\u021ba preven\u021biei \u0219i a solicit\u0103rii ajutorului medical atunci c\u00e2nd apare o problem\u0103. <em>\u201e\u0218coala este un spa\u021biu familiar, \u00een care mesajele despre s\u0103n\u0103tate pot ajunge mai u\u0219or la copii \u0219i familiile lor\u201d,<\/em> a mai declarat acesta.<\/p>\n<h3><strong>\u201eNu putem rezolva toate problemele sistemului medical \u00eentr-o singur\u0103 zi\u201d<\/strong><\/h3>\n<p class=\"isSelectedEnd\">Managerul Spitalului Jude\u021bean de Urgen\u021b\u0103 Buz\u0103u nu vede \u00eens\u0103 caravana drept o solu\u021bie pentru problemele sistemului medical; o vede \u00eens\u0103 ca pe o modalitate concret\u0103 de a apropia serviciile de oameni. <em>\u201eNu putem rezolva toate problemele sistemului medical \u00eentr-o singur\u0103 zi, dar putem fi prezen\u021bi, putem asculta oamenii \u0219i putem contribui la depistarea timpurie a unor afec\u021biuni\u201d,<\/em> a declarat Claudiu Damian.<\/p>\n<p class=\"isSelectedEnd\">Acesta spune c\u0103 proiectul ar trebui s\u0103 continue \u0219i s\u0103 ajung\u0103 \u00een c\u00e2t mai multe comunit\u0103\u021bi din jude\u021b. Mesajul s\u0103u pentru persoanele care am\u00e2n\u0103 controalele medicale este direct: <em>\u201eS\u0103 nu ignore simptomele \u0219i s\u0103 nu am\u00e2ne controalele. Preven\u021bia este una dintre cele mai importante forme de grij\u0103 fa\u021b\u0103 de propria s\u0103n\u0103tate\u201d.<\/em><\/p>\n<p class=\"isSelectedEnd\">\u00cen acela\u0219i timp, Claudiu Damian le-a mul\u021bumit locuitorilor care au participat, medicilor SJU Buz\u0103u, Consiliului Jude\u021bean Buz\u0103u \u0219i tuturor celor implica\u021bi \u00een organizarea edi\u021biei din Simileasca. <em>\u201eAceast\u0103 caravan\u0103 este, \u00eenainte de toate, despre oameni \u0219i despre grij\u0103. Nimeni nu trebuie s\u0103 se simt\u0103 singur atunci c\u00e2nd are nevoie de ajutor\u201d,<\/em> a transmis managerul Spitalului Jude\u021bean de Urgen\u021b\u0103 Buz\u0103u.<\/p>\n<\/div>\n<p>[analyse_source url=&#8221;https:\/\/opiniabuzau.ro\/150-de-buzoieni-consultati-gratuit-la-simileasca-ce-spune-directorul-claudiu-damian\/&#8221;]<\/p>\n","protected":false},"excerpt":{"rendered":"<p>[analyse_image type=&#8221;featured&#8221; src=&#8221;https:\/\/opiniabuzau.ro\/wp-content\/uploads\/2019\/02\/damian-claudiu.jpg&#8221;] Managerul Spitalului Jude\u021bean de Urgen\u021b\u0103 Buz\u0103u, ec. Claudiu Damian, a f\u0103cut un scurt bilan\u021b al celei de-a 13-a edi\u021bii a caravanei medicale \u201eS\u0103n\u0103tate pentru Buz\u0103u\u201d, desf\u0103\u0219urat\u0103 \u00een cartierul Simileasca. Acesta consider\u0103 c\u0103 ac\u021biunea a avut o miz\u0103 care dep\u0103\u0219e\u0219te acordarea unor consulta\u021bii medicale gratuite. Caravana s-a desf\u0103\u0219urat pe 22 august, la \u0218coala [&hellip;]<\/p>\n","protected":false},"author":1,"featured_media":0,"comment_status":"open","ping_status":"","sticky":false,"template":"","format":"standard","meta":{"footnotes":""},"categories":[2],"tags":[226,44],"class_list":["post-2110958","post","type-post","status-publish","format-standard","hentry","category-politics","tag-crawlmanager","tag-opiniabuzau-ro"],"_links":{"self":[{"href":"https:\/\/analyse.optim.biz\/index.php?rest_route=\/wp\/v2\/posts\/2110958","targetHints":{"allow":["GET"]}}],"collection":[{"href":"https:\/\/analyse.optim.biz\/index.php?rest_route=\/wp\/v2\/posts"}],"about":[{"href":"https:\/\/analyse.optim.biz\/index.php?rest_route=\/wp\/v2\/types\/post"}],"author":[{"embeddable":true,"href":"https:\/\/analyse.optim.biz\/index.php?rest_route=\/wp\/v2\/users\/1"}],"replies":[{"embeddable":true,"href":"https:\/\/analyse.optim.biz\/index.php?rest_route=%2Fwp%2Fv2%2Fcomments&post=2110958"}],"version-history":[{"count":0,"href":"https:\/\/analyse.optim.biz\/index.php?rest_route=\/wp\/v2\/posts\/2110958\/revisions"}],"wp:attachment":[{"href":"https:\/\/analyse.optim.biz\/index.php?rest_route=%2Fwp%2Fv2%2Fmedia&parent=2110958"}],"wp:term":[{"taxonomy":"category","embeddable":true,"href":"https:\/\/analyse.optim.biz\/index.php?rest_route=%2Fwp%2Fv2%2Fcategories&post=2110958"},{"taxonomy":"post_tag","embeddable":true,"href":"https:\/\/analyse.optim.biz\/index.php?rest_route=%2Fwp%2Fv2%2Ftags&post=2110958"}],"curies":[{"name":"wp","href":"https:\/\/api.w.org\/{rel}","templated":true}]}}