{"id":2110946,"date":"2026-08-25T10:24:55","date_gmt":"2026-08-25T07:24:55","guid":{"rendered":"https:\/\/analyse.optim.biz\/?p=2110946"},"modified":"2026-08-25T10:24:55","modified_gmt":"2026-08-25T07:24:55","slug":"claudiu-nasui-de-la-usr-a-fost-propru-ministru-la-chisinau-ce-portofoliu-vizeaza","status":"publish","type":"post","link":"https:\/\/analyse.optim.biz\/?p=2110946","title":{"rendered":"Claudiu N\u0103sui de la USR a fost propru ministru la Chi\u0219in\u0103u \u2013 Ce portofoliu vizeaz\u0103"},"content":{"rendered":"<p>[analyse_image type=&#8221;featured&#8221; src=&#8221;https:\/\/blitz24.ro\/wp-content\/uploads\/2026\/08\/claudiu-nasui-ministru-digitalizare-chisinau-moldova.jpeg&#8221;]<\/p>\n<div class=\"cm-entry-summary\">\n<p><strong>Deputatul USR, Claudiu N\u0103sui, propus ministru al Dezvolt\u0103rii \u0219i Digitalizarii \u00een Guvernul de la Chi\u0219in\u0103u, a devenit ast\u0103zi cet\u0103\u021bean al Republicii Moldova, \u00een urma unui decret semnat de Maia Sandu.<\/strong><\/p>\n<p>Premierul Republicii Moldova, Vasile Tofan, l-a propus pe Claudiu N\u0103sui, fost ministru al Economiei \u00een Rom\u00e2nia, \u00een Guvernul C\u00ee\u021bu, actual deputat USR, pentru func\u021bia de ministru al Dezvolt\u0103rii Economice \u0219i Digitaliz\u0103rii. Anun\u021bul a fost f\u0103cut mar\u021bi, 25 august.<\/p>\n<h2 id=\"chapter-0\">N\u0103sui: \u201eAm rezonat puternic cu viziunea domnului Vasile Tofan\u201d<\/h2>\n<p id=\"p-11\">Claudiu N\u0103sui a transmis c\u0103 a acceptat propunerea premierului de la Chi\u0219in\u0103u \u0219i c\u0103 va renun\u021ba la calitatea de deputat \u00een Parlamentul Rom\u00e2niei.<\/p>\n<p id=\"p-12\">\u201eAm acceptat s\u0103 preiau portofoliul de ministru al Economiei \u00een Guvernul Republicii Moldova.\u00a0Istoria ne-a ar\u0103tat \u00een repetate r\u00e2nduri c\u0103, acolo unde au predominat respectul pentru proprietatea privat\u0103 \u0219i ideile libert\u0103\u021bii economice, oamenii au prosperat. Am intrat \u00een politic\u0103 acum aproape 10 ani pentru a promova aceste principii ale liberalismului, care au scos din s\u0103r\u0103cie mai mul\u021bi oameni dec\u00e2t orice alte politici din lume.<\/p>\n<p>CITE\u0218TE \u0218I <a href=\"https:\/\/blitz24.ro\/national\/vasile-blaga-a-intrat-dezbracat-live-intr-o-sedinta-publica-sa-o-certe-pe-o-senatoare\/\">Vasile Blaga a intrat dezbr\u0103cat LIVE \u00eentr-o \u0219edin\u021b\u0103 public\u0103 s\u0103 o certe pe o senatoare<\/a><\/p>\n<div class=\"x14z9mp xat24cr x1lziwak x1vvkbs xtlvy1s x126k92a\">\n<div dir=\"auto\">Am rezonat puternic cu viziunea domnului Vasile Tofan, noul premier al Republicii Moldova, pentru aceast\u0103 \u021bar\u0103: ca Republica Moldova s\u0103 devin\u0103 cea mai primitoare \u021bar\u0103 pentru antreprenori. El \u00een\u021belege c\u0103 statul nu rezolv\u0103 problemele economice, \u00een cel mai bun caz, doar le administreaz\u0103, iar de cele mai multe ori, le agraveaz\u0103 atunci c\u00e2nd intervine \u00een economie. Bog\u0103\u021bia \u0219i prosperitatea, \u00eenainte de a putea fi redistribuite de stat, trebuie mai \u00eent\u00e2i produse, iar premisele necesare pentru aceasta sunt tocmai valorile pie\u021bei libere, care au func\u021bionat oriunde au fost aplicate\u201d, a scris Claudiu N\u0103sui pe Facebook.<\/div>\n<\/div>\n<\/div>\n<p>[analyse_source url=&#8221;https:\/\/blitz24.ro\/national\/claudiu-nasui-de-la-usr-a-fost-propru-ministru-la-chisinau-ce-portofoliu-vizeaza\/&#8221;]<\/p>\n","protected":false},"excerpt":{"rendered":"<p>[analyse_image type=&#8221;featured&#8221; src=&#8221;https:\/\/blitz24.ro\/wp-content\/uploads\/2026\/08\/claudiu-nasui-ministru-digitalizare-chisinau-moldova.jpeg&#8221;] Deputatul USR, Claudiu N\u0103sui, propus ministru al Dezvolt\u0103rii \u0219i Digitalizarii \u00een Guvernul de la Chi\u0219in\u0103u, a devenit ast\u0103zi cet\u0103\u021bean al Republicii Moldova, \u00een urma unui decret semnat de Maia Sandu. Premierul Republicii Moldova, Vasile Tofan, l-a propus pe Claudiu N\u0103sui, fost ministru al Economiei \u00een Rom\u00e2nia, \u00een Guvernul C\u00ee\u021bu, actual deputat USR, [&hellip;]<\/p>\n","protected":false},"author":1,"featured_media":0,"comment_status":"open","ping_status":"","sticky":false,"template":"","format":"standard","meta":{"footnotes":""},"categories":[2],"tags":[42,226],"class_list":["post-2110946","post","type-post","status-publish","format-standard","hentry","category-politics","tag-blitz24-ro","tag-crawlmanager"],"_links":{"self":[{"href":"https:\/\/analyse.optim.biz\/index.php?rest_route=\/wp\/v2\/posts\/2110946","targetHints":{"allow":["GET"]}}],"collection":[{"href":"https:\/\/analyse.optim.biz\/index.php?rest_route=\/wp\/v2\/posts"}],"about":[{"href":"https:\/\/analyse.optim.biz\/index.php?rest_route=\/wp\/v2\/types\/post"}],"author":[{"embeddable":true,"href":"https:\/\/analyse.optim.biz\/index.php?rest_route=\/wp\/v2\/users\/1"}],"replies":[{"embeddable":true,"href":"https:\/\/analyse.optim.biz\/index.php?rest_route=%2Fwp%2Fv2%2Fcomments&post=2110946"}],"version-history":[{"count":0,"href":"https:\/\/analyse.optim.biz\/index.php?rest_route=\/wp\/v2\/posts\/2110946\/revisions"}],"wp:attachment":[{"href":"https:\/\/analyse.optim.biz\/index.php?rest_route=%2Fwp%2Fv2%2Fmedia&parent=2110946"}],"wp:term":[{"taxonomy":"category","embeddable":true,"href":"https:\/\/analyse.optim.biz\/index.php?rest_route=%2Fwp%2Fv2%2Fcategories&post=2110946"},{"taxonomy":"post_tag","embeddable":true,"href":"https:\/\/analyse.optim.biz\/index.php?rest_route=%2Fwp%2Fv2%2Ftags&post=2110946"}],"curies":[{"name":"wp","href":"https:\/\/api.w.org\/{rel}","templated":true}]}}