{"id":2110940,"date":"2026-08-25T08:00:22","date_gmt":"2026-08-25T05:00:22","guid":{"rendered":"https:\/\/analyse.optim.biz\/?p=2110940"},"modified":"2026-08-25T08:00:22","modified_gmt":"2026-08-25T05:00:22","slug":"casa-lui-vasile-voiculescu-isi-deschide-portile-pentru-noaptea-muzeelor-la-sate","status":"publish","type":"post","link":"https:\/\/analyse.optim.biz\/?p=2110940","title":{"rendered":"Casa lui Vasile Voiculescu \u00ee\u0219i deschide por\u021bile pentru \u201eNoaptea Muzeelor la sate\u201d"},"content":{"rendered":"<p>[analyse_image type=&#8221;featured&#8221; src=&#8221;https:\/\/opiniabuzau.ro\/wp-content\/uploads\/2026\/08\/Casa-Memoriala-\u201eVasile-Voiculescu.webp&#8221;]<\/p>\n<div class=\"entry-content entry clearfix\">\n<blockquote>\n<p class=\"isSelectedEnd\"><strong>Muzeul Jude\u021bean Buz\u0103u particip\u0103 la evenimentul \u201eNoaptea Muzeelor la Sate\u201d cu Casa Memorial\u0103 \u201eVasile Voiculescu\u201d din P\u00e2rscov, care \u00ee\u0219i va deschide por\u021bile pentru vizitatori s\u00e2mb\u0103t\u0103, 29 august, \u00eentre orele 18.00 \u0219i 22.00, pentru o \u00eent\u00e2lnire cu opera \u0219i universul acestui mare scriitor.<\/strong><\/p>\n<\/blockquote>\n<p class=\"isSelectedEnd\">Cei care \u00eei vor trece pragul sunt invita\u021bi s\u0103 participe la tururi ghidate gratuite, \u00eentr-un demers cultural care readuce \u00een aten\u021bie personalitatea complex\u0103 a poetului, medicului \u0219i prozatorului Vasile Voiculescu.<\/p>\n<p class=\"isSelectedEnd\">Aflat\u0103 la aproximativ 32 de kilometri de municipiul Buz\u0103u, Casa Memorial\u0103 \u201eVasile Voiculescu\u201d din P\u00e2rscov reprezint\u0103 unul dintre reperele culturale importante ale jude\u021bului. Dincolo de valoarea sa muzeal\u0103, casa p\u0103streaz\u0103 leg\u0103tura direct\u0103 cu via\u021ba \u0219i biografia lui Vasile Voiculescu, scriitorul n\u0103scut \u00een P\u00e2rscov, care \u0219i-a petrecut o parte semnificativ\u0103 a vie\u021bii \u00een acest spa\u021biu.<\/p>\n<p class=\"isSelectedEnd\">Vizita cap\u0103t\u0103 \u00eens\u0103 o semnifica\u021bie aparte atunci c\u00e2nd biografia autorului este privit\u0103 prin prisma destinului s\u0103u \u00een perioada comunist\u0103. Atitudinea sa fa\u021b\u0103 de regimul politic al vremii a avut consecin\u021be asupra vie\u021bii profesionale \u0219i personale. Voiculescu a fost \u00eendep\u0103rtat din activitatea pe care o desf\u0103\u0219ura la Radio Rom\u00e2nia, iar, \u00een 1958, la v\u00e2rsta de 74 de ani, a fost arestat \u0219i a trecut prin penitenciarele comuniste de la Jilava \u0219i Aiud.<\/p>\n<p class=\"isSelectedEnd\">\u00cen aceste \u00eemprejur\u0103ri, imaginea scriitorului se contureaz\u0103 \u0219i prin m\u0103rturiile despre omul din spatele ei deopotriv\u0103 cu activitatea sa literar\u0103. Chiar \u0219i \u00een deten\u021bie, unde s-a \u00eemboln\u0103vit grav de tuberculoz\u0103, Voiculescu a r\u0103mas, potrivit m\u0103rturiilor p\u0103strate despre anii de \u00eenchisoare, un om preocupat de suferin\u021ba celor din jur. Speciali\u0219tii muzeului evoc\u0103 \u0219i un episod care ilustreaz\u0103 aceast\u0103 latur\u0103 a personalit\u0103\u021bii sale. \u00centr-o zi, un de\u021binut bolnav \u0219i operat i-ar fi luat m\u00e2ncarea. \u00cen loc s\u0103 protesteze, Voiculescu le-ar fi spus colegilor: <em>\u201eL\u0103sa\u0163i-l, \u00eenseamn\u0103 c\u0103 el are nevoie mai mare dec\u00e2t mine de aceast\u0103 m\u00e2ncare\u201d.<\/em> Povestea, p\u0103strat\u0103 \u00een m\u0103rturiile despre anii de deten\u021bie ai scriitorului, surprinde o dimensiune esen\u021bial\u0103 a personalit\u0103\u021bii sale: bun\u0103tatea \u0219i compasiunea, p\u0103strate chiar \u0219i \u00eentr-un mediu dominat de lipsuri \u0219i suferin\u021b\u0103<\/p>\n<div class=\"stream-item stream-item-in-post stream-item-inline-post aligncenter\"><a href=\"https:\/\/vreaulanova.ro\/?utm_source=opiniabuzau&amp;utm_medium=image\" title target=\"_blank\"><img loading=\"lazy\" decoding=\"async\" data-od-unknown-tag data-od-xpath=\"\/HTML\/BODY\/DIV[@class=&apos;background-overlay&apos;]\/*[1][self::DIV]\/*[1][self::DIV]\/*[4][self::DIV]\/*[1][self::DIV]\/*[1][self::DIV]\/*[2][self::ARTICLE]\/*[3][self::DIV]\/*[7][self::DIV]\/*[1][self::A]\/*[1][self::IMG]\" src=\"https:\/\/opiniabuzau.ro\/wp-content\/smush-webp\/2022\/02\/MicrosoftTeams-image-4-1.jpg.webp\" alt width=\"728\" height=\"91\" class=\"perfmatters-lazy\"><img loading=\"lazy\" decoding=\"async\" data-od-unknown-tag data-od-xpath=\"\/HTML\/BODY\/DIV[@class=&apos;background-overlay&apos;]\/*[1][self::DIV]\/*[1][self::DIV]\/*[4][self::DIV]\/*[1][self::DIV]\/*[1][self::DIV]\/*[2][self::ARTICLE]\/*[3][self::DIV]\/*[7][self::DIV]\/*[1][self::A]\/*[1][self::IMG]\" src=\"https:\/\/opiniabuzau.ro\/wp-content\/smush-webp\/2022\/02\/MicrosoftTeams-image-4-1.jpg.webp\" alt width=\"728\" height=\"91\"><\/a><\/div>\n<p class=\"isSelectedEnd\">De aceea, \u00eent\u00e2lnirea de la P\u00e2rscov propune o incursiune \u00eentr-un spa\u021biu memorial, dar \u0219i o apropiere de destinul unui intelectual care a traversat una dintre cele mai dificile perioade din istoria recent\u0103 a Rom\u00e2niei. Tururile ghidate ofer\u0103 publicului ocazia de a descoperi at\u00e2t locul \u00een care s-a format scriitorul, c\u00e2t \u0219i reperele unei vie\u021bi marcate de literatur\u0103, medicin\u0103, credin\u021b\u0103 \u0219i persecu\u021bie politic\u0103.<\/p>\n<p>Accesul la tururile ghidate este gratuit, iar vizita la Casa Memorial\u0103 \u201eVasile Voiculescu\u201d poate fi o ocazie de a redescoperi opera scriitorului \u0219i personalitatea unui om care \u0219i-a p\u0103strat demnitatea \u0219i generozitatea \u00een fa\u021ba \u00eencerc\u0103rilor vie\u021bii.<\/p>\n<\/div>\n<p>[analyse_source url=&#8221;https:\/\/opiniabuzau.ro\/casa-lui-vasile-voiculescu-isi-deschide-portile-pentru-noaptea-muzeelor-la-sate\/&#8221;]<\/p>\n","protected":false},"excerpt":{"rendered":"<p>[analyse_image type=&#8221;featured&#8221; src=&#8221;https:\/\/opiniabuzau.ro\/wp-content\/uploads\/2026\/08\/Casa-Memoriala-\u201eVasile-Voiculescu.webp&#8221;] Muzeul Jude\u021bean Buz\u0103u particip\u0103 la evenimentul \u201eNoaptea Muzeelor la Sate\u201d cu Casa Memorial\u0103 \u201eVasile Voiculescu\u201d din P\u00e2rscov, care \u00ee\u0219i va deschide por\u021bile pentru vizitatori s\u00e2mb\u0103t\u0103, 29 august, \u00eentre orele 18.00 \u0219i 22.00, pentru o \u00eent\u00e2lnire cu opera \u0219i universul acestui mare scriitor. Cei care \u00eei vor trece pragul sunt invita\u021bi s\u0103 participe [&hellip;]<\/p>\n","protected":false},"author":1,"featured_media":0,"comment_status":"open","ping_status":"","sticky":false,"template":"","format":"standard","meta":{"footnotes":""},"categories":[2],"tags":[226,44],"class_list":["post-2110940","post","type-post","status-publish","format-standard","hentry","category-politics","tag-crawlmanager","tag-opiniabuzau-ro"],"_links":{"self":[{"href":"https:\/\/analyse.optim.biz\/index.php?rest_route=\/wp\/v2\/posts\/2110940","targetHints":{"allow":["GET"]}}],"collection":[{"href":"https:\/\/analyse.optim.biz\/index.php?rest_route=\/wp\/v2\/posts"}],"about":[{"href":"https:\/\/analyse.optim.biz\/index.php?rest_route=\/wp\/v2\/types\/post"}],"author":[{"embeddable":true,"href":"https:\/\/analyse.optim.biz\/index.php?rest_route=\/wp\/v2\/users\/1"}],"replies":[{"embeddable":true,"href":"https:\/\/analyse.optim.biz\/index.php?rest_route=%2Fwp%2Fv2%2Fcomments&post=2110940"}],"version-history":[{"count":0,"href":"https:\/\/analyse.optim.biz\/index.php?rest_route=\/wp\/v2\/posts\/2110940\/revisions"}],"wp:attachment":[{"href":"https:\/\/analyse.optim.biz\/index.php?rest_route=%2Fwp%2Fv2%2Fmedia&parent=2110940"}],"wp:term":[{"taxonomy":"category","embeddable":true,"href":"https:\/\/analyse.optim.biz\/index.php?rest_route=%2Fwp%2Fv2%2Fcategories&post=2110940"},{"taxonomy":"post_tag","embeddable":true,"href":"https:\/\/analyse.optim.biz\/index.php?rest_route=%2Fwp%2Fv2%2Ftags&post=2110940"}],"curies":[{"name":"wp","href":"https:\/\/api.w.org\/{rel}","templated":true}]}}