{"id":2110936,"date":"2026-08-25T10:27:13","date_gmt":"2026-08-25T07:27:13","guid":{"rendered":"https:\/\/analyse.optim.biz\/?p=2110936"},"modified":"2026-08-25T10:27:13","modified_gmt":"2026-08-25T07:27:13","slug":"ramniceanul-ionel-meirosu-ar-putea-redeveni-sef-peste-inspectoratul-scolar-judetean-buzau","status":"publish","type":"post","link":"https:\/\/analyse.optim.biz\/?p=2110936","title":{"rendered":"R\u00e2mniceanul Ionel Meiro\u0219u ar putea redeveni \u0219ef peste Inspectoratul \u0218colar Jude\u021bean Buz\u0103u"},"content":{"rendered":"<p>[analyse_image type=&#8221;featured&#8221; src=&#8221;https:\/\/blitz24.ro\/wp-content\/uploads\/2014\/07\/meirosu-ionel.jpg&#8221;]<\/p>\n<div class=\"cm-entry-summary\">\n<p><strong>Conform unor surse , \u00een viitorul apropiat, ar urma s\u0103 fie efectuate o serie de schimb\u0103ri la nivelul conducerii Inspectoratului \u0218colar Jude\u021bean Buz\u0103u.<\/strong><\/p>\n<p>\u00cen fapt este vorba despre schimbarea apripei liberale \u0219i \u00eenlocuirea Danielei Palc\u0103u din fruntea institu\u021biei.<\/p>\n<p>Principalele nume vehiculate pentru preluarea portofoliului educa\u021biei jude\u021bene sunt cele ale Cristina Ivan, Felicia Bo\u0219codeal\u0103, r\u00e2mniceanul Ionel Meiro\u0219u \u0219i Gina Manea.<\/p>\n<p>CITE\u0218TE \u0218I <a href=\"https:\/\/blitz24.ro\/stiri-locale\/actualitate\/spitalul-din-ramnicu-sarat-are-trei-noi-medici\/\">Spitalul din R\u00e2mnicu S\u0103rat are trei noi medici<\/a><\/p>\n<p>\u00cen prezent, liberala Gina Manea este inspector \u0219colar general adjuct, \u00een timp ce colegul s\u0103u de coloratur\u0103 politic\u0103, Ionel Meiro\u0219u, a mai ocupat func\u021bia de inspector \u0219colar general.<\/p>\n<\/div>\n<p>[analyse_source url=&#8221;https:\/\/blitz24.ro\/stiri-judetene\/politica-stiri-judetene\/ramniceanul-ionel-meirosu-ar-putea-redeveni-sef-peste-inspectoratul-scolar-judetean-buzau\/&#8221;]<\/p>\n","protected":false},"excerpt":{"rendered":"<p>[analyse_image type=&#8221;featured&#8221; src=&#8221;https:\/\/blitz24.ro\/wp-content\/uploads\/2014\/07\/meirosu-ionel.jpg&#8221;] Conform unor surse , \u00een viitorul apropiat, ar urma s\u0103 fie efectuate o serie de schimb\u0103ri la nivelul conducerii Inspectoratului \u0218colar Jude\u021bean Buz\u0103u. \u00cen fapt este vorba despre schimbarea apripei liberale \u0219i \u00eenlocuirea Danielei Palc\u0103u din fruntea institu\u021biei. Principalele nume vehiculate pentru preluarea portofoliului educa\u021biei jude\u021bene sunt cele ale Cristina Ivan, Felicia [&hellip;]<\/p>\n","protected":false},"author":1,"featured_media":0,"comment_status":"open","ping_status":"","sticky":false,"template":"","format":"standard","meta":{"footnotes":""},"categories":[2],"tags":[42,226],"class_list":["post-2110936","post","type-post","status-publish","format-standard","hentry","category-politics","tag-blitz24-ro","tag-crawlmanager"],"_links":{"self":[{"href":"https:\/\/analyse.optim.biz\/index.php?rest_route=\/wp\/v2\/posts\/2110936","targetHints":{"allow":["GET"]}}],"collection":[{"href":"https:\/\/analyse.optim.biz\/index.php?rest_route=\/wp\/v2\/posts"}],"about":[{"href":"https:\/\/analyse.optim.biz\/index.php?rest_route=\/wp\/v2\/types\/post"}],"author":[{"embeddable":true,"href":"https:\/\/analyse.optim.biz\/index.php?rest_route=\/wp\/v2\/users\/1"}],"replies":[{"embeddable":true,"href":"https:\/\/analyse.optim.biz\/index.php?rest_route=%2Fwp%2Fv2%2Fcomments&post=2110936"}],"version-history":[{"count":0,"href":"https:\/\/analyse.optim.biz\/index.php?rest_route=\/wp\/v2\/posts\/2110936\/revisions"}],"wp:attachment":[{"href":"https:\/\/analyse.optim.biz\/index.php?rest_route=%2Fwp%2Fv2%2Fmedia&parent=2110936"}],"wp:term":[{"taxonomy":"category","embeddable":true,"href":"https:\/\/analyse.optim.biz\/index.php?rest_route=%2Fwp%2Fv2%2Fcategories&post=2110936"},{"taxonomy":"post_tag","embeddable":true,"href":"https:\/\/analyse.optim.biz\/index.php?rest_route=%2Fwp%2Fv2%2Ftags&post=2110936"}],"curies":[{"name":"wp","href":"https:\/\/api.w.org\/{rel}","templated":true}]}}