{"id":2110934,"date":"2026-08-25T10:51:58","date_gmt":"2026-08-25T07:51:58","guid":{"rendered":"https:\/\/analyse.optim.biz\/?p=2110934"},"modified":"2026-08-25T10:51:58","modified_gmt":"2026-08-25T07:51:58","slug":"psd-buzau-isi-pregateste-terenul-pentru-2028-presedintele-lungu-nu-avem-acum-in-cap-un-candidat-pentru-primaria-buzau","status":"publish","type":"post","link":"https:\/\/analyse.optim.biz\/?p=2110934","title":{"rendered":"PSD Buz\u0103u \u00ee\u0219i preg\u0103te\u0219te terenul pentru 2028. Pre\u0219edintele Lungu: \u201eNu avem acum \u00een cap un candidat pentru Prim\u0103ria Buz\u0103u\u201d"},"content":{"rendered":"<p>[analyse_image type=&#8221;featured&#8221; src=&#8221;https:\/\/gazetabuzoiana.ro\/wp-content\/uploads\/2026\/08\/psd-buna.png&#8221;]<\/p>\n<div class=\"entry-content entry clearfix\">\n<p class=\"wp-block-paragraph\">PSD Buz\u0103u \u00eencepe s\u0103-\u0219i preg\u0103teasc\u0103 strategia pentru alegerile locale din 2028, \u00een contextul \u00een care Constantin Toma a anun\u021bat din nou c\u0103 nu inten\u021bioneaz\u0103 s\u0103 mai candideze pentru Prim\u0103ria Buz\u0103u din partea social-democra\u021bilor, inclusiv ast\u0103zi, pe pagina sa oficial\u0103 de Facebook. Pre\u0219edintele organiza\u021biei jude\u021bene, deputatul Romeo Lungu, spune c\u0103 partidul va avea propriul candidat \u0219i c\u0103, \u00eencep\u00e2nd din aceast\u0103 toamn\u0103, vor fi f\u0103cute sondaje pentru a vedea ce \u00ee\u0219i doresc buzoienii de la viitorul primar.<\/p>\n<p class=\"wp-block-paragraph\">Lungu a fost \u00eentrebat, \u00een conferin\u021ba de pres\u0103 sus\u021binut\u0103 mar\u021bi la sediul PSD Buz\u0103u, dac\u0103 partidul are deja o list\u0103 de nume pentru alegerile din 2028. R\u0103spunsul s\u0103u a fost c\u0103 este prea devreme pentru o asemenea decizie.<\/p>\n<p class=\"wp-block-paragraph\"><em>\u201ePersonal, nu am acum \u00een cap un candidat pentru 2028 s\u0103 v\u0103 spun, dom\u2019le, uite, acesta\u201d,<\/em> a spus Romeo Lungu, explic\u00e2nd c\u0103 nu ar fi corect fa\u021b\u0103 de ceilal\u021bi membri ai organiza\u021biei s\u0103 indice \u00een acest moment un nume.<\/p>\n<p class=\"wp-block-paragraph\">Planul PSD este ca, din aceast\u0103 toamn\u0103, s\u0103 \u00eenceap\u0103 studiile sociologice \u0219i s\u0103 urm\u0103reasc\u0103 at\u00e2t preferin\u021bele buzoienilor, c\u00e2t \u0219i profilul candidatului pe care ace\u0219tia \u0219i l-ar dori la conducerea ora\u0219ului. Decizia va \u021bine \u0219i de oamenii din organiza\u021bie care vor dori s\u0103 intre \u00een curs\u0103 \u0219i de activitatea lor politic\u0103 \u0219i administrativ\u0103 din urm\u0103torii doi ani.<\/p>\n<p class=\"wp-block-paragraph\">\u00centrebat fiind de jurnali\u0219ti despre posibilitatea ca \u00een cursa electoral\u0103 s\u0103 intre un candidat din afara partidului, Lungu a l\u0103sat s\u0103 se \u00een\u021beleag\u0103 c\u0103 partidul nu ia \u00een calcul, cel pu\u021bin \u00een momentul de fa\u021b\u0103,  un candidat \u00een afara propriei organiza\u021bii.<\/p>\n<p class=\"wp-block-paragraph\"><em>\u201eEchipa noastr\u0103 va avea un candidat \u0219i sunt sigur c\u0103 echipa PSD va fi \u00een jurul acelui candidat, va fi o echip\u0103 unit\u0103\u201d<\/em>, a declarat liderul PSD Buz\u0103u.<\/p>\n<p class=\"wp-block-paragraph\">Social-democra\u021bii spun c\u0103 vor s\u0103 c\u00e2\u0219tige \u00een 2028 at\u00e2t Prim\u0103ria Buz\u0103u, c\u00e2t \u0219i Consiliul Jude\u021bean \u0219i c\u00e2t mai multe prim\u0103rii din jude\u021b.<\/p>\n<h1 class=\"wp-block-heading\">\u201eRespect decizia primarului\u201d<\/h1>\n<p class=\"wp-block-paragraph\">Declara\u021biile vin dup\u0103 ce Constantin Toma a anun\u021bat din nou public, pe Facebook, c\u0103 nu va mai candida din partea PSD la Prim\u0103ria Buz\u0103u \u0219i c\u0103 urmeaz\u0103 s\u0103 decid\u0103 ce va face \u00een 2028.<\/p>\n<p class=\"wp-block-paragraph\">Romeo Lungu spune c\u0103 respect\u0103 alegerea primarului, dar nu este de acord cu criticile pe care Toma le-a adus partidului.<\/p>\n<p class=\"wp-block-paragraph\">Liderul social-democrat sus\u021bine c\u0103 primarul Buz\u0103ului a ajuns \u00een func\u021bie cu sprijinul organiza\u021biei \u0219i c\u0103 o parte important\u0103 dintre proiectele care au schimbat ora\u0219ul au fost posibile \u0219i datorit\u0103 guvern\u0103rilor PSD \u0219i fondurilor atrase \u00een acea perioad\u0103.<\/p>\n<p class=\"wp-block-paragraph\"><em>\u201eF\u0103r\u0103 aceast\u0103 organiza\u021bie, ast\u0103zi nu era primar, organiza\u021bia l-a adus, l-a ajutat, a ie\u0219it primar \u0219i PSD-ul a adus foarte multe proiecte \u0219i fondurile necesare s\u0103 modernizeze acest ora\u0219\u201d,<\/em> a spus Lungu.<\/p>\n<p class=\"wp-block-paragraph\">\u00cen acela\u0219i timp, el nu sus\u021bine excluderea lui Toma din partid. Spune c\u0103 primarul este \u00een prezent membru simplu al PSD, dup\u0103 ce a renun\u021bat la func\u021biile de conducere, \u0219i c\u0103 nu vede un motiv pentru ca organiza\u021bia s\u0103-l dea afar\u0103 doar pentru c\u0103 are alte opinii.<\/p>\n<p class=\"wp-block-paragraph\"><em>\u201eEu nu sunt de acord s\u0103 exclud un membru de partid pentru c\u0103 are alte p\u0103reri politice \u0219i nici d\u00e2nsul nu vrea s\u0103 plece. dac\u0103 el vrea s\u0103 plece, s\u0103 plece!\u201d<\/em>, a explicat Romeo Lungu.<\/p>\n<h1 class=\"wp-block-heading\">PSD promite c\u0103 nu va bloca proiectele Prim\u0103riei<\/h1>\n<p class=\"wp-block-paragraph\">\u00cen ceea ce prive\u0219te rela\u021bia cu administra\u021bia local\u0103 \u00een ultimii doi ani de mandat ai lui Constantin Toma, mesajul transmis de PSD este c\u0103 proiectele bune pentru ora\u0219 vor fi sus\u021binute, indiferent cine le propune.<\/p>\n<p class=\"wp-block-paragraph\">Ionu\u021b Apostu, viceprimarul municipiului Buz\u0103u \u0219i unul dintre oamenii care coordoneaz\u0103 activitatea organiza\u021biei municipale interimare, a spus c\u0103 social-democra\u021bii au \u00eenceput s\u0103 analizeze \u00eenaintea fiec\u0103rei \u0219edin\u021be proiectele care ajung \u00een Consiliul Local Municipal.<\/p>\n<p class=\"wp-block-paragraph\">Apostu a explicat \u0219i faptul c\u0103 membrii grupului PSD se \u00eent\u00e2lnesc \u00eenaintea \u0219edin\u021belor \u0219i discut\u0103 fiecare proiect \u00een parte \u0219i c\u0103, dac\u0103 exist\u0103 probleme sau neclarit\u0103\u021bi, consilierii vor cere explica\u021bii \u0219i, dac\u0103 este cazul, vor propune amendamente.<\/p>\n<p class=\"wp-block-paragraph\">\u00cen schimb, proiectele care sunt bune pentru ora\u0219 vor fi votate.<\/p>\n<p class=\"wp-block-paragraph\"><em>\u201eNu exist\u0103 la noi a\u0219a ceva s\u0103 fie vreo r\u0103zbunare sau vreo ambi\u021bie s\u0103 bloc\u0103m anumite proiecte care sunt bune pentru cet\u0103\u021bean\u201d,<\/em> a spus Apostu.<\/p>\n<p class=\"wp-block-paragraph\">Un exemplu dat de viceprimar este proiectul privind asfaltarea parc\u0103rii de la patinoar. El spune c\u0103 proiectul nu trebuie privit ca fiind al lui Constantin Toma sau al consilierilor PSD, ci ca o investi\u021bie pentru municipiu.<\/p>\n<p class=\"wp-block-paragraph\"><em>\u201eNu e proiectul domnului primar, nu e proiectul consilierilor PSD. Vorbim de viitorul ora\u0219ului\u201d<\/em>, a afirmat Ionu\u021b Apostu.<\/p>\n<p class=\"wp-block-paragraph\">Aceea\u0219i regul\u0103, spune el, ar fi valabil\u0103 indiferent de partidul din care ar proveni primarul.<\/p>\n<h1 class=\"wp-block-heading\">PSD vrea mai mult\u0103 aten\u021bie la proiectele din CLM<\/h1>\n<p class=\"wp-block-paragraph\">Apostu a mai declarat c\u0103 grupul PSD va cere \u0219i o prezentare mai clar\u0103 a rectific\u0103rilor bugetare supuse aprob\u0103rii Consiliului Local Municipal.<\/p>\n<p class=\"wp-block-paragraph\">Problema identificat\u0103 de social-democra\u021bi este volumul foarte mare al documentelor, care face dificil\u0103 urm\u0103rirea exact\u0103 a modific\u0103rilor. PSD vrea ca \u00een expunerile de motive s\u0103 fie eviden\u021biate punctual influen\u021bele aduse bugetului \u0219i motivele pentru care acestea sunt necesare.<\/p>\n<p class=\"wp-block-paragraph\">Printre proiectele discutate pentru \u0219edin\u021ba ordinar\u0103 de joi se afl\u0103 \u0219i suplimentarea cu 70.000 de lei a sumelor destinate pl\u0103\u021bii facturilor Centrului de Aport Voluntar.<\/p>\n<p class=\"wp-block-paragraph\">Un alt proiect vizeaz\u0103 retragerea titlului de cet\u0103\u021bean de onoare pentru persoanele care au colaborat cu Securitatea ca poli\u021bie politic\u0103, proiect ini\u021biat de liberalul Silviu Ro\u0219ioru. Apostu spune c\u0103 grupul PSD analizeaz\u0103 proiectul \u0219i nu exclude formularea unui amendament care vizeaz\u0103 cet\u0103\u021benii tineri propu\u0219i \u0103entru aceast\u0103 distinc\u021bie, care nu aveau v\u00e2rsta care s\u0103 le permit\u0103 colaborarea  cu vechea Securitate.<\/p>\n<p class=\"wp-block-paragraph\">\u00cen privin\u021ba titlurilor de cet\u0103\u021bean de onoare, Romeo Lungu a mai subliniat c\u0103 acestea ar trebui acordate unor oameni care au f\u0103cut ceva concret pentru Buz\u0103u, nu doar unor persoane care au ocupat func\u021bii sau au avut notorietate.<\/p>\n<h1 class=\"wp-block-heading\">Consilierii PSD, chema\u021bi s\u0103 fie mai activi<\/h1>\n<p class=\"wp-block-paragraph\">At\u00e2t Romeo Lungu c\u00e2t \u0219i Ionu\u021b Apostu au admis c\u0103 \u00een trecut, \u00een Consiliul Local Municipal \u0219i \u00een Consiliul Jude\u021bean, au fost votate \u0219i proiecte pe care PSD nu le-ar mai sus\u021bine ast\u0103zi.<\/p>\n<p class=\"wp-block-paragraph\">\u0218eful organiza\u021biei PSD Buz\u0103u a mai spus c\u0103 \u00eencearc\u0103 s\u0103 schimbe modul \u00een care grupul social-democrat lucreaz\u0103 \u00een CLM \u0219i c\u0103 \u00ee\u0219i dore\u0219te ca ale\u0219ii locali ai partidului s\u0103 vin\u0103 mai des cu propriile proiecte.<\/p>\n<p class=\"wp-block-paragraph\">Oana Gheorghiu, viceprimarul municipiului Buz\u0103u, a prezentat la r\u00e2ndul s\u0103u c\u00e2teva dintre ini\u021biativele grupului PSD, inclusiv pe cel privind \u00eenfiin\u021barea Consiliului Local al Tinerilor.<\/p>\n<p class=\"wp-block-paragraph\">\u00cen paralel, organiza\u021bia municipal\u0103 a transmis c\u0103 vrea s\u0103 ias\u0103 mai mult din sediul partidului \u0219i s\u0103 discute direct cu oamenii din cartiere. Romeo Lungu a anun\u021bat c\u0103 PSD va \u00eencepe, chiar din aceast\u0103 s\u0103pt\u0103m\u00e2n\u0103, organizarea unor \u00eent\u00e2lniri cu locuitorii pentru a identifica problemele pe care administra\u021bia local\u0103 ar trebui s\u0103 le rezolve \u0219i a subliniat c\u0103 pentru PSD, aceste discu\u021bii cu buzoienii vor conta \u0219i \u00een alegerea candidatului pentru 2028.<\/p>\n<p class=\"wp-block-paragraph\">P\u00e2n\u0103 atunci, partidul va p\u0103stra o rela\u021bie corect\u0103 cu administra\u021bia condus\u0103 de Constantin Toma \u0219i c\u0103 nu va transforma ultimii doi ani de mandat \u00eentr-o confruntare politic\u0103 permanent\u0103.<\/p>\n<p class=\"wp-block-paragraph\">Mesajul lui Romeo Lungu a fost acela c\u0103 PSD \u00ee\u0219i va face propriul drum spre alegerile din 2028, dar c\u0103, p\u00e2n\u0103 atunci, consilierii partidului vor vota proiectele \u00een func\u021bie de ceea ce consider\u0103 c\u0103 este bine pentru municipiu.<\/p>\n<div class=\"post-bottom-meta post-bottom-tags post-tags-modern\">\n<div class=\"post-bottom-meta-title\"> Etichete<\/div>\n<p><span class=\"tagcloud\"><a href=\"https:\/\/gazetabuzoiana.ro\/tag\/administratie-locala\/\" rel=\"tag\">administra\u021bie local\u0103<\/a><a href=\"https:\/\/gazetabuzoiana.ro\/tag\/alegeri-locale-2028\/\" rel=\"tag\">alegeri locale 2028<\/a><a href=\"https:\/\/gazetabuzoiana.ro\/tag\/alegeri-primaria-buza\/\" rel=\"tag\">alegeri Prim\u0103ria Buz\u0103<\/a><a href=\"https:\/\/gazetabuzoiana.ro\/tag\/candidat-psd-buzau\/\" rel=\"tag\">candidat PSD Buz\u0103u<\/a><a href=\"https:\/\/gazetabuzoiana.ro\/tag\/clm-buzau-2\/\" rel=\"tag\">CLM BUz\u0103u<\/a><a href=\"https:\/\/gazetabuzoiana.ro\/tag\/consilieri-locali\/\" rel=\"tag\">consilieri locali<\/a><a href=\"https:\/\/gazetabuzoiana.ro\/tag\/consiliul-local-municipal-buzau\/\" rel=\"tag\">Consiliul Local Municipal Buz\u0103u<\/a><a href=\"https:\/\/gazetabuzoiana.ro\/tag\/constantin-toma\/\" rel=\"tag\">constantin toma<\/a><a href=\"https:\/\/gazetabuzoiana.ro\/tag\/ionut-apostu\/\" rel=\"tag\">Ionu\u021b Apostu<\/a><a href=\"https:\/\/gazetabuzoiana.ro\/tag\/municipiul-buzau\/\" rel=\"tag\">Municipiul Buz\u0103u<\/a><a href=\"https:\/\/gazetabuzoiana.ro\/tag\/oana-gheorghiu\/\" rel=\"tag\">oana gheorghiu<\/a><a href=\"https:\/\/gazetabuzoiana.ro\/tag\/politica-buzoiana\/\" rel=\"tag\">politica buzoian\u0103<\/a><a href=\"https:\/\/gazetabuzoiana.ro\/tag\/primaria-buzau\/\" rel=\"tag\">Prim\u0103ria Buz\u0103u<\/a><a href=\"https:\/\/gazetabuzoiana.ro\/tag\/psd-buzau\/\" rel=\"tag\">psd buz\u0103u<\/a><a href=\"https:\/\/gazetabuzoiana.ro\/tag\/psd-buzau-2028\/\" rel=\"tag\">PSD Buz\u0103u 2028<\/a><a href=\"https:\/\/gazetabuzoiana.ro\/tag\/romeo-lungu\/\" rel=\"tag\">romeo lungu<\/a><\/span><\/div>\n<\/div>\n<p>[analyse_source url=&#8221;https:\/\/gazetabuzoiana.ro\/2026\/08\/25\/psd-buzau-isi-pregateste-terenul-pentru-2028-presedintele-lungu-nu-avem-acum-in-cap-un-candidat-pentru-primaria-buzau\/&#8221;]<\/p>\n","protected":false},"excerpt":{"rendered":"<p>[analyse_image type=&#8221;featured&#8221; src=&#8221;https:\/\/gazetabuzoiana.ro\/wp-content\/uploads\/2026\/08\/psd-buna.png&#8221;] PSD Buz\u0103u \u00eencepe s\u0103-\u0219i preg\u0103teasc\u0103 strategia pentru alegerile locale din 2028, \u00een contextul \u00een care Constantin Toma a anun\u021bat din nou c\u0103 nu inten\u021bioneaz\u0103 s\u0103 mai candideze pentru Prim\u0103ria Buz\u0103u din partea social-democra\u021bilor, inclusiv ast\u0103zi, pe pagina sa oficial\u0103 de Facebook. Pre\u0219edintele organiza\u021biei jude\u021bene, deputatul Romeo Lungu, spune c\u0103 partidul va avea [&hellip;]<\/p>\n","protected":false},"author":1,"featured_media":0,"comment_status":"open","ping_status":"","sticky":false,"template":"","format":"standard","meta":{"footnotes":""},"categories":[2],"tags":[226,38],"class_list":["post-2110934","post","type-post","status-publish","format-standard","hentry","category-politics","tag-crawlmanager","tag-gazetabuzoiana-ro"],"_links":{"self":[{"href":"https:\/\/analyse.optim.biz\/index.php?rest_route=\/wp\/v2\/posts\/2110934","targetHints":{"allow":["GET"]}}],"collection":[{"href":"https:\/\/analyse.optim.biz\/index.php?rest_route=\/wp\/v2\/posts"}],"about":[{"href":"https:\/\/analyse.optim.biz\/index.php?rest_route=\/wp\/v2\/types\/post"}],"author":[{"embeddable":true,"href":"https:\/\/analyse.optim.biz\/index.php?rest_route=\/wp\/v2\/users\/1"}],"replies":[{"embeddable":true,"href":"https:\/\/analyse.optim.biz\/index.php?rest_route=%2Fwp%2Fv2%2Fcomments&post=2110934"}],"version-history":[{"count":0,"href":"https:\/\/analyse.optim.biz\/index.php?rest_route=\/wp\/v2\/posts\/2110934\/revisions"}],"wp:attachment":[{"href":"https:\/\/analyse.optim.biz\/index.php?rest_route=%2Fwp%2Fv2%2Fmedia&parent=2110934"}],"wp:term":[{"taxonomy":"category","embeddable":true,"href":"https:\/\/analyse.optim.biz\/index.php?rest_route=%2Fwp%2Fv2%2Fcategories&post=2110934"},{"taxonomy":"post_tag","embeddable":true,"href":"https:\/\/analyse.optim.biz\/index.php?rest_route=%2Fwp%2Fv2%2Ftags&post=2110934"}],"curies":[{"name":"wp","href":"https:\/\/api.w.org\/{rel}","templated":true}]}}