{"id":2110932,"date":"2026-08-24T21:09:53","date_gmt":"2026-08-24T18:09:53","guid":{"rendered":"https:\/\/analyse.optim.biz\/?p=2110932"},"modified":"2026-08-24T21:09:53","modified_gmt":"2026-08-24T18:09:53","slug":"ce-loc-ocupa-buzaul-in-topul-judetelor-cu-cresteri-mari-ale-numarului-de-zile-cu-valuri-de-caldura","status":"publish","type":"post","link":"https:\/\/analyse.optim.biz\/?p=2110932","title":{"rendered":"Ce loc ocup\u0103 Buz\u0103ul \u00een topul jude\u021belor cu cre\u0219teri mari ale num\u0103rului de zile cu valuri de c\u0103ldur\u0103"},"content":{"rendered":"<p>[analyse_image type=&#8221;featured&#8221; src=&#8221;https:\/\/opiniabuzau.ro\/wp-content\/uploads\/2026\/08\/canicula.webp&#8221;]<\/p>\n<div class=\"entry-content entry clearfix\">\n<blockquote>\n<p><strong>Rom\u00e2nia s-a aflat din nou \u00een mijlocul unui nou val de canicul\u0103, cu temperaturi de p\u00e2n\u0103 la 40 de grade. \u00cen ultimii 60 de ani, \u021bara noastr\u0103 a trecut de la veri unde valurile de c\u0103ldur\u0103 erau rare, la cele \u00een care sunt \u0219i peste 20 de zile cu temperaturi extrem de ridicate.\u00a0<\/strong><\/p>\n<\/blockquote>\n<p>Valul de c\u0103ldur\u0103 este perioada de cel pu\u021bin \u0219ase zile consecutive \u00een care temperaturile normale sunt mult peste acea perioad\u0103 a anului. <em>\u201eValurile de c\u0103ldur\u0103 nu mai sunt doar episoade izolate ale unor veri neobi\u0219nuit de calde. Privite pe parcursul mai multor decenii, ele ofer\u0103 una dintre cele mai clare imagini asupra modului \u00een care se schimb\u0103 clima Rom\u00e2niei\u201d<\/em>, spune cercet\u0103toarea Monica Ioni\u021b\u0103-Scholz de la Institutul Alfred Wegener pentru Cercet\u0103ri Marine \u0219i Polare din Bremerhaven, Germania, citat\u0103 de HotNews.<\/p>\n<p>\u00cen c\u00e2teva jude\u021be din Transilvania, dar \u0219i \u00een Maramure\u0219, num\u0103rul de zile cu valuri de c\u0103ldur\u0103 a crescut enorm \u00een ultimii 60 de ani.<\/p>\n<h3><strong>Anii \u201970 aproape c\u0103 nu au avut valuri de c\u0103ldur\u0103<\/strong><\/h3>\n<p>Conform unei analize f\u0103cute de cercet\u0103toarea din Germania \u0219i publicat\u0103 \u00een\u00a0\u00a0InfoClima.ro, cele mai lungi valuri de c\u0103ldur\u0103 din istorie au durat peste 15 zile, \u00een ani precum 1946, 1952, 2007, 2012, 2015 sau 2023.<\/p>\n<p>\u00cen anii \u201960 ai secolului trecut erau rare valurile de c\u0103ldur\u0103, iar perioada 1971-1980 a avut c\u00e2teva\u00a0veri extrordinar de reci. \u00cen anii \u201980, a crescut num\u0103rul valurilor de c\u0103ldur\u0103, dar o cre\u0219tere mai pronun\u021bat\u0103 s-a v\u0103zut dup\u0103 1991, \u00een special \u00een Oltenia, Maramure\u0219 \u0219i nordul Transilvaniei.<\/p>\n<div class=\"stream-item stream-item-in-post stream-item-inline-post aligncenter\"><a href=\"https:\/\/vreaulanova.ro\/?utm_source=opiniabuzau&amp;utm_medium=image\" title target=\"_blank\"><img loading=\"lazy\" decoding=\"async\" data-od-unknown-tag data-od-xpath=\"\/HTML\/BODY\/DIV[@class=&apos;background-overlay&apos;]\/*[1][self::DIV]\/*[1][self::DIV]\/*[4][self::DIV]\/*[1][self::DIV]\/*[1][self::DIV]\/*[2][self::ARTICLE]\/*[3][self::DIV]\/*[8][self::DIV]\/*[1][self::A]\/*[1][self::IMG]\" src=\"https:\/\/opiniabuzau.ro\/wp-content\/smush-webp\/2022\/02\/MicrosoftTeams-image-4-1.jpg.webp\" alt width=\"728\" height=\"91\" class=\"perfmatters-lazy\"><img loading=\"lazy\" decoding=\"async\" data-od-unknown-tag data-od-xpath=\"\/HTML\/BODY\/DIV[@class=&apos;background-overlay&apos;]\/*[1][self::DIV]\/*[1][self::DIV]\/*[4][self::DIV]\/*[1][self::DIV]\/*[1][self::DIV]\/*[2][self::ARTICLE]\/*[3][self::DIV]\/*[8][self::DIV]\/*[1][self::A]\/*[1][self::IMG]\" src=\"https:\/\/opiniabuzau.ro\/wp-content\/smush-webp\/2022\/02\/MicrosoftTeams-image-4-1.jpg.webp\" alt width=\"728\" height=\"91\"><\/a><\/div>\n<p>Dup\u0103 2000, lucrurile s-au schimbat radical, verile foarte calde au ap\u0103rut tot mai des, iar dup\u0103 2011 au fost numero\u0219i ani foarte calzi \u0219i recordurile s-au \u00eenmul\u021bit.<\/p>\n<h3><strong>Transilvania s-a \u00eenc\u0103lzit cel mai mult<\/strong><\/h3>\n<p>\u00cen ce jude\u021be a crescut cel mai mult num\u0103rul de zile cu valuri de c\u0103ldur\u0103 \u00eentre 1961 \u0219i 2024?<\/p>\n<ul>\n<li>Bistri\u021ba-N\u0103s\u0103ud a fost pe primul loc, cu 27 de zile \u00een plus. Alte c\u00e2teva jude\u021be s-au ales cu 26 de zile foarte calde \u00een plus, \u00een \u0219ase decenii: Satu Mare, Cluj \u0219i Alba.<\/li>\n<li>25 de zile \u00een plus sunt \u00een Mure\u0219, Tulcea, D\u00e2mbovi\u021ba \u0219i V\u00e2lcea.\u00a0La Bucure\u0219ti au fost 21 de zile \u00een plus, iar \u00een C\u0103l\u0103ra\u0219i, Neam\u021b \u0219i Teleorman au fost cu 17 zile calde \u00een plus.<\/li>\n<\/ul>\n<figure id=\"attachment_478327\" aria-describedby=\"caption-attachment-478327\" class=\"wp-caption aligncenter\"><img loading=\"lazy\" decoding=\"async\" data-od-unknown-tag data-od-xpath=\"\/HTML\/BODY\/DIV[@class=&apos;background-overlay&apos;]\/*[1][self::DIV]\/*[1][self::DIV]\/*[4][self::DIV]\/*[1][self::DIV]\/*[1][self::DIV]\/*[2][self::ARTICLE]\/*[3][self::DIV]\/*[14][self::FIGURE]\/*[1][self::IMG]\" class=\"wp-image-478327 size-large perfmatters-lazy\" src=\"https:\/\/opiniabuzau.ro\/wp-content\/uploads\/2026\/08\/cresterea-zilelor-calde-in-perioada-1961-2024-1024x686.webp\" alt width=\"1024\" height=\"686\"><img loading=\"lazy\" decoding=\"async\" data-od-unknown-tag data-od-xpath=\"\/HTML\/BODY\/DIV[@class=&apos;background-overlay&apos;]\/*[1][self::DIV]\/*[1][self::DIV]\/*[4][self::DIV]\/*[1][self::DIV]\/*[1][self::DIV]\/*[2][self::ARTICLE]\/*[3][self::DIV]\/*[14][self::FIGURE]\/*[1][self::IMG]\" class=\"wp-image-478327 size-large\" src=\"https:\/\/opiniabuzau.ro\/wp-content\/uploads\/2026\/08\/cresterea-zilelor-calde-in-perioada-1961-2024-1024x686.webp\" alt width=\"1024\" height=\"686\"><figcaption id=\"caption-attachment-478327\" class=\"wp-caption-text\">C\u00e2t de mult a crescut num\u0103rul de zile foarte calde \u00eentre 1961 \u0219i 2024 \u00een jude\u021bele Rom\u00e2niei (foto InfoClima.ro)<\/figcaption><\/figure>\n<p>\u00cen Bistri\u021ba-N\u0103s\u0103ud, care deschide topul jude\u021belor din Rom\u00e2nia cu cele mai multe zile de valuri de canicul\u0103, \u00een iunie 2022, la sta\u021bia meteo era dep\u0103\u0219it recordul lunar de c\u0103ldur\u0103 care data de la 1928. Temperatura \u00eenregistrat\u0103 atunci la sta\u021bia meteo din Bistri\u021ba a fost de 34,9 grade Celsius. Acel record a fost dep\u0103\u0219it din nou pe timpul caniculei de la final de iunie 2026, c\u00e2nd au fost 36 de grade Celsius.<\/p>\n<figure id=\"attachment_478328\" aria-describedby=\"caption-attachment-478328\" class=\"wp-caption aligncenter\"><img loading=\"lazy\" decoding=\"async\" data-od-unknown-tag data-od-xpath=\"\/HTML\/BODY\/DIV[@class=&apos;background-overlay&apos;]\/*[1][self::DIV]\/*[1][self::DIV]\/*[4][self::DIV]\/*[1][self::DIV]\/*[1][self::DIV]\/*[2][self::ARTICLE]\/*[3][self::DIV]\/*[16][self::FIGURE]\/*[1][self::IMG]\" class=\"wp-image-478328 size-large perfmatters-lazy\" src=\"https:\/\/opiniabuzau.ro\/wp-content\/uploads\/2026\/08\/Evolutia-zilelor-cu-valuri-de-caldura-pe-deceniu-1024x318.webp\" alt width=\"1024\" height=\"318\"><img loading=\"lazy\" decoding=\"async\" data-od-unknown-tag data-od-xpath=\"\/HTML\/BODY\/DIV[@class=&apos;background-overlay&apos;]\/*[1][self::DIV]\/*[1][self::DIV]\/*[4][self::DIV]\/*[1][self::DIV]\/*[1][self::DIV]\/*[2][self::ARTICLE]\/*[3][self::DIV]\/*[16][self::FIGURE]\/*[1][self::IMG]\" class=\"wp-image-478328 size-large\" src=\"https:\/\/opiniabuzau.ro\/wp-content\/uploads\/2026\/08\/Evolutia-zilelor-cu-valuri-de-caldura-pe-deceniu-1024x318.webp\" alt width=\"1024\" height=\"318\"><figcaption id=\"caption-attachment-478328\" class=\"wp-caption-text\">Evolutia zilelor cu valuri de c\u0103ldur\u0103 pe deceniu, \u00een Romania (foto InfoClima.ro)<\/figcaption><\/figure>\n<p><em>\u201ePer ansamblu, clima nu se schimb\u0103 doar prin cre\u0219terea temperaturii medii, ci \u0219i prin schimbarea extremelor. Iar acestea sunt cele pe care societatea le resimte cel mai puternic: \u00een s\u0103n\u0103tate, agricultur\u0103, ecosisteme, consumul de energie \u0219i via\u021ba de zi cu zi. Un an foarte cald poate fi o excep\u021bie; mai multe decenii care evolueaz\u0103 \u00een aceea\u0219i direc\u021bie spun \u00eens\u0103 o poveste climatic\u0103\u201d<\/em>, afirm\u0103 cercet\u0103toarea Monica Ioni\u021b\u0103-Scholz.<\/p>\n<h3><strong>Cele mai calde veri au fost dup\u0103 2020<\/strong><\/h3>\n<p>Datele Administra\u021biei Na\u021bionale de Meteorologie arat\u0103 c\u0103 temperatura medie pe \u021bar\u0103 \u00een timpul verii a fost de +21,3 C pentru perioada 1991-2020. \u00cen cea mai rece var\u0103, \u00een anii \u201970, media pe \u021bar\u0103 a fost de sub 18 grade Celsius.<\/p>\n<p>Cea mai cald\u0103 var\u0103 a fost \u00een 2024, cu o medie de +24,2 C, urmat\u0103 de verile din anii 2012 \u0219i 2022. Vara anului trecut\u00a0a fost pe locul patru.<\/p>\n<p>\u00cen top zece cele mai calde veri din ultimii 125 de ani, o singur\u0103 var\u0103 a fost din vechime (faimoasa vara a lui 1946) \u0219i tot una singur\u0103 a fost \u00eentre 2000 \u0219i 2010 (vara lui 2007, c\u00e2nd au fost temperaturi de peste 44 de grade Celsius). Opt dintre cele mai calde zece veri au fost \u00een ultimii 14 ani.<\/p>\n<blockquote>\n<p><span><strong>Jude\u021bul Buz\u0103u a avut, \u00een perioada studiat\u0103, o cre\u0219tere moderat\u0103 a num\u0103rului de zile caniculare, 18, cu nou\u0103 mai multe fa\u021b\u0103 de cele 27 ale \u201ecampioanei \u201d Bistri\u021ba N\u0103s\u0103ud, \u0219i doar cu una mai mult fa\u021b\u0103 de \u201ecoda\u0219ele\u201d Neam\u021b, Teleorman \u0219i C\u0103l\u0103ra\u0219i. <\/strong><\/span><\/p>\n<\/blockquote>\n<\/div>\n<p>[analyse_source url=&#8221;https:\/\/opiniabuzau.ro\/ce-loc-ocupa-buzaul-in-topul-judetelor-in-care-a-crescut-cel-mai-mult-numarul-de-zile-cu-valuri-de-caldura\/&#8221;]<\/p>\n","protected":false},"excerpt":{"rendered":"<p>[analyse_image type=&#8221;featured&#8221; src=&#8221;https:\/\/opiniabuzau.ro\/wp-content\/uploads\/2026\/08\/canicula.webp&#8221;] Rom\u00e2nia s-a aflat din nou \u00een mijlocul unui nou val de canicul\u0103, cu temperaturi de p\u00e2n\u0103 la 40 de grade. \u00cen ultimii 60 de ani, \u021bara noastr\u0103 a trecut de la veri unde valurile de c\u0103ldur\u0103 erau rare, la cele \u00een care sunt \u0219i peste 20 de zile cu temperaturi extrem de [&hellip;]<\/p>\n","protected":false},"author":1,"featured_media":0,"comment_status":"open","ping_status":"","sticky":false,"template":"","format":"standard","meta":{"footnotes":""},"categories":[2],"tags":[226,44],"class_list":["post-2110932","post","type-post","status-publish","format-standard","hentry","category-politics","tag-crawlmanager","tag-opiniabuzau-ro"],"_links":{"self":[{"href":"https:\/\/analyse.optim.biz\/index.php?rest_route=\/wp\/v2\/posts\/2110932","targetHints":{"allow":["GET"]}}],"collection":[{"href":"https:\/\/analyse.optim.biz\/index.php?rest_route=\/wp\/v2\/posts"}],"about":[{"href":"https:\/\/analyse.optim.biz\/index.php?rest_route=\/wp\/v2\/types\/post"}],"author":[{"embeddable":true,"href":"https:\/\/analyse.optim.biz\/index.php?rest_route=\/wp\/v2\/users\/1"}],"replies":[{"embeddable":true,"href":"https:\/\/analyse.optim.biz\/index.php?rest_route=%2Fwp%2Fv2%2Fcomments&post=2110932"}],"version-history":[{"count":0,"href":"https:\/\/analyse.optim.biz\/index.php?rest_route=\/wp\/v2\/posts\/2110932\/revisions"}],"wp:attachment":[{"href":"https:\/\/analyse.optim.biz\/index.php?rest_route=%2Fwp%2Fv2%2Fmedia&parent=2110932"}],"wp:term":[{"taxonomy":"category","embeddable":true,"href":"https:\/\/analyse.optim.biz\/index.php?rest_route=%2Fwp%2Fv2%2Fcategories&post=2110932"},{"taxonomy":"post_tag","embeddable":true,"href":"https:\/\/analyse.optim.biz\/index.php?rest_route=%2Fwp%2Fv2%2Ftags&post=2110932"}],"curies":[{"name":"wp","href":"https:\/\/api.w.org\/{rel}","templated":true}]}}