{"id":2110924,"date":"2026-08-24T10:50:53","date_gmt":"2026-08-24T07:50:53","guid":{"rendered":"https:\/\/analyse.optim.biz\/?p=2110924"},"modified":"2026-08-24T10:50:53","modified_gmt":"2026-08-24T07:50:53","slug":"canicula-si-furtuni-in-romania-meteorologii-anunta-ploi-torentiale","status":"publish","type":"post","link":"https:\/\/analyse.optim.biz\/?p=2110924","title":{"rendered":"Canicul\u0103 \u0219i furtuni \u00een Rom\u00e2nia. Meteorologii anun\u021b\u0103 ploi toren\u021biale"},"content":{"rendered":"<p>[analyse_image type=&#8221;featured&#8221; src=&#8221;https:\/\/opiniabuzau.ro\/wp-content\/uploads\/2025\/06\/ANM.png&#8221;]<\/p>\n<div class=\"entry-content entry clearfix\">\n<blockquote>\n<p class=\"p1\"><strong><span class=\"s1\">S\u0103pt\u0103m\u00e2na aceasta sunt a\u0219teptate temperaturi de p\u00e2n\u0103 la 37 de grade, dar \u0219i averse toren\u021biale, vijelii \u0219i grindin\u0103 \u00een mai multe regiuni ale \u021b\u0103rii.<\/span><\/strong><\/p>\n<\/blockquote>\n<p class=\"p1\"><span class=\"s1\">Luni, 24 august, vor fi perioade cu instabilitate atmosferic\u0103 \u00een Carpa\u021bii Meridionali \u0219i de Curbur\u0103. Spre sear\u0103 \u0219i \u00een primele ore ale nop\u021bii de luni spre mar\u021bi, fenomenele se extind \u00een sud-estul Olteniei, \u00een cea mai mare parte a Munteniei \u0219i \u00een sudul Moldovei.<\/span><\/p>\n<p class=\"p1\"><span class=\"s1\">Mar\u021bi, 25 august, instabilitatea atmosferic\u0103 va fi prezent\u0103 \u00een zonele montane, \u00een sud-vest \u0219i centru, iar seara \u0219i noaptea va cuprinde \u0219i restul teritoriului.<\/span><\/p>\n<p class=\"p1\"><span class=\"s1\">Miercuri, 26 august, manifest\u0103rile de instabilitate atmosferic\u0103 vor fi mai ales \u00een centrul, sudul \u0219i estul \u021b\u0103rii.<\/span><\/p>\n<p class=\"p1\"><span class=\"s1\">Potrivit meteorologilor, aversele vor fi moderate cantitativ, cu intensific\u0103ri de scurt\u0103 durat\u0103 ale v\u00e2ntului. <\/span><\/p>\n<div class=\"stream-item stream-item-in-post stream-item-inline-post aligncenter\"><a href=\"https:\/\/vreaulanova.ro\/?utm_source=opiniabuzau&amp;utm_medium=image\" title target=\"_blank\"><img loading=\"lazy\" decoding=\"async\" data-od-unknown-tag data-od-xpath=\"\/HTML\/BODY\/DIV[@class=&apos;background-overlay&apos;]\/*[1][self::DIV]\/*[1][self::DIV]\/*[4][self::DIV]\/*[1][self::DIV]\/*[1][self::DIV]\/*[2][self::ARTICLE]\/*[3][self::DIV]\/*[7][self::DIV]\/*[1][self::A]\/*[1][self::IMG]\" src=\"https:\/\/opiniabuzau.ro\/wp-content\/smush-webp\/2022\/02\/MicrosoftTeams-image-4-1.jpg.webp\" alt width=\"728\" height=\"91\" class=\"perfmatters-lazy\"><img loading=\"lazy\" decoding=\"async\" data-od-unknown-tag data-od-xpath=\"\/HTML\/BODY\/DIV[@class=&apos;background-overlay&apos;]\/*[1][self::DIV]\/*[1][self::DIV]\/*[4][self::DIV]\/*[1][self::DIV]\/*[1][self::DIV]\/*[2][self::ARTICLE]\/*[3][self::DIV]\/*[7][self::DIV]\/*[1][self::A]\/*[1][self::IMG]\" src=\"https:\/\/opiniabuzau.ro\/wp-content\/smush-webp\/2022\/02\/MicrosoftTeams-image-4-1.jpg.webp\" alt width=\"728\" height=\"91\"><\/a><\/div>\n<p class=\"p1\"><span class=\"s1\">Izolat, pot ap\u0103rea vijelii, cu viteze la rafal\u0103 de 50\u202655 km\/h, dar \u0219i grindin\u0103 de mici \u0219i medii dimensiuni, \u00eentre 1 \u0219i 3 centimetri.<\/span><\/p>\n<p class=\"p1\"><span class=\"s1\">Totodat\u0103, luni \u0219i mar\u021bi, \u00een zonele sudice \u0219i sud-vestice, va fi local canicul\u0103, iar disconfortul termic va fi ridicat.<\/span><\/p>\n<p class=\"p1\"><span class=\"s1\">Indicele temperatur\u0103-umezeal\u0103 (ITU) va atinge pragul critic de 80 de unit\u0103\u021bi.<\/span><\/p>\n<p class=\"p1\"><span class=\"s1\">ANM a emis \u0219i o aten\u021bionare meteorologic\u0103 Cod galben, valabil\u0103 luni, 24 august, \u00eentre orele 10 \u0219i 22, pentru jude\u021bele Cara\u0219-Severin, Mehedin\u021bi, Dolj, Olt, Teleorman, Giurgiu, Ilfov \u0219i municipiul Bucure\u0219ti.<\/span><\/p>\n<p class=\"p1\"><span class=\"s1\">\u0218i mar\u021bi va fi Cod galben de canicul\u0103. vizate sunt jude\u021bele Timi\u0219, Cara\u0219-Severin, Mehedin\u021bi, Dolj, Olt, Teleorman, Giurgiu, Ilfov \u0219i municipiul Bucure\u0219ti. Temperaturile vor ajunge \u0219i la 37 de grade.<\/span><\/p>\n<\/div>\n<p>[analyse_source url=&#8221;https:\/\/opiniabuzau.ro\/canicula-si-furtuni-in-romania-meteorologii-anunta-ploi-torentiale\/&#8221;]<\/p>\n","protected":false},"excerpt":{"rendered":"<p>[analyse_image type=&#8221;featured&#8221; src=&#8221;https:\/\/opiniabuzau.ro\/wp-content\/uploads\/2025\/06\/ANM.png&#8221;] S\u0103pt\u0103m\u00e2na aceasta sunt a\u0219teptate temperaturi de p\u00e2n\u0103 la 37 de grade, dar \u0219i averse toren\u021biale, vijelii \u0219i grindin\u0103 \u00een mai multe regiuni ale \u021b\u0103rii. Luni, 24 august, vor fi perioade cu instabilitate atmosferic\u0103 \u00een Carpa\u021bii Meridionali \u0219i de Curbur\u0103. Spre sear\u0103 \u0219i \u00een primele ore ale nop\u021bii de luni spre mar\u021bi, fenomenele [&hellip;]<\/p>\n","protected":false},"author":1,"featured_media":0,"comment_status":"open","ping_status":"","sticky":false,"template":"","format":"standard","meta":{"footnotes":""},"categories":[2],"tags":[226,44],"class_list":["post-2110924","post","type-post","status-publish","format-standard","hentry","category-politics","tag-crawlmanager","tag-opiniabuzau-ro"],"_links":{"self":[{"href":"https:\/\/analyse.optim.biz\/index.php?rest_route=\/wp\/v2\/posts\/2110924","targetHints":{"allow":["GET"]}}],"collection":[{"href":"https:\/\/analyse.optim.biz\/index.php?rest_route=\/wp\/v2\/posts"}],"about":[{"href":"https:\/\/analyse.optim.biz\/index.php?rest_route=\/wp\/v2\/types\/post"}],"author":[{"embeddable":true,"href":"https:\/\/analyse.optim.biz\/index.php?rest_route=\/wp\/v2\/users\/1"}],"replies":[{"embeddable":true,"href":"https:\/\/analyse.optim.biz\/index.php?rest_route=%2Fwp%2Fv2%2Fcomments&post=2110924"}],"version-history":[{"count":0,"href":"https:\/\/analyse.optim.biz\/index.php?rest_route=\/wp\/v2\/posts\/2110924\/revisions"}],"wp:attachment":[{"href":"https:\/\/analyse.optim.biz\/index.php?rest_route=%2Fwp%2Fv2%2Fmedia&parent=2110924"}],"wp:term":[{"taxonomy":"category","embeddable":true,"href":"https:\/\/analyse.optim.biz\/index.php?rest_route=%2Fwp%2Fv2%2Fcategories&post=2110924"},{"taxonomy":"post_tag","embeddable":true,"href":"https:\/\/analyse.optim.biz\/index.php?rest_route=%2Fwp%2Fv2%2Ftags&post=2110924"}],"curies":[{"name":"wp","href":"https:\/\/api.w.org\/{rel}","templated":true}]}}