{"id":2110919,"date":"2026-08-24T06:30:10","date_gmt":"2026-08-24T03:30:10","guid":{"rendered":"https:\/\/analyse.optim.biz\/?p=2110919"},"modified":"2026-08-24T06:30:10","modified_gmt":"2026-08-24T03:30:10","slug":"foto-fiul-directoarei-casei-judetene-de-asigurari-de-sanatate-voluntar-la-caravana-medicala-din-cartierul-simileasca","status":"publish","type":"post","link":"https:\/\/analyse.optim.biz\/?p=2110919","title":{"rendered":"FOTO \/ Fiul directoarei Casei Jude\u021bene de Asigur\u0103ri de S\u0103n\u0103tate, voluntar la Caravana Medical\u0103 din cartierul Simileasca"},"content":{"rendered":"<p>[analyse_image type=&#8221;featured&#8221; src=&#8221;https:\/\/opiniabuzau.ro\/wp-content\/uploads\/2026\/08\/luca-1-scaled.webp&#8221;]<\/p>\n<div class=\"entry-content entry clearfix\">\n<blockquote>\n<p class=\"isSelectedEnd\"><strong>Caravana Medical\u0103 desf\u0103\u0219urat\u0103 \u00een weekend\u00a0 \u00een cartierul Simileasca a reunit, potrivit organizatorilor, mai mul\u021bi medici speciali\u0219ti, \u00eentr-o ac\u021biune dedicat\u0103 accesului la servicii medicale \u0219i sprijinului acordat comunit\u0103\u021bii. Printre voluntarii care au participat la activit\u0103\u021bile medicale s-a aflat \u0219i Luca, fiul Simonei Anghel, directoarea Casei Jude\u021bene de Asigur\u0103ri de S\u0103n\u0103tate Buz\u0103u, student la Medicin\u0103.<\/strong><\/p>\n<\/blockquote>\n<p class=\"isSelectedEnd\">Pentru t\u00e2n\u0103rul aflat la \u00eenceputul parcursului profesional, experien\u021ba a reprezentat o activitate de voluntariat \u0219i, totodat\u0103, o bun\u0103 ocazie de a vedea direct munca medicilor \u0219i impactul pe care aceasta \u00eel poate avea asupra oamenilor care au nevoie de \u00eengrijire \u0219i sprijin.<\/p>\n<p class=\"isSelectedEnd\">Simona Anghel a vorbit public despre participarea fiului s\u0103u, \u00eentr-un mesaj \u00een care a descris cu emo\u021bie at\u00e2t experien\u021ba acestuia, c\u00e2t \u0219i propriile sentimente de mam\u0103. Ea a m\u0103rturisit c\u0103 a ezitat \u00eenainte de a face postarea, \u00eentreb\u00e2ndu-se dac\u0103 va fi criticat\u0103, \u00eens\u0103 a considerat c\u0103 bucuria de a-\u0219i vedea copilul urm\u00e2nd o profesie pe care o iube\u0219te merit\u0103 \u00eemp\u0103rt\u0103\u0219it\u0103.<\/p>\n<p class=\"isSelectedEnd\"><em>\u201eIeri, fiul meu Luca, a fost al\u0103turi de ace\u0219ti minuna\u021bi medici ca student la Medicin\u0103 voluntar\u201d<\/em>, a transmis Simona Anghel, subliniind implicarea acestuia al\u0103turi de cadrele medicale participante la caravan\u0103.<\/p>\n<p class=\"isSelectedEnd\">Potrivit relat\u0103rii sale, ziua de voluntariat a fost una intens\u0103, iar efortul depus de medici \u0219i voluntari a fost \u00eenso\u021bit, la final, de satisfac\u021bia unei munci \u00eemplinite. <em>\u201eAu muncit mult, foarte mult. La final, cu to\u021bii aveau o fericire pe fa\u021b\u0103\u201d<\/em>, a scris directoarea CJAS Buz\u0103u.<\/p>\n<div class=\"stream-item stream-item-in-post stream-item-inline-post aligncenter\"><a href=\"https:\/\/vreaulanova.ro\/?utm_source=opiniabuzau&amp;utm_medium=image\" title target=\"_blank\"><img loading=\"lazy\" decoding=\"async\" data-od-xpath=\"\/HTML\/BODY\/DIV[@class=&apos;background-overlay&apos;]\/*[1][self::DIV]\/*[1][self::DIV]\/*[4][self::DIV]\/*[1][self::DIV]\/*[1][self::DIV]\/*[2][self::ARTICLE]\/*[3][self::DIV]\/*[7][self::DIV]\/*[1][self::A]\/*[1][self::IMG]\" src=\"https:\/\/opiniabuzau.ro\/wp-content\/smush-webp\/2022\/02\/MicrosoftTeams-image-4-1.jpg.webp\" alt width=\"728\" height=\"91\" class=\"perfmatters-lazy\"><img loading=\"lazy\" decoding=\"async\" data-od-xpath=\"\/HTML\/BODY\/DIV[@class=&apos;background-overlay&apos;]\/*[1][self::DIV]\/*[1][self::DIV]\/*[4][self::DIV]\/*[1][self::DIV]\/*[1][self::DIV]\/*[2][self::ARTICLE]\/*[3][self::DIV]\/*[7][self::DIV]\/*[1][self::A]\/*[1][self::IMG]\" src=\"https:\/\/opiniabuzau.ro\/wp-content\/smush-webp\/2022\/02\/MicrosoftTeams-image-4-1.jpg.webp\" alt width=\"728\" height=\"91\"><\/a><\/div>\n<p class=\"isSelectedEnd\">Pentru Luca, experien\u021ba ar fi fost cu at\u00e2t mai important\u0103 cu c\u00e2t participarea la caravan\u0103 i-a oferit o perspectiv\u0103 concret\u0103 asupra domeniului pe care \u0219i l-a ales. T\u00e2n\u0103rul i-ar fi spus mamei sale c\u0103 este <em>\u201ecea mai mare m\u00e2ndrie s\u0103 faci parte din aceast\u0103 lume, a medicilor\u201d.<\/em><\/p>\n<div id=\"gallery-1\" class=\"gallery galleryid-478226 gallery-columns-3 gallery-size-thumbnail\">\n<figure class=\"gallery-item\">\n<div class=\"gallery-icon portrait\"><a href=\"https:\/\/opiniabuzau.ro\/wp-content\/uploads\/2026\/08\/786118272_3463032247211505_3364655811223290374_n-scaled.webp\"><img loading=\"lazy\" decoding=\"async\" data-od-xpath=\"\/HTML\/BODY\/DIV[@class=&apos;background-overlay&apos;]\/*[1][self::DIV]\/*[1][self::DIV]\/*[4][self::DIV]\/*[1][self::DIV]\/*[1][self::DIV]\/*[2][self::ARTICLE]\/*[3][self::DIV]\/*[10][self::DIV]\/*[1][self::FIGURE]\/*[1][self::DIV]\/*[1][self::A]\/*[1][self::IMG]\" width=\"220\" height=\"150\" src=\"https:\/\/opiniabuzau.ro\/wp-content\/uploads\/2026\/08\/786118272_3463032247211505_3364655811223290374_n-220x150.webp\" class=\"attachment-thumbnail size-thumbnail perfmatters-lazy\" alt><img loading=\"lazy\" decoding=\"async\" data-od-xpath=\"\/HTML\/BODY\/DIV[@class=&apos;background-overlay&apos;]\/*[1][self::DIV]\/*[1][self::DIV]\/*[4][self::DIV]\/*[1][self::DIV]\/*[1][self::DIV]\/*[2][self::ARTICLE]\/*[3][self::DIV]\/*[10][self::DIV]\/*[1][self::FIGURE]\/*[1][self::DIV]\/*[1][self::A]\/*[1][self::IMG]\" width=\"220\" height=\"150\" src=\"https:\/\/opiniabuzau.ro\/wp-content\/uploads\/2026\/08\/786118272_3463032247211505_3364655811223290374_n-220x150.webp\" class=\"attachment-thumbnail size-thumbnail\" alt><\/a><\/div>\n<\/figure>\n<figure class=\"gallery-item\">\n<div class=\"gallery-icon portrait\"><a href=\"https:\/\/opiniabuzau.ro\/wp-content\/uploads\/2026\/08\/785035097_3463032137211516_6569630560800156579_n-scaled.webp\"><img loading=\"lazy\" decoding=\"async\" data-od-xpath=\"\/HTML\/BODY\/DIV[@class=&apos;background-overlay&apos;]\/*[1][self::DIV]\/*[1][self::DIV]\/*[4][self::DIV]\/*[1][self::DIV]\/*[1][self::DIV]\/*[2][self::ARTICLE]\/*[3][self::DIV]\/*[10][self::DIV]\/*[2][self::FIGURE]\/*[1][self::DIV]\/*[1][self::A]\/*[1][self::IMG]\" width=\"220\" height=\"150\" src=\"https:\/\/opiniabuzau.ro\/wp-content\/uploads\/2026\/08\/785035097_3463032137211516_6569630560800156579_n-220x150.webp\" class=\"attachment-thumbnail size-thumbnail perfmatters-lazy\" alt><img loading=\"lazy\" decoding=\"async\" data-od-xpath=\"\/HTML\/BODY\/DIV[@class=&apos;background-overlay&apos;]\/*[1][self::DIV]\/*[1][self::DIV]\/*[4][self::DIV]\/*[1][self::DIV]\/*[1][self::DIV]\/*[2][self::ARTICLE]\/*[3][self::DIV]\/*[10][self::DIV]\/*[2][self::FIGURE]\/*[1][self::DIV]\/*[1][self::A]\/*[1][self::IMG]\" width=\"220\" height=\"150\" src=\"https:\/\/opiniabuzau.ro\/wp-content\/uploads\/2026\/08\/785035097_3463032137211516_6569630560800156579_n-220x150.webp\" class=\"attachment-thumbnail size-thumbnail\" alt><\/a><\/div>\n<\/figure>\n<figure class=\"gallery-item\">\n<div class=\"gallery-icon portrait\"><a href=\"https:\/\/opiniabuzau.ro\/wp-content\/uploads\/2026\/08\/783948384_3463032207211509_1349460334037438195_n-scaled.webp\"><img loading=\"lazy\" decoding=\"async\" data-od-xpath=\"\/HTML\/BODY\/DIV[@class=&apos;background-overlay&apos;]\/*[1][self::DIV]\/*[1][self::DIV]\/*[4][self::DIV]\/*[1][self::DIV]\/*[1][self::DIV]\/*[2][self::ARTICLE]\/*[3][self::DIV]\/*[10][self::DIV]\/*[3][self::FIGURE]\/*[1][self::DIV]\/*[1][self::A]\/*[1][self::IMG]\" width=\"220\" height=\"150\" src=\"https:\/\/opiniabuzau.ro\/wp-content\/uploads\/2026\/08\/783948384_3463032207211509_1349460334037438195_n-220x150.webp\" class=\"attachment-thumbnail size-thumbnail perfmatters-lazy\" alt><img loading=\"lazy\" decoding=\"async\" data-od-xpath=\"\/HTML\/BODY\/DIV[@class=&apos;background-overlay&apos;]\/*[1][self::DIV]\/*[1][self::DIV]\/*[4][self::DIV]\/*[1][self::DIV]\/*[1][self::DIV]\/*[2][self::ARTICLE]\/*[3][self::DIV]\/*[10][self::DIV]\/*[3][self::FIGURE]\/*[1][self::DIV]\/*[1][self::A]\/*[1][self::IMG]\" width=\"220\" height=\"150\" src=\"https:\/\/opiniabuzau.ro\/wp-content\/uploads\/2026\/08\/783948384_3463032207211509_1349460334037438195_n-220x150.webp\" class=\"attachment-thumbnail size-thumbnail\" alt><\/a><\/div>\n<\/figure>\n<\/div>\n<p class=\"isSelectedEnd\">Mesajul Simonei Anghel are \u0219i o dimensiune personal\u0103, dincolo de caracterul comunitar al caravanei. Pentru un p\u0103rinte, alegerea unui drum profesional de c\u0103tre propriul copil \u0219i descoperirea voca\u021biei acestuia reprezint\u0103 un moment deosebit. Pentru un student la Medicin\u0103, contactul direct cu practica medical\u0103 poate deveni, la r\u00e2ndul s\u0103u, o etap\u0103 important\u0103 \u00een formarea profesional\u0103.<\/p>\n<p class=\"isSelectedEnd\">Simona Anghel le-a transmis mul\u021bumiri medicilor \u0219i profesorilor care, \u00een opinia sa, au contribuit la formarea fiului s\u0103u \u0219i la apropierea acestuia de profesia medical\u0103: <em>\u201eE minunat s\u0103 \u0219tii c\u0103 copilul t\u0103u urmeaz\u0103 o cale at\u00e2t de distins\u0103, pe care o iube\u0219te din tot sufletul. Le mul\u021bumesc tuturor medicilor \u0219i profesorilor care i-au insuflat aceast\u0103 iubire!\u201d.<\/em><\/p>\n<p>Participarea lui Luca la Caravana Medical\u0103 din Simileasca, al\u0103turi de mama sa, care a fost, de asemenea, prezent\u0103, eviden\u021biaz\u0103 \u0219i rolul pe care astfel de ac\u021biuni \u00eel pot avea \u00een preg\u0103tirea viitorilor medici: apropierea de comunitate, observarea activit\u0103\u021bii speciali\u0219tilor \u0219i \u00een\u021belegerea faptului c\u0103 medicina \u00eenseamn\u0103, pe l\u00e2ng\u0103 o intens\u0103 preg\u0103tire academic\u0103, \u0219i responsabilitate, empatie \u0219i implicare \u00een sprijinul oamenilor.<\/p>\n<\/div>\n<p>[analyse_source url=&#8221;https:\/\/opiniabuzau.ro\/foto-fiul-directoarei-casei-judetene-de-asigurari-de-sanatate-voluntar-la-caravana-medicala-din-cartierul-simileasca\/&#8221;]<\/p>\n","protected":false},"excerpt":{"rendered":"<p>[analyse_image type=&#8221;featured&#8221; src=&#8221;https:\/\/opiniabuzau.ro\/wp-content\/uploads\/2026\/08\/luca-1-scaled.webp&#8221;] Caravana Medical\u0103 desf\u0103\u0219urat\u0103 \u00een weekend\u00a0 \u00een cartierul Simileasca a reunit, potrivit organizatorilor, mai mul\u021bi medici speciali\u0219ti, \u00eentr-o ac\u021biune dedicat\u0103 accesului la servicii medicale \u0219i sprijinului acordat comunit\u0103\u021bii. Printre voluntarii care au participat la activit\u0103\u021bile medicale s-a aflat \u0219i Luca, fiul Simonei Anghel, directoarea Casei Jude\u021bene de Asigur\u0103ri de S\u0103n\u0103tate Buz\u0103u, student la [&hellip;]<\/p>\n","protected":false},"author":1,"featured_media":0,"comment_status":"open","ping_status":"","sticky":false,"template":"","format":"standard","meta":{"footnotes":""},"categories":[2],"tags":[226,44],"class_list":["post-2110919","post","type-post","status-publish","format-standard","hentry","category-politics","tag-crawlmanager","tag-opiniabuzau-ro"],"_links":{"self":[{"href":"https:\/\/analyse.optim.biz\/index.php?rest_route=\/wp\/v2\/posts\/2110919","targetHints":{"allow":["GET"]}}],"collection":[{"href":"https:\/\/analyse.optim.biz\/index.php?rest_route=\/wp\/v2\/posts"}],"about":[{"href":"https:\/\/analyse.optim.biz\/index.php?rest_route=\/wp\/v2\/types\/post"}],"author":[{"embeddable":true,"href":"https:\/\/analyse.optim.biz\/index.php?rest_route=\/wp\/v2\/users\/1"}],"replies":[{"embeddable":true,"href":"https:\/\/analyse.optim.biz\/index.php?rest_route=%2Fwp%2Fv2%2Fcomments&post=2110919"}],"version-history":[{"count":0,"href":"https:\/\/analyse.optim.biz\/index.php?rest_route=\/wp\/v2\/posts\/2110919\/revisions"}],"wp:attachment":[{"href":"https:\/\/analyse.optim.biz\/index.php?rest_route=%2Fwp%2Fv2%2Fmedia&parent=2110919"}],"wp:term":[{"taxonomy":"category","embeddable":true,"href":"https:\/\/analyse.optim.biz\/index.php?rest_route=%2Fwp%2Fv2%2Fcategories&post=2110919"},{"taxonomy":"post_tag","embeddable":true,"href":"https:\/\/analyse.optim.biz\/index.php?rest_route=%2Fwp%2Fv2%2Ftags&post=2110919"}],"curies":[{"name":"wp","href":"https:\/\/api.w.org\/{rel}","templated":true}]}}