{"id":2110914,"date":"2026-08-22T21:01:02","date_gmt":"2026-08-22T18:01:02","guid":{"rendered":"https:\/\/analyse.optim.biz\/?p=2110914"},"modified":"2026-08-22T21:01:02","modified_gmt":"2026-08-22T18:01:02","slug":"23-august-2026","status":"publish","type":"post","link":"https:\/\/analyse.optim.biz\/?p=2110914","title":{"rendered":"23 august 2026"},"content":{"rendered":"<p>[analyse_image type=&#8221;featured&#8221; src=&#8221;https:\/\/opiniabuzau.ro\/wp-content\/uploads\/2025\/12\/Calendarul-Zilei-scaled.webp&#8221;]<\/p>\n<div class=\"entry-content entry clearfix\">\n<blockquote>\n<p><strong>Cre\u0219tinii ortodoc\u0219i \u00eel pomenesc pe <span>Sf\u00e2ntul Mucenic Lup<\/span>, iar credincio\u0219ii romano-catolici \u00eei comemoreaz\u0103 pe <span>Sf\u00e2nta Roza de Lima, fecioar\u0103<\/span>, \u0219i pe <span>Sf\u00e2ntul Flavian, episcop<\/span>.<\/strong><\/p>\n<\/blockquote>\n<ul>\n<li>Ziua Comemor\u0103rii Victimelor Fascismului \u015fi Comunismului<\/li>\n<li>1880 \u2013 S-a n\u0103scut medicul veterinar Alexandru Ciuc\u0103, membru corespondent al Academiei Rom\u00e2ne. (m. 8 mart. 1972)<\/li>\n<li>1906 \u2013 S-a n\u0103scut Alexandru Ro\u015fca, psiholog, membru titular al Academiei Rom\u00e2ne. (m. 17 febr. 1996) (120 de ani)<\/li>\n<li>1907 \u2013 S-a n\u0103scut istoricul Mihai Berza, membru corespondent al Academiei Rom\u00e2ne (21 mart. 1963). (m. 5 oct. 1978)<\/li>\n<li>1921 \u2013 A murit Gheorghe Bengescu, diplomat \u015fi publicist, membru titular al Academiei Rom\u00e2ne (4 iun. 1921). (n. 30 aug.\/13 sept. 1848) (105 ani)<\/li>\n<li>1924 \u2013 S-a n\u0103scut Paul Everac, scenarist, scriitor, dramaturg \u015fi publicist. (m. 18 oct. 2011)<\/li>\n<li>1924 \u2013 S-a n\u0103scut Ion Bi\u0163an (Bitzan), pictor \u015fi grafician. (m. 15 sept. 1997)<\/li>\n<li>1934 \u2013 S-a n\u0103scut prozatorul \u015fi publicistul Corneliu \u015etefanache. (m. 12 ian. 2009)<\/li>\n<li>1938 \u2013 S-a n\u0103scut poetul Du\u015fan Petrovici. (m. 22 apr. 2023)<\/li>\n<li>1943 \u2013 S-a n\u0103scut criticul \u015fi istoricul literar Mircea Iorgulescu, stabilit, din 1989, \u00een Fran\u0163a. (m. 7 iun. 2011, Paris)<\/li>\n<li>1944 \u2013 Rom\u00e2nia a \u00eentors armele \u015fi s-a al\u0103turat Na\u0163iunilor Unite \u00een lupta \u00eempotriva puterilor Axei. Regele Mihai I (1927-1930; 1940-1947) l-a demis \u015fi l-a arestat pe mare\u015falul Ion Antonescu, conduc\u0103torul statului \u015fi pre\u015fedintele Consiliului de Mini\u015ftri. S-a format guvernul condus de Constantin S\u0103n\u0103tescu.<\/li>\n<li>1947 \u2013 Adunarea Deputa\u0163ilor a ratificat Tratatul de pace dintre Rom\u00e2nia \u015fi Puterile Aliate \u015fi Asociate.<\/li>\n<li>1948 \u2013 S-a n\u0103scut Andrei Gabriel Ple\u015fu, filosof, critic de art\u0103 \u015fi eseist, ministru al Culturii (28 dec. 1989 \u2013 16 oct. 1991) \u015fi ministru al Afacerilor Externe (29 dec. 1997 \u2013 22 dec. 1999).<\/li>\n<li>1956 \u2013 A fost inaugurat\u0103 Biblioteca Central\u0103 de Stat, ast\u0103zi Biblioteca Na\u0163ional\u0103, \u00eenfiin\u0163at\u0103 prin HCM nr. 1193 din 25 iunie 1955. (70 de ani)<\/li>\n<li>1966 \u2013 S-a n\u0103scut actri\u0163a Lamia Beligan. (60 de ani)<\/li>\n<li>1976 \u2013 S-a n\u0103scut c\u00e2nt\u0103re\u0163ul Paul Surugiu (Fuego). (50 de ani)<\/li>\n<li>1986 \u2013 A murit Ion Clopo\u0163el, publicist, sociograf \u015fi memorialist. (n. 10 nov. 1892) (40 de ani)<\/li>\n<li>1986 \u2013 S-a n\u0103scut c\u00e2nt\u0103rea\u0163a Andra M\u0103ru\u0163\u0103 (Alexandra Irina). (40 de ani)<\/li>\n<li>1996 \u2013 Rom\u00e2nia a \u00eenm\u00e2nat Consiliului Europei instrumentul de ratificare a Conven\u0163iei europene privind transferarea persoanelor condamnate, care permite unui cet\u0103\u0163ean str\u0103in s\u0103-\u015fi execute pedeapsa \u00een \u0163ara de origine. (30 de ani)<\/li>\n<li>2015 \u2013 Echipajul Rom\u00e2niei alc\u0103tuit din Leonid Carp, Petre Condrat, Iosif Chiril\u0103 \u015fi \u015etefan Andrei Strat a cucerit medalia de aur la Campionatele mondiale de kaiac-canoe de la Milano.<\/li>\n<li>2021 \u2013 Prim-ministrul Florin C\u00ee\u0163u a efectuat o vizit\u0103 \u00een Ucraina, la Kiev, pentru a participa la Summitul de lansare a Platformei Interna\u0163ionale Crimeea, \u015fi o \u00eentrevedere cu omologul ucrainean, Denis \u015em\u00eehal. (5 ani)<\/li>\n<li>2025 \u2013 Prim-ministrul Ilie Bolojan a efectuat o vizit\u0103 la Chi\u015fin\u0103u, \u00een Republica Moldova, unde a avut o \u00eentrevedere cu prim-ministrul Republicii Moldova, Dorin Recean \u015fi cu pre\u015fedinta Republicii Moldova, Maia Sandu.<\/li>\n<li>2026 \u2013 A XX-a edi\u0163ie a Concursului Interna\u0163ional George Enescu, cu tema \u201eIn Pursuit of Excellence\u201d. (Bucure\u015fti, 23 aug. \u2013 19 sept.)<\/li>\n<\/ul>\n<h3>Canada<\/h3>\n<ul>\n<li>2006 \u2013 A murit interpretul de jazz Maynard Ferguson. (n. 4 mai 1928) (20 de ani)<\/li>\n<\/ul>\n<h3>Fran\u0163a<\/h3>\n<ul>\n<li>1806 \u2013 A murit fizicianul Charles Augustin Coulomb, care a descoperit, \u00een 1785, legile fundamentale ale magnetismului \u015fi electrostaticii. (n. 14 iun. 1736) (220 de ani)<\/li>\n<li>1961 \u2013 S-a n\u0103scut Alexandre Desplat, compozitor de muzic\u0103 pentru film \u015fi dirijor; a c\u00e2\u015ftigat c\u00e2te un Oscar \u015fi un BAFTA pentru partiturile sale muzicale pentru filmele \u201eThe Grand Budapest Hotel\u201d \u015fi \u201eThe Shape of Water\u201d \u015fi un BAFTA pentru \u201eThe King\u2019s Speech\u201d (2010), precum \u015fi numeroase alte premii. (65 de ani)<\/li>\n<\/ul>\n<h3>Germania<\/h3>\n<ul>\n<li>2016 \u2013 A murit Reinhard Selten, economist, laureat al Premiului Sveriges Riksbank pentru Economie \u00een memoria lui Alfred Nobel, \u00een 1994. (n. 5 oct. 1930) (10 ani)<\/li>\n<\/ul>\n<h3>SUA<\/h3>\n<ul>\n<li>1921 \u2013 S-a n\u0103scut economistul Kenneth J. Arrow, laureat al Premiului Sveriges Riksbank pentru Economie \u00een memoria lui Alfred Nobel, \u00een 1972, al\u0103turi de John Hicks. (m. 21 febr. 2017) (105 ani)<\/li>\n<li>1926 \u2013 A murit actorul Rudolph Valentino. (n. 6 mai 1895) (100 de ani)<\/li>\n<li>1931 \u2013 S-a n\u0103scut biologul Hamilton O. Smith, laureat al Premiului Nobel pentru Fiziologie sau Medicin\u0103 \u00een 1978, al\u0103turi de Werner Arber \u015fi Daniel Nathans. (m. 25 oct. 2025) (95 de ani)<\/li>\n<\/ul>\n<h3>Interna\u0163ionale<\/h3>\n<ul>\n<li>1996 \u2013 A fost semnat Acordul privind normalizarea rela\u0163iilor dintre Republica Federal\u0103 Iugoslavia \u015fi Republica Croa\u0163ia. (30 de ani)<\/li>\n<li>2021 \u2013 Marea Britanie a evacuat peste 5.700 de persoane din Afganistan. Aceast\u0103 opera\u0163iune, numit\u0103 PITTING, a permis evacuarea a 5.725 de persoane din Kabul, dintre care peste 3.100 de afgani \u015fi familiile acestora, de la lansarea sa, pe 13 august. Germania a evacuat aproape 3.000 de oameni originari din 43 de \u0163\u0103ri de pe aeroportul din Kabul, \u00een timp ce Statele Unite au scos, \u00een numai 24 de ore, 10.400 de persoane din Afganistan. Printre cei evacua\u0163i de Germania se afl \u0103 143 de germani, \u00een jur de 1.800 de afgani \u015fi circa 350 de cet\u0103\u0163eni ai Uniunii Europene. (5 ani)<\/li>\n<li>2026 \u2013 Ziua interna\u0163ional\u0103 de comemorare a comer\u0163ului cu sclavi \u015fi a abolirii acestuia (ONU).<\/li>\n<\/ul>\n<\/div>\n<p>[analyse_source url=&#8221;https:\/\/opiniabuzau.ro\/23-august-2026\/&#8221;]<\/p>\n","protected":false},"excerpt":{"rendered":"<p>[analyse_image type=&#8221;featured&#8221; src=&#8221;https:\/\/opiniabuzau.ro\/wp-content\/uploads\/2025\/12\/Calendarul-Zilei-scaled.webp&#8221;] Cre\u0219tinii ortodoc\u0219i \u00eel pomenesc pe Sf\u00e2ntul Mucenic Lup, iar credincio\u0219ii romano-catolici \u00eei comemoreaz\u0103 pe Sf\u00e2nta Roza de Lima, fecioar\u0103, \u0219i pe Sf\u00e2ntul Flavian, episcop. Ziua Comemor\u0103rii Victimelor Fascismului \u015fi Comunismului 1880 \u2013 S-a n\u0103scut medicul veterinar Alexandru Ciuc\u0103, membru corespondent al Academiei Rom\u00e2ne. (m. 8 mart. 1972) 1906 \u2013 S-a n\u0103scut Alexandru [&hellip;]<\/p>\n","protected":false},"author":1,"featured_media":0,"comment_status":"open","ping_status":"","sticky":false,"template":"","format":"standard","meta":{"footnotes":""},"categories":[2],"tags":[226,44],"class_list":["post-2110914","post","type-post","status-publish","format-standard","hentry","category-politics","tag-crawlmanager","tag-opiniabuzau-ro"],"_links":{"self":[{"href":"https:\/\/analyse.optim.biz\/index.php?rest_route=\/wp\/v2\/posts\/2110914","targetHints":{"allow":["GET"]}}],"collection":[{"href":"https:\/\/analyse.optim.biz\/index.php?rest_route=\/wp\/v2\/posts"}],"about":[{"href":"https:\/\/analyse.optim.biz\/index.php?rest_route=\/wp\/v2\/types\/post"}],"author":[{"embeddable":true,"href":"https:\/\/analyse.optim.biz\/index.php?rest_route=\/wp\/v2\/users\/1"}],"replies":[{"embeddable":true,"href":"https:\/\/analyse.optim.biz\/index.php?rest_route=%2Fwp%2Fv2%2Fcomments&post=2110914"}],"version-history":[{"count":0,"href":"https:\/\/analyse.optim.biz\/index.php?rest_route=\/wp\/v2\/posts\/2110914\/revisions"}],"wp:attachment":[{"href":"https:\/\/analyse.optim.biz\/index.php?rest_route=%2Fwp%2Fv2%2Fmedia&parent=2110914"}],"wp:term":[{"taxonomy":"category","embeddable":true,"href":"https:\/\/analyse.optim.biz\/index.php?rest_route=%2Fwp%2Fv2%2Fcategories&post=2110914"},{"taxonomy":"post_tag","embeddable":true,"href":"https:\/\/analyse.optim.biz\/index.php?rest_route=%2Fwp%2Fv2%2Ftags&post=2110914"}],"curies":[{"name":"wp","href":"https:\/\/api.w.org\/{rel}","templated":true}]}}