{"id":2110906,"date":"2026-08-25T12:46:28","date_gmt":"2026-08-25T09:46:28","guid":{"rendered":"https:\/\/analyse.optim.biz\/?p=2110906"},"modified":"2026-08-25T12:46:28","modified_gmt":"2026-08-25T09:46:28","slug":"cinci-ani-intr-un-montagne-russe-al-emotiilor-de-ce-a-ales-iohana-tanase-sa-renunte-la-functia-de-director-al-scolii-nr-7","status":"publish","type":"post","link":"https:\/\/analyse.optim.biz\/?p=2110906","title":{"rendered":"Cinci ani \u00eentr-un \u201emontagne russe\u201d al emo\u021biilor. De ce a ales Iohana T\u0103nase s\u0103 renun\u021be la func\u021bia de director al \u0218colii nr.7"},"content":{"rendered":"<p>[analyse_image type=&#8221;featured&#8221; src=&#8221;https:\/\/opiniabuzau.ro\/wp-content\/uploads\/2026\/08\/IOHANA-TANASA-2026-.webp&#8221;]<\/p>\n<div class=\"entry-content entry clearfix\">\n<blockquote>\n<p><strong>Dup\u0103 cinci ani \u00een care a condus \u0218coala Gimnazial\u0103 Nr. 7 din Buz\u0103u, Iohana T\u0103nase a decis s\u0103 nu mai continue \u00een func\u021bia de director. Decizia sa vine dup\u0103 o perioad\u0103 pe care o descrie drept un adev\u0103rat \u201ecarusel al emo\u021biilor\u201d, marcat\u0103 de satisfac\u021bii, reu\u0219ite, provoc\u0103ri \u0219i momente dificile.<\/strong><\/p>\n<\/blockquote>\n<p>\u00cen mesajul online prin care \u00ee\u0219i explic\u0103 retragerea, directoarea spune c\u0103 nu este vorba despre o renun\u021bare la \u0219coal\u0103, ci despre o decizie personal\u0103, luat\u0103 dup\u0103 ce a constatat c\u0103 responsabilitatea managerial\u0103 a ajuns s\u0103 \u00eei afecteze s\u0103n\u0103tatea \u0219i via\u021ba de familie.<\/p>\n<p><em>\u201ePerioada \u00een care am ocupat func\u021bia de director a fost un adev\u0103rat carusel al emo\u021biilor. Pot spune c\u0103 am tr\u0103it cinci ani \u00eentr-un montagne russe al bucuriilor, provoc\u0103rilor, reu\u0219itelor \u0219i, uneori, al momentelor grele. Am sim\u021bit c\u0103 a venit timpul s\u0103 m\u0103 opresc\u201d,<\/em> m\u0103rturise\u0219te Iohana T\u0103nase.<\/p>\n<h3><strong>\u0218coala, pus\u0103 mereu pe primul loc<\/strong><\/h3>\n<p>Unul dintre principalele motive invocate pentru retragerea din func\u021bie este pre\u021bul personal pe care l-a presupus conducerea institu\u021biei. Iohana T\u0103nase spune c\u0103, \u00een \u00eencercarea de a pune \u0219coala \u00eenaintea tuturor lucrurilor, a ajuns s\u0103 \u00ee\u0219i neglijeze propria s\u0103n\u0103tate \u0219i familia.<\/p>\n<p><em>\u201eRetragerea mea din func\u021bia de director nu este un gest de renun\u021bare, ci unul de sinceritate fa\u021b\u0103 de mine \u00eens\u0103mi. Am purtat aceast\u0103 responsabilitate cu toat\u0103 inima, p\u00e2n\u0103 c\u00e2nd am \u00een\u021beles c\u0103, \u00een efortul de a pune \u0219coala mereu pe primul loc, mi-am l\u0103sat s\u0103n\u0103tatea \u0219i familia pe ultimul\u201d<\/em>, afirm\u0103 aceasta.<\/p>\n<div class=\"stream-item stream-item-in-post stream-item-inline-post aligncenter\"><a href=\"https:\/\/vreaulanova.ro\/?utm_source=opiniabuzau&amp;utm_medium=image\" title target=\"_blank\"><img loading=\"lazy\" decoding=\"async\" data-od-unknown-tag data-od-xpath=\"\/HTML\/BODY\/DIV[@class=&apos;background-overlay&apos;]\/*[1][self::DIV]\/*[1][self::DIV]\/*[4][self::DIV]\/*[1][self::DIV]\/*[1][self::DIV]\/*[2][self::ARTICLE]\/*[3][self::DIV]\/*[8][self::DIV]\/*[1][self::A]\/*[1][self::IMG]\" src=\"https:\/\/opiniabuzau.ro\/wp-content\/smush-webp\/2022\/02\/MicrosoftTeams-image-4-1.jpg.webp\" alt width=\"728\" height=\"91\" class=\"perfmatters-lazy\"><img loading=\"lazy\" decoding=\"async\" data-od-unknown-tag data-od-xpath=\"\/HTML\/BODY\/DIV[@class=&apos;background-overlay&apos;]\/*[1][self::DIV]\/*[1][self::DIV]\/*[4][self::DIV]\/*[1][self::DIV]\/*[1][self::DIV]\/*[2][self::ARTICLE]\/*[3][self::DIV]\/*[8][self::DIV]\/*[1][self::A]\/*[1][self::IMG]\" src=\"https:\/\/opiniabuzau.ro\/wp-content\/smush-webp\/2022\/02\/MicrosoftTeams-image-4-1.jpg.webp\" alt width=\"728\" height=\"91\"><\/a><\/div>\n<p>Declara\u021bia scoate \u00een eviden\u021b\u0103 \u0219i presiunea pe care o presupune, dincolo de titulatura func\u021biei, administrarea unei unit\u0103\u021bi de \u00eenv\u0103\u021b\u0103m\u00e2nt: responsabilit\u0103\u021bi permanente, decizii, probleme de rezolvat \u0219i nevoia de a r\u0103spunde at\u00e2t \u00een fa\u021ba colectivului, c\u00e2t \u0219i \u00een fa\u021ba comunit\u0103\u021bii.<\/p>\n<h3><strong>Nu pleac\u0103 din \u0219coal\u0103<\/strong><\/h3>\n<p>Chiar dac\u0103 renun\u021b\u0103 la func\u021bia de conducere, Iohana T\u0103nase transmite c\u0103 nu se desparte de institu\u021bia c\u0103reia i-a dedicat o parte important\u0103 din via\u021b\u0103. Ea spune c\u0103 r\u0103m\u00e2ne \u201eun om al \u0219colii\u201d \u0219i aminte\u0219te c\u0103 face parte din comunitatea respectiv\u0103 de 36 de ani.<\/p>\n<p>Retragerea din func\u021bia de director este doar\u00a0o schimbare de rol, dup\u0103 cinci ani \u00een care a avut responsabilitatea conducerii \u0219colii.<\/p>\n<p>\u00cen acela\u0219i timp, mesajul s\u0103u las\u0103 deschis\u0103 o \u00eentrebare despre felul \u00een care sunt privite \u0219i apreciate cadrele didactice \u0219i managerii din educa\u021bie. <em>\u201eVa fi vreodat\u0103 profesorul sau directorul de \u0219coal\u0103 cu adev\u0103rat respectat \u0219i pre\u021buit pentru valoarea muncii sale?\u201d<\/em>, se \u00eentreab\u0103 Iohana T\u0103nase.<\/p>\n<h3><strong>Mul\u021bumiri pentru echip\u0103<\/strong><\/h3>\n<p>La finalul mesajului, fosta directoare le mul\u021bume\u0219te colegilor al\u0103turi de care a lucrat \u00een cei cinci ani de mandat \u0219i care au contribuit, spune ea, la performan\u021bele institu\u021biei. <em>\u201eLe mul\u021bumesc tuturor colegilor care au luptat al\u0103turi de mine pentru a duce institu\u021bia noastr\u0103 \u00een topul \u0219colilor buzoiene. Munca lor r\u0103m\u00e2ne dovada unei echipe puternice \u0219i dedicate\u201d,<\/em> transmite Iohana T\u0103nase.<\/p>\n<p>Dincolo de motivele administrative sau profesionale, decizia de a renun\u021ba la func\u021bia de director pare s\u0103 fie, \u00een esen\u021b\u0103, una legat\u0103 de nevoia de echilibru. Dup\u0103 cinci ani \u00een care \u0219coala a fost prioritatea sa, Iohana T\u0103nase spune c\u0103 a venit momentul s\u0103 acorde mai mult spa\u021biu s\u0103n\u0103t\u0103\u021bii \u0219i familiei.<\/p>\n<p>Iohana T\u0103nase las\u0103 \u00een urm\u0103 func\u021bia de director, dar spune c\u0103 r\u0103m\u00e2ne parte din \u0219coala \u0219i comunitatea \u00een care a construit, a muncit \u0219i a tr\u0103it timp de 36 de ani.<\/p>\n<\/div>\n<p>[analyse_source url=&#8221;https:\/\/opiniabuzau.ro\/cinci-ani-intr-un-montagne-russe-al-emotiilor-de-ce-a-ales-iohana-tanase-sa-renunte-la-functia-de-director-al-scolii-nr-7\/&#8221;]<\/p>\n","protected":false},"excerpt":{"rendered":"<p>[analyse_image type=&#8221;featured&#8221; src=&#8221;https:\/\/opiniabuzau.ro\/wp-content\/uploads\/2026\/08\/IOHANA-TANASA-2026-.webp&#8221;] Dup\u0103 cinci ani \u00een care a condus \u0218coala Gimnazial\u0103 Nr. 7 din Buz\u0103u, Iohana T\u0103nase a decis s\u0103 nu mai continue \u00een func\u021bia de director. Decizia sa vine dup\u0103 o perioad\u0103 pe care o descrie drept un adev\u0103rat \u201ecarusel al emo\u021biilor\u201d, marcat\u0103 de satisfac\u021bii, reu\u0219ite, provoc\u0103ri \u0219i momente dificile. \u00cen mesajul online [&hellip;]<\/p>\n","protected":false},"author":1,"featured_media":0,"comment_status":"open","ping_status":"","sticky":false,"template":"","format":"standard","meta":{"footnotes":""},"categories":[2],"tags":[226,44],"class_list":["post-2110906","post","type-post","status-publish","format-standard","hentry","category-politics","tag-crawlmanager","tag-opiniabuzau-ro"],"_links":{"self":[{"href":"https:\/\/analyse.optim.biz\/index.php?rest_route=\/wp\/v2\/posts\/2110906","targetHints":{"allow":["GET"]}}],"collection":[{"href":"https:\/\/analyse.optim.biz\/index.php?rest_route=\/wp\/v2\/posts"}],"about":[{"href":"https:\/\/analyse.optim.biz\/index.php?rest_route=\/wp\/v2\/types\/post"}],"author":[{"embeddable":true,"href":"https:\/\/analyse.optim.biz\/index.php?rest_route=\/wp\/v2\/users\/1"}],"replies":[{"embeddable":true,"href":"https:\/\/analyse.optim.biz\/index.php?rest_route=%2Fwp%2Fv2%2Fcomments&post=2110906"}],"version-history":[{"count":0,"href":"https:\/\/analyse.optim.biz\/index.php?rest_route=\/wp\/v2\/posts\/2110906\/revisions"}],"wp:attachment":[{"href":"https:\/\/analyse.optim.biz\/index.php?rest_route=%2Fwp%2Fv2%2Fmedia&parent=2110906"}],"wp:term":[{"taxonomy":"category","embeddable":true,"href":"https:\/\/analyse.optim.biz\/index.php?rest_route=%2Fwp%2Fv2%2Fcategories&post=2110906"},{"taxonomy":"post_tag","embeddable":true,"href":"https:\/\/analyse.optim.biz\/index.php?rest_route=%2Fwp%2Fv2%2Ftags&post=2110906"}],"curies":[{"name":"wp","href":"https:\/\/api.w.org\/{rel}","templated":true}]}}