{"id":2110770,"date":"2026-08-24T21:00:00","date_gmt":"2026-08-24T18:00:00","guid":{"rendered":"https:\/\/analyse.optim.biz\/?p=2110770"},"modified":"2026-08-24T21:00:00","modified_gmt":"2026-08-24T18:00:00","slug":"tanara-din-barlad-cu-mandat-de-arestare-preventiva-prinsa-in-vrancea-si-dusa-la-penitenciar","status":"publish","type":"post","link":"https:\/\/analyse.optim.biz\/?p=2110770","title":{"rendered":"T\u00e2n\u0103r\u0103 din B\u00e2rlad, cu mandat de arestare preventiv\u0103, prins\u0103 \u00een Vrancea \u0219i dus\u0103 la penitenciar"},"content":{"rendered":"<p>[analyse_image type=&#8221;featured&#8221; src=&#8221;https:\/\/www.monitoruldevrancea.ro\/wp-content\/uploads\/2026\/08\/Screenshot_20260825_124046_Opera-scaled.jpg&#8221;]<\/p>\n<div class=\"td_block_wrap tdb_single_content tdi_123 td-pb-border-top td_block_template_1 td-post-content tagdiv-type\" data-td-block-uid=\"tdi_123\">\n<div class=\"tdb-block-inner td-fix-index\">\n<p><strong>Biroul de pres\u0103 al Inspectoratului de Poli\u021bie Jude\u021bean (IPJ) Vrancea:<\/strong><\/p>\n<p class=\"has-text-align-center\"><em>BULETIN DE PRES\u0102<\/em><\/p>\n<p class=\"has-text-align-center\"><em>MANDAT DE ARESTARE PREVENTIV\u0102, PUS \u00ceN APLICARE DE POLI\u021aI\u0218TI<\/em><\/p>\n<p>La data de 24 august a.c., poli\u021bi\u0219tii din cadrul Sec\u021biei 2 Poli\u021bie Rural\u0103 Guge\u0219ti au ac\u021bionat conform atribu\u021biilor de serviciu \u0219i au depistat, \u00een comuna Slobozia Bradului, o t\u00e2n\u0103r\u0103, \u00een v\u00e2rst\u0103 de 18 ani, din municipiul B\u00e2rlad, pe numele c\u0103reia fusese emis un mandat de arestare preventiv\u0103.<\/p>\n<p>Mandatul de arestare preventiv\u0103 a fost emis pentru o perioad\u0103 de 30 de zile, ca urmare a s\u0103v\u00e2r\u0219irii infrac\u021biunii de \u00eenc\u0103lcare a m\u0103surilor dispuse prin ordinul de protec\u021bie, fapt\u0103 prev\u0103zut\u0103 de Legea nr. 26\/2024.<\/p>\n<p>Persoana \u00een cauz\u0103 a fost introdus\u0103 \u00een Centrul de Re\u021binere \u0219i Arestare Preventiv\u0103 Vaslui.<\/p>\n<\/div>\n<\/div>\n<p>[analyse_source url=&#8221;https:\/\/www.monitoruldevrancea.ro\/2026\/08\/25\/tanara-din-barlad-cu-mandat-de-arestare-preventiva-prinsa-la-slobozia-bradului-si-dusa-la-penitenciar\/&#8221;]<\/p>\n","protected":false},"excerpt":{"rendered":"<p>[analyse_image type=&#8221;featured&#8221; src=&#8221;https:\/\/www.monitoruldevrancea.ro\/wp-content\/uploads\/2026\/08\/Screenshot_20260825_124046_Opera-scaled.jpg&#8221;] Biroul de pres\u0103 al Inspectoratului de Poli\u021bie Jude\u021bean (IPJ) Vrancea: BULETIN DE PRES\u0102 MANDAT DE ARESTARE PREVENTIV\u0102, PUS \u00ceN APLICARE DE POLI\u021aI\u0218TI La data de 24 august a.c., poli\u021bi\u0219tii din cadrul Sec\u021biei 2 Poli\u021bie Rural\u0103 Guge\u0219ti au ac\u021bionat conform atribu\u021biilor de serviciu \u0219i au depistat, \u00een comuna Slobozia Bradului, o t\u00e2n\u0103r\u0103, \u00een [&hellip;]<\/p>\n","protected":false},"author":1,"featured_media":0,"comment_status":"open","ping_status":"","sticky":false,"template":"","format":"standard","meta":{"footnotes":""},"categories":[89],"tags":[226,209],"class_list":["post-2110770","post","type-post","status-publish","format-standard","hentry","category-romania","tag-crawlmanager","tag-monitoruldevrancea-ro"],"_links":{"self":[{"href":"https:\/\/analyse.optim.biz\/index.php?rest_route=\/wp\/v2\/posts\/2110770","targetHints":{"allow":["GET"]}}],"collection":[{"href":"https:\/\/analyse.optim.biz\/index.php?rest_route=\/wp\/v2\/posts"}],"about":[{"href":"https:\/\/analyse.optim.biz\/index.php?rest_route=\/wp\/v2\/types\/post"}],"author":[{"embeddable":true,"href":"https:\/\/analyse.optim.biz\/index.php?rest_route=\/wp\/v2\/users\/1"}],"replies":[{"embeddable":true,"href":"https:\/\/analyse.optim.biz\/index.php?rest_route=%2Fwp%2Fv2%2Fcomments&post=2110770"}],"version-history":[{"count":0,"href":"https:\/\/analyse.optim.biz\/index.php?rest_route=\/wp\/v2\/posts\/2110770\/revisions"}],"wp:attachment":[{"href":"https:\/\/analyse.optim.biz\/index.php?rest_route=%2Fwp%2Fv2%2Fmedia&parent=2110770"}],"wp:term":[{"taxonomy":"category","embeddable":true,"href":"https:\/\/analyse.optim.biz\/index.php?rest_route=%2Fwp%2Fv2%2Fcategories&post=2110770"},{"taxonomy":"post_tag","embeddable":true,"href":"https:\/\/analyse.optim.biz\/index.php?rest_route=%2Fwp%2Fv2%2Ftags&post=2110770"}],"curies":[{"name":"wp","href":"https:\/\/api.w.org\/{rel}","templated":true}]}}