{"id":2110764,"date":"2026-08-24T21:00:00","date_gmt":"2026-08-24T18:00:00","guid":{"rendered":"https:\/\/analyse.optim.biz\/?p=2110764"},"modified":"2026-08-24T21:00:00","modified_gmt":"2026-08-24T18:00:00","slug":"foto-maria-ferariu-aduce-vrancei-doua-medalii-de-la-mondialele-din-zadar-patru-medalii-pentru-doua-sportive-romance","status":"publish","type":"post","link":"https:\/\/analyse.optim.biz\/?p=2110764","title":{"rendered":"FOTO! Maria Ferariu aduce Vrancei dou\u0103 medalii de la Mondialele din Zadar. Patru medalii pentru dou\u0103 sportive rom\u00e2nce"},"content":{"rendered":"<p>[analyse_image type=&#8221;featured&#8221; src=&#8221;https:\/\/www.monitoruldevrancea.ro\/wp-content\/uploads\/2026\/08\/marinus-1.jpg&#8221;]<\/p>\n<div class=\"td_block_wrap tdb_single_content tdi_123 td-pb-border-top td_block_template_1 td-post-content tagdiv-type\" data-td-block-uid=\"tdi_123\">\n<div class=\"tdb-block-inner td-fix-index\">\n<p><strong>Comunicat de pres\u0103:<\/strong><\/p>\n<p>Performan\u021b\u0103 deosebit\u0103 pentru sportul vr\u00e2ncean \u0219i rom\u00e2nesc. <strong><em>Ferariu Maria Denisa<\/em><\/strong>, sportiv\u0103 a ACS MARINUS Foc\u0219ani \u0219i component\u0103 a lotului Rom\u00e2niei, s-a \u00eentors de la Zadar cu dou\u0103 medalii: bronz mondial \u0219i argint la Cupa Mondial\u0103. Al\u0103turi de ea, prietena \u0219i partenera de antrenament <strong><em>Masar Miruna<\/em><\/strong> a devenit campioan\u0103 mondial\u0103 la NO GI.<\/p>\n<p>\u00cen perioada 21\u201322 august 2026, la Zadar, Croa\u021bia, s-au desf\u0103\u0219urat Campionatul Mondial \u0219i Cupa Mondial\u0103, competi\u021bii la care Rom\u00e2nia a fost reprezentat\u0103 de sportivi din lotul na\u021bional.<\/p>\n<p>Pentru Vrancea \u0219i municipiul Foc\u0219ani, participarea a adus un rezultat remarcabil prin <strong><em>Ferariu Maria Denisa<\/em><\/strong>, sportiv\u0103 legitimat\u0103 la ACS MARINUS Foc\u0219ani \u0219i la Federa\u021bia Rom\u00e2n\u0103 de Arte Mar\u021biale (FRAM), component\u0103 a lotului Rom\u00e2niei.<\/p>\n<p><strong><em>Maria <\/em><\/strong>a reu\u0219it s\u0103 urce de dou\u0103 ori pe podium la Zadar, cucerind medalia de bronz la Campionatul Mondial, \u00een proba de NO GI, \u0219i medalia de argint la Cupa Mondial\u0103, categoria -52 kg.<\/p>\n<p>Dou\u0103 medalii interna\u021bionale care vin \u00een Vrancea \u0219i care confirm\u0103 munca, disciplina \u0219i preg\u0103tirea din spatele unui sportiv care ajunge s\u0103 reprezinte Rom\u00e2nia la un asemenea nivel.<\/p>\n<p><strong>Dou\u0103 prietene, partenere de antrenament \u0219i patru medalii pentru Rom\u00e2nia<\/strong><\/p>\n<p>Al\u0103turi de <strong><em>Maria<\/em><\/strong> s-a aflat <strong><em>Masar Miruna<\/em><\/strong>, prietena \u0219i partenera sa de antrenament, sportiv\u0103 legitimat\u0103 la ACS Show Time din Sf\u00e2ntu Gheorghe. <strong><em>Miruna<\/em><\/strong> a avut o evolu\u021bie extraordinar\u0103 \u0219i a ob\u021binut medalia de aur la Campionatul Mondial de NO GI, devenind campioan\u0103 mondial\u0103, iar la Cupa Mondial\u0103 a urcat din nou pe podium, cucerind medalia de bronz.<\/p>\n<p>Povestea celor dou\u0103 sportive este cu at\u00e2t mai frumoas\u0103 cu c\u00e2t, dincolo de apartenen\u021ba la cluburi diferite, ele s-au preg\u0103tit \u00eempreun\u0103, au fost partenere de antrenament \u0219i s-au sus\u021binut reciproc pentru acela\u0219i obiectiv: s\u0103 reprezinte Rom\u00e2nia c\u00e2t mai sus pe podiumul mondial.<\/p>\n<p>La finalul celor dou\u0103 competi\u021bii, bilan\u021bul lor a fost unul impresionant: patru medalii \u2013 una de aur, una de argint \u0219i dou\u0103 de bronz:<\/p>\n<p><strong><em>Masar Miruna<\/em><\/strong> \u2013 aur, Campionatul Mondial NO GI; bronz, Cupa Mondial\u0103,-52 U21.<\/p>\n<p><strong><em>Ferariu Maria Denisa<\/em><\/strong> \u2013 bronz, Campionatul Mondial NO GI; argint, Cupa Mondial\u0103, -52 kg adult.<\/p>\n<p><strong>O performan\u021b\u0103 construit\u0103 prin munc\u0103 \u0219i sacrificii<\/strong><\/p>\n<p>\u00cen spatele acestor c\u00e2teva r\u00e2nduri \u0219i al celor c\u00e2teva minute petrecute pe podium sunt ani de munc\u0103, sute de ore de antrenament, deplas\u0103ri, sacrificii, accident\u0103ri, emo\u021bii, victorii \u0219i \u00eenfr\u00e2ngeri.<\/p>\n<p>Pentru ACS MARINUS, rezultatul <strong><em>Mariei <\/em><\/strong>reprezint\u0103 o mare bucurie, dar \u0219i o confirmare c\u0103 sportul de performan\u021b\u0103 construit la Foc\u0219ani poate produce rezultate importante la nivel interna\u021bional.<\/p>\n<p>Ne dorim ca aceste rezultate s\u0103 fie \u0219i un mesaj pentru copiii \u0219i tinerii din Vrancea care practic\u0103 sport: se poate! Cu munc\u0103, disciplin\u0103, perseveren\u021b\u0103 \u0219i oameni care cred \u00een tine, drumul de la sala de antrenament din Foc\u0219ani p\u00e2n\u0103 pe podiumul unui Campionat Mondial poate deveni realitate.<\/p>\n<p><strong>Mul\u021bumiri celor care fac posibil acest drum<\/strong><\/p>\n<p>O asemenea performan\u021b\u0103 nu apar\u021bine niciodat\u0103 unui singur om. \u00cen spatele sportivilor exist\u0103 antrenori, familii, colegi, oameni care \u00eei sus\u021bin \u0219i parteneri care aleg s\u0103 investeasc\u0103 \u00een performan\u021b\u0103.<\/p>\n<p>ACS MARINUS mul\u021bume\u0219te sponsorilor \u0219i partenerilor care ne sunt al\u0103turi: LETTO TopRoof, Hotel Kristal, COMBRAT \u201994 \u0219i Platinum Gym. Sprijinul lor contribuie direct la posibilitatea sportivilor no\u0219tri de a se preg\u0103ti, de a participa la competi\u021bii \u0219i de a duce numele Foc\u0219aniului, al jude\u021bului Vrancea \u0219i al Rom\u00e2niei pe podiumurile interna\u021bionale.<\/p>\n<p>Mul\u021bumim, de asemenea, tuturor celor care au fost al\u0103turi de sportive, le-au urm\u0103rit, le-au transmis mesaje \u0219i au tr\u0103it al\u0103turi de noi emo\u021biile acestor zile.<\/p>\n<p><strong><em>Maria <\/em><\/strong>\u0219i <strong><em>Miruna<\/em><\/strong> s-au \u00eentors de la Zadar cu patru medalii. Dar, dincolo de medalii, s-au \u00eentors cu tricolorul Rom\u00e2niei ridicat pe podium \u0219i cu dovada c\u0103 munca poate transforma un vis \u00eentr-o performan\u021b\u0103 mondial\u0103.<\/p>\n<p>Felicit\u0103ri, <strong><em>Maria<\/em><\/strong>! Felicit\u0103ri, <strong><em>Miruna<\/em><\/strong>! Felicit\u0103ri \u00eentregului lot al Rom\u00e2niei!<\/p>\n<p>Foc\u0219ani \u2013 Vrancea \u2013 Rom\u00e2nia, pe podium la Zadar!<\/p>\n<figure class=\"wp-block-gallery has-nested-images columns-default is-cropped td-modal-on-gallery wp-block-gallery-1 is-layout-flex wp-block-gallery-is-layout-flex\">\n<figure class=\"wp-block-image size-full\"><img loading=\"lazy\" decoding=\"async\" width=\"2048\" height=\"1536\" data-id=\"728128\" src=\"https:\/\/www.monitoruldevrancea.ro\/wp-content\/uploads\/2026\/08\/IMG-20260821-WA0021.jpg\" alt class=\"wp-image-728128\"><\/figure>\n<figure class=\"wp-block-image size-full\"><img loading=\"lazy\" decoding=\"async\" width=\"2048\" height=\"1536\" data-id=\"728134\" src=\"https:\/\/www.monitoruldevrancea.ro\/wp-content\/uploads\/2026\/08\/IMG-20260821-WA0023.jpg\" alt class=\"wp-image-728134\"><\/figure>\n<figure class=\"wp-block-image size-full\"><img loading=\"lazy\" decoding=\"async\" width=\"1200\" height=\"1600\" data-id=\"728129\" src=\"https:\/\/www.monitoruldevrancea.ro\/wp-content\/uploads\/2026\/08\/IMG-20260821-WA0039.jpg\" alt class=\"wp-image-728129\"><\/figure>\n<figure class=\"wp-block-image size-full\"><img decoding=\"async\" loading=\"lazy\" width=\"1200\" height=\"1600\" data-id=\"728130\" src=\"https:\/\/www.monitoruldevrancea.ro\/wp-content\/uploads\/2026\/08\/IMG-20260821-WA0042.jpg\" alt class=\"wp-image-728130\"><\/figure>\n<figure class=\"wp-block-image size-full\"><img decoding=\"async\" loading=\"lazy\" width=\"1152\" height=\"2048\" data-id=\"728136\" src=\"https:\/\/www.monitoruldevrancea.ro\/wp-content\/uploads\/2026\/08\/IMG-20260822-WA0010.jpg\" alt class=\"wp-image-728136\"><\/figure>\n<figure class=\"wp-block-image size-full\"><img decoding=\"async\" loading=\"lazy\" width=\"1536\" height=\"2048\" data-id=\"728135\" src=\"https:\/\/www.monitoruldevrancea.ro\/wp-content\/uploads\/2026\/08\/IMG-20260822-WA0033.jpg\" alt class=\"wp-image-728135\"><\/figure>\n<figure class=\"wp-block-image size-full\"><img decoding=\"async\" loading=\"lazy\" width=\"1200\" height=\"1600\" data-id=\"728131\" src=\"https:\/\/www.monitoruldevrancea.ro\/wp-content\/uploads\/2026\/08\/IMG-20260822-WA0064.jpg\" alt class=\"wp-image-728131\"><\/figure>\n<figure class=\"wp-block-image size-full\"><img decoding=\"async\" loading=\"lazy\" width=\"1200\" height=\"1600\" data-id=\"728132\" src=\"https:\/\/www.monitoruldevrancea.ro\/wp-content\/uploads\/2026\/08\/IMG-20260822-WA0094.jpg\" alt class=\"wp-image-728132\"><\/figure>\n<figure class=\"wp-block-image size-full\"><img decoding=\"async\" loading=\"lazy\" width=\"1200\" height=\"1600\" data-id=\"728133\" src=\"https:\/\/www.monitoruldevrancea.ro\/wp-content\/uploads\/2026\/08\/IMG-20260822-WA0099.jpg\" alt class=\"wp-image-728133\"><\/figure>\n<\/figure>\n<\/div>\n<\/div>\n<p>[analyse_source url=&#8221;https:\/\/www.monitoruldevrancea.ro\/2026\/08\/25\/foto-maria-ferariu-aduce-vrancei-doua-medalii-de-la-mondialele-din-zadar-patru-medalii-pentru-doua-sportive-romance\/&#8221;]<\/p>\n","protected":false},"excerpt":{"rendered":"<p>[analyse_image type=&#8221;featured&#8221; src=&#8221;https:\/\/www.monitoruldevrancea.ro\/wp-content\/uploads\/2026\/08\/marinus-1.jpg&#8221;] Comunicat de pres\u0103: Performan\u021b\u0103 deosebit\u0103 pentru sportul vr\u00e2ncean \u0219i rom\u00e2nesc. Ferariu Maria Denisa, sportiv\u0103 a ACS MARINUS Foc\u0219ani \u0219i component\u0103 a lotului Rom\u00e2niei, s-a \u00eentors de la Zadar cu dou\u0103 medalii: bronz mondial \u0219i argint la Cupa Mondial\u0103. Al\u0103turi de ea, prietena \u0219i partenera de antrenament Masar Miruna a devenit campioan\u0103 mondial\u0103 [&hellip;]<\/p>\n","protected":false},"author":1,"featured_media":0,"comment_status":"open","ping_status":"","sticky":false,"template":"","format":"standard","meta":{"footnotes":""},"categories":[89],"tags":[226,209],"class_list":["post-2110764","post","type-post","status-publish","format-standard","hentry","category-romania","tag-crawlmanager","tag-monitoruldevrancea-ro"],"_links":{"self":[{"href":"https:\/\/analyse.optim.biz\/index.php?rest_route=\/wp\/v2\/posts\/2110764","targetHints":{"allow":["GET"]}}],"collection":[{"href":"https:\/\/analyse.optim.biz\/index.php?rest_route=\/wp\/v2\/posts"}],"about":[{"href":"https:\/\/analyse.optim.biz\/index.php?rest_route=\/wp\/v2\/types\/post"}],"author":[{"embeddable":true,"href":"https:\/\/analyse.optim.biz\/index.php?rest_route=\/wp\/v2\/users\/1"}],"replies":[{"embeddable":true,"href":"https:\/\/analyse.optim.biz\/index.php?rest_route=%2Fwp%2Fv2%2Fcomments&post=2110764"}],"version-history":[{"count":0,"href":"https:\/\/analyse.optim.biz\/index.php?rest_route=\/wp\/v2\/posts\/2110764\/revisions"}],"wp:attachment":[{"href":"https:\/\/analyse.optim.biz\/index.php?rest_route=%2Fwp%2Fv2%2Fmedia&parent=2110764"}],"wp:term":[{"taxonomy":"category","embeddable":true,"href":"https:\/\/analyse.optim.biz\/index.php?rest_route=%2Fwp%2Fv2%2Fcategories&post=2110764"},{"taxonomy":"post_tag","embeddable":true,"href":"https:\/\/analyse.optim.biz\/index.php?rest_route=%2Fwp%2Fv2%2Ftags&post=2110764"}],"curies":[{"name":"wp","href":"https:\/\/api.w.org\/{rel}","templated":true}]}}