{"id":2110750,"date":"2026-08-25T13:52:39","date_gmt":"2026-08-25T10:52:39","guid":{"rendered":"https:\/\/analyse.optim.biz\/?p=2110750"},"modified":"2026-08-25T13:52:39","modified_gmt":"2026-08-25T10:52:39","slug":"noul-dan-paltinisanu-intra-in-linie-dreapta-simonis-timisoara-si-timisul-au-asteptat-suficient-video","status":"publish","type":"post","link":"https:\/\/analyse.optim.biz\/?p=2110750","title":{"rendered":"Noul \u201eDan P\u0103ltini\u0219anu\u201d intr\u0103 \u00een linie dreapt\u0103. Simonis: \u201eTimi\u0219oara \u0219i Timi\u0219ul au a\u0219teptat suficient\u201d (video)"},"content":{"rendered":"<p>[analyse_image type=&#8221;featured&#8221; src=&#8221;https:\/\/orasul-timisoara.ro\/wp-content\/uploads\/2026\/08\/783621665_1073572408377871_8887093214961580410_n.jpg&#8221;]<\/p>\n<article id=\"post-40457\" class=\"td-post-template-7 post-40457 post type-post status-publish format-standard has-post-thumbnail category-administratie category-featured category-investitii-in-timisoara category-sport-local category-stiri-timisoara tag-alfred-simonis tag-cni tag-consiliul-judetean-timis-2 tag-dan-paltinisanu-2 tag-fotbal tag-investitii-2 tag-stadion tag-stiri-timisoara-2 tag-timisoara-2 td-container-wrap\">\n<div class=\"td-full-screen-header-image-wrap\">\n<div class=\"td-container td-post-header\">\n<div class=\"td-crumb-container\">\n<div class=\"entry-crumbs\"><span><a title=\"Vede\u021bi toate articolele \u00een Administra\u021bie local\u0103\" class=\"entry-crumb\" href=\"https:\/\/orasul-timisoara.ro\/local-category\/administratie\/\">Administra\u021bie local\u0103<\/a><\/span><span class=\"td-bred-no-url-last\">Noul \u201eDan P\u0103ltini\u0219anu\u201d intr\u0103 \u00een linie dreapt\u0103. Simonis: \u201eTimi\u0219oara \u0219i Timi\u0219ul au&#8230;<\/span><\/div>\n<\/div>\n<div class=\"td-post-header-holder\">\n<div class=\"td-parallax-header\">\n<header class=\"td-post-title\">\n<ul class=\"td-category\">\n<li class=\"entry-category\"><a href=\"https:\/\/orasul-timisoara.ro\/local-category\/administratie\/\">Administra\u021bie local\u0103<\/a><\/li>\n<li class=\"entry-category\"><a href=\"https:\/\/orasul-timisoara.ro\/local-category\/investitii-in-timisoara\/\">Investitii in Timisoara<\/a><\/li>\n<li class=\"entry-category\"><a href=\"https:\/\/orasul-timisoara.ro\/local-category\/sport-local\/\">Sport Local<\/a><\/li>\n<li class=\"entry-category\"><a href=\"https:\/\/orasul-timisoara.ro\/local-category\/stiri-timisoara\/\">\u0218tiri Locale<\/a><\/li>\n<\/ul>\n<h1 class=\"entry-title\">Noul \u201eDan P\u0103ltini\u0219anu\u201d intr\u0103 \u00een linie dreapt\u0103. Simonis: \u201eTimi\u0219oara \u0219i Timi\u0219ul au a\u0219teptat suficient\u201d (video)<\/h1>\n<div class=\"td-module-meta-info\">\n<div class=\"td-post-author-name\">\n<div class=\"td-author-by\">De c\u0103tre<\/div>\n<p><a href=\"https:\/\/orasul-timisoara.ro\/author\/timisoara\/\">redactia<\/a><\/p>\n<div class=\"td-author-line\"> &#8211; <\/div>\n<\/div>\n<p><span class=\"td-post-date\"><time class=\"entry-date updated td-module-date\" datetime=\"2026-08-25T16:52:39+03:00\">25\/08\/2026<\/time><\/span><\/div>\n<\/header>\n<\/div>\n<\/div>\n<\/div>\n<div id=\"td-full-screen-header-image\" class=\"td-image-gradient-style7\"><img decoding=\"async\" class=\"td-backstretch\" src=\"https:\/\/orasul-timisoara.ro\/wp-content\/uploads\/2026\/08\/783621665_1073572408377871_8887093214961580410_n.jpg\"><\/div>\n<\/div>\n<div class=\"td-container\">\n<div class=\"td-pb-row\">\n<div class=\"td-pb-span8 td-main-content\" role=\"main\">\n<div class=\"td-ss-main-content\">\n<div class=\"td-post-sharing-top\">\n<div class=\"td-post-sharing-classic\"><iframe title=\"topFacebookLike\" frameborder src=\"https:\/\/www.facebook.com\/plugins\/like.php?href=https:\/\/orasul-timisoara.ro\/local-40457\/&amp;layout=button_count&amp;show_faces=false&amp;width=105&amp;action=like&amp;colorscheme=light&amp;height=21\"><\/iframe><\/div>\n<div id=\"td_social_sharing_article_top\" class=\"td-post-sharing td-ps-bg td-ps-notext td-post-sharing-style1 \">\n<div class=\"td-post-sharing-visible\"><a class=\"td-social-sharing-button td-social-sharing-button-js td-social-network td-social-facebook\" href=\"https:\/\/www.facebook.com\/sharer.php?u=https%3A%2F%2Forasul-timisoara.ro%2Flocal-40457%2F\" title=\"Facebook\"><\/p>\n<div class=\"td-social-but-text\">Facebook<\/div>\n<p><\/a><a class=\"td-social-sharing-button td-social-sharing-button-js td-social-network td-social-twitter\" href=\"https:\/\/twitter.com\/intent\/tweet?text=Noul+%E2%80%9EDan+P%C4%83ltini%C8%99anu%E2%80%9D+intr%C4%83+%C3%AEn+linie+dreapt%C4%83.+Simonis%3A+%E2%80%9ETimi%C8%99oara+%C8%99i+Timi%C8%99ul+au+a%C8%99teptat+suficient%E2%80%9D+%28video%29&amp;url=https%3A%2F%2Forasul-timisoara.ro%2Flocal-40457%2F&amp;via=orasultm\" title=\"Twitter\"><\/p>\n<div class=\"td-social-but-text\">Twitter<\/div>\n<p><\/a><a class=\"td-social-sharing-button td-social-sharing-button-js td-social-network td-social-whatsapp\" href=\"https:\/\/api.whatsapp.com\/send?text=Noul+%E2%80%9EDan+P%C4%83ltini%C8%99anu%E2%80%9D+intr%C4%83+%C3%AEn+linie+dreapt%C4%83.+Simonis%3A+%E2%80%9ETimi%C8%99oara+%C8%99i+Timi%C8%99ul+au+a%C8%99teptat+suficient%E2%80%9D+%28video%29%20%0A%0A%20https:\/\/orasul-timisoara.ro\/local-40457\/\" title=\"WhatsApp\"><\/p>\n<div class=\"td-social-but-text\">WhatsApp<\/div>\n<p><\/a><a class=\"td-social-sharing-button td-social-sharing-button-js td-social-network td-social-linkedin\" href=\"https:\/\/www.linkedin.com\/shareArticle?mini=true&amp;url=https:\/\/orasul-timisoara.ro\/local-40457\/&amp;title=Noul+%E2%80%9EDan+P%C4%83ltini%C8%99anu%E2%80%9D+intr%C4%83+%C3%AEn+linie+dreapt%C4%83.+Simonis%3A+%E2%80%9ETimi%C8%99oara+%C8%99i+Timi%C8%99ul+au+a%C8%99teptat+suficient%E2%80%9D+%28video%29\" title=\"Linkedin\"><\/p>\n<div class=\"td-social-but-text\">Linkedin<\/div>\n<p><\/a><a class=\"td-social-sharing-button td-social-sharing-button-js td-social-network td-social-reddit\" href=\"https:\/\/reddit.com\/submit?url=https:\/\/orasul-timisoara.ro\/local-40457\/&amp;title=Noul+%E2%80%9EDan+P%C4%83ltini%C8%99anu%E2%80%9D+intr%C4%83+%C3%AEn+linie+dreapt%C4%83.+Simonis%3A+%E2%80%9ETimi%C8%99oara+%C8%99i+Timi%C8%99ul+au+a%C8%99teptat+suficient%E2%80%9D+%28video%29\" title=\"ReddIt\"><\/p>\n<div class=\"td-social-but-text\">ReddIt<\/div>\n<p><\/a><a class=\"td-social-sharing-button td-social-sharing-button-js td-social-network td-social-mail\" href=\"mailto:?subject=Noul%20%E2%80%9EDan%20P%C4%83ltini%C8%99anu%E2%80%9D%20intr%C4%83%20%C3%AEn%20linie%20dreapt%C4%83.%20Simonis:%20%E2%80%9ETimi%C8%99oara%20%C8%99i%20Timi%C8%99ul%20au%20a%C8%99teptat%20suficient%E2%80%9D%20(video)&amp;body=https:\/\/orasul-timisoara.ro\/local-40457\/\" title=\"Email\"><\/p>\n<div class=\"td-social-but-text\">Email<\/div>\n<p><\/a><a class=\"td-social-sharing-button td-social-sharing-button-js td-social-network td-social-print\" href=\"https:\/\/orasul-timisoara.ro\/local-40457\/\" title=\"Imprimare\"><\/p>\n<div class=\"td-social-but-text\">Imprimare<\/div>\n<p><\/a><\/div>\n<\/div>\n<\/div>\n<div class=\"td-post-content tagdiv-type\">\n<p class=\"wp-block-paragraph\">Noul stadion \u201eDan P\u0103ltini\u0219anu\u201d din Timi\u0219oara intr\u0103 \u00een etapa de proiectare, dup\u0103 ce Consiliul Jude\u021bean Timi\u0219 a semnat contractul pentru realizarea proiectului. Pre\u0219edintele CJ Timi\u0219, Alfred Simonis, anun\u021b\u0103 c\u0103 administra\u021bia jude\u021bean\u0103 poate asigura cel pu\u021bin 125 de milioane de lei \u00een perioada 2026\u20132027, p\u00e2n\u0103 c\u00e2nd finan\u021barea va putea fi preluat\u0103 de Compania Na\u021bional\u0103 de Investi\u021bii \u00een 2028.<\/p>\n<h2 class=\"wp-block-heading\">Contract semnat pentru noul \u201eDan P\u0103ltini\u0219anu\u201d<\/h2>\n<p class=\"wp-block-paragraph\">Contractul pentru proiectarea noului stadion \u201eDan P\u0103ltini\u0219anu\u201d a fost semnat, iar firma c\u00e2\u0219tig\u0103toare are la dispozi\u021bie c\u00e2teva luni pentru realizarea proiectului. Dup\u0103 finalizarea acestei etape sunt prev\u0103zute \u00eenceperea lucr\u0103rilor de construire a noii arene.<\/p>\n<p class=\"wp-block-paragraph\">Alfred Simonis, pre\u0219edintele Consiliului Jude\u021bean Timi\u0219, spune c\u0103 semnarea contractului marcheaz\u0103 deblocarea unei investi\u021bii a\u0219teptate de ani de zile la Timi\u0219oara.<\/p>\n<p class=\"wp-block-paragraph\">\u201e\u00cen sf\u00e2r\u0219it, am semnat contractul pentru noul Stadion \u00abDan P\u0103ltini\u0219anu\u00bb. Firma c\u00e2\u0219tig\u0103toare are la dispozi\u021bie c\u00e2teva luni pentru realizarea proiectului. Apoi \u00eencep lucr\u0103rile.<\/p>\n<p class=\"wp-block-paragraph\">Timi\u0219oara \u0219i Timi\u0219ul au a\u0219teptat suficient\u201d, a transmis Alfred Simonis.<\/p>\n<h2 class=\"wp-block-heading\">CJ Timi\u0219 poate aloca 125 de milioane de lei pentru lucr\u0103ri<\/h2>\n<p class=\"wp-block-paragraph\">Consiliul Jude\u021bean Timi\u0219 anun\u021b\u0103 c\u0103 poate sus\u021bine financiar investi\u021bia \u00een perioada 2026\u20132027, cu cel pu\u021bin 125 de milioane de lei din bugetul jude\u021bului. Finan\u021barea ar urma s\u0103 fie asigurat\u0103 de administra\u021bia jude\u021bean\u0103 p\u00e2n\u0103 \u00een momentul \u00een care Compania Na\u021bional\u0103 de Investi\u021bii va putea prelua proiectul, \u00eencep\u00e2nd din 2028.<\/p>\n<p class=\"wp-block-paragraph\">\u201eConsiliul Jude\u021bean Timi\u0219 poate asigura, pentru perioada 2026\u20132027, cel pu\u021bin 125 de milioane de lei pentru lucr\u0103rile la noul stadion. Vom sus\u021bine investi\u021bia din bugetul jude\u021bului p\u00e2n\u0103 \u00een momentul \u00een care CNI va putea prelua finan\u021barea \u00een 2028\u201d, a declarat Simonis.<\/p>\n<p class=\"wp-block-paragraph\">Pre\u0219edintele CJ Timi\u0219 afirm\u0103 c\u0103 administra\u021bia jude\u021bean\u0103 nu solicit\u0103 o finan\u021bare nejustificat\u0103 din partea Guvernului \u0219i sus\u021bine c\u0103 Timi\u0219ul are capacitatea de a contribui semnificativ la bugetul de stat.<\/p>\n<h2 class=\"wp-block-heading\">Simonis acuz\u0103 opozi\u021bia fa\u021b\u0103 de proiect<\/h2>\n<p class=\"wp-block-paragraph\">\u00cen declara\u021bia sa, Alfred Simonis a abordat \u0219i controversele politice care au \u00eenso\u021bit proiectul noului stadion. Acesta sus\u021bine c\u0103, \u00een urm\u0103 cu c\u00e2teva luni, unii politicieni locali ar fi cerut Guvernului s\u0103 opreasc\u0103 investi\u021bia \u0219i ar fi afirmat c\u0103 Timi\u0219oara nu are nevoie de o asemenea aren\u0103.<\/p>\n<p class=\"wp-block-paragraph\">\u201eSpuneau c\u0103 Timi\u0219oara nu are nevoie de o asemenea aren\u0103. Ziceau c\u0103 este un proiect inutil, un proiect \u00abfaraonic\u00bb pentru care nu ar exista bani\u201d, afirm\u0103 Simonis.<\/p>\n<p class=\"wp-block-paragraph\">Pre\u0219edintele CJ Timi\u0219 sus\u021bine \u0219i c\u0103 au fost vehiculate explica\u021bii potrivit c\u0103rora proiectul nu ar putea \u00eencepe din cauza unor dosare penale. \u00cen opinia sa, faptul c\u0103 procedura a ajuns acum la semnarea contractului demonstreaz\u0103 c\u0103 aceste argumente au fost nefondate.<\/p>\n<p class=\"wp-block-paragraph\">\u201eAu spus \u0219i c\u0103 stadionul nu poate \u00eencepe din cauza unor dosare penale. Iat\u0103 \u00eens\u0103 c\u0103 \u00eencepe. Deci, evident, toate acestea au fost minciuni\u201d, a declarat Alfred Simonis.<\/p>\n<h2 class=\"wp-block-heading\">\u201eAcum, c\u00e2nd contractul este semnat, \u00eei vedem pe cei mai mul\u021bi dintre ei \u00een primul r\u00e2nd\u201d<\/h2>\n<p class=\"wp-block-paragraph\">Simonis \u00eei critic\u0103 \u0219i pe politicienii care, potrivit acestuia, nu ar fi sus\u021binut public proiectul atunci c\u00e2nd era nevoie de interven\u021bii pentru deblocarea investi\u021biei, dar care acum ar \u00eencerca s\u0103 \u00ee\u0219i asume meritele pentru realizarea stadionului.<\/p>\n<p class=\"wp-block-paragraph\">\u201eC\u00e2nd trebuia ap\u0103rat proiectul, nu erau de g\u0103sit. C\u00e2nd trebuia convins Guvernul, nu erau de g\u0103sit.<\/p>\n<p class=\"wp-block-paragraph\">Acum, c\u00e2nd contractul este semnat, \u00eei vedem pe cei mai mul\u021bi dintre ei \u00een primul r\u00e2nd\u201d, spune pre\u0219edintele CJ Timi\u0219.<\/p>\n<p class=\"wp-block-paragraph\">Acesta afirm\u0103 c\u0103 nu a cerut \u201epomeni\u201d sau \u201efavoruri\u201d pentru realizarea investi\u021biei \u0219i sus\u021bine c\u0103 Timi\u0219ul ar trebui s\u0103 poat\u0103 utiliza o parte din resursele pe care le genereaz\u0103 pentru propriile proiecte.<\/p>\n<h2 class=\"wp-block-heading\">\u201eTimi\u0219ul este jude\u021bul care contribuie cel mai mult la bugetul de stat\u201d<\/h2>\n<p class=\"wp-block-paragraph\">Alfred Simonis sus\u021bine c\u0103 Timi\u0219ul a contribuit de-a lungul timpului la finan\u021barea unor investi\u021bii sportive realizate \u00een alte zone ale \u021b\u0103rii \u0219i consider\u0103 c\u0103 noul stadion reprezint\u0103 o investi\u021bie legitim\u0103 pentru jude\u021b.<\/p>\n<p class=\"wp-block-paragraph\">\u201eTimi\u0219ul este jude\u021bul care contribuie cel mai mult la bugetul de stat. Din banii timi\u0219enilor s-au construit peste 10 stadioane \u00een \u00eentreaga \u021bar\u0103. F\u0103r\u0103 niciun fel de cofinan\u021bare\u201d, afirm\u0103 Simonis.<\/p>\n<p class=\"wp-block-paragraph\">Potrivit acestuia, Guvernul a impus ca administra\u021bia jude\u021bean\u0103 s\u0103 participe cu 25% din finan\u021bare pentru noua aren\u0103, condi\u021bie pe care Consiliul Jude\u021bean Timi\u0219 a acceptat-o.<\/p>\n<p class=\"wp-block-paragraph\">\u201eAcum, c\u00e2nd a venit, \u00een sf\u00e2r\u0219it, \u0219i r\u00e2ndul nostru, Guvernul ne-a obligat s\u0103 aloc\u0103m 25% din banii no\u0219tri pentru ridicarea noii arene. Am acceptat \u0219i, cu toate acestea, ne-au \u00eent\u00e2rziat c\u00e2t au putut\u201d, spune pre\u0219edintele CJ Timi\u0219.<\/p>\n<h2 class=\"wp-block-heading\">\u201eAvem banii, putem \u00eencepe\u201d<\/h2>\n<p class=\"wp-block-paragraph\">\u00cen ciuda disputelor politice, Simonis consider\u0103 c\u0103 elementul esen\u021bial este c\u0103 proiectul a fost deblocat \u0219i exist\u0103 finan\u021barea necesar\u0103 pentru etapa urm\u0103toare.<\/p>\n<p class=\"wp-block-paragraph\">\u201eDar trecem \u0219i peste asta. Important este c\u0103 proiectul s-a deblocat \u0219i contractul este semnat. Avem banii, putem \u00eencepe\u201d, a transmis Alfred Simonis.<\/p>\n<p class=\"wp-block-paragraph\">Pre\u0219edintele CJ Timi\u0219 afirm\u0103 c\u0103 noua aren\u0103 nu trebuie privit\u0103 ca proiectul unei forma\u021biuni politice sau al unui singur politician, ci ca o investi\u021bie destinat\u0103 \u00eentregului jude\u021b.<\/p>\n<p class=\"wp-block-paragraph\">\u201ePentru c\u0103, dincolo de orgolii, interese politice \u0219i r\u0103zboaie locale, stadionul acesta nu este al unui partid \u0219i nu este al unui politician. Este al Timi\u0219ului\u201d, a \u00eencheiat Alfred Simonis.<\/p>\n<\/div>\n<footer>\n<div class=\"td-post-source-tags\">\n<ul class=\"td-tags td-post-small-box clearfix\">\n<li><span>ETICHETE<\/span><\/li>\n<li><a href=\"https:\/\/orasul-timisoara.ro\/local-tag\/alfred-simonis\/\">alfred simonis<\/a><\/li>\n<li><a href=\"https:\/\/orasul-timisoara.ro\/local-tag\/cni\/\">cni<\/a><\/li>\n<li><a href=\"https:\/\/orasul-timisoara.ro\/local-tag\/consiliul-judetean-timis-2\/\">Consiliul Jude\u021bean Timi\u0219<\/a><\/li>\n<li><a href=\"https:\/\/orasul-timisoara.ro\/local-tag\/dan-paltinisanu-2\/\">dan p\u0103ltini\u0219anu<\/a><\/li>\n<li><a href=\"https:\/\/orasul-timisoara.ro\/local-tag\/fotbal\/\">fotbal<\/a><\/li>\n<li><a href=\"https:\/\/orasul-timisoara.ro\/local-tag\/investitii-2\/\">investi\u021bii<\/a><\/li>\n<li><a href=\"https:\/\/orasul-timisoara.ro\/local-tag\/stadion\/\">stadion<\/a><\/li>\n<li><a href=\"https:\/\/orasul-timisoara.ro\/local-tag\/stiri-timisoara-2\/\">\u0219tiri Timi\u0219oara<\/a><\/li>\n<li><a href=\"https:\/\/orasul-timisoara.ro\/local-tag\/timisoara-2\/\">timi\u0219oara<\/a><\/li>\n<\/ul>\n<\/div>\n<div class=\"td-post-sharing-bottom\">\n<div class=\"td-post-sharing-classic\"><iframe title=\"bottomFacebookLike\" frameborder src=\"https:\/\/www.facebook.com\/plugins\/like.php?href=https:\/\/orasul-timisoara.ro\/local-40457\/&amp;layout=button_count&amp;show_faces=false&amp;width=105&amp;action=like&amp;colorscheme=light&amp;height=21\"><\/iframe><\/div>\n<div id=\"td_social_sharing_article_bottom\" class=\"td-post-sharing td-ps-bg td-ps-notext td-post-sharing-style1 \">\n<div class=\"td-post-sharing-visible\"><a class=\"td-social-sharing-button td-social-sharing-button-js td-social-network td-social-facebook\" href=\"https:\/\/www.facebook.com\/sharer.php?u=https%3A%2F%2Forasul-timisoara.ro%2Flocal-40457%2F\" title=\"Facebook\"><\/p>\n<div class=\"td-social-but-text\">Facebook<\/div>\n<p><\/a><a class=\"td-social-sharing-button td-social-sharing-button-js td-social-network td-social-twitter\" href=\"https:\/\/twitter.com\/intent\/tweet?text=Noul+%E2%80%9EDan+P%C4%83ltini%C8%99anu%E2%80%9D+intr%C4%83+%C3%AEn+linie+dreapt%C4%83.+Simonis%3A+%E2%80%9ETimi%C8%99oara+%C8%99i+Timi%C8%99ul+au+a%C8%99teptat+suficient%E2%80%9D+%28video%29&amp;url=https%3A%2F%2Forasul-timisoara.ro%2Flocal-40457%2F&amp;via=orasultm\" title=\"Twitter\"><\/p>\n<div class=\"td-social-but-text\">Twitter<\/div>\n<p><\/a><a class=\"td-social-sharing-button td-social-sharing-button-js td-social-network td-social-whatsapp\" href=\"https:\/\/api.whatsapp.com\/send?text=Noul+%E2%80%9EDan+P%C4%83ltini%C8%99anu%E2%80%9D+intr%C4%83+%C3%AEn+linie+dreapt%C4%83.+Simonis%3A+%E2%80%9ETimi%C8%99oara+%C8%99i+Timi%C8%99ul+au+a%C8%99teptat+suficient%E2%80%9D+%28video%29%20%0A%0A%20https:\/\/orasul-timisoara.ro\/local-40457\/\" title=\"WhatsApp\"><\/p>\n<div class=\"td-social-but-text\">WhatsApp<\/div>\n<p><\/a><a class=\"td-social-sharing-button td-social-sharing-button-js td-social-network td-social-linkedin\" href=\"https:\/\/www.linkedin.com\/shareArticle?mini=true&amp;url=https:\/\/orasul-timisoara.ro\/local-40457\/&amp;title=Noul+%E2%80%9EDan+P%C4%83ltini%C8%99anu%E2%80%9D+intr%C4%83+%C3%AEn+linie+dreapt%C4%83.+Simonis%3A+%E2%80%9ETimi%C8%99oara+%C8%99i+Timi%C8%99ul+au+a%C8%99teptat+suficient%E2%80%9D+%28video%29\" title=\"Linkedin\"><\/p>\n<div class=\"td-social-but-text\">Linkedin<\/div>\n<p><\/a><a class=\"td-social-sharing-button td-social-sharing-button-js td-social-network td-social-reddit\" href=\"https:\/\/reddit.com\/submit?url=https:\/\/orasul-timisoara.ro\/local-40457\/&amp;title=Noul+%E2%80%9EDan+P%C4%83ltini%C8%99anu%E2%80%9D+intr%C4%83+%C3%AEn+linie+dreapt%C4%83.+Simonis%3A+%E2%80%9ETimi%C8%99oara+%C8%99i+Timi%C8%99ul+au+a%C8%99teptat+suficient%E2%80%9D+%28video%29\" title=\"ReddIt\"><\/p>\n<div class=\"td-social-but-text\">ReddIt<\/div>\n<p><\/a><a class=\"td-social-sharing-button td-social-sharing-button-js td-social-network td-social-mail\" href=\"mailto:?subject=Noul%20%E2%80%9EDan%20P%C4%83ltini%C8%99anu%E2%80%9D%20intr%C4%83%20%C3%AEn%20linie%20dreapt%C4%83.%20Simonis:%20%E2%80%9ETimi%C8%99oara%20%C8%99i%20Timi%C8%99ul%20au%20a%C8%99teptat%20suficient%E2%80%9D%20(video)&amp;body=https:\/\/orasul-timisoara.ro\/local-40457\/\" title=\"Email\"><\/p>\n<div class=\"td-social-but-text\">Email<\/div>\n<p><\/a><a class=\"td-social-sharing-button td-social-sharing-button-js td-social-network td-social-print\" href=\"https:\/\/orasul-timisoara.ro\/local-40457\/\" title=\"Imprimare\"><\/p>\n<div class=\"td-social-but-text\">Imprimare<\/div>\n<p><\/a><\/div>\n<\/div>\n<\/div>\n<div class=\"td-block-row td-post-next-prev\">\n<div class=\"td-block-span6 td-post-prev-post\">\n<div class=\"td-post-next-prev-content\"><span>Articolul precedent<\/span><a href=\"https:\/\/orasul-timisoara.ro\/local-40454\/\">Prim\u0103ria Timi\u0219oara investe\u0219te 5 milioane de lei la \u201eLouis \u021aurcanu\u201d. A fost emis\u0103 autoriza\u021bia pentru reabilitarea Corpului C1<\/a><\/div>\n<\/div>\n<div class=\"td-block-span6 td-post-next-post\">\n<div class=\"td-post-next-prev-content\"><span>Articolul urm\u0103tor<\/span><a href=\"https:\/\/orasul-timisoara.ro\/local-40460\/\">A1 Margina-Holdea: primele grinzi sunt montate, iar asfaltul a \u00eenceput s\u0103 fie a\u0219ternut (foto)<\/a><\/div>\n<\/div>\n<\/div>\n<div class=\"td-author-name vcard author\"><span class=\"fn\"><a href=\"https:\/\/orasul-timisoara.ro\/author\/timisoara\/\">redactia<\/a><\/span><\/div>\n<p><span class=\"td-page-meta\"><\/span><span class=\"td-page-meta\"><span class=\"td-page-meta\"><\/span><\/span><span class=\"td-page-meta\"><\/span><\/footer>\n<div class=\"td_block_wrap td_block_related_posts tdi_3 td_with_ajax_pagination td-pb-border-top td_block_template_8\" data-td-block-uid=\"tdi_3\">\n<h4 class=\"td-related-title td-block-title\"><a id=\"tdi_4\" class=\"td-related-left td-cur-simple-item\" data-td_filter_value data-td_block_id=\"tdi_3\" href=\"https:\/\/orasul-timisoara.ro\/local-40457\/\">ARTICOLE SIMILARE<\/a><a id=\"tdi_5\" class=\"td-related-right\" data-td_filter_value=\"td_related_more_from_author\" data-td_block_id=\"tdi_3\" href=\"https:\/\/orasul-timisoara.ro\/local-40457\/\">DE LA ACELA\u0218I AUTOR<\/a><\/h4>\n<div id=\"tdi_3\" class=\"td_block_inner\">\n<div class=\"td-related-row\">\n<div class=\"td-related-span4\">\n<div class=\"td_module_related_posts td-animation-stack td_mod_related_posts\">\n<div class=\"td-module-image\">\n<div class=\"td-module-thumb\"><a href=\"https:\/\/orasul-timisoara.ro\/local-40438\/\" rel=\"bookmark\" class=\"td-image-wrap \" title=\"Politehnica Timi\u0219oara \u00eencepe Cupa Rom\u00e2niei cu Rapid! Grup\u0103 cu UTA, Corvinul \u0219i Boto\u0219ani\"><img loading=\"lazy\" decoding=\"async\" class=\"entry-thumb\" src=\"https:\/\/orasul-timisoara.ro\/wp-content\/uploads\/2026\/08\/grupe-cupa-romaniei-436x300.jpg\" alt title=\"Politehnica Timi\u0219oara \u00eencepe Cupa Rom\u00e2niei cu Rapid! Grup\u0103 cu UTA, Corvinul \u0219i Boto\u0219ani\" width=\"218\" height=\"150\"><\/a><\/div>\n<\/div>\n<div class=\"item-details\">\n<h3 class=\"entry-title td-module-title\"><a href=\"https:\/\/orasul-timisoara.ro\/local-40438\/\" rel=\"bookmark\" title=\"Politehnica Timi\u0219oara \u00eencepe Cupa Rom\u00e2niei cu Rapid! Grup\u0103 cu UTA, Corvinul \u0219i Boto\u0219ani\">Politehnica Timi\u0219oara \u00eencepe Cupa Rom\u00e2niei cu Rapid! Grup\u0103 cu UTA, Corvinul \u0219i Boto\u0219ani<\/a><\/h3>\n<\/div>\n<\/div>\n<\/div>\n<div class=\"td-related-span4\">\n<div class=\"td_module_related_posts td-animation-stack td_mod_related_posts\">\n<div class=\"td-module-image\">\n<div class=\"td-module-thumb\"><a href=\"https:\/\/orasul-timisoara.ro\/local-40423\/\" rel=\"bookmark\" class=\"td-image-wrap \" title=\"Deponeul de la Ghizela ajunge la 86% din lucr\u0103rile pentru Celula 3. Investi\u021bie de aproape 46 de milioane de lei\"><img loading=\"lazy\" decoding=\"async\" class=\"entry-thumb\" src=\"https:\/\/orasul-timisoara.ro\/wp-content\/uploads\/2026\/08\/Ghizela-2-436x300.jpg\" alt title=\"Deponeul de la Ghizela ajunge la 86% din lucr\u0103rile pentru Celula 3. Investi\u021bie de aproape 46 de milioane de lei\" width=\"218\" height=\"150\"><\/a><\/div>\n<\/div>\n<div class=\"item-details\">\n<h3 class=\"entry-title td-module-title\"><a href=\"https:\/\/orasul-timisoara.ro\/local-40423\/\" rel=\"bookmark\" title=\"Deponeul de la Ghizela ajunge la 86% din lucr\u0103rile pentru Celula 3. Investi\u021bie de aproape 46 de milioane de lei\">Deponeul de la Ghizela ajunge la 86% din lucr\u0103rile pentru Celula 3. Investi\u021bie de aproape 46 de milioane de lei<\/a><\/h3>\n<\/div>\n<\/div>\n<\/div>\n<div class=\"td-related-span4\">\n<div class=\"td_module_related_posts td-animation-stack td_mod_related_posts\">\n<div class=\"td-module-image\">\n<div class=\"td-module-thumb\"><a href=\"https:\/\/orasul-timisoara.ro\/local-40367\/\" rel=\"bookmark\" class=\"td-image-wrap \" title=\"Investi\u021bii \u00een infrastructur\u0103, transport \u0219colar \u0219i pista de biciclete Timi\u0219oara\u2013Dumbr\u0103vi\u021ba\u2013Giarmata, pe masa CJ Timi\u0219\"><img loading=\"lazy\" decoding=\"async\" class=\"entry-thumb\" src=\"https:\/\/orasul-timisoara.ro\/wp-content\/uploads\/2020\/10\/prefectura-timis-consiliul-judetean-cjt-palat-centru.jpg\" alt title=\"Investi\u021bii \u00een infrastructur\u0103, transport \u0219colar \u0219i pista de biciclete Timi\u0219oara\u2013Dumbr\u0103vi\u021ba\u2013Giarmata, pe masa CJ Timi\u0219\" width=\"218\" height=\"150\"><\/a><\/div>\n<\/div>\n<div class=\"item-details\">\n<h3 class=\"entry-title td-module-title\"><a href=\"https:\/\/orasul-timisoara.ro\/local-40367\/\" rel=\"bookmark\" title=\"Investi\u021bii \u00een infrastructur\u0103, transport \u0219colar \u0219i pista de biciclete Timi\u0219oara\u2013Dumbr\u0103vi\u021ba\u2013Giarmata, pe masa CJ Timi\u0219\">Investi\u021bii \u00een infrastructur\u0103, transport \u0219colar \u0219i pista de biciclete Timi\u0219oara\u2013Dumbr\u0103vi\u021ba\u2013Giarmata, pe masa CJ Timi\u0219<\/a><\/h3>\n<\/div>\n<\/div>\n<\/div>\n<\/div>\n<\/div>\n<\/div>\n<div class=\"comments\" id=\"comments\">\n<div id=\"respond\" class=\"comment-respond\">\n<h3 id=\"reply-title\" class=\"comment-reply-title\">L\u0102SA\u021aI UN MESAJ<\/h3>\n<div class=\"comment-form-input-wrap td-form-comment\">\n<div class=\"td-warning-comment\">V\u0103 rug\u0103m s\u0103 introduce\u021bi comentariul dvs.!<\/div>\n<\/div>\n<div class=\"comment-form-input-wrap td-form-author\">\n<div class=\"td-warning-author\">Introduce\u021bi aici numele dvs.<\/div>\n<\/div>\n<div class=\"comment-form-input-wrap td-form-email\">\n<div class=\"td-warning-email-error\">A\u021bi introdus o adres\u0103 de e-mail incorect\u0103!<\/div>\n<div class=\"td-warning-email\">V\u0103 rug\u0103m s\u0103 introduce\u021bi adresa dvs. de e-mail aici<\/div>\n<\/div>\n<\/div>\n<p class=\"akismet_comment_form_privacy_notice\">Acest site folose\u0219te Akismet pentru a reduce spamul. <a href=\"https:\/\/akismet.com\/privacy\/\" target=\"_blank\" rel=\"nofollow noopener\">Afl\u0103 cum sunt procesate datele comentariilor tale<\/a>.<\/p>\n<\/div>\n<\/div>\n<\/div>\n<div class=\"td-pb-span4 td-main-sidebar\" role=\"complementary\">\n<div class=\"td-ss-main-sidebar\">\n<aside id=\"block-4\" class=\"td_block_template_8 widget block-4 widget_block widget_media_image\">\n<figure class=\"wp-block-image size-full\"><img loading=\"lazy\" decoding=\"async\" width=\"336\" height=\"280\" src=\"https:\/\/orasul-timisoara.ro\/wp-content\/uploads\/2024\/11\/ReTIM-Abonamentul-Verde-Google-Ads-336x280px.gif\" alt class=\"wp-image-29257\"><\/figure>\n<\/aside>\n<div class=\"td_block_wrap td_block_social_counter td_block_widget tdi_6 td-social-style5 td-social-boxed td-pb-border-top td_block_template_8\">\n<div class=\"td-block-title-wrap\">\n<h4 class=\"td-block-title\"><span>Urm\u0103re\u0219te-ne pe Social Media<\/span><\/h4>\n<\/div>\n<div class=\"td-social-list\">\n<div class=\"td_social_type td-pb-margin-side td_social_facebook\">\n<div class=\"td-social-box\"><span class=\"td_social_info td_social_info_counter\">344,595<\/span><span class=\"td_social_info td_social_info_name\">Fani<\/span><span class=\"td_social_button\"><a href=\"https:\/\/www.facebook.com\/247timisoara\" target=\"_blank\" rel=\"nofollow\">\u00cemi place<\/a><\/span><\/div>\n<\/div>\n<div class=\"td_social_type td-pb-margin-side td_social_instagram\">\n<div class=\"td-social-box\"><span class=\"td_social_info td_social_info_counter\">4,416<\/span><span class=\"td_social_info td_social_info_name\">Cititori<\/span><span class=\"td_social_button\"><a href=\"https:\/\/instagram.com\/orasultimisoararo\/\" target=\"_blank\" rel=\"nofollow\">Conecta\u021bi-v\u0103<\/a><\/span><\/div>\n<\/div>\n<div class=\"td_social_type td-pb-margin-side td_social_rss\">\n<div class=\"td-social-box\"><span class=\"td_social_info td_social_info_counter\">12,506<\/span><span class=\"td_social_info td_social_info_name\">Cititori<\/span><span class=\"td_social_button\"><a href=\"https:\/\/orasul-timisoara.ro\/feed\/\" target=\"_blank\" rel=\"nofollow\">Conecta\u021bi-v\u0103<\/a><\/span><\/div>\n<\/div>\n<div class=\"td_social_type td-pb-margin-side td_social_tiktok\">\n<div class=\"td-social-box\"><span class=\"td_social_info td_social_info_counter\">1,500<\/span><span class=\"td_social_info td_social_info_name\">Cititori<\/span><span class=\"td_social_button\"><a href=\"https:\/\/www.tiktok.com\/@orasultimisoara\" target=\"_blank\" rel=\"nofollow\">Conecta\u021bi-v\u0103<\/a><\/span><\/div>\n<\/div>\n<div class=\"td_social_type td-pb-margin-side td_social_twitter\">\n<div class=\"td-social-box\"><span class=\"td_social_info td_social_info_counter\">1,595<\/span><span class=\"td_social_info td_social_info_name\">Cititori<\/span><span class=\"td_social_button\"><a href=\"https:\/\/twitter.com\/orasultm\" target=\"_blank\" rel=\"nofollow\">Conecta\u021bi-v\u0103<\/a><\/span><\/div>\n<\/div>\n<div class=\"td_social_type td-pb-margin-side td_social_youtube\">\n<div class=\"td-social-box\"><span class=\"td_social_info td_social_info_counter\">3,506<\/span><span class=\"td_social_info td_social_info_name\">Abona\u021bi<\/span><span class=\"td_social_button\"><a href=\"https:\/\/www.youtube.com\/channel\/UCQNsQvs2XCSIm1Z-AHRturw?sub_confirmation=1\" target=\"_blank\" rel=\"nofollow\">Abona\u021bi-v\u0103<\/a><\/span><\/div>\n<\/div>\n<\/div>\n<\/div>\n<aside id=\"text-7\" class=\"td_block_template_8 widget text-7 widget_text\">\n<h4 class=\"td-block-title\"><span>C\u0103ut\u0103ri populare pe OTM<\/span><\/h4>\n<div class=\"textwidget\"><a href=\"https:\/\/orasul-timisoara.ro\/?s=timisoara\"><span>Timisoara<\/span><\/a><a href=\"https:\/\/orasul-timisoara.ro\/?s=calin+dobra\"><span>Calin Dobra<\/span><\/a><a href=\"https:\/\/orasul-timisoara.ro\/?s=primaria+timisoara\"><span>Primaria Timisoara<\/span><\/a><a href=\"https:\/\/orasul-timisoara.ro\/?s=dominic+fritz\"><span>Dominic Fritz<\/span><\/a><a href=\"https:\/\/orasul-timisoara.ro\/?s=nicolae+robu\"><span>Nicolae Robu<\/span><\/a><a href=\"https:\/\/orasul-timisoara.ro\/?s=consiliul+local+timisoara\">Consiliul Local Timisoara<\/a><a href=\"https:\/\/orasul-timisoara.ro\/?s=consiliul+judetean+timis\"><span>Consiliul Judetean Timis<\/span><\/a><a href=\"https:\/\/orasul-timisoara.ro\/?s=cjt\"><span>CJT<\/span><\/a><a href=\"https:\/\/orasul-timisoara.ro\/?s=Alfred+Simonis\"><span>Alfred Simonis<\/span><\/a><a href=\"https:\/\/orasul-timisoara.ro\/?s=PNL\"><span>PNL<\/span><\/a><a href=\"https:\/\/orasul-timisoara.ro\/?s=coronavirus\"><span>coronavirus<\/span><\/a><a href=\"https:\/\/orasul-timisoara.ro\/?s=teatru+timisoara\">teatru Timisoara<\/a><a href=\"https:\/\/orasul-timisoara.ro\/?s=restaurante\"><span>restaurante Timisoara<\/span><\/a><a href=\"https:\/\/orasul-timisoara.ro\/?s=diskoteka\"><span>Diskoteka<\/span><\/a><a href=\"https:\/\/orasul-timisoara.ro\/?s=iulius+town\"><span>Iulius Town<\/span><\/a><a href=\"https:\/\/orasul-timisoara.ro\/?s=iulius+mall\"><span>Iulius Mall<\/span><\/a><a href=\"https:\/\/orasul-timisoara.ro\/?s=stpt\"><span>STPT<\/span><\/a><a href=\"https:\/\/orasul-timisoara.ro\/?s=alin+nica\"><span>Alin Nica<\/span><\/a><a href=\"https:\/\/orasul-timisoara.ro\/?s=psd\"><span>PSD<\/span><\/a><a href=\"https:\/\/orasul-timisoara.ro\/?s=aeroport\"><span>Aeroportul International Timisoara<\/span><\/a><a href=\"https:\/\/orasul-timisoara.ro\/?s=babes\"><span>Spitalul Victor Babes Timisoara<\/span><\/a><a href=\"https:\/\/orasul-timisoara.ro\/?s=poli\"><span>Poli Timi\u0219oara<\/span><\/a><a href=\"https:\/\/orasul-timisoara.ro\/?s=carantina\"><span>carantina<\/span><\/a><a href=\"https:\/\/orasul-timisoara.ro\/?s=aquatim\"><span>Aquatim<\/span><\/a><a href=\"https:\/\/orasul-timisoara.ro\/local-category\/stiri-timisoara\/\"><span>Stiri Timisoara<\/span><\/a><a href=\"https:\/\/orasul-timisoara.ro\/local-category\/investitii-in-timisoara\/\"><span>Investi\u021bii in Timi\u0219oara<\/span><\/a><a href=\"https:\/\/orasul-timisoara.ro\/local-9463\/\"><span>shaorma<\/span><\/a><a href=\"https:\/\/orasul-timisoara.ro\/?s=trafic\"><span>trafic rutier<\/span><\/a><a href=\"https:\/\/orasul-timisoara.ro\/?s=politia\"><span>politia locala timisoara<\/span><\/a><a href=\"https:\/\/orasul-timisoara.ro\/?s=roxana\"><span>Roxana Iliescu<\/span><\/a><a href=\"https:\/\/orasul-timisoara.ro\/?s=colterm\"><span>Colterm<\/span><\/a><a href=\"https:\/\/orasul-timisoara.ro\/?s=latcau\"><span>Ruben La\u021bc\u0103u<\/span><\/a><a href=\"https:\/\/orasul-timisoara.ro\/?s=timis\"><span>\u0218tiri din Timi\u0219<\/span><\/a><a href=\"https:\/\/orasul-timisoara.ro\/?s=spital\"><span>Spitale din Timi\u0219oara<\/span><\/a><a href=\"https:\/\/orasul-timisoara.ro\/?s=tabara\"><span>Cosmin Tab\u0103r\u0103<\/span><\/a><\/div>\n<\/aside>\n<aside id=\"rss-2\" class=\"td_block_template_8 widget rss-2 widget_rss\">\n<h4 class=\"td-block-title\"><span><a class=\"rsswidget rss-widget-feed\" href=\"https:\/\/fashionfridays.ro\/feed\"><img decoding=\"async\" class=\"rss-widget-icon\" width=\"14\" height=\"14\" src=\"https:\/\/orasul-timisoara.ro\/wp-includes\/images\/rss.png\" alt=\"Flux RSS: Fashion Fridays\" loading=\"lazy\"><\/a><a class=\"rsswidget rss-widget-title\" href=\"https:\/\/fashionfridays.ro\/\">Fashion Fridays<\/a><\/span><\/h4>\n<ul>\n<li><a class=\"rsswidget\" href=\"https:\/\/fashionfridays.ro\/romania-devine-a-29-a-piata-vogue-o-noua-era-pentru-industria-locala-de-moda\/\">Rom\u00e2nia devine a 29-a pia\u021b\u0103 Vogue: o nou\u0103 er\u0103 pentru industria local\u0103 de mod\u0103<\/a>\n<div class=\"rssSummary\">Revista Vogue \u00ee\u0219i extinde prezen\u021ba global\u0103 \u0219i va fi lansat\u0103 oficial \u00een Rom\u00e2nia \u00een prim\u0103vara anului 2027, marc\u00e2nd intrarea pe cea de-a 29-a pia\u021b\u0103 interna\u021bional\u0103. Proiectul este realizat \u00een parteneriat cu AEMME Publishing, o companie media recent \u00eenfiin\u021bat\u0103, care va publica edi\u021bia local\u0103 sub licen\u021b\u0103. Noua edi\u021bie, Vogue Rom\u00e2nia, \u00ee\u0219i propune s\u0103 combine autoritatea global\u0103 [\u2026]<\/div>\n<\/li>\n<\/ul>\n<\/aside>\n<aside id=\"rss-4\" class=\"td_block_template_8 widget rss-4 widget_rss\">\n<h4 class=\"td-block-title\"><span><a class=\"rsswidget rss-widget-feed\" href=\"https:\/\/emasini.ro\/feed\"><img decoding=\"async\" class=\"rss-widget-icon\" width=\"14\" height=\"14\" src=\"https:\/\/orasul-timisoara.ro\/wp-includes\/images\/rss.png\" alt=\"Flux RSS: eMasini\" loading=\"lazy\"><\/a><a class=\"rsswidget rss-widget-title\" href=\"https:\/\/emasini.ro\/\">eMasini<\/a><\/span><\/h4>\n<ul>\n<li><a class=\"rsswidget\" href=\"https:\/\/emasini.ro\/adio-bordurilor-pline-de-ecrane-mercedes-benz-readuce-butoanele-in-noile-masini-produse\/\">Adio bordurilor pline de ecrane? Mercedes-Benz readuce butoanele \u00een noile ma\u0219ini produse<\/a>\n<div class=\"rssSummary\">Mercedes-Benz \u00ee\u0219i schimb\u0103 direc\u021bia \u00een ceea ce prive\u0219te designul interioarelor \u0219i va readuce comenzile fizice pentru anumite func\u021bii importante. Constructorul german nu renun\u021b\u0103 la ecranele mari \u0219i la tehnologiile digitale, dar recunoa\u0219te c\u0103 a mers prea departe prin eliminarea unor butoane \u0219i comenzi tactile. Ola K\u00e4llenius, pre\u0219edintele Consiliului de Administra\u021bie al Mercedes-Benz Group \u0219i CEO [\u2026]<\/div>\n<\/li>\n<\/ul>\n<\/aside>\n<\/div>\n<\/div>\n<\/div>\n<\/div>\n<\/article>\n<div class=\"td-post-content tagdiv-type\">\n<p class=\"wp-block-paragraph\">Noul stadion \u201eDan P\u0103ltini\u0219anu\u201d din Timi\u0219oara intr\u0103 \u00een etapa de proiectare, dup\u0103 ce Consiliul Jude\u021bean Timi\u0219 a semnat contractul pentru realizarea proiectului. Pre\u0219edintele CJ Timi\u0219, Alfred Simonis, anun\u021b\u0103 c\u0103 administra\u021bia jude\u021bean\u0103 poate asigura cel pu\u021bin 125 de milioane de lei \u00een perioada 2026\u20132027, p\u00e2n\u0103 c\u00e2nd finan\u021barea va putea fi preluat\u0103 de Compania Na\u021bional\u0103 de Investi\u021bii \u00een 2028.<\/p>\n<h2 class=\"wp-block-heading\">Contract semnat pentru noul \u201eDan P\u0103ltini\u0219anu\u201d<\/h2>\n<p class=\"wp-block-paragraph\">Contractul pentru proiectarea noului stadion \u201eDan P\u0103ltini\u0219anu\u201d a fost semnat, iar firma c\u00e2\u0219tig\u0103toare are la dispozi\u021bie c\u00e2teva luni pentru realizarea proiectului. Dup\u0103 finalizarea acestei etape sunt prev\u0103zute \u00eenceperea lucr\u0103rilor de construire a noii arene.<\/p>\n<p class=\"wp-block-paragraph\">Alfred Simonis, pre\u0219edintele Consiliului Jude\u021bean Timi\u0219, spune c\u0103 semnarea contractului marcheaz\u0103 deblocarea unei investi\u021bii a\u0219teptate de ani de zile la Timi\u0219oara.<\/p>\n<p class=\"wp-block-paragraph\">\u201e\u00cen sf\u00e2r\u0219it, am semnat contractul pentru noul Stadion \u00abDan P\u0103ltini\u0219anu\u00bb. Firma c\u00e2\u0219tig\u0103toare are la dispozi\u021bie c\u00e2teva luni pentru realizarea proiectului. Apoi \u00eencep lucr\u0103rile.<\/p>\n<p class=\"wp-block-paragraph\">Timi\u0219oara \u0219i Timi\u0219ul au a\u0219teptat suficient\u201d, a transmis Alfred Simonis.<\/p>\n<h2 class=\"wp-block-heading\">CJ Timi\u0219 poate aloca 125 de milioane de lei pentru lucr\u0103ri<\/h2>\n<p class=\"wp-block-paragraph\">Consiliul Jude\u021bean Timi\u0219 anun\u021b\u0103 c\u0103 poate sus\u021bine financiar investi\u021bia \u00een perioada 2026\u20132027, cu cel pu\u021bin 125 de milioane de lei din bugetul jude\u021bului. Finan\u021barea ar urma s\u0103 fie asigurat\u0103 de administra\u021bia jude\u021bean\u0103 p\u00e2n\u0103 \u00een momentul \u00een care Compania Na\u021bional\u0103 de Investi\u021bii va putea prelua proiectul, \u00eencep\u00e2nd din 2028.<\/p>\n<p class=\"wp-block-paragraph\">\u201eConsiliul Jude\u021bean Timi\u0219 poate asigura, pentru perioada 2026\u20132027, cel pu\u021bin 125 de milioane de lei pentru lucr\u0103rile la noul stadion. Vom sus\u021bine investi\u021bia din bugetul jude\u021bului p\u00e2n\u0103 \u00een momentul \u00een care CNI va putea prelua finan\u021barea \u00een 2028\u201d, a declarat Simonis.<\/p>\n<p class=\"wp-block-paragraph\">Pre\u0219edintele CJ Timi\u0219 afirm\u0103 c\u0103 administra\u021bia jude\u021bean\u0103 nu solicit\u0103 o finan\u021bare nejustificat\u0103 din partea Guvernului \u0219i sus\u021bine c\u0103 Timi\u0219ul are capacitatea de a contribui semnificativ la bugetul de stat.<\/p>\n<h2 class=\"wp-block-heading\">Simonis acuz\u0103 opozi\u021bia fa\u021b\u0103 de proiect<\/h2>\n<p class=\"wp-block-paragraph\">\u00cen declara\u021bia sa, Alfred Simonis a abordat \u0219i controversele politice care au \u00eenso\u021bit proiectul noului stadion. Acesta sus\u021bine c\u0103, \u00een urm\u0103 cu c\u00e2teva luni, unii politicieni locali ar fi cerut Guvernului s\u0103 opreasc\u0103 investi\u021bia \u0219i ar fi afirmat c\u0103 Timi\u0219oara nu are nevoie de o asemenea aren\u0103.<\/p>\n<p class=\"wp-block-paragraph\">\u201eSpuneau c\u0103 Timi\u0219oara nu are nevoie de o asemenea aren\u0103. Ziceau c\u0103 este un proiect inutil, un proiect \u00abfaraonic\u00bb pentru care nu ar exista bani\u201d, afirm\u0103 Simonis.<\/p>\n<p class=\"wp-block-paragraph\">Pre\u0219edintele CJ Timi\u0219 sus\u021bine \u0219i c\u0103 au fost vehiculate explica\u021bii potrivit c\u0103rora proiectul nu ar putea \u00eencepe din cauza unor dosare penale. \u00cen opinia sa, faptul c\u0103 procedura a ajuns acum la semnarea contractului demonstreaz\u0103 c\u0103 aceste argumente au fost nefondate.<\/p>\n<p class=\"wp-block-paragraph\">\u201eAu spus \u0219i c\u0103 stadionul nu poate \u00eencepe din cauza unor dosare penale. Iat\u0103 \u00eens\u0103 c\u0103 \u00eencepe. Deci, evident, toate acestea au fost minciuni\u201d, a declarat Alfred Simonis.<\/p>\n<h2 class=\"wp-block-heading\">\u201eAcum, c\u00e2nd contractul este semnat, \u00eei vedem pe cei mai mul\u021bi dintre ei \u00een primul r\u00e2nd\u201d<\/h2>\n<p class=\"wp-block-paragraph\">Simonis \u00eei critic\u0103 \u0219i pe politicienii care, potrivit acestuia, nu ar fi sus\u021binut public proiectul atunci c\u00e2nd era nevoie de interven\u021bii pentru deblocarea investi\u021biei, dar care acum ar \u00eencerca s\u0103 \u00ee\u0219i asume meritele pentru realizarea stadionului.<\/p>\n<p class=\"wp-block-paragraph\">\u201eC\u00e2nd trebuia ap\u0103rat proiectul, nu erau de g\u0103sit. C\u00e2nd trebuia convins Guvernul, nu erau de g\u0103sit.<\/p>\n<p class=\"wp-block-paragraph\">Acum, c\u00e2nd contractul este semnat, \u00eei vedem pe cei mai mul\u021bi dintre ei \u00een primul r\u00e2nd\u201d, spune pre\u0219edintele CJ Timi\u0219.<\/p>\n<p class=\"wp-block-paragraph\">Acesta afirm\u0103 c\u0103 nu a cerut \u201epomeni\u201d sau \u201efavoruri\u201d pentru realizarea investi\u021biei \u0219i sus\u021bine c\u0103 Timi\u0219ul ar trebui s\u0103 poat\u0103 utiliza o parte din resursele pe care le genereaz\u0103 pentru propriile proiecte.<\/p>\n<h2 class=\"wp-block-heading\">\u201eTimi\u0219ul este jude\u021bul care contribuie cel mai mult la bugetul de stat\u201d<\/h2>\n<p class=\"wp-block-paragraph\">Alfred Simonis sus\u021bine c\u0103 Timi\u0219ul a contribuit de-a lungul timpului la finan\u021barea unor investi\u021bii sportive realizate \u00een alte zone ale \u021b\u0103rii \u0219i consider\u0103 c\u0103 noul stadion reprezint\u0103 o investi\u021bie legitim\u0103 pentru jude\u021b.<\/p>\n<p class=\"wp-block-paragraph\">\u201eTimi\u0219ul este jude\u021bul care contribuie cel mai mult la bugetul de stat. Din banii timi\u0219enilor s-au construit peste 10 stadioane \u00een \u00eentreaga \u021bar\u0103. F\u0103r\u0103 niciun fel de cofinan\u021bare\u201d, afirm\u0103 Simonis.<\/p>\n<p class=\"wp-block-paragraph\">Potrivit acestuia, Guvernul a impus ca administra\u021bia jude\u021bean\u0103 s\u0103 participe cu 25% din finan\u021bare pentru noua aren\u0103, condi\u021bie pe care Consiliul Jude\u021bean Timi\u0219 a acceptat-o.<\/p>\n<p class=\"wp-block-paragraph\">\u201eAcum, c\u00e2nd a venit, \u00een sf\u00e2r\u0219it, \u0219i r\u00e2ndul nostru, Guvernul ne-a obligat s\u0103 aloc\u0103m 25% din banii no\u0219tri pentru ridicarea noii arene. Am acceptat \u0219i, cu toate acestea, ne-au \u00eent\u00e2rziat c\u00e2t au putut\u201d, spune pre\u0219edintele CJ Timi\u0219.<\/p>\n<h2 class=\"wp-block-heading\">\u201eAvem banii, putem \u00eencepe\u201d<\/h2>\n<p class=\"wp-block-paragraph\">\u00cen ciuda disputelor politice, Simonis consider\u0103 c\u0103 elementul esen\u021bial este c\u0103 proiectul a fost deblocat \u0219i exist\u0103 finan\u021barea necesar\u0103 pentru etapa urm\u0103toare.<\/p>\n<p class=\"wp-block-paragraph\">\u201eDar trecem \u0219i peste asta. Important este c\u0103 proiectul s-a deblocat \u0219i contractul este semnat. Avem banii, putem \u00eencepe\u201d, a transmis Alfred Simonis.<\/p>\n<p class=\"wp-block-paragraph\">Pre\u0219edintele CJ Timi\u0219 afirm\u0103 c\u0103 noua aren\u0103 nu trebuie privit\u0103 ca proiectul unei forma\u021biuni politice sau al unui singur politician, ci ca o investi\u021bie destinat\u0103 \u00eentregului jude\u021b.<\/p>\n<p class=\"wp-block-paragraph\">\u201ePentru c\u0103, dincolo de orgolii, interese politice \u0219i r\u0103zboaie locale, stadionul acesta nu este al unui partid \u0219i nu este al unui politician. Este al Timi\u0219ului\u201d, a \u00eencheiat Alfred Simonis.<\/p>\n<\/div>\n<p>[analyse_source url=&#8221;https:\/\/orasul-timisoara.ro\/local-40457\/&#8221;]<\/p>\n","protected":false},"excerpt":{"rendered":"<p>[analyse_image type=&#8221;featured&#8221; src=&#8221;https:\/\/orasul-timisoara.ro\/wp-content\/uploads\/2026\/08\/783621665_1073572408377871_8887093214961580410_n.jpg&#8221;] Administra\u021bie local\u0103Noul \u201eDan P\u0103ltini\u0219anu\u201d intr\u0103 \u00een linie dreapt\u0103. Simonis: \u201eTimi\u0219oara \u0219i Timi\u0219ul au&#8230; Administra\u021bie local\u0103 Investitii in Timisoara Sport Local \u0218tiri Locale Noul \u201eDan P\u0103ltini\u0219anu\u201d intr\u0103 \u00een linie dreapt\u0103. Simonis: \u201eTimi\u0219oara \u0219i Timi\u0219ul au a\u0219teptat suficient\u201d (video) De c\u0103tre redactia &#8211; 25\/08\/2026 Facebook Twitter WhatsApp Linkedin ReddIt Email Imprimare Noul stadion \u201eDan [&hellip;]<\/p>\n","protected":false},"author":1,"featured_media":0,"comment_status":"open","ping_status":"","sticky":false,"template":"","format":"standard","meta":{"footnotes":""},"categories":[89],"tags":[226,189],"class_list":["post-2110750","post","type-post","status-publish","format-standard","hentry","category-romania","tag-crawlmanager","tag-orasul-timisoara-ro"],"_links":{"self":[{"href":"https:\/\/analyse.optim.biz\/index.php?rest_route=\/wp\/v2\/posts\/2110750","targetHints":{"allow":["GET"]}}],"collection":[{"href":"https:\/\/analyse.optim.biz\/index.php?rest_route=\/wp\/v2\/posts"}],"about":[{"href":"https:\/\/analyse.optim.biz\/index.php?rest_route=\/wp\/v2\/types\/post"}],"author":[{"embeddable":true,"href":"https:\/\/analyse.optim.biz\/index.php?rest_route=\/wp\/v2\/users\/1"}],"replies":[{"embeddable":true,"href":"https:\/\/analyse.optim.biz\/index.php?rest_route=%2Fwp%2Fv2%2Fcomments&post=2110750"}],"version-history":[{"count":0,"href":"https:\/\/analyse.optim.biz\/index.php?rest_route=\/wp\/v2\/posts\/2110750\/revisions"}],"wp:attachment":[{"href":"https:\/\/analyse.optim.biz\/index.php?rest_route=%2Fwp%2Fv2%2Fmedia&parent=2110750"}],"wp:term":[{"taxonomy":"category","embeddable":true,"href":"https:\/\/analyse.optim.biz\/index.php?rest_route=%2Fwp%2Fv2%2Fcategories&post=2110750"},{"taxonomy":"post_tag","embeddable":true,"href":"https:\/\/analyse.optim.biz\/index.php?rest_route=%2Fwp%2Fv2%2Ftags&post=2110750"}],"curies":[{"name":"wp","href":"https:\/\/api.w.org\/{rel}","templated":true}]}}