{"id":2110748,"date":"2026-08-25T13:45:32","date_gmt":"2026-08-25T10:45:32","guid":{"rendered":"https:\/\/analyse.optim.biz\/?p=2110748"},"modified":"2026-08-25T13:45:32","modified_gmt":"2026-08-25T10:45:32","slug":"primaria-timisoara-investeste-5-milioane-de-lei-la-louis-turcanu-a-fost-emisa-autorizatia-pentru","status":"publish","type":"post","link":"https:\/\/analyse.optim.biz\/?p=2110748","title":{"rendered":"Prim\u0103ria Timi\u0219oara investe\u0219te 5 milioane de lei la \u201eLouis \u021aurcanu\u201d. A fost emis\u0103 autoriza\u021bia pentru"},"content":{"rendered":"<p>[analyse_image type=&#8221;featured&#8221; src=&#8221;https:\/\/orasul-timisoara.ro\/wp-content\/uploads\/2026\/08\/spialul-de-copii.jpg&#8221;]<\/p>\n<article id=\"post-40454\" class=\"td-post-template-7 post-40454 post type-post status-publish format-standard has-post-thumbnail category-administratie category-featured category-sanatate category-stiri-timisoara tag-corpul-c1 tag-investitii-2 tag-louis-turcanu-2 tag-primaria-timisoara-2 tag-reabilitare tag-sanatate-2 tag-spitale tag-spitalul-de-copii tag-stiri-timisoara-2 tag-timisoara-2 td-container-wrap\">\n<div class=\"td-full-screen-header-image-wrap\">\n<div class=\"td-container td-post-header\">\n<div class=\"td-crumb-container\">\n<div class=\"entry-crumbs\"><span><a title=\"Vede\u021bi toate articolele \u00een Administra\u021bie local\u0103\" class=\"entry-crumb\" href=\"https:\/\/orasul-timisoara.ro\/local-category\/administratie\/\">Administra\u021bie local\u0103<\/a><\/span><span class=\"td-bred-no-url-last\">Prim\u0103ria Timi\u0219oara investe\u0219te 5 milioane de lei la \u201eLouis \u021aurcanu\u201d. A fost&#8230;<\/span><\/div>\n<\/div>\n<div class=\"td-post-header-holder\">\n<div class=\"td-parallax-header\">\n<header class=\"td-post-title\">\n<ul class=\"td-category\">\n<li class=\"entry-category\"><a href=\"https:\/\/orasul-timisoara.ro\/local-category\/administratie\/\">Administra\u021bie local\u0103<\/a><\/li>\n<li class=\"entry-category\"><a href=\"https:\/\/orasul-timisoara.ro\/local-category\/sanatate\/\">S\u0103n\u0103tate<\/a><\/li>\n<li class=\"entry-category\"><a href=\"https:\/\/orasul-timisoara.ro\/local-category\/stiri-timisoara\/\">\u0218tiri Locale<\/a><\/li>\n<\/ul>\n<h1 class=\"entry-title\">Prim\u0103ria Timi\u0219oara investe\u0219te 5 milioane de lei la \u201eLouis \u021aurcanu\u201d. A fost emis\u0103 autoriza\u021bia pentru reabilitarea Corpului C1<\/h1>\n<div class=\"td-module-meta-info\">\n<div class=\"td-post-author-name\">\n<div class=\"td-author-by\">De c\u0103tre<\/div>\n<p><a href=\"https:\/\/orasul-timisoara.ro\/author\/timisoara\/\">redactia<\/a><\/p>\n<div class=\"td-author-line\"> &#8211; <\/div>\n<\/div>\n<p><span class=\"td-post-date\"><time class=\"entry-date updated td-module-date\" datetime=\"2026-08-25T16:45:32+03:00\">25\/08\/2026<\/time><\/span><\/div>\n<\/header>\n<\/div>\n<\/div>\n<\/div>\n<div id=\"td-full-screen-header-image\" class=\"td-image-gradient-style7\"><img decoding=\"async\" class=\"td-backstretch\" src=\"https:\/\/orasul-timisoara.ro\/wp-content\/uploads\/2026\/08\/spialul-de-copii.jpg\"><\/div>\n<\/div>\n<div class=\"td-container\">\n<div class=\"td-pb-row\">\n<div class=\"td-pb-span8 td-main-content\" role=\"main\">\n<div class=\"td-ss-main-content\">\n<div class=\"td-post-sharing-top\">\n<div class=\"td-post-sharing-classic\"><iframe title=\"topFacebookLike\" frameborder src=\"https:\/\/www.facebook.com\/plugins\/like.php?href=https:\/\/orasul-timisoara.ro\/local-40454\/&amp;layout=button_count&amp;show_faces=false&amp;width=105&amp;action=like&amp;colorscheme=light&amp;height=21\"><\/iframe><\/div>\n<div id=\"td_social_sharing_article_top\" class=\"td-post-sharing td-ps-bg td-ps-notext td-post-sharing-style1 \">\n<div class=\"td-post-sharing-visible\"><a class=\"td-social-sharing-button td-social-sharing-button-js td-social-network td-social-facebook\" href=\"https:\/\/www.facebook.com\/sharer.php?u=https%3A%2F%2Forasul-timisoara.ro%2Flocal-40454%2F\" title=\"Facebook\"><\/p>\n<div class=\"td-social-but-text\">Facebook<\/div>\n<p><\/a><a class=\"td-social-sharing-button td-social-sharing-button-js td-social-network td-social-twitter\" href=\"https:\/\/twitter.com\/intent\/tweet?text=Prim%C4%83ria+Timi%C8%99oara+investe%C8%99te+5+milioane+de+lei+la+%E2%80%9ELouis+%C8%9Aurcanu%E2%80%9D.+A+fost+emis%C4%83+autoriza%C8%9Bia+pentru+reabilitarea+Corpului+C1&amp;url=https%3A%2F%2Forasul-timisoara.ro%2Flocal-40454%2F&amp;via=orasultm\" title=\"Twitter\"><\/p>\n<div class=\"td-social-but-text\">Twitter<\/div>\n<p><\/a><a class=\"td-social-sharing-button td-social-sharing-button-js td-social-network td-social-whatsapp\" href=\"https:\/\/api.whatsapp.com\/send?text=Prim%C4%83ria+Timi%C8%99oara+investe%C8%99te+5+milioane+de+lei+la+%E2%80%9ELouis+%C8%9Aurcanu%E2%80%9D.+A+fost+emis%C4%83+autoriza%C8%9Bia+pentru+reabilitarea+Corpului+C1%20%0A%0A%20https:\/\/orasul-timisoara.ro\/local-40454\/\" title=\"WhatsApp\"><\/p>\n<div class=\"td-social-but-text\">WhatsApp<\/div>\n<p><\/a><a class=\"td-social-sharing-button td-social-sharing-button-js td-social-network td-social-linkedin\" href=\"https:\/\/www.linkedin.com\/shareArticle?mini=true&amp;url=https:\/\/orasul-timisoara.ro\/local-40454\/&amp;title=Prim%C4%83ria+Timi%C8%99oara+investe%C8%99te+5+milioane+de+lei+la+%E2%80%9ELouis+%C8%9Aurcanu%E2%80%9D.+A+fost+emis%C4%83+autoriza%C8%9Bia+pentru+reabilitarea+Corpului+C1\" title=\"Linkedin\"><\/p>\n<div class=\"td-social-but-text\">Linkedin<\/div>\n<p><\/a><a class=\"td-social-sharing-button td-social-sharing-button-js td-social-network td-social-reddit\" href=\"https:\/\/reddit.com\/submit?url=https:\/\/orasul-timisoara.ro\/local-40454\/&amp;title=Prim%C4%83ria+Timi%C8%99oara+investe%C8%99te+5+milioane+de+lei+la+%E2%80%9ELouis+%C8%9Aurcanu%E2%80%9D.+A+fost+emis%C4%83+autoriza%C8%9Bia+pentru+reabilitarea+Corpului+C1\" title=\"ReddIt\"><\/p>\n<div class=\"td-social-but-text\">ReddIt<\/div>\n<p><\/a><a class=\"td-social-sharing-button td-social-sharing-button-js td-social-network td-social-mail\" href=\"mailto:?subject=Prim%C4%83ria%20Timi%C8%99oara%20investe%C8%99te%205%20milioane%20de%20lei%20la%20%E2%80%9ELouis%20%C8%9Aurcanu%E2%80%9D.%20A%20fost%20emis%C4%83%20autoriza%C8%9Bia%20pentru%20reabilitarea%20Corpului%20C1&amp;body=https:\/\/orasul-timisoara.ro\/local-40454\/\" title=\"Email\"><\/p>\n<div class=\"td-social-but-text\">Email<\/div>\n<p><\/a><a class=\"td-social-sharing-button td-social-sharing-button-js td-social-network td-social-print\" href=\"https:\/\/orasul-timisoara.ro\/local-40454\/\" title=\"Imprimare\"><\/p>\n<div class=\"td-social-but-text\">Imprimare<\/div>\n<p><\/a><\/div>\n<\/div>\n<\/div>\n<div class=\"td-post-content tagdiv-type\">\n<p class=\"wp-block-paragraph\">Spitalul de Copii \u201eLouis \u021aurcanu\u201d din Timi\u0219oara intr\u0103 \u00eentr-o nou\u0103 etap\u0103 de modernizare, dup\u0103 ce Prim\u0103ria Municipiului Timi\u0219oara a emis autoriza\u021bia de construire pentru reabilitarea Corpului C1. Investi\u021bia are o valoare total\u0103 de aproape 15 milioane de lei, iar municipalitatea contribuie cu 5 milioane de lei de la bugetul local.<\/p>\n<h2 class=\"wp-block-heading\">Corpul C1 de la \u201eLouis \u021aurcanu\u201d va fi reabilitat<\/h2>\n<p class=\"wp-block-paragraph\">Lucr\u0103rile prev\u0103zute \u00een proiect vizeaz\u0103 at\u00e2t anveloparea \u0219i termoizolarea cl\u0103dirii, c\u00e2t \u0219i modernizarea mai multor componente ale acesteia. Vor fi \u00eenlocuite tencuielile \u0219i t\u00e2mpl\u0103ria de lemn existent\u0103, iar instala\u021biile, sistemul de ventila\u021bie \u0219i iluminatul vor fi modernizate.<\/p>\n<p class=\"wp-block-paragraph\">Proiectul prevede \u0219i instalarea unor panouri fotovoltaice, m\u0103surile fiind concepute astfel \u00eenc\u00e2t consumul de energie al cl\u0103dirii s\u0103 fie redus cu peste 60%.<\/p>\n<h2 class=\"wp-block-heading\">Lift nou pentru t\u0103rgi \u0219i acces modernizat<\/h2>\n<p class=\"wp-block-paragraph\">Reabilitarea Corpului C1 include \u0219i interven\u021bii pentru \u00eembun\u0103t\u0103\u021birea func\u021bionalit\u0103\u021bii \u0219i accesibilit\u0103\u021bii cl\u0103dirii. Va fi instalat un lift nou pentru transportul t\u0103rgilor, va fi construit\u0103 o scar\u0103 de evacuare \u0219i vor fi ref\u0103cute rampele de acces.<\/p>\n<p class=\"wp-block-paragraph\">Odat\u0103 cu emiterea autoriza\u021biei de construire, Spitalul Clinic de Urgen\u021b\u0103 pentru Copii \u201eLouis \u021aurcanu\u201d poate continua demersurile necesare pentru etapa de execu\u021bie a investi\u021biei.<\/p>\n<h2 class=\"wp-block-heading\">Mai multe investi\u021bii la Spitalul de Copii<\/h2>\n<p class=\"wp-block-paragraph\">Reabilitarea Corpului C1 nu este singura investi\u021bie pe care Prim\u0103ria Timi\u0219oara o deruleaz\u0103 la \u201eLouis \u021aurcanu\u201d. Municipalitatea finan\u021beaz\u0103 \u0219i lucr\u0103ri pentru reabilitarea Sec\u021biei de Recuperare Pediatric\u0103 de pe strada Teiului \u0219i a cl\u0103dirii de pe strada Corbului, fosta clinic\u0103 de neurologie.<\/p>\n<p class=\"wp-block-paragraph\">Programul de investi\u021bii include, de asemenea, achizi\u021bia de dot\u0103ri \u0219i echipamente medicale pentru spital.<\/p>\n<h2 class=\"wp-block-heading\">Peste 9 milioane de euro pentru Spitalul de Copii \u00een 2026<\/h2>\n<p class=\"wp-block-paragraph\">Potrivit Prim\u0103riei Timi\u0219oara, investi\u021biile realizate \u00een acest an pentru Spitalul de Copii \u201eLouis \u021aurcanu\u201d dep\u0103\u0219esc 9 milioane de euro din bugetul local.<\/p>\n<p class=\"wp-block-paragraph\">\u201eMergem mai departe cu investi\u021biile pentru spitale: am emis autoriza\u021bia de construire pentru reabilitarea Corpului C1 de la \u00abLouis \u021aurcanu\u00bb\u201d, a transmis Prim\u0103ria Municipiului Timi\u0219oara.<\/p>\n<p class=\"wp-block-paragraph\">Municipalitatea sus\u021bine c\u0103 investi\u021biile urm\u0103resc at\u00e2t modernizarea infrastructurii medicale, c\u00e2t \u0219i reducerea costurilor de func\u021bionare \u0219i \u00eembun\u0103t\u0103\u021birea condi\u021biilor pentru pacien\u021bi \u0219i personalul medical.<\/p>\n<\/div>\n<footer>\n<div class=\"td-post-source-tags\">\n<ul class=\"td-tags td-post-small-box clearfix\">\n<li><span>ETICHETE<\/span><\/li>\n<li><a href=\"https:\/\/orasul-timisoara.ro\/local-tag\/corpul-c1\/\">corpul c1<\/a><\/li>\n<li><a href=\"https:\/\/orasul-timisoara.ro\/local-tag\/investitii-2\/\">investi\u021bii<\/a><\/li>\n<li><a href=\"https:\/\/orasul-timisoara.ro\/local-tag\/louis-turcanu-2\/\">Louis \u021aurcanu<\/a><\/li>\n<li><a href=\"https:\/\/orasul-timisoara.ro\/local-tag\/primaria-timisoara-2\/\">Prim\u0103ria Timi\u0219oara<\/a><\/li>\n<li><a href=\"https:\/\/orasul-timisoara.ro\/local-tag\/reabilitare\/\">reabilitare<\/a><\/li>\n<li><a href=\"https:\/\/orasul-timisoara.ro\/local-tag\/sanatate-2\/\">s\u0103n\u0103tate<\/a><\/li>\n<li><a href=\"https:\/\/orasul-timisoara.ro\/local-tag\/spitale\/\">spitale<\/a><\/li>\n<li><a href=\"https:\/\/orasul-timisoara.ro\/local-tag\/spitalul-de-copii\/\">spitalul de copii<\/a><\/li>\n<li><a href=\"https:\/\/orasul-timisoara.ro\/local-tag\/stiri-timisoara-2\/\">\u0219tiri Timi\u0219oara<\/a><\/li>\n<li><a href=\"https:\/\/orasul-timisoara.ro\/local-tag\/timisoara-2\/\">timi\u0219oara<\/a><\/li>\n<\/ul>\n<\/div>\n<div class=\"td-post-sharing-bottom\">\n<div class=\"td-post-sharing-classic\"><iframe title=\"bottomFacebookLike\" frameborder src=\"https:\/\/www.facebook.com\/plugins\/like.php?href=https:\/\/orasul-timisoara.ro\/local-40454\/&amp;layout=button_count&amp;show_faces=false&amp;width=105&amp;action=like&amp;colorscheme=light&amp;height=21\"><\/iframe><\/div>\n<div id=\"td_social_sharing_article_bottom\" class=\"td-post-sharing td-ps-bg td-ps-notext td-post-sharing-style1 \">\n<div class=\"td-post-sharing-visible\"><a class=\"td-social-sharing-button td-social-sharing-button-js td-social-network td-social-facebook\" href=\"https:\/\/www.facebook.com\/sharer.php?u=https%3A%2F%2Forasul-timisoara.ro%2Flocal-40454%2F\" title=\"Facebook\"><\/p>\n<div class=\"td-social-but-text\">Facebook<\/div>\n<p><\/a><a class=\"td-social-sharing-button td-social-sharing-button-js td-social-network td-social-twitter\" href=\"https:\/\/twitter.com\/intent\/tweet?text=Prim%C4%83ria+Timi%C8%99oara+investe%C8%99te+5+milioane+de+lei+la+%E2%80%9ELouis+%C8%9Aurcanu%E2%80%9D.+A+fost+emis%C4%83+autoriza%C8%9Bia+pentru+reabilitarea+Corpului+C1&amp;url=https%3A%2F%2Forasul-timisoara.ro%2Flocal-40454%2F&amp;via=orasultm\" title=\"Twitter\"><\/p>\n<div class=\"td-social-but-text\">Twitter<\/div>\n<p><\/a><a class=\"td-social-sharing-button td-social-sharing-button-js td-social-network td-social-whatsapp\" href=\"https:\/\/api.whatsapp.com\/send?text=Prim%C4%83ria+Timi%C8%99oara+investe%C8%99te+5+milioane+de+lei+la+%E2%80%9ELouis+%C8%9Aurcanu%E2%80%9D.+A+fost+emis%C4%83+autoriza%C8%9Bia+pentru+reabilitarea+Corpului+C1%20%0A%0A%20https:\/\/orasul-timisoara.ro\/local-40454\/\" title=\"WhatsApp\"><\/p>\n<div class=\"td-social-but-text\">WhatsApp<\/div>\n<p><\/a><a class=\"td-social-sharing-button td-social-sharing-button-js td-social-network td-social-linkedin\" href=\"https:\/\/www.linkedin.com\/shareArticle?mini=true&amp;url=https:\/\/orasul-timisoara.ro\/local-40454\/&amp;title=Prim%C4%83ria+Timi%C8%99oara+investe%C8%99te+5+milioane+de+lei+la+%E2%80%9ELouis+%C8%9Aurcanu%E2%80%9D.+A+fost+emis%C4%83+autoriza%C8%9Bia+pentru+reabilitarea+Corpului+C1\" title=\"Linkedin\"><\/p>\n<div class=\"td-social-but-text\">Linkedin<\/div>\n<p><\/a><a class=\"td-social-sharing-button td-social-sharing-button-js td-social-network td-social-reddit\" href=\"https:\/\/reddit.com\/submit?url=https:\/\/orasul-timisoara.ro\/local-40454\/&amp;title=Prim%C4%83ria+Timi%C8%99oara+investe%C8%99te+5+milioane+de+lei+la+%E2%80%9ELouis+%C8%9Aurcanu%E2%80%9D.+A+fost+emis%C4%83+autoriza%C8%9Bia+pentru+reabilitarea+Corpului+C1\" title=\"ReddIt\"><\/p>\n<div class=\"td-social-but-text\">ReddIt<\/div>\n<p><\/a><a class=\"td-social-sharing-button td-social-sharing-button-js td-social-network td-social-mail\" href=\"mailto:?subject=Prim%C4%83ria%20Timi%C8%99oara%20investe%C8%99te%205%20milioane%20de%20lei%20la%20%E2%80%9ELouis%20%C8%9Aurcanu%E2%80%9D.%20A%20fost%20emis%C4%83%20autoriza%C8%9Bia%20pentru%20reabilitarea%20Corpului%20C1&amp;body=https:\/\/orasul-timisoara.ro\/local-40454\/\" title=\"Email\"><\/p>\n<div class=\"td-social-but-text\">Email<\/div>\n<p><\/a><a class=\"td-social-sharing-button td-social-sharing-button-js td-social-network td-social-print\" href=\"https:\/\/orasul-timisoara.ro\/local-40454\/\" title=\"Imprimare\"><\/p>\n<div class=\"td-social-but-text\">Imprimare<\/div>\n<p><\/a><\/div>\n<\/div>\n<\/div>\n<div class=\"td-block-row td-post-next-prev\">\n<div class=\"td-block-span6 td-post-prev-post\">\n<div class=\"td-post-next-prev-content\"><span>Articolul precedent<\/span><a href=\"https:\/\/orasul-timisoara.ro\/local-40449\/\">Cum se s\u0103rb\u0103torea 23 august \u00een comunism: parade, propagand\u0103 \u0219i cultul lui Ceau\u0219escu<\/a><\/div>\n<\/div>\n<div class=\"td-block-span6 td-post-next-post\">\n<div class=\"td-post-next-prev-content\"><span>Articolul urm\u0103tor<\/span><a href=\"https:\/\/orasul-timisoara.ro\/local-40457\/\">Noul \u201eDan P\u0103ltini\u0219anu\u201d intr\u0103 \u00een linie dreapt\u0103. Simonis: \u201eTimi\u0219oara \u0219i Timi\u0219ul au a\u0219teptat suficient\u201d (video)<\/a><\/div>\n<\/div>\n<\/div>\n<div class=\"td-author-name vcard author\"><span class=\"fn\"><a href=\"https:\/\/orasul-timisoara.ro\/author\/timisoara\/\">redactia<\/a><\/span><\/div>\n<p><span class=\"td-page-meta\"><\/span><span class=\"td-page-meta\"><span class=\"td-page-meta\"><\/span><\/span><span class=\"td-page-meta\"><\/span><\/footer>\n<div class=\"td_block_wrap td_block_related_posts tdi_3 td_with_ajax_pagination td-pb-border-top td_block_template_8\" data-td-block-uid=\"tdi_3\">\n<h4 class=\"td-related-title td-block-title\"><a id=\"tdi_4\" class=\"td-related-left td-cur-simple-item\" data-td_filter_value data-td_block_id=\"tdi_3\" href=\"https:\/\/orasul-timisoara.ro\/local-40454\/\">ARTICOLE SIMILARE<\/a><a id=\"tdi_5\" class=\"td-related-right\" data-td_filter_value=\"td_related_more_from_author\" data-td_block_id=\"tdi_3\" href=\"https:\/\/orasul-timisoara.ro\/local-40454\/\">DE LA ACELA\u0218I AUTOR<\/a><\/h4>\n<div id=\"tdi_3\" class=\"td_block_inner\">\n<div class=\"td-related-row\">\n<div class=\"td-related-span4\">\n<div class=\"td_module_related_posts td-animation-stack td_mod_related_posts\">\n<div class=\"td-module-image\">\n<div class=\"td-module-thumb\"><a href=\"https:\/\/orasul-timisoara.ro\/local-40457\/\" rel=\"bookmark\" class=\"td-image-wrap \" title=\"Noul \u201eDan P\u0103ltini\u0219anu\u201d intr\u0103 \u00een linie dreapt\u0103. Simonis: \u201eTimi\u0219oara \u0219i Timi\u0219ul au a\u0219teptat suficient\u201d (video)\"><img loading=\"lazy\" decoding=\"async\" class=\"entry-thumb\" src=\"https:\/\/orasul-timisoara.ro\/wp-content\/uploads\/2026\/08\/783621665_1073572408377871_8887093214961580410_n-436x300.jpg\" alt title=\"Noul \u201eDan P\u0103ltini\u0219anu\u201d intr\u0103 \u00een linie dreapt\u0103. Simonis: \u201eTimi\u0219oara \u0219i Timi\u0219ul au a\u0219teptat suficient\u201d (video)\" width=\"218\" height=\"150\"><\/a><\/div>\n<\/div>\n<div class=\"item-details\">\n<h3 class=\"entry-title td-module-title\"><a href=\"https:\/\/orasul-timisoara.ro\/local-40457\/\" rel=\"bookmark\" title=\"Noul \u201eDan P\u0103ltini\u0219anu\u201d intr\u0103 \u00een linie dreapt\u0103. Simonis: \u201eTimi\u0219oara \u0219i Timi\u0219ul au a\u0219teptat suficient\u201d (video)\">Noul \u201eDan P\u0103ltini\u0219anu\u201d intr\u0103 \u00een linie dreapt\u0103. Simonis: \u201eTimi\u0219oara \u0219i Timi\u0219ul au a\u0219teptat suficient\u201d (video)<\/a><\/h3>\n<\/div>\n<\/div>\n<\/div>\n<div class=\"td-related-span4\">\n<div class=\"td_module_related_posts td-animation-stack td_mod_related_posts\">\n<div class=\"td-module-image\">\n<div class=\"td-module-thumb\"><a href=\"https:\/\/orasul-timisoara.ro\/local-40405\/\" rel=\"bookmark\" class=\"td-image-wrap \" title=\"Timi\u0219oara poate primi finan\u021bare pentru maximum dou\u0103 blocuri prin programul \u201eLift pentru via\u021b\u0103\u201d\"><img loading=\"lazy\" decoding=\"async\" class=\"entry-thumb\" src=\"https:\/\/orasul-timisoara.ro\/wp-content\/uploads\/2026\/08\/lift-buton-436x300.jpg\" alt title=\"Timi\u0219oara poate primi finan\u021bare pentru maximum dou\u0103 blocuri prin programul \u201eLift pentru via\u021b\u0103\u201d\" width=\"218\" height=\"150\"><\/a><\/div>\n<\/div>\n<div class=\"item-details\">\n<h3 class=\"entry-title td-module-title\"><a href=\"https:\/\/orasul-timisoara.ro\/local-40405\/\" rel=\"bookmark\" title=\"Timi\u0219oara poate primi finan\u021bare pentru maximum dou\u0103 blocuri prin programul \u201eLift pentru via\u021b\u0103\u201d\">Timi\u0219oara poate primi finan\u021bare pentru maximum dou\u0103 blocuri prin programul \u201eLift pentru via\u021b\u0103\u201d<\/a><\/h3>\n<\/div>\n<\/div>\n<\/div>\n<div class=\"td-related-span4\">\n<div class=\"td_module_related_posts td-animation-stack td_mod_related_posts\">\n<div class=\"td-module-image\">\n<div class=\"td-module-thumb\"><a href=\"https:\/\/orasul-timisoara.ro\/local-40400\/\" rel=\"bookmark\" class=\"td-image-wrap \" title=\"Inelul 2 Est se schimb\u0103 \u00eenainte de \u0219antier: licita\u021bia pentru lucr\u0103ri, anulat\u0103 de Prim\u0103ria Timi\u0219oara\"><img loading=\"lazy\" decoding=\"async\" class=\"entry-thumb\" src=\"https:\/\/orasul-timisoara.ro\/wp-content\/uploads\/2026\/08\/masina-deplasare-baader-436x300.jpg\" alt title=\"Inelul 2 Est se schimb\u0103 \u00eenainte de \u0219antier: licita\u021bia pentru lucr\u0103ri, anulat\u0103 de Prim\u0103ria Timi\u0219oara\" width=\"218\" height=\"150\"><\/a><\/div>\n<\/div>\n<div class=\"item-details\">\n<h3 class=\"entry-title td-module-title\"><a href=\"https:\/\/orasul-timisoara.ro\/local-40400\/\" rel=\"bookmark\" title=\"Inelul 2 Est se schimb\u0103 \u00eenainte de \u0219antier: licita\u021bia pentru lucr\u0103ri, anulat\u0103 de Prim\u0103ria Timi\u0219oara\">Inelul 2 Est se schimb\u0103 \u00eenainte de \u0219antier: licita\u021bia pentru lucr\u0103ri, anulat\u0103 de Prim\u0103ria Timi\u0219oara<\/a><\/h3>\n<\/div>\n<\/div>\n<\/div>\n<\/div>\n<\/div>\n<\/div>\n<div class=\"comments\" id=\"comments\">\n<div id=\"respond\" class=\"comment-respond\">\n<h3 id=\"reply-title\" class=\"comment-reply-title\">L\u0102SA\u021aI UN MESAJ<\/h3>\n<div class=\"comment-form-input-wrap td-form-comment\">\n<div class=\"td-warning-comment\">V\u0103 rug\u0103m s\u0103 introduce\u021bi comentariul dvs.!<\/div>\n<\/div>\n<div class=\"comment-form-input-wrap td-form-author\">\n<div class=\"td-warning-author\">Introduce\u021bi aici numele dvs.<\/div>\n<\/div>\n<div class=\"comment-form-input-wrap td-form-email\">\n<div class=\"td-warning-email-error\">A\u021bi introdus o adres\u0103 de e-mail incorect\u0103!<\/div>\n<div class=\"td-warning-email\">V\u0103 rug\u0103m s\u0103 introduce\u021bi adresa dvs. de e-mail aici<\/div>\n<\/div>\n<\/div>\n<p class=\"akismet_comment_form_privacy_notice\">Acest site folose\u0219te Akismet pentru a reduce spamul. <a href=\"https:\/\/akismet.com\/privacy\/\" target=\"_blank\" rel=\"nofollow noopener\">Afl\u0103 cum sunt procesate datele comentariilor tale<\/a>.<\/p>\n<\/div>\n<\/div>\n<\/div>\n<div class=\"td-pb-span4 td-main-sidebar\" role=\"complementary\">\n<div class=\"td-ss-main-sidebar\">\n<aside id=\"block-4\" class=\"td_block_template_8 widget block-4 widget_block widget_media_image\">\n<figure class=\"wp-block-image size-full\"><img loading=\"lazy\" decoding=\"async\" width=\"336\" height=\"280\" src=\"https:\/\/orasul-timisoara.ro\/wp-content\/uploads\/2024\/11\/ReTIM-Abonamentul-Verde-Google-Ads-336x280px.gif\" alt class=\"wp-image-29257\"><\/figure>\n<\/aside>\n<div class=\"td_block_wrap td_block_social_counter td_block_widget tdi_6 td-social-style5 td-social-boxed td-pb-border-top td_block_template_8\">\n<div class=\"td-block-title-wrap\">\n<h4 class=\"td-block-title\"><span>Urm\u0103re\u0219te-ne pe Social Media<\/span><\/h4>\n<\/div>\n<div class=\"td-social-list\">\n<div class=\"td_social_type td-pb-margin-side td_social_facebook\">\n<div class=\"td-social-box\"><span class=\"td_social_info td_social_info_counter\">344,595<\/span><span class=\"td_social_info td_social_info_name\">Fani<\/span><span class=\"td_social_button\"><a href=\"https:\/\/www.facebook.com\/247timisoara\" target=\"_blank\" rel=\"nofollow\">\u00cemi place<\/a><\/span><\/div>\n<\/div>\n<div class=\"td_social_type td-pb-margin-side td_social_instagram\">\n<div class=\"td-social-box\"><span class=\"td_social_info td_social_info_counter\">4,416<\/span><span class=\"td_social_info td_social_info_name\">Cititori<\/span><span class=\"td_social_button\"><a href=\"https:\/\/instagram.com\/orasultimisoararo\/\" target=\"_blank\" rel=\"nofollow\">Conecta\u021bi-v\u0103<\/a><\/span><\/div>\n<\/div>\n<div class=\"td_social_type td-pb-margin-side td_social_rss\">\n<div class=\"td-social-box\"><span class=\"td_social_info td_social_info_counter\">12,506<\/span><span class=\"td_social_info td_social_info_name\">Cititori<\/span><span class=\"td_social_button\"><a href=\"https:\/\/orasul-timisoara.ro\/feed\/\" target=\"_blank\" rel=\"nofollow\">Conecta\u021bi-v\u0103<\/a><\/span><\/div>\n<\/div>\n<div class=\"td_social_type td-pb-margin-side td_social_tiktok\">\n<div class=\"td-social-box\"><span class=\"td_social_info td_social_info_counter\">1,500<\/span><span class=\"td_social_info td_social_info_name\">Cititori<\/span><span class=\"td_social_button\"><a href=\"https:\/\/www.tiktok.com\/@orasultimisoara\" target=\"_blank\" rel=\"nofollow\">Conecta\u021bi-v\u0103<\/a><\/span><\/div>\n<\/div>\n<div class=\"td_social_type td-pb-margin-side td_social_twitter\">\n<div class=\"td-social-box\"><span class=\"td_social_info td_social_info_counter\">1,595<\/span><span class=\"td_social_info td_social_info_name\">Cititori<\/span><span class=\"td_social_button\"><a href=\"https:\/\/twitter.com\/orasultm\" target=\"_blank\" rel=\"nofollow\">Conecta\u021bi-v\u0103<\/a><\/span><\/div>\n<\/div>\n<div class=\"td_social_type td-pb-margin-side td_social_youtube\">\n<div class=\"td-social-box\"><span class=\"td_social_info td_social_info_counter\">3,506<\/span><span class=\"td_social_info td_social_info_name\">Abona\u021bi<\/span><span class=\"td_social_button\"><a href=\"https:\/\/www.youtube.com\/channel\/UCQNsQvs2XCSIm1Z-AHRturw?sub_confirmation=1\" target=\"_blank\" rel=\"nofollow\">Abona\u021bi-v\u0103<\/a><\/span><\/div>\n<\/div>\n<\/div>\n<\/div>\n<aside id=\"text-7\" class=\"td_block_template_8 widget text-7 widget_text\">\n<h4 class=\"td-block-title\"><span>C\u0103ut\u0103ri populare pe OTM<\/span><\/h4>\n<div class=\"textwidget\"><a href=\"https:\/\/orasul-timisoara.ro\/?s=timisoara\"><span>Timisoara<\/span><\/a><a href=\"https:\/\/orasul-timisoara.ro\/?s=calin+dobra\"><span>Calin Dobra<\/span><\/a><a href=\"https:\/\/orasul-timisoara.ro\/?s=primaria+timisoara\"><span>Primaria Timisoara<\/span><\/a><a href=\"https:\/\/orasul-timisoara.ro\/?s=dominic+fritz\"><span>Dominic Fritz<\/span><\/a><a href=\"https:\/\/orasul-timisoara.ro\/?s=nicolae+robu\"><span>Nicolae Robu<\/span><\/a><a href=\"https:\/\/orasul-timisoara.ro\/?s=consiliul+local+timisoara\">Consiliul Local Timisoara<\/a><a href=\"https:\/\/orasul-timisoara.ro\/?s=consiliul+judetean+timis\"><span>Consiliul Judetean Timis<\/span><\/a><a href=\"https:\/\/orasul-timisoara.ro\/?s=cjt\"><span>CJT<\/span><\/a><a href=\"https:\/\/orasul-timisoara.ro\/?s=Alfred+Simonis\"><span>Alfred Simonis<\/span><\/a><a href=\"https:\/\/orasul-timisoara.ro\/?s=PNL\"><span>PNL<\/span><\/a><a href=\"https:\/\/orasul-timisoara.ro\/?s=coronavirus\"><span>coronavirus<\/span><\/a><a href=\"https:\/\/orasul-timisoara.ro\/?s=teatru+timisoara\">teatru Timisoara<\/a><a href=\"https:\/\/orasul-timisoara.ro\/?s=restaurante\"><span>restaurante Timisoara<\/span><\/a><a href=\"https:\/\/orasul-timisoara.ro\/?s=diskoteka\"><span>Diskoteka<\/span><\/a><a href=\"https:\/\/orasul-timisoara.ro\/?s=iulius+town\"><span>Iulius Town<\/span><\/a><a href=\"https:\/\/orasul-timisoara.ro\/?s=iulius+mall\"><span>Iulius Mall<\/span><\/a><a href=\"https:\/\/orasul-timisoara.ro\/?s=stpt\"><span>STPT<\/span><\/a><a href=\"https:\/\/orasul-timisoara.ro\/?s=alin+nica\"><span>Alin Nica<\/span><\/a><a href=\"https:\/\/orasul-timisoara.ro\/?s=psd\"><span>PSD<\/span><\/a><a href=\"https:\/\/orasul-timisoara.ro\/?s=aeroport\"><span>Aeroportul International Timisoara<\/span><\/a><a href=\"https:\/\/orasul-timisoara.ro\/?s=babes\"><span>Spitalul Victor Babes Timisoara<\/span><\/a><a href=\"https:\/\/orasul-timisoara.ro\/?s=poli\"><span>Poli Timi\u0219oara<\/span><\/a><a href=\"https:\/\/orasul-timisoara.ro\/?s=carantina\"><span>carantina<\/span><\/a><a href=\"https:\/\/orasul-timisoara.ro\/?s=aquatim\"><span>Aquatim<\/span><\/a><a href=\"https:\/\/orasul-timisoara.ro\/local-category\/stiri-timisoara\/\"><span>Stiri Timisoara<\/span><\/a><a href=\"https:\/\/orasul-timisoara.ro\/local-category\/investitii-in-timisoara\/\"><span>Investi\u021bii in Timi\u0219oara<\/span><\/a><a href=\"https:\/\/orasul-timisoara.ro\/local-9463\/\"><span>shaorma<\/span><\/a><a href=\"https:\/\/orasul-timisoara.ro\/?s=trafic\"><span>trafic rutier<\/span><\/a><a href=\"https:\/\/orasul-timisoara.ro\/?s=politia\"><span>politia locala timisoara<\/span><\/a><a href=\"https:\/\/orasul-timisoara.ro\/?s=roxana\"><span>Roxana Iliescu<\/span><\/a><a href=\"https:\/\/orasul-timisoara.ro\/?s=colterm\"><span>Colterm<\/span><\/a><a href=\"https:\/\/orasul-timisoara.ro\/?s=latcau\"><span>Ruben La\u021bc\u0103u<\/span><\/a><a href=\"https:\/\/orasul-timisoara.ro\/?s=timis\"><span>\u0218tiri din Timi\u0219<\/span><\/a><a href=\"https:\/\/orasul-timisoara.ro\/?s=spital\"><span>Spitale din Timi\u0219oara<\/span><\/a><a href=\"https:\/\/orasul-timisoara.ro\/?s=tabara\"><span>Cosmin Tab\u0103r\u0103<\/span><\/a><\/div>\n<\/aside>\n<aside id=\"rss-2\" class=\"td_block_template_8 widget rss-2 widget_rss\">\n<h4 class=\"td-block-title\"><span><a class=\"rsswidget rss-widget-feed\" href=\"https:\/\/fashionfridays.ro\/feed\"><img decoding=\"async\" class=\"rss-widget-icon\" width=\"14\" height=\"14\" src=\"https:\/\/orasul-timisoara.ro\/wp-includes\/images\/rss.png\" alt=\"Flux RSS: Fashion Fridays\" loading=\"lazy\"><\/a><a class=\"rsswidget rss-widget-title\" href=\"https:\/\/fashionfridays.ro\/\">Fashion Fridays<\/a><\/span><\/h4>\n<ul>\n<li><a class=\"rsswidget\" href=\"https:\/\/fashionfridays.ro\/romania-devine-a-29-a-piata-vogue-o-noua-era-pentru-industria-locala-de-moda\/\">Rom\u00e2nia devine a 29-a pia\u021b\u0103 Vogue: o nou\u0103 er\u0103 pentru industria local\u0103 de mod\u0103<\/a>\n<div class=\"rssSummary\">Revista Vogue \u00ee\u0219i extinde prezen\u021ba global\u0103 \u0219i va fi lansat\u0103 oficial \u00een Rom\u00e2nia \u00een prim\u0103vara anului 2027, marc\u00e2nd intrarea pe cea de-a 29-a pia\u021b\u0103 interna\u021bional\u0103. Proiectul este realizat \u00een parteneriat cu AEMME Publishing, o companie media recent \u00eenfiin\u021bat\u0103, care va publica edi\u021bia local\u0103 sub licen\u021b\u0103. Noua edi\u021bie, Vogue Rom\u00e2nia, \u00ee\u0219i propune s\u0103 combine autoritatea global\u0103 [\u2026]<\/div>\n<\/li>\n<\/ul>\n<\/aside>\n<aside id=\"rss-4\" class=\"td_block_template_8 widget rss-4 widget_rss\">\n<h4 class=\"td-block-title\"><span><a class=\"rsswidget rss-widget-feed\" href=\"https:\/\/emasini.ro\/feed\"><img decoding=\"async\" class=\"rss-widget-icon\" width=\"14\" height=\"14\" src=\"https:\/\/orasul-timisoara.ro\/wp-includes\/images\/rss.png\" alt=\"Flux RSS: eMasini\" loading=\"lazy\"><\/a><a class=\"rsswidget rss-widget-title\" href=\"https:\/\/emasini.ro\/\">eMasini<\/a><\/span><\/h4>\n<ul>\n<li><a class=\"rsswidget\" href=\"https:\/\/emasini.ro\/adio-bordurilor-pline-de-ecrane-mercedes-benz-readuce-butoanele-in-noile-masini-produse\/\">Adio bordurilor pline de ecrane? Mercedes-Benz readuce butoanele \u00een noile ma\u0219ini produse<\/a>\n<div class=\"rssSummary\">Mercedes-Benz \u00ee\u0219i schimb\u0103 direc\u021bia \u00een ceea ce prive\u0219te designul interioarelor \u0219i va readuce comenzile fizice pentru anumite func\u021bii importante. Constructorul german nu renun\u021b\u0103 la ecranele mari \u0219i la tehnologiile digitale, dar recunoa\u0219te c\u0103 a mers prea departe prin eliminarea unor butoane \u0219i comenzi tactile. Ola K\u00e4llenius, pre\u0219edintele Consiliului de Administra\u021bie al Mercedes-Benz Group \u0219i CEO [\u2026]<\/div>\n<\/li>\n<\/ul>\n<\/aside>\n<\/div>\n<\/div>\n<\/div>\n<\/div>\n<\/article>\n<div class=\"td-post-content tagdiv-type\">\n<p class=\"wp-block-paragraph\">Spitalul de Copii \u201eLouis \u021aurcanu\u201d din Timi\u0219oara intr\u0103 \u00eentr-o nou\u0103 etap\u0103 de modernizare, dup\u0103 ce Prim\u0103ria Municipiului Timi\u0219oara a emis autoriza\u021bia de construire pentru reabilitarea Corpului C1. Investi\u021bia are o valoare total\u0103 de aproape 15 milioane de lei, iar municipalitatea contribuie cu 5 milioane de lei de la bugetul local.<\/p>\n<h2 class=\"wp-block-heading\">Corpul C1 de la \u201eLouis \u021aurcanu\u201d va fi reabilitat<\/h2>\n<p class=\"wp-block-paragraph\">Lucr\u0103rile prev\u0103zute \u00een proiect vizeaz\u0103 at\u00e2t anveloparea \u0219i termoizolarea cl\u0103dirii, c\u00e2t \u0219i modernizarea mai multor componente ale acesteia. Vor fi \u00eenlocuite tencuielile \u0219i t\u00e2mpl\u0103ria de lemn existent\u0103, iar instala\u021biile, sistemul de ventila\u021bie \u0219i iluminatul vor fi modernizate.<\/p>\n<p class=\"wp-block-paragraph\">Proiectul prevede \u0219i instalarea unor panouri fotovoltaice, m\u0103surile fiind concepute astfel \u00eenc\u00e2t consumul de energie al cl\u0103dirii s\u0103 fie redus cu peste 60%.<\/p>\n<h2 class=\"wp-block-heading\">Lift nou pentru t\u0103rgi \u0219i acces modernizat<\/h2>\n<p class=\"wp-block-paragraph\">Reabilitarea Corpului C1 include \u0219i interven\u021bii pentru \u00eembun\u0103t\u0103\u021birea func\u021bionalit\u0103\u021bii \u0219i accesibilit\u0103\u021bii cl\u0103dirii. Va fi instalat un lift nou pentru transportul t\u0103rgilor, va fi construit\u0103 o scar\u0103 de evacuare \u0219i vor fi ref\u0103cute rampele de acces.<\/p>\n<p class=\"wp-block-paragraph\">Odat\u0103 cu emiterea autoriza\u021biei de construire, Spitalul Clinic de Urgen\u021b\u0103 pentru Copii \u201eLouis \u021aurcanu\u201d poate continua demersurile necesare pentru etapa de execu\u021bie a investi\u021biei.<\/p>\n<h2 class=\"wp-block-heading\">Mai multe investi\u021bii la Spitalul de Copii<\/h2>\n<p class=\"wp-block-paragraph\">Reabilitarea Corpului C1 nu este singura investi\u021bie pe care Prim\u0103ria Timi\u0219oara o deruleaz\u0103 la \u201eLouis \u021aurcanu\u201d. Municipalitatea finan\u021beaz\u0103 \u0219i lucr\u0103ri pentru reabilitarea Sec\u021biei de Recuperare Pediatric\u0103 de pe strada Teiului \u0219i a cl\u0103dirii de pe strada Corbului, fosta clinic\u0103 de neurologie.<\/p>\n<p class=\"wp-block-paragraph\">Programul de investi\u021bii include, de asemenea, achizi\u021bia de dot\u0103ri \u0219i echipamente medicale pentru spital.<\/p>\n<h2 class=\"wp-block-heading\">Peste 9 milioane de euro pentru Spitalul de Copii \u00een 2026<\/h2>\n<p class=\"wp-block-paragraph\">Potrivit Prim\u0103riei Timi\u0219oara, investi\u021biile realizate \u00een acest an pentru Spitalul de Copii \u201eLouis \u021aurcanu\u201d dep\u0103\u0219esc 9 milioane de euro din bugetul local.<\/p>\n<p class=\"wp-block-paragraph\">\u201eMergem mai departe cu investi\u021biile pentru spitale: am emis autoriza\u021bia de construire pentru reabilitarea Corpului C1 de la \u00abLouis \u021aurcanu\u00bb\u201d, a transmis Prim\u0103ria Municipiului Timi\u0219oara.<\/p>\n<p class=\"wp-block-paragraph\">Municipalitatea sus\u021bine c\u0103 investi\u021biile urm\u0103resc at\u00e2t modernizarea infrastructurii medicale, c\u00e2t \u0219i reducerea costurilor de func\u021bionare \u0219i \u00eembun\u0103t\u0103\u021birea condi\u021biilor pentru pacien\u021bi \u0219i personalul medical.<\/p>\n<\/div>\n<p>[analyse_source url=&#8221;https:\/\/orasul-timisoara.ro\/local-40454\/&#8221;]<\/p>\n","protected":false},"excerpt":{"rendered":"<p>[analyse_image type=&#8221;featured&#8221; src=&#8221;https:\/\/orasul-timisoara.ro\/wp-content\/uploads\/2026\/08\/spialul-de-copii.jpg&#8221;] Administra\u021bie local\u0103Prim\u0103ria Timi\u0219oara investe\u0219te 5 milioane de lei la \u201eLouis \u021aurcanu\u201d. A fost&#8230; Administra\u021bie local\u0103 S\u0103n\u0103tate \u0218tiri Locale Prim\u0103ria Timi\u0219oara investe\u0219te 5 milioane de lei la \u201eLouis \u021aurcanu\u201d. A fost emis\u0103 autoriza\u021bia pentru reabilitarea Corpului C1 De c\u0103tre redactia &#8211; 25\/08\/2026 Facebook Twitter WhatsApp Linkedin ReddIt Email Imprimare Spitalul de Copii \u201eLouis [&hellip;]<\/p>\n","protected":false},"author":1,"featured_media":0,"comment_status":"open","ping_status":"","sticky":false,"template":"","format":"standard","meta":{"footnotes":""},"categories":[89],"tags":[226,189],"class_list":["post-2110748","post","type-post","status-publish","format-standard","hentry","category-romania","tag-crawlmanager","tag-orasul-timisoara-ro"],"_links":{"self":[{"href":"https:\/\/analyse.optim.biz\/index.php?rest_route=\/wp\/v2\/posts\/2110748","targetHints":{"allow":["GET"]}}],"collection":[{"href":"https:\/\/analyse.optim.biz\/index.php?rest_route=\/wp\/v2\/posts"}],"about":[{"href":"https:\/\/analyse.optim.biz\/index.php?rest_route=\/wp\/v2\/types\/post"}],"author":[{"embeddable":true,"href":"https:\/\/analyse.optim.biz\/index.php?rest_route=\/wp\/v2\/users\/1"}],"replies":[{"embeddable":true,"href":"https:\/\/analyse.optim.biz\/index.php?rest_route=%2Fwp%2Fv2%2Fcomments&post=2110748"}],"version-history":[{"count":0,"href":"https:\/\/analyse.optim.biz\/index.php?rest_route=\/wp\/v2\/posts\/2110748\/revisions"}],"wp:attachment":[{"href":"https:\/\/analyse.optim.biz\/index.php?rest_route=%2Fwp%2Fv2%2Fmedia&parent=2110748"}],"wp:term":[{"taxonomy":"category","embeddable":true,"href":"https:\/\/analyse.optim.biz\/index.php?rest_route=%2Fwp%2Fv2%2Fcategories&post=2110748"},{"taxonomy":"post_tag","embeddable":true,"href":"https:\/\/analyse.optim.biz\/index.php?rest_route=%2Fwp%2Fv2%2Ftags&post=2110748"}],"curies":[{"name":"wp","href":"https:\/\/api.w.org\/{rel}","templated":true}]}}