{"id":2110695,"date":"2026-08-25T13:26:03","date_gmt":"2026-08-25T10:26:03","guid":{"rendered":"https:\/\/analyse.optim.biz\/?p=2110695"},"modified":"2026-08-25T13:26:03","modified_gmt":"2026-08-25T10:26:03","slug":"o-noua-rectificare-bugetara-operata-de-consiliul-judetean-buzau","status":"publish","type":"post","link":"https:\/\/analyse.optim.biz\/?p=2110695","title":{"rendered":"O nou\u0103 rectificare bugetar\u0103 operat\u0103 de Consiliul Jude\u021bean Buz\u0103u"},"content":{"rendered":"<p>[analyse_image type=&#8221;featured&#8221; src=&#8221;https:\/\/blitz24.ro\/wp-content\/uploads\/2025\/10\/consiliul-judetean-buzau-membri-sala-2025.jpg&#8221;]<\/p>\n<div class=\"cm-entry-summary\">\n<div class=\"td-post-content\">\n<p><strong>Consilierii jude\u021beni din\u00a0 Buz\u0103u se vor \u00eentruni, miercuri, 26 august, de la ora 12:00, \u00een \u0219edin\u021ba ordinar\u0103 a lunii.\u00a0<\/strong><\/p>\n<p>Pe ordinea de zi se afl\u0103 29 de proiecte, dar \u0219i alte probleme ale activit\u0103\u021bii curente.<\/p>\n<p>Consilierii jude\u021beni vor supune la vot o nou\u0103 rectificare a bugetului propriu al jude\u021bului Buz\u0103u pe anul 2026, precum \u0219i modific\u0103ri ale bugetelor mai multor institu\u021bii aflate \u00een subordine.<\/p>\n<p>De asemenea, Consiliul Jude\u021bean va aproba modificarea unei hot\u0103r\u00e2ri din 2025 privind stabilirea taxelor \u0219i tarifelor de nivel jude\u021bean pentru anul 2026.<\/p>\n<p>CITE\u0218TE \u0218I <a href=\"https:\/\/blitz24.ro\/stiri-locale\/actualitate\/drumul-spre-zaplazi-a-fost-asfaltat-complet\/\">Drumul spre Z\u0103plazi a fost asfaltat complet<\/a><\/p>\n<p>Tot miercuri, ale\u0219ii jude\u021beni vor vota aprobarea co-organiz\u0103rii de c\u0103tre Consiliului Jude\u021bean Buz\u0103u \u0219i Consiliul Local al Municipiului Rm. S\u0103rat a proiectului cultural \u201eR\u00e2mnicu S\u0103rat Art\u201d \u2013 edi\u021bia II, septembrie 2026.<\/p>\n<\/div>\n<footer>\n<div class=\"td-post-source-tags\">\n<p>\u00a0<\/p>\n<\/div>\n<\/footer>\n<\/div>\n<p>[analyse_source url=&#8221;https:\/\/blitz24.ro\/stiri-judetene\/politica-stiri-judetene\/o-noua-rectificare-bugetara-operata-de-consiliul-judetean-buzau\/&#8221;]<\/p>\n","protected":false},"excerpt":{"rendered":"<p>[analyse_image type=&#8221;featured&#8221; src=&#8221;https:\/\/blitz24.ro\/wp-content\/uploads\/2025\/10\/consiliul-judetean-buzau-membri-sala-2025.jpg&#8221;] Consilierii jude\u021beni din\u00a0 Buz\u0103u se vor \u00eentruni, miercuri, 26 august, de la ora 12:00, \u00een \u0219edin\u021ba ordinar\u0103 a lunii.\u00a0 Pe ordinea de zi se afl\u0103 29 de proiecte, dar \u0219i alte probleme ale activit\u0103\u021bii curente. Consilierii jude\u021beni vor supune la vot o nou\u0103 rectificare a bugetului propriu al jude\u021bului Buz\u0103u pe anul [&hellip;]<\/p>\n","protected":false},"author":1,"featured_media":0,"comment_status":"open","ping_status":"","sticky":false,"template":"","format":"standard","meta":{"footnotes":""},"categories":[2],"tags":[42,226],"class_list":["post-2110695","post","type-post","status-publish","format-standard","hentry","category-politics","tag-blitz24-ro","tag-crawlmanager"],"_links":{"self":[{"href":"https:\/\/analyse.optim.biz\/index.php?rest_route=\/wp\/v2\/posts\/2110695","targetHints":{"allow":["GET"]}}],"collection":[{"href":"https:\/\/analyse.optim.biz\/index.php?rest_route=\/wp\/v2\/posts"}],"about":[{"href":"https:\/\/analyse.optim.biz\/index.php?rest_route=\/wp\/v2\/types\/post"}],"author":[{"embeddable":true,"href":"https:\/\/analyse.optim.biz\/index.php?rest_route=\/wp\/v2\/users\/1"}],"replies":[{"embeddable":true,"href":"https:\/\/analyse.optim.biz\/index.php?rest_route=%2Fwp%2Fv2%2Fcomments&post=2110695"}],"version-history":[{"count":0,"href":"https:\/\/analyse.optim.biz\/index.php?rest_route=\/wp\/v2\/posts\/2110695\/revisions"}],"wp:attachment":[{"href":"https:\/\/analyse.optim.biz\/index.php?rest_route=%2Fwp%2Fv2%2Fmedia&parent=2110695"}],"wp:term":[{"taxonomy":"category","embeddable":true,"href":"https:\/\/analyse.optim.biz\/index.php?rest_route=%2Fwp%2Fv2%2Fcategories&post=2110695"},{"taxonomy":"post_tag","embeddable":true,"href":"https:\/\/analyse.optim.biz\/index.php?rest_route=%2Fwp%2Fv2%2Ftags&post=2110695"}],"curies":[{"name":"wp","href":"https:\/\/api.w.org\/{rel}","templated":true}]}}