{"id":2110693,"date":"2026-08-25T10:39:07","date_gmt":"2026-08-25T07:39:07","guid":{"rendered":"https:\/\/analyse.optim.biz\/?p=2110693"},"modified":"2026-08-25T10:39:07","modified_gmt":"2026-08-25T07:39:07","slug":"tanara-de-18-ani-arestata-la-slobozia-bradului","status":"publish","type":"post","link":"https:\/\/analyse.optim.biz\/?p=2110693","title":{"rendered":"T\u00e2n\u0103r\u0103 de 18 ani arestat\u0103 la Slobozia Bradului"},"content":{"rendered":"<p>[analyse_image type=&#8221;featured&#8221; src=&#8221;https:\/\/blitz24.ro\/wp-content\/uploads\/2025\/09\/razie-slobozia-bradului-vrancea.jpeg&#8221;]<\/p>\n<div class=\"cm-entry-summary\">\n<p><strong>La data de 24 august, poli\u021bi\u0219tii din cadrul Sec\u021biei 2 Poli\u021bie Rural\u0103 Guge\u0219ti au ac\u021bionat conform atribu\u021biilor de serviciu \u0219i au depistat, \u00een comuna Slobozia Bradului, o t\u00e2n\u0103r\u0103, \u00een v\u00e2rst\u0103 de 18 ani, din municipiul B\u00e2rlad, pe numele c\u0103reia fusese emis un mandat de arestare preventiv\u0103.<\/strong><\/p>\n<p>Mandatul de arestare preventiv\u0103 a fost emis pentru o perioad\u0103 de 30 de zile, ca urmare a s\u0103v\u00e2r\u0219irii infrac\u021biunii de \u00eenc\u0103lcare a m\u0103surilor dispuse prin ordinul de protec\u021bie, fapt\u0103 prev\u0103zut\u0103 de Legea nr. 26\/2024.<\/p>\n<p>CITE\u0218TE \u0218I <a href=\"https:\/\/blitz24.ro\/stiri-locale\/actualitate\/ramnicean-arestat-pentru-ultraj-a-injurat-si-amenintat-politistii-veniti-la-fata-locului\/\">R\u00e2mnicean arestat pentru ultraj \u2013 A \u00eenjurat \u0219i amenin\u021bat poli\u021bi\u0219tii veni\u021bi la fa\u021ba locului<\/a><\/p>\n<p>Persoana \u00een cauz\u0103 a fost introdus\u0103 \u00een Centrul de Re\u021binere \u0219i Arestare Preventiv\u0103 Vaslui.<\/p>\n<\/div>\n<p>[analyse_source url=&#8221;https:\/\/blitz24.ro\/stiri-judetene\/actualitate-stiri-judetene\/tanara-de-18-ani-arestata-la-slobozia-bradului\/&#8221;]<\/p>\n","protected":false},"excerpt":{"rendered":"<p>[analyse_image type=&#8221;featured&#8221; src=&#8221;https:\/\/blitz24.ro\/wp-content\/uploads\/2025\/09\/razie-slobozia-bradului-vrancea.jpeg&#8221;] La data de 24 august, poli\u021bi\u0219tii din cadrul Sec\u021biei 2 Poli\u021bie Rural\u0103 Guge\u0219ti au ac\u021bionat conform atribu\u021biilor de serviciu \u0219i au depistat, \u00een comuna Slobozia Bradului, o t\u00e2n\u0103r\u0103, \u00een v\u00e2rst\u0103 de 18 ani, din municipiul B\u00e2rlad, pe numele c\u0103reia fusese emis un mandat de arestare preventiv\u0103. Mandatul de arestare preventiv\u0103 a fost [&hellip;]<\/p>\n","protected":false},"author":1,"featured_media":0,"comment_status":"open","ping_status":"","sticky":false,"template":"","format":"standard","meta":{"footnotes":""},"categories":[2],"tags":[42,226],"class_list":["post-2110693","post","type-post","status-publish","format-standard","hentry","category-politics","tag-blitz24-ro","tag-crawlmanager"],"_links":{"self":[{"href":"https:\/\/analyse.optim.biz\/index.php?rest_route=\/wp\/v2\/posts\/2110693","targetHints":{"allow":["GET"]}}],"collection":[{"href":"https:\/\/analyse.optim.biz\/index.php?rest_route=\/wp\/v2\/posts"}],"about":[{"href":"https:\/\/analyse.optim.biz\/index.php?rest_route=\/wp\/v2\/types\/post"}],"author":[{"embeddable":true,"href":"https:\/\/analyse.optim.biz\/index.php?rest_route=\/wp\/v2\/users\/1"}],"replies":[{"embeddable":true,"href":"https:\/\/analyse.optim.biz\/index.php?rest_route=%2Fwp%2Fv2%2Fcomments&post=2110693"}],"version-history":[{"count":0,"href":"https:\/\/analyse.optim.biz\/index.php?rest_route=\/wp\/v2\/posts\/2110693\/revisions"}],"wp:attachment":[{"href":"https:\/\/analyse.optim.biz\/index.php?rest_route=%2Fwp%2Fv2%2Fmedia&parent=2110693"}],"wp:term":[{"taxonomy":"category","embeddable":true,"href":"https:\/\/analyse.optim.biz\/index.php?rest_route=%2Fwp%2Fv2%2Fcategories&post=2110693"},{"taxonomy":"post_tag","embeddable":true,"href":"https:\/\/analyse.optim.biz\/index.php?rest_route=%2Fwp%2Fv2%2Ftags&post=2110693"}],"curies":[{"name":"wp","href":"https:\/\/api.w.org\/{rel}","templated":true}]}}