{"id":2110691,"date":"2026-08-25T10:35:58","date_gmt":"2026-08-25T07:35:58","guid":{"rendered":"https:\/\/analyse.optim.biz\/?p=2110691"},"modified":"2026-08-25T10:35:58","modified_gmt":"2026-08-25T07:35:58","slug":"bataie-pe-o-strada-din-ghergheasa-agresorul-a-fost-retinut","status":"publish","type":"post","link":"https:\/\/analyse.optim.biz\/?p=2110691","title":{"rendered":"B\u0103taie pe o strad\u0103 din Ghergheasa \u2013 Agresorul a fost re\u021binut"},"content":{"rendered":"<p>[analyse_image type=&#8221;featured&#8221; src=&#8221;https:\/\/blitz24.ro\/wp-content\/uploads\/2025\/06\/politie-ziduri-buzau.jpeg&#8221;]<\/p>\n<div class=\"cm-entry-summary\">\n<p align=\"justify\"><strong><span>\u00cen ziua de 23 august , poli\u021bi\u0219tii din cadrul Sec\u021biei de poli\u021bie rural\u0103 Ziduri au re\u021binut pentru 24 de ore, pe baz\u0103 de ordonan\u021b\u0103, o persoan\u0103 cercetat\u0103 pentru lovirea sau alte violen\u021be.<\/span><\/strong><\/p>\n<p align=\"justify\"><span>Fapta a fost sesizat\u0103 \u00een noaptea de 22 spre 23 august.<\/span><\/p>\n<p align=\"justify\"><span>Din cercet\u0103ri a reie\u0219it c\u0103, \u00een noaptea de 22 spre 23 august , \u00een timp ce se aflau pe o strad\u0103 din Ghergheasa, \u00een urma unui conflict spontan, persoana cercetat\u0103, un b\u0103rbat de 39 de ani, din Ghergheasa, ar fi agresat un cunoscut, un t\u00e2n\u0103r de 29 de ani, din aceea\u0219i localitate.<\/span><\/p>\n<p align=\"justify\"><span>Ca urmare a leziunilor suferite, persoana v\u0103t\u0103mat\u0103 a fost preluat\u0103 de ambulan\u021b\u0103 pentru \u00eengrijiri medicale.<\/span><\/p>\n<p align=\"justify\"><span>\u00cen cauz\u0103, poli\u021bi\u0219tii continu\u0103 cercet\u0103rile, sub coordonarea parchetului, pentru stabilirea \u00eentregii activit\u0103\u021bi infrac\u021bionale a b\u0103rbatului.<\/span><\/p>\n<\/div>\n<p>[analyse_source url=&#8221;https:\/\/blitz24.ro\/stiri-locale\/actualitate\/bataie-pe-o-strada-din-ghergheasa-agresorul-a-fost-retinut\/&#8221;]<\/p>\n","protected":false},"excerpt":{"rendered":"<p>[analyse_image type=&#8221;featured&#8221; src=&#8221;https:\/\/blitz24.ro\/wp-content\/uploads\/2025\/06\/politie-ziduri-buzau.jpeg&#8221;] \u00cen ziua de 23 august , poli\u021bi\u0219tii din cadrul Sec\u021biei de poli\u021bie rural\u0103 Ziduri au re\u021binut pentru 24 de ore, pe baz\u0103 de ordonan\u021b\u0103, o persoan\u0103 cercetat\u0103 pentru lovirea sau alte violen\u021be. Fapta a fost sesizat\u0103 \u00een noaptea de 22 spre 23 august. Din cercet\u0103ri a reie\u0219it c\u0103, \u00een noaptea de 22 [&hellip;]<\/p>\n","protected":false},"author":1,"featured_media":0,"comment_status":"open","ping_status":"","sticky":false,"template":"","format":"standard","meta":{"footnotes":""},"categories":[2],"tags":[42,226],"class_list":["post-2110691","post","type-post","status-publish","format-standard","hentry","category-politics","tag-blitz24-ro","tag-crawlmanager"],"_links":{"self":[{"href":"https:\/\/analyse.optim.biz\/index.php?rest_route=\/wp\/v2\/posts\/2110691","targetHints":{"allow":["GET"]}}],"collection":[{"href":"https:\/\/analyse.optim.biz\/index.php?rest_route=\/wp\/v2\/posts"}],"about":[{"href":"https:\/\/analyse.optim.biz\/index.php?rest_route=\/wp\/v2\/types\/post"}],"author":[{"embeddable":true,"href":"https:\/\/analyse.optim.biz\/index.php?rest_route=\/wp\/v2\/users\/1"}],"replies":[{"embeddable":true,"href":"https:\/\/analyse.optim.biz\/index.php?rest_route=%2Fwp%2Fv2%2Fcomments&post=2110691"}],"version-history":[{"count":0,"href":"https:\/\/analyse.optim.biz\/index.php?rest_route=\/wp\/v2\/posts\/2110691\/revisions"}],"wp:attachment":[{"href":"https:\/\/analyse.optim.biz\/index.php?rest_route=%2Fwp%2Fv2%2Fmedia&parent=2110691"}],"wp:term":[{"taxonomy":"category","embeddable":true,"href":"https:\/\/analyse.optim.biz\/index.php?rest_route=%2Fwp%2Fv2%2Fcategories&post=2110691"},{"taxonomy":"post_tag","embeddable":true,"href":"https:\/\/analyse.optim.biz\/index.php?rest_route=%2Fwp%2Fv2%2Ftags&post=2110691"}],"curies":[{"name":"wp","href":"https:\/\/api.w.org\/{rel}","templated":true}]}}