{"id":2110690,"date":"2026-08-25T10:32:57","date_gmt":"2026-08-25T07:32:57","guid":{"rendered":"https:\/\/analyse.optim.biz\/?p=2110690"},"modified":"2026-08-25T10:32:57","modified_gmt":"2026-08-25T07:32:57","slug":"barbat-din-barbulesti-retinut-pentru-conducere-fara-permis","status":"publish","type":"post","link":"https:\/\/analyse.optim.biz\/?p=2110690","title":{"rendered":"B\u0103rbat din B\u0103rbule\u0219ti re\u021binut pentru conducere f\u0103r\u0103 permis"},"content":{"rendered":"<p>[analyse_image type=&#8221;featured&#8221; src=&#8221;https:\/\/blitz24.ro\/wp-content\/uploads\/2025\/07\/comuna-barbulesti-ialomita.jpg&#8221;]<\/p>\n<div class=\"cm-entry-summary\">\n<p class=\"western\" lang=\"en-US\" align=\"justify\"><strong><span><span>La data de 22 august, \u00een jurul orei 15:00, poli\u021bi\u0219tii Sec\u021biei nr. 5 Poli\u021bie Rural\u0103 Jilavele au oprit pentru control, pe strada Iudeilor, \u00een localitatea B\u0103rbule\u0219ti, un autoturism condus de un b\u0103rbat, de 50 de ani, din aceea\u0219i localitate, f\u0103r\u0103 a de\u021bine permis de conducere pentru nicio categorie de vehicule.<\/span><\/span><\/strong><\/p>\n<p class=\"western\" align=\"justify\"><span><span><span lang=\"en-US\">\u00cen urma verific\u0103rilor efectuate \u00een bazele de date, s-a constatat faptul c\u0103 autoturismul condus ar fi fost sustras \u00een scopul de a fi condus pe drumurile publice din fa\u021ba locuin\u021bei persoanei v\u0103t\u0103mate.<\/span><\/span><\/span><\/p>\n<p align=\"justify\">CITE\u0218TE \u0218I <a href=\"https:\/\/blitz24.ro\/national\/romanii-nu-au-bani-de-vreo-urgenta-medicala\/\">Rom\u00e2nii nu au bani de vreo urgen\u021b\u0103 medical\u0103<\/a><\/p>\n<p class=\"western\" lang=\"en-US\" align=\"justify\"><span><span>\u00cen cauz\u0103, cercet\u0103rile sunt continuate de c\u0103tre poli\u021bi\u0219ti.<\/span><\/span><\/p>\n<\/div>\n<p>[analyse_source url=&#8221;https:\/\/blitz24.ro\/stiri-judetene\/actualitate-stiri-judetene\/barbat-din-barbulesti-retinut-pentru-conducere-fara-permis\/&#8221;]<\/p>\n","protected":false},"excerpt":{"rendered":"<p>[analyse_image type=&#8221;featured&#8221; src=&#8221;https:\/\/blitz24.ro\/wp-content\/uploads\/2025\/07\/comuna-barbulesti-ialomita.jpg&#8221;] La data de 22 august, \u00een jurul orei 15:00, poli\u021bi\u0219tii Sec\u021biei nr. 5 Poli\u021bie Rural\u0103 Jilavele au oprit pentru control, pe strada Iudeilor, \u00een localitatea B\u0103rbule\u0219ti, un autoturism condus de un b\u0103rbat, de 50 de ani, din aceea\u0219i localitate, f\u0103r\u0103 a de\u021bine permis de conducere pentru nicio categorie de vehicule. \u00cen urma [&hellip;]<\/p>\n","protected":false},"author":1,"featured_media":0,"comment_status":"open","ping_status":"","sticky":false,"template":"","format":"standard","meta":{"footnotes":""},"categories":[2],"tags":[42,226],"class_list":["post-2110690","post","type-post","status-publish","format-standard","hentry","category-politics","tag-blitz24-ro","tag-crawlmanager"],"_links":{"self":[{"href":"https:\/\/analyse.optim.biz\/index.php?rest_route=\/wp\/v2\/posts\/2110690","targetHints":{"allow":["GET"]}}],"collection":[{"href":"https:\/\/analyse.optim.biz\/index.php?rest_route=\/wp\/v2\/posts"}],"about":[{"href":"https:\/\/analyse.optim.biz\/index.php?rest_route=\/wp\/v2\/types\/post"}],"author":[{"embeddable":true,"href":"https:\/\/analyse.optim.biz\/index.php?rest_route=\/wp\/v2\/users\/1"}],"replies":[{"embeddable":true,"href":"https:\/\/analyse.optim.biz\/index.php?rest_route=%2Fwp%2Fv2%2Fcomments&post=2110690"}],"version-history":[{"count":0,"href":"https:\/\/analyse.optim.biz\/index.php?rest_route=\/wp\/v2\/posts\/2110690\/revisions"}],"wp:attachment":[{"href":"https:\/\/analyse.optim.biz\/index.php?rest_route=%2Fwp%2Fv2%2Fmedia&parent=2110690"}],"wp:term":[{"taxonomy":"category","embeddable":true,"href":"https:\/\/analyse.optim.biz\/index.php?rest_route=%2Fwp%2Fv2%2Fcategories&post=2110690"},{"taxonomy":"post_tag","embeddable":true,"href":"https:\/\/analyse.optim.biz\/index.php?rest_route=%2Fwp%2Fv2%2Ftags&post=2110690"}],"curies":[{"name":"wp","href":"https:\/\/api.w.org\/{rel}","templated":true}]}}