{"id":2110689,"date":"2026-08-25T13:20:46","date_gmt":"2026-08-25T10:20:46","guid":{"rendered":"https:\/\/analyse.optim.biz\/?p=2110689"},"modified":"2026-08-25T13:20:46","modified_gmt":"2026-08-25T10:20:46","slug":"drumul-spre-zaplazi-a-fost-asfaltat-complet","status":"publish","type":"post","link":"https:\/\/analyse.optim.biz\/?p=2110689","title":{"rendered":"Drumul spre Z\u0103plazi a fost asfaltat complet"},"content":{"rendered":"<p>[analyse_image type=&#8221;featured&#8221; src=&#8221;https:\/\/blitz24.ro\/wp-content\/uploads\/2025\/06\/dc113-zaplazi-grebanu.jpg&#8221;]<\/p>\n<div class=\"cm-entry-summary\">\n<p><strong>Primarul comunei buzoiene Greb\u0103nu, Vasile Iftinoiu a publicat recent o informare legat\u0103 de finalizarea unui amplu proiect de modernizare a drumului DC113 care leag\u0103 satele de Z\u0103plazi.<\/strong><\/p>\n<p>Cu o lungime total\u0103 de 6,5 kilometri, drumul a fost asfaltat cu ajutorul banilor ob\u021binu\u021bi prin Programul Na\u021bional ,,Anghel Saligny,,.<\/p>\n<p>CITE\u0218TE \u0218I <a href=\"https:\/\/blitz24.ro\/stiri-locale\/actualitate\/bataie-pe-o-strada-din-ghergheasa-agresorul-a-fost-retinut\/\">B\u0103taie pe o strad\u0103 din Ghergheasa \u2013 Agresorul a fost re\u021binut<\/a><\/p>\n<p>Cu ocazia finaliz\u0103rii acestui proiect accesul \u00een satul Z\u0103plazi se va face mult mai facil \u0219i mai ales sigur, indiferent de anotimp.<\/p>\n<\/div>\n<p>[analyse_source url=&#8221;https:\/\/blitz24.ro\/stiri-locale\/actualitate\/drumul-spre-zaplazi-a-fost-asfaltat-complet\/&#8221;]<\/p>\n","protected":false},"excerpt":{"rendered":"<p>[analyse_image type=&#8221;featured&#8221; src=&#8221;https:\/\/blitz24.ro\/wp-content\/uploads\/2025\/06\/dc113-zaplazi-grebanu.jpg&#8221;] Primarul comunei buzoiene Greb\u0103nu, Vasile Iftinoiu a publicat recent o informare legat\u0103 de finalizarea unui amplu proiect de modernizare a drumului DC113 care leag\u0103 satele de Z\u0103plazi. Cu o lungime total\u0103 de 6,5 kilometri, drumul a fost asfaltat cu ajutorul banilor ob\u021binu\u021bi prin Programul Na\u021bional ,,Anghel Saligny,,. CITE\u0218TE \u0218I B\u0103taie pe o [&hellip;]<\/p>\n","protected":false},"author":1,"featured_media":0,"comment_status":"open","ping_status":"","sticky":false,"template":"","format":"standard","meta":{"footnotes":""},"categories":[2],"tags":[42,226],"class_list":["post-2110689","post","type-post","status-publish","format-standard","hentry","category-politics","tag-blitz24-ro","tag-crawlmanager"],"_links":{"self":[{"href":"https:\/\/analyse.optim.biz\/index.php?rest_route=\/wp\/v2\/posts\/2110689","targetHints":{"allow":["GET"]}}],"collection":[{"href":"https:\/\/analyse.optim.biz\/index.php?rest_route=\/wp\/v2\/posts"}],"about":[{"href":"https:\/\/analyse.optim.biz\/index.php?rest_route=\/wp\/v2\/types\/post"}],"author":[{"embeddable":true,"href":"https:\/\/analyse.optim.biz\/index.php?rest_route=\/wp\/v2\/users\/1"}],"replies":[{"embeddable":true,"href":"https:\/\/analyse.optim.biz\/index.php?rest_route=%2Fwp%2Fv2%2Fcomments&post=2110689"}],"version-history":[{"count":0,"href":"https:\/\/analyse.optim.biz\/index.php?rest_route=\/wp\/v2\/posts\/2110689\/revisions"}],"wp:attachment":[{"href":"https:\/\/analyse.optim.biz\/index.php?rest_route=%2Fwp%2Fv2%2Fmedia&parent=2110689"}],"wp:term":[{"taxonomy":"category","embeddable":true,"href":"https:\/\/analyse.optim.biz\/index.php?rest_route=%2Fwp%2Fv2%2Fcategories&post=2110689"},{"taxonomy":"post_tag","embeddable":true,"href":"https:\/\/analyse.optim.biz\/index.php?rest_route=%2Fwp%2Fv2%2Ftags&post=2110689"}],"curies":[{"name":"wp","href":"https:\/\/api.w.org\/{rel}","templated":true}]}}