{"id":211065,"date":"2014-02-26T17:08:38","date_gmt":"2014-02-26T14:08:38","guid":{"rendered":"https:\/\/analyse.optim.biz\/?p=211065"},"modified":"2014-02-26T17:08:38","modified_gmt":"2014-02-26T14:08:38","slug":"victor-ponta-inteleg-disciplina-de-partid-si-nu-am-ce-sa-le-reprosez-ministrilor-pnl","status":"publish","type":"post","link":"https:\/\/analyse.optim.biz\/?p=211065","title":{"rendered":"Victor Ponta: \u00cen\u021beleg disciplina de partid \u0219i nu am ce s\u0103 le repro\u0219ez mini\u0219trilor PNL"},"content":{"rendered":"<div class=\"entry data-app-meta data-app-meta-article\" data-embed-base-url-canonical=\"https:\/\/www.digi24.ro\/embed\/stiri\/actualitate\/politica\/victor-ponta-inteleg-disciplina-de-partid-si-nu-am-ce-sa-le-reprosez-ministrilor-pnl-206446\">\n<p data-index=\"1\">\u201e<span>Ceilal\u021bi colegi ai no\u0219tri, mini\u0219trii liberali, al\u0103turi de care am muncit \u00een aceast\u0103 perioad\u0103 \u0219i am avut o mul\u021bime de realiz\u0103ri, au plecat din echipa guvernamental\u0103. M-am v\u0103zut azi cu ei \u0219i le-am mul\u021bumit personal. \u00cen\u021beleg disciplina de partid \u0219i nu am ce s\u0103 le repro\u0219ez, \u00eens\u0103 cred c\u0103 <strong>Guvernul Rom\u00e2niei<\/strong> \u0219i guvernarea Rom\u00e2niei este mai important\u0103 totdeauna, chiar \u0219i dec\u00e2t disciplina de partid\u201d, a spus <strong>Victor Ponta<\/strong> \u00een \u0219edin\u021ba de Guvern.<\/span><\/p>\n<p data-index=\"2\">Prima \u0219edin\u0163\u0103 de Guvern f\u0103r\u0103 liberali a \u00eenceput cu o \u00eent\u00e2rziere de patru ore, dup\u0103 ce la pr\u00e2nz mini\u015ftrii <strong>PNL<\/strong> \u015fi-au depus demisiile. \u00centre timp au \u015fi fost \u00eenlocui\u0163i cu interimari din <strong>PSD<\/strong>, zece interimari sunt \u00een acest moment \u00een Guvern, inclusiv premierul. Din vechiul guvern, care num\u0103ra 27 de posturi portofolii, au mai r\u0103mas 18 oameni.<\/p>\n<\/div>\n<p> Source URL: https:\/\/www.digi24.ro\/stiri\/actualitate\/politica\/victor-ponta-inteleg-disciplina-de-partid-si-nu-am-ce-sa-le-reprosez-ministrilor-pnl-206446<\/p>\n","protected":false},"excerpt":{"rendered":"<p>\u201eCeilal\u021bi colegi ai no\u0219tri, mini\u0219trii liberali, al\u0103turi de care am muncit \u00een aceast\u0103 perioad\u0103 \u0219i am avut o mul\u021bime de realiz\u0103ri, au plecat din echipa guvernamental\u0103. M-am v\u0103zut azi cu ei \u0219i le-am mul\u021bumit personal. \u00cen\u021beleg disciplina de partid \u0219i nu am ce s\u0103 le repro\u0219ez, \u00eens\u0103 cred c\u0103 Guvernul Rom\u00e2niei \u0219i guvernarea Rom\u00e2niei este [&hellip;]<\/p>\n","protected":false},"author":1,"featured_media":211066,"comment_status":"open","ping_status":"","sticky":false,"template":"","format":"standard","meta":{"footnotes":""},"categories":[2],"tags":[11],"class_list":["post-211065","post","type-post","status-publish","format-standard","has-post-thumbnail","hentry","category-politics","tag-digi24"],"_links":{"self":[{"href":"https:\/\/analyse.optim.biz\/index.php?rest_route=\/wp\/v2\/posts\/211065","targetHints":{"allow":["GET"]}}],"collection":[{"href":"https:\/\/analyse.optim.biz\/index.php?rest_route=\/wp\/v2\/posts"}],"about":[{"href":"https:\/\/analyse.optim.biz\/index.php?rest_route=\/wp\/v2\/types\/post"}],"author":[{"embeddable":true,"href":"https:\/\/analyse.optim.biz\/index.php?rest_route=\/wp\/v2\/users\/1"}],"replies":[{"embeddable":true,"href":"https:\/\/analyse.optim.biz\/index.php?rest_route=%2Fwp%2Fv2%2Fcomments&post=211065"}],"version-history":[{"count":0,"href":"https:\/\/analyse.optim.biz\/index.php?rest_route=\/wp\/v2\/posts\/211065\/revisions"}],"wp:featuredmedia":[{"embeddable":true,"href":"https:\/\/analyse.optim.biz\/index.php?rest_route=\/wp\/v2\/media\/211066"}],"wp:attachment":[{"href":"https:\/\/analyse.optim.biz\/index.php?rest_route=%2Fwp%2Fv2%2Fmedia&parent=211065"}],"wp:term":[{"taxonomy":"category","embeddable":true,"href":"https:\/\/analyse.optim.biz\/index.php?rest_route=%2Fwp%2Fv2%2Fcategories&post=211065"},{"taxonomy":"post_tag","embeddable":true,"href":"https:\/\/analyse.optim.biz\/index.php?rest_route=%2Fwp%2Fv2%2Ftags&post=211065"}],"curies":[{"name":"wp","href":"https:\/\/api.w.org\/{rel}","templated":true}]}}