{"id":2110644,"date":"2026-08-25T11:42:33","date_gmt":"2026-08-25T08:42:33","guid":{"rendered":"https:\/\/analyse.optim.biz\/?p=2110644"},"modified":"2026-08-25T11:42:33","modified_gmt":"2026-08-25T08:42:33","slug":"vuelta-a-espana-stage-4-live-racing-resumes-with-a-short-but-brutal-day-in-the-mountains-in-andorra","status":"publish","type":"post","link":"https:\/\/analyse.optim.biz\/?p=2110644","title":{"rendered":"Vuelta a Espa\u00f1a stage 4 LIVE: Racing resumes with a short but brutal day in the mountains in Andorra"},"content":{"rendered":"<p>[analyse_image type=&#8221;featured&#8221; src=&#8221;https:\/\/cdn.mos.cms.futurecdn.net\/cvR5PSnh5Z46KV2eUTjNtS-2100-80.jpg&#8221;]<\/p>\n<article class=\"m-0 box-border flex flex-row items-center pr-2.5 gap-[15px] w-[278px] h-20 flex-none upnext-article-divider\" role=\"listitem\" aria-label=\"Recommended article 1 of 3\">\n<div class=\"relative flex-none w-20 h-20\">\n    <source type=\"image\/webp\" srcset=\"https:\/\/cdn.mos.cms.futurecdn.net\/gb83HzBMqhypFmjmZNAvnQ-160-80.jpg.webp 160w, https:\/\/cdn.mos.cms.futurecdn.net\/gb83HzBMqhypFmjmZNAvnQ-80-80.jpg.webp 80w\" sizes=\"80px\" \/><\/p>\n<div class=\"flex items-center justify-center absolute w-4 h-6 left-0 top-0 bg-white\/90 flex-none z-[1]\" aria-hidden=\"true\"><span class=\"font-normal text-base leading-[17px] tracking-[1.3px] uppercase text-black flex-none\">1<\/span><\/div>\n<\/div>\n<div class=\"flex flex-col items-center justify-center gap-1.5 w-[173px] h-20 flex-none\">\n<p class=\"font-article-heading font-medium text-base leading-[21px] text-gray-800 w-[173px] line-clamp-3 group-hover:underline\">\n                                    Tadej Poga\u010dar pulls over peloton as hail storm cancels finale of Vuelta a Espa\u00f1a stage 3\n                                <\/p>\n<\/div>\n<\/article>\n<article class=\"m-0 box-border flex flex-row items-center pr-2.5 gap-[15px] w-[278px] h-20 flex-none upnext-article-divider\" role=\"listitem\" aria-label=\"Recommended article 2 of 3\">\n<div class=\"relative flex-none w-20 h-20\">\n    <source type=\"image\/webp\" srcset=\"https:\/\/cdn.mos.cms.futurecdn.net\/2YFiENWeo62WR9ixcZRWZS-160-80.jpg.webp 160w, https:\/\/cdn.mos.cms.futurecdn.net\/2YFiENWeo62WR9ixcZRWZS-80-80.jpg.webp 80w\" sizes=\"80px\" \/><\/p>\n<div class=\"flex items-center justify-center absolute w-[18px] h-6 left-0 top-0 bg-white\/90 flex-none z-[1]\" aria-hidden=\"true\"><span class=\"font-normal text-base leading-[17px] tracking-[1.3px] uppercase text-black flex-none\">2<\/span><\/div>\n<\/div>\n<div class=\"flex flex-col items-center justify-center gap-1.5 w-[173px] h-20 flex-none\">\n<p class=\"font-article-heading font-medium text-base leading-[21px] text-gray-800 w-[173px] line-clamp-3 group-hover:underline\">\n                                    As it happened: Vuelta a Espa\u00f1a stage 3 comes to a premature end\n                                <\/p>\n<\/div>\n<\/article>\n<article class=\"m-0 box-border flex flex-row items-center pr-2.5 gap-[15px] w-[278px] h-20 flex-none\" role=\"listitem\" aria-label=\"Recommended article 3 of 3\">\n<div class=\"relative flex-none w-20 h-20\">\n    <source type=\"image\/webp\" srcset=\"https:\/\/cdn.mos.cms.futurecdn.net\/CPxWbXXnNwNbQkNsPJbekJ-160-80.jpg.webp 160w, https:\/\/cdn.mos.cms.futurecdn.net\/CPxWbXXnNwNbQkNsPJbekJ-80-80.jpg.webp 80w\" sizes=\"80px\" \/><\/p>\n<div class=\"flex items-center justify-center absolute w-[18px] h-6 left-0 top-0 bg-white\/90 flex-none z-[1]\" aria-hidden=\"true\"><span class=\"font-normal text-base leading-[17px] tracking-[1.3px] uppercase text-black flex-none\">3<\/span><\/div>\n<\/div>\n<div class=\"flex flex-col items-center justify-center gap-1.5 w-[173px] h-20 flex-none\">\n<p class=\"font-article-heading font-medium text-base leading-[21px] text-gray-800 w-[173px] line-clamp-3 group-hover:underline\">\n                                    As it happened: British sensation steals the show in first road stage at La Vuelta a Espa\u00f1a 2026\n                                <\/p>\n<\/div>\n<\/article>\n<article class=\"page-content-onecol flex-1\nlive-article\n\"><\/p>\n<div class=\"widget-area-group widget-area-group-2col flex flex-wrap box-border\">\n<div id=\"widgetArea16\" class=\"widget-area basis-full md:basis-2\/3 widget-area-g-md-vp-2-3 widget-area-g-lg-vp-2-3 widget-area-g-xl-vp-2-3 page-widget-area-16\">\n<div data-widget-type=\"hero\" id=\"hero\" class=\"clear-both widget widget-hero widget-hero widget-hero-hero hero-live news-article widget-hero widget-hero-fter-review\">\n<div data-component-name=\"Article:Hero\" class=\"news-article\">\n<div class=\"header-container\">\n<nav class=\"breadcrumb\" aria-label=\"Breadcrumbs\">\n<ol>\n<li>\nPro Cycling\n<\/li>\n<li>\nRacing\n<\/li>\n<li>\nRoad\n<\/li>\n<li>\nVuelta a Espa\u00f1a\n<\/li>\n<\/ol>\n<\/nav>\n<header>\n<div class=\"header-sub-container\">\n<h1 class=\"review-title-long live-report\">Vuelta a Espa\u00f1a stage 4 LIVE: Racing resumes with a short but brutal day in the mountains in Andorra<\/h1>\n<h2>Four major climbs and 2,890m of climbing on the menu in just 104.8km of racing<br \/>\n<\/h2>\n<div class=\"vds-byline-block flex flex-row flex-nowrap my-1.5 gap-2 text-left items-start justify-start\" data-component-name=\"Article:BylineBlock\">\n<p>Live-reports<\/p>\n<div class=\"my-auto vds-simple-byline\"><span class=\"inline-block vds-author\"><br \/>\nBy<br \/>\nDani Ostanek <\/span><\/p>\n<div class=\"flex gap-1 vds-byline-with-avatar__meta\"><span class=\"vds-date block font-normal tracking-normal normal-case text-xs\"><br \/>\nLast updated<br \/>\n<time data-component-name=\"UI:DateTime\" datetime=\"2026-08-25T13:08:21Z\" class=\"relative-date\"><br \/>\n25 August 2026<br \/>\n<\/time><\/span><\/div>\n<\/div>\n<\/div>\n<nav class=\"socialite-widget box less-space \" data-contexturl=\"https:\/\/www.cyclingnews.com\/pro-cycling\/live\/vuelta-a-espana-stage-4-live-racing-resumes-with-a-short-but-brutal-day-in-the-mountains-in-andorra\/\" data-mrf-recirculation=\"socialite\">\n<ul class=\"socialite-widget-ul\">\n<li class=\"socialite-widget-item social-facebook\">\n<li class=\"socialite-widget-item social-twitter\">\n<li class=\"socialite-widget-item social-pinterest\">\n<li class=\"socialite-widget-item social-email\"><\/ul>\n<p><span class=\"text-[color:var(--comment-count-text-color,inherit)]\"><span>1<\/span><span class=\"visible hidden sm:inline-block\">Comment<\/span><\/span><span class=\"text-[color:var(--comment-count-text-color,inherit)] hidden visible sm:inline-block\">Join the conversation<\/span><\/nav>\n<aside class=\"text-gray-700 flex items-center mx-0 my-5 p-0 justify-start text-left\" id=\"affiliate-disclaimer\" data-component-name=\"AffiliateDisclaimer\" data-hawk-message=\"Affiliate disclaimer removed because hawk deemed there are no affiliate links on this page\">\n<p class=\"text-[color:var(--affiliate-disclaimer--text-color,inherit)] mb-2 text-[length:var(--affiliate-disclaimer--font-size,0.75rem)] leading-[18px] md:text-[13px] [&amp;&gt;a]:text-inherit [&amp;&gt;a]:underline\">\nWhen you purchase through links on our site, we may earn an affiliate commission. Here\u2019s how it works.\n<\/p>\n<\/aside>\n<\/div>\n<\/header>\n<figure>\n<source type=\"image\/webp\" srcset=\"https:\/\/cdn.mos.cms.futurecdn.net\/cvR5PSnh5Z46KV2eUTjNtS-1920-80.jpg.webp 1920w, https:\/\/cdn.mos.cms.futurecdn.net\/cvR5PSnh5Z46KV2eUTjNtS-1600-80.jpg.webp 1600w, https:\/\/cdn.mos.cms.futurecdn.net\/cvR5PSnh5Z46KV2eUTjNtS-1200-80.jpg.webp 1200w, https:\/\/cdn.mos.cms.futurecdn.net\/cvR5PSnh5Z46KV2eUTjNtS-1024-80.jpg.webp 1024w, https:\/\/cdn.mos.cms.futurecdn.net\/cvR5PSnh5Z46KV2eUTjNtS-970-80.jpg.webp 970w, https:\/\/cdn.mos.cms.futurecdn.net\/cvR5PSnh5Z46KV2eUTjNtS-750-80.jpg.webp 750w, https:\/\/cdn.mos.cms.futurecdn.net\/cvR5PSnh5Z46KV2eUTjNtS-650-80.jpg.webp 650w, https:\/\/cdn.mos.cms.futurecdn.net\/cvR5PSnh5Z46KV2eUTjNtS-480-80.jpg.webp 480w, https:\/\/cdn.mos.cms.futurecdn.net\/cvR5PSnh5Z46KV2eUTjNtS-320-80.jpg.webp 320w\" sizes=\"(min-width: 1000px) 600px, 100vw\" \/><figcaption class=\"font-article-copy text-(--image--text--color) font-article-copy mt-2\"><span class=\"caption-text\">Will Tadej Poga\u010dar add more time to his overall lead in Andorra la Vella?<\/span><span class=\"credit\">(Image credit: \u00a9 Getty Images)<\/span><\/figcaption><\/figure>\n<\/div>\n<\/div>\n<\/div>\n<div data-component-name=\"Article:JumpTo\" class=\"contents\" data-only-inline=\"1\">\n<div class=\"visible flex flex-row flex-nowrap sticky max-lg:-ml-5 top-[var(--site-header-height,60px)] sm:top-0 z-[9994] w-screen lg:w-full h-[50px] bg-white p-0 mb-5 border-neutral-200 border border-solid\" data-component-name=\"Article:JumpTo:Variants:Inline\" data-analytics-id=\"sticky-nav\" id=\"sticky-nav--inline\" data-mrf-recirculation=\"sticky-nav\">\n<div class=\"flex flex-row w-full h-full overflow-x-scroll overflow-y-hidden tracking-normal overscroll-x-contain\" id=\"sticky-nav__scroll-container\"><span class=\"pl-4 my-auto text-base font-semibold font-article-heading lg:pl-3 lg:text-sm whitespace-nowrap uppercase\">Jump To:<\/span><\/p>\n<ul class=\"flex flex-row w-auto border-y-0\">\n<li class=\"inline-flex after:content-[&apos;&apos;] after:inline-block after:relative after:h-3\/6 after:w-px after:bg-neutral-200 after:top-1\/4\nborder-b-[3px] border-b-(--jumpto-underline-color) border-solid font-semibold \" data-component-name=\"Article:JumpTo:Inline:Link\">\n<p>Race Situation<\/p>\n<\/li>\n<li class=\"inline-flex after:content-[&apos;&apos;] after:inline-block after:relative after:h-3\/6 after:w-px after:bg-neutral-200 after:top-1\/4\n\" data-component-name=\"Article:JumpTo:Inline:Link\">\n<p>Have your say<\/p>\n<\/li>\n<li class=\"inline-flex after:content-[&apos;&apos;] after:inline-block after:relative after:h-3\/6 after:w-px after:bg-neutral-200 after:top-1\/4\n\" data-component-name=\"Article:JumpTo:Inline:Link\">\n<p>104.8km to go<\/p>\n<\/li>\n<li class=\"inline-flex after:content-[&apos;&apos;] after:inline-block after:relative after:h-3\/6 after:w-px after:bg-neutral-200 after:top-1\/4\n\" data-component-name=\"Article:JumpTo:Inline:Link\">\n<p>100km to go<\/p>\n<\/li>\n<li class=\"inline-flex after:content-[&apos;&apos;] after:inline-block after:relative after:h-3\/6 after:w-px after:bg-neutral-200 after:top-1\/4\n\" data-component-name=\"Article:JumpTo:Inline:Link\">\n<p>97km to go<\/p>\n<\/li>\n<\/ul>\n<\/div>\n<\/div>\n<\/div>\n<div data-widget-type=\"contentparsed\" id=\"pinned-content\" class=\"clear-both widget widget-contentparsed widget-pinned-content widget-contentparsed-pinned-content widget-pinned news-article widget-content-parsed widget-content-parsed-default widget-content-parsed-live-feed \">\n<div class=\" article-body \">\n<div class><\/p>\n<p id=\"elk-ade1f7e2-98c8-11f1-8470-5f274711d6b4\"><strong>Vuelta a Espa\u00f1a 2026 &#8211; Everything you need to know<\/strong><\/p>\n<p><strong>Vuelta a Espa\u00f1a 2026 &#8211; Route<\/strong><\/p>\n<p id=\"elk-ade1f7e2-98c8-11f1-8470-5f274711d6b4-2\"><strong>Vuelta a Espa\u00f1a 2026 &#8211; Contenders<\/strong><\/p>\n<p><strong>Vuelta a Espa\u00f1a 2026 &#8211; stage 4 preview<\/strong><\/p>\n<p><strong>How to watch the 2026 Vuelta a Espa\u00f1a<\/strong><\/p>\n<p id=\"elk-ade1f83c-98c8-11f1-b000-0d2fb7949936\"><strong>For unbeatable coverage across road, gravel and tech, subscribe to Cyclingnews. You&#8217;ll get comprehensive race coverage of La Vuelta a Espa\u00f1a, subscriber-exclusive analysis from our expert columnists, in-depth features and industry-leading tech insight. Plus, the Cyclingnews app lets you follow the action wherever you go! <\/strong><u><strong>Join today.<\/strong><\/u><\/p>\n<h3 class=\"article-body__section\" id=\"section-race-situation\"><span>Race Situation<\/span><\/h3>\n\n<h3 class=\"article-body__section\" id=\"section-have-your-say\"><span>Have your say<\/span><\/h3>\n<\/div>\n<\/div>\n<\/div>\n<div data-widget-type=\"contentparsed\" id=\"live-feed-multipage\" class=\"clear-both widget widget-contentparsed widget-live-feed-multipage widget-contentparsed-live-feed-multipage news-article widget-content-parsed widget-content-parsed-default multipage widget-content-parsed-live-feed \">\n<div id=\"article-body\" class=\" article-body \">\n<div class=\"wcp-item-content\"><time class=\"no-wrap live-feed-date\" datetime=\"2026-08-25T13:08:21+00:00\">2026-08-25T13:08:21.764Z<\/time><\/p>\n<h3 class=\"article-body__section\" id=\"section-97km-to-go\"><span>97km to go<\/span><\/h3>\n<p id=\"elk-0ca70334-a086-11f1-a259-ffee7c4d24b9\">Pinarello-Q36.5 move to the front now.<\/p>\n<\/div>\n<div class=\"wcp-item-content\"><time class=\"no-wrap live-feed-date\" datetime=\"2026-08-25T13:08:02+00:00\">2026-08-25T13:08:02.681Z<\/time><\/p>\n<p id=\"elk-012875ec-a086-11f1-b17d-25a10b946b71\">UAE and Poga\u010dar at the start of today&#8217;s stage.<\/p>\n<figure class=\"van-image-figure inline-layout\" data-bordeaux-image-check id=\"elk-0128765a-a086-11f1-a974-ddf188523020\">\n<div class=\"image-full-width-wrapper\">\n<div class=\"image-widthsetter\">\n<p class=\"vanilla-image-block\">\n<source type=\"image\/webp\" srcset=\"https:\/\/cdn.mos.cms.futurecdn.net\/PdSZBmayeSnF5Py73uT8Ln-1024-80.jpg.webp 1200w, https:\/\/cdn.mos.cms.futurecdn.net\/PdSZBmayeSnF5Py73uT8Ln-1024-80.jpg.webp 1024w, https:\/\/cdn.mos.cms.futurecdn.net\/PdSZBmayeSnF5Py73uT8Ln-970-80.jpg.webp 970w, https:\/\/cdn.mos.cms.futurecdn.net\/PdSZBmayeSnF5Py73uT8Ln-650-80.jpg.webp 650w, https:\/\/cdn.mos.cms.futurecdn.net\/PdSZBmayeSnF5Py73uT8Ln-480-80.jpg.webp 480w, https:\/\/cdn.mos.cms.futurecdn.net\/PdSZBmayeSnF5Py73uT8Ln-320-80.jpg.webp 320w\" sizes=\"(min-width: 1000px) 970px, calc(100vw - 40px)\" \/><\/p>\n<\/div>\n<\/div><figcaption class=\" inline-layout\"><span class=\"credit\">(Image credit: Getty Images)<\/span><\/figcaption><\/figure>\n<\/div>\n<div class=\"wcp-item-content\"><time class=\"no-wrap live-feed-date\" datetime=\"2026-08-25T13:07:14+00:00\">2026-08-25T13:07:14.282Z<\/time><\/p>\n<p id=\"elk-e490027e-a085-11f1-8f7e-b9102f082af6\">UAE is bringing them back, however.<\/p>\n<\/div>\n<div class=\"wcp-item-content\"><time class=\"no-wrap live-feed-date\" datetime=\"2026-08-25T13:06:54+00:00\">2026-08-25T13:06:54.681Z<\/time><\/p>\n<p id=\"elk-d89d9db4-a085-11f1-80c1-5b01f310134d\">A host of other riders have joined them in the move, including Sepp Kuss, Jack Haig, Pello Bilbao, and Mikel Landa.<\/p>\n<\/div>\n<div class=\"wcp-item-content\"><time class=\"no-wrap live-feed-date\" datetime=\"2026-08-25T13:03:06+00:00\">2026-08-25T13:03:06.414Z<\/time><\/p>\n<p id=\"elk-5173cd9a-a085-11f1-bda6-b1e00505d764\">Bouwman is in the polka dot jersey as KOM leader, of course.<\/p>\n<\/div>\n<div class=\"wcp-item-content\"><time class=\"no-wrap live-feed-date\" datetime=\"2026-08-25T13:02:51+00:00\">2026-08-25T13:02:51.264Z<\/time><\/p>\n<p id=\"elk-47a026ce-a085-11f1-b939-4b12efdbe597\">More attackers flow off the front, including Dutchman Koen Bouwman and Steven Kruijswijk.<\/p>\n<\/div>\n<div class=\"wcp-item-content\"><time class=\"no-wrap live-feed-date\" datetime=\"2026-08-25T13:02:32+00:00\">2026-08-25T13:02:32.766Z<\/time><\/p>\n<h3 class=\"article-body__section\" id=\"section-100km-to-go\"><span>100km to go<\/span><\/h3>\n<p id=\"elk-3c712cee-a085-11f1-8827-6736976f29b9\">Uriarte has been caught.<\/p>\n<\/div>\n<div class=\"wcp-item-content\"><time class=\"no-wrap live-feed-date\" datetime=\"2026-08-25T12:56:51+00:00\">2026-08-25T12:56:51.331Z<\/time><\/p>\n<p id=\"elk-7127cf0c-a084-11f1-913a-3fc70ee1d7a6\">Diego Uriarte (Equipo Kern Pharma) is the first attacker of the day<\/p>\n<\/div>\n<div class=\"wcp-item-content\"><time class=\"no-wrap live-feed-date\" datetime=\"2026-08-25T12:53:55+00:00\">2026-08-25T12:53:55.997Z<\/time><\/p>\n<h3 class=\"article-body__section\" id=\"section-104-8km-to-go\"><span>104.8km to go<\/span><\/h3>\n<p id=\"elk-088903a8-a084-11f1-afea-75f2f7eb1a95\">His UAE team are right to the front with Ivo Oliveira as the flag drops to start the stage.<\/p>\n<\/div>\n<div class=\"wcp-item-content\"><time class=\"no-wrap live-feed-date\" datetime=\"2026-08-25T12:52:07+00:00\">2026-08-25T12:52:07.699Z<\/time><\/p>\n<p id=\"elk-c8685832-a083-11f1-b344-e9a6c3fc3062\">Tadej Poga\u010dar back in the red jersey this morning.<\/p>\n<figure class=\"van-image-figure inline-layout\" data-bordeaux-image-check id=\"elk-c8685896-a083-11f1-9286-e9924d45f54f\">\n<div class=\"image-full-width-wrapper\">\n<div class=\"image-widthsetter\">\n<p class=\"vanilla-image-block\">\n<source type=\"image\/webp\" srcset=\"https:\/\/cdn.mos.cms.futurecdn.net\/ZYZ7emvdpvejHbJe49j8Va-1024-80.jpg.webp 1200w, https:\/\/cdn.mos.cms.futurecdn.net\/ZYZ7emvdpvejHbJe49j8Va-1024-80.jpg.webp 1024w, https:\/\/cdn.mos.cms.futurecdn.net\/ZYZ7emvdpvejHbJe49j8Va-970-80.jpg.webp 970w, https:\/\/cdn.mos.cms.futurecdn.net\/ZYZ7emvdpvejHbJe49j8Va-650-80.jpg.webp 650w, https:\/\/cdn.mos.cms.futurecdn.net\/ZYZ7emvdpvejHbJe49j8Va-480-80.jpg.webp 480w, https:\/\/cdn.mos.cms.futurecdn.net\/ZYZ7emvdpvejHbJe49j8Va-320-80.jpg.webp 320w\" sizes=\"(min-width: 1000px) 970px, calc(100vw - 40px)\" \/><\/p>\n<\/div>\n<\/div><figcaption class=\" inline-layout\"><span class=\"credit\">(Image credit: Getty Images)<\/span><\/figcaption><\/figure>\n<\/div>\n<div class=\"wcp-item-content\"><time class=\"no-wrap live-feed-date\" datetime=\"2026-08-25T12:51:01+00:00\">2026-08-25T12:51:01.614Z<\/time><\/p>\n<p id=\"elk-a08de296-a083-11f1-bd0f-c50fd649f092\">A short 2.5km neutralised section to start the race today.<\/p>\n<\/div>\n<div class=\"wcp-item-content\"><time class=\"no-wrap live-feed-date\" datetime=\"2026-08-25T12:47:37+00:00\">2026-08-25T12:47:37.915Z<\/time><\/p>\n<p id=\"elk-272fe89a-a083-11f1-9af2-d1f6b6c18524\">The riders are just rolling out to start the stage now.<\/p>\n<\/div>\n<div class=\"wcp-item-content\"><time class=\"no-wrap live-feed-date\" datetime=\"2026-08-25T12:39:57+00:00\">2026-08-25T12:39:57.849Z<\/time><\/p>\n<p id=\"elk-14defe48-a082-11f1-aaf1-079953e0f886\">Other major climbs on today&#8217;s stage include the Collada de Beixalis (6.5km at 8.5%), the Col de Ordino (9.9km at 7%), and the La Comella (3.9km at 5.9%)<\/p>\n<\/div>\n<div class=\"wcp-item-content\"><time class=\"no-wrap live-feed-date\" datetime=\"2026-08-25T12:38:38+00:00\">2026-08-25T12:38:38.798Z<\/time><\/p>\n<p id=\"elk-e5cd8c5a-a081-11f1-9f87-1d6e73544a0e\">Three first-category climbs and over 2,800 metres of elevation are on the menu today. The climbing starts right from the off with the Port de Envalira \u2013 a 23.3km climb at a 5.1% average gradient.<\/p>\n<\/div>\n<div class=\"wcp-item-content\"><time class=\"no-wrap live-feed-date\" datetime=\"2026-08-25T12:21:44+00:00\">2026-08-25T12:21:44.870Z<\/time><\/p>\n<p id=\"elk-896d42d6-a07f-11f1-ac36-e1292c491e4f\">Much better conditions at the start today and all smiles in Andorra.<\/p>\n<figure class=\"van-image-figure inline-layout\" data-bordeaux-image-check id=\"elk-896d4344-a07f-11f1-9aed-4367c787381a\">\n<div class=\"image-full-width-wrapper\">\n<div class=\"image-widthsetter\">\n<p class=\"vanilla-image-block\">\n<source type=\"image\/webp\" srcset=\"https:\/\/cdn.mos.cms.futurecdn.net\/z4DtyNV4NBv8MHJxg52hGQ-1024-80.jpg.webp 1200w, https:\/\/cdn.mos.cms.futurecdn.net\/z4DtyNV4NBv8MHJxg52hGQ-1024-80.jpg.webp 1024w, https:\/\/cdn.mos.cms.futurecdn.net\/z4DtyNV4NBv8MHJxg52hGQ-970-80.jpg.webp 970w, https:\/\/cdn.mos.cms.futurecdn.net\/z4DtyNV4NBv8MHJxg52hGQ-650-80.jpg.webp 650w, https:\/\/cdn.mos.cms.futurecdn.net\/z4DtyNV4NBv8MHJxg52hGQ-480-80.jpg.webp 480w, https:\/\/cdn.mos.cms.futurecdn.net\/z4DtyNV4NBv8MHJxg52hGQ-320-80.jpg.webp 320w\" sizes=\"(min-width: 1000px) 970px, calc(100vw - 40px)\" \/><\/p>\n<\/div>\n<\/div><figcaption class=\" inline-layout\"><span class=\"credit\">(Image credit: Getty Images)<\/span><\/figcaption><\/figure>\n<\/div>\n<div class=\"wcp-item-content\"><time class=\"no-wrap live-feed-date\" datetime=\"2026-08-25T12:19:56+00:00\">2026-08-25T12:19:56.854Z<\/time><\/p>\n<p id=\"elk-490ab804-a07f-11f1-85fa-b1f3db488bcd\">We called up the hotel which sheltered the Vuelta peloton from the hailstorm yesterday.<\/p>\n<p><strong>&#8216;We did it with our heart and with a lot of pleasure&#8217; \u2013 Hotel owner blown away by riders and five-star reviews after giving shelter to Vuelta a Espa\u00f1a peloton amid hailstorm<\/strong><\/p>\n<figure class=\"van-image-figure inline-layout\" data-bordeaux-image-check id=\"elk-490ab87c-a07f-11f1-b20d-6d5a25059d6e\">\n<div class=\"image-full-width-wrapper\">\n<div class=\"image-widthsetter\">\n<p class=\"vanilla-image-block\">\n<source type=\"image\/webp\" srcset=\"https:\/\/cdn.mos.cms.futurecdn.net\/5ixVquGH2zoFfZFSdSyg3L-1200-80.jpg.webp 1200w, https:\/\/cdn.mos.cms.futurecdn.net\/5ixVquGH2zoFfZFSdSyg3L-1024-80.jpg.webp 1024w, https:\/\/cdn.mos.cms.futurecdn.net\/5ixVquGH2zoFfZFSdSyg3L-970-80.jpg.webp 970w, https:\/\/cdn.mos.cms.futurecdn.net\/5ixVquGH2zoFfZFSdSyg3L-650-80.jpg.webp 650w, https:\/\/cdn.mos.cms.futurecdn.net\/5ixVquGH2zoFfZFSdSyg3L-480-80.jpg.webp 480w, https:\/\/cdn.mos.cms.futurecdn.net\/5ixVquGH2zoFfZFSdSyg3L-320-80.jpg.webp 320w\" sizes=\"(min-width: 1000px) 970px, calc(100vw - 40px)\" \/><\/p>\n<\/div>\n<\/div><figcaption class=\" inline-layout\"><span class=\"credit\">(Image credit: Getty Images)<\/span><\/figcaption><\/figure>\n<\/div>\n<div class=\"wcp-item-content\"><time class=\"no-wrap live-feed-date\" datetime=\"2026-08-25T12:14:45+00:00\">2026-08-25T12:14:45.640Z<\/time><\/p>\n<p id=\"elk-8f7b7aa4-a07e-11f1-ad0f-839b98866bac\">Racing gets underway in around half an hour.<\/p>\n<\/div>\n<div class=\"wcp-item-content\"><time class=\"no-wrap live-feed-date\" datetime=\"2026-08-25T12:06:31+00:00\">2026-08-25T12:06:31.159Z<\/time><\/p>\n<p id=\"elk-68ce5062-a07d-11f1-807d-d129426c9e81\">Here&#8217;s a look at today&#8217;s stage, meanwhile.<\/p>\n<figure class=\"van-image-figure inline-layout\" data-bordeaux-image-check id=\"elk-68ce50c6-a07d-11f1-915a-cd5265182d0c\">\n<div class=\"image-full-width-wrapper\">\n<div class=\"image-widthsetter\">\n<p class=\"vanilla-image-block\">\n<source type=\"image\/webp\" srcset=\"https:\/\/cdn.mos.cms.futurecdn.net\/tyhVLo6MTv786BCDfHogiM-1200-80.jpg.webp 1200w, https:\/\/cdn.mos.cms.futurecdn.net\/tyhVLo6MTv786BCDfHogiM-1024-80.jpg.webp 1024w, https:\/\/cdn.mos.cms.futurecdn.net\/tyhVLo6MTv786BCDfHogiM-970-80.jpg.webp 970w, https:\/\/cdn.mos.cms.futurecdn.net\/tyhVLo6MTv786BCDfHogiM-650-80.jpg.webp 650w, https:\/\/cdn.mos.cms.futurecdn.net\/tyhVLo6MTv786BCDfHogiM-480-80.jpg.webp 480w, https:\/\/cdn.mos.cms.futurecdn.net\/tyhVLo6MTv786BCDfHogiM-320-80.jpg.webp 320w\" sizes=\"(min-width: 1000px) 970px, calc(100vw - 40px)\" \/><\/p>\n<\/div>\n<\/div><figcaption class=\" inline-layout\"><span class=\"credit\">(Image credit: Unipublic)<\/span><\/figcaption><\/figure>\n<\/div>\n<div class=\"wcp-item-content\"><time class=\"no-wrap live-feed-date\" datetime=\"2026-08-25T12:01:18+00:00\">2026-08-25T12:01:18.534Z<\/time><\/p>\n<p id=\"elk-ae67316c-a07c-11f1-8279-0b2f762a7753\"><strong>&#8216;The first thing I told the riders was \u2013 find shelter!&#8217; \u2013 How one team lived through the Vuelta a Espa\u00f1a hailstorm and stage cancellation drama<\/strong><\/p>\n<p>&#8216;The noise of the hail made it really hard to hear what was happening&#8217; says EF Education-EasyPost sports director<\/p>\n<figure class=\"van-image-figure inline-layout\" data-bordeaux-image-check id=\"elk-ae6731e4-a07c-11f1-9cca-2f1c76b44b2c\">\n<div class=\"image-full-width-wrapper\">\n<div class=\"image-widthsetter\">\n<p class=\"vanilla-image-block\">\n<source type=\"image\/webp\" srcset=\"https:\/\/cdn.mos.cms.futurecdn.net\/VQ85fpmey74WnmQcWoSrqf-1200-80.png.webp 1200w, https:\/\/cdn.mos.cms.futurecdn.net\/VQ85fpmey74WnmQcWoSrqf-1024-80.png.webp 1024w, https:\/\/cdn.mos.cms.futurecdn.net\/VQ85fpmey74WnmQcWoSrqf-970-80.png.webp 970w, https:\/\/cdn.mos.cms.futurecdn.net\/VQ85fpmey74WnmQcWoSrqf-650-80.png.webp 650w, https:\/\/cdn.mos.cms.futurecdn.net\/VQ85fpmey74WnmQcWoSrqf-480-80.png.webp 480w, https:\/\/cdn.mos.cms.futurecdn.net\/VQ85fpmey74WnmQcWoSrqf-320-80.png.webp 320w\" sizes=\"(min-width: 1000px) 970px, calc(100vw - 40px)\" \/><\/p>\n<\/div>\n<\/div><figcaption class=\" inline-layout\"><span class=\"caption-text\">Richard Carapaz rushing to shelter at the end of stage 3 <\/span><span class=\"credit\">(Image credit: Getty Images)<\/span><\/figcaption><\/figure>\n<\/div>\n<div class=\"wcp-item-content\"><time class=\"no-wrap live-feed-date\" datetime=\"2026-08-25T11:50:31+00:00\">2026-08-25T11:50:31.805Z<\/time><\/p>\n<p id=\"elk-2d20addc-a07b-11f1-89b5-0d70ac8c31d6\">Tadej Poga\u010dar was the favourite to extend his red jersey lead yesterday. Will he do so on today&#8217;s mountainous romp through Andorra? Here&#8217;s our stage preview.<\/p>\n<p><strong>&#8216;An absolute knockout stage&#8217; &#8211; Vuelta a Espa\u00f1a 2026 stage 4 preview: will Tadej Poga\u010dar strike (again)?<\/strong><\/p>\n<figure class=\"van-image-figure inline-layout\" data-bordeaux-image-check id=\"elk-2d20ae54-a07b-11f1-a60f-c9f3db5e3495\">\n<div class=\"image-full-width-wrapper\">\n<div class=\"image-widthsetter\">\n<p class=\"vanilla-image-block\">\n<source type=\"image\/webp\" srcset=\"https:\/\/cdn.mos.cms.futurecdn.net\/scjR7M9Fh8SyU9nh4SPKXF-1200-80.jpg.webp 1200w, https:\/\/cdn.mos.cms.futurecdn.net\/scjR7M9Fh8SyU9nh4SPKXF-1024-80.jpg.webp 1024w, https:\/\/cdn.mos.cms.futurecdn.net\/scjR7M9Fh8SyU9nh4SPKXF-970-80.jpg.webp 970w, https:\/\/cdn.mos.cms.futurecdn.net\/scjR7M9Fh8SyU9nh4SPKXF-650-80.jpg.webp 650w, https:\/\/cdn.mos.cms.futurecdn.net\/scjR7M9Fh8SyU9nh4SPKXF-480-80.jpg.webp 480w, https:\/\/cdn.mos.cms.futurecdn.net\/scjR7M9Fh8SyU9nh4SPKXF-320-80.jpg.webp 320w\" sizes=\"(min-width: 1000px) 970px, calc(100vw - 40px)\" \/><\/p>\n<\/div>\n<\/div><figcaption class=\" inline-layout\"><span class=\"credit\">(Image credit: Getty Images)<\/span><\/figcaption><\/figure>\n<\/div>\n<div class=\"wcp-item-content\"><time class=\"no-wrap live-feed-date\" datetime=\"2026-08-25T11:45:07+00:00\">2026-08-25T11:45:07.270Z<\/time><\/p>\n<p id=\"elk-6b843c34-a07a-11f1-b4cb-2176f311cb90\">The race is soon set to get going again after the tumultuous events of Monday&#8217;s stage 3, which was cut short by a massive hailstorm.<\/p>\n<\/div>\n<div class=\"wcp-item-content\"><time class=\"no-wrap live-feed-date\" datetime=\"2026-08-25T11:42:30+00:00\">2026-08-25T11:42:30.556Z<\/time><\/p>\n<p id=\"elk-ade9e1d2-98c8-11f1-9bd8-adffb421d08c\">Hello and welcome to our live coverage of stage 4 of the Vuelta a Espa\u00f1a!<\/p>\n<\/div>\n<div class=\"relative max-w-[1070px] viafoura-twig-component mt-6\" data-component-name=\"Viafoura:Comments\" data-nosnippet data-community-guidelines-text=\"&lt;p class=&apos;vfcustom-community-guidelines&apos;&gt;Please follow our &lt;a href=&quot;https:\/\/www.cyclingnews.com\/about\/#section-community-guidelines&quot; target=&quot;_blank&quot;&gt;community guidelines&lt;\/a&gt;.&lt;\/p&gt;\" data-join-the-conversation-text=\"Join the Conversation\">\n<div class=\"absolute top-0 left-0 w-full h-full flex items-center justify-center z-50 bg-white\/90 border-1 rounded-b-[var(--comment-widget-border-radius,0)]\">\n<div class=\"p-2 text-center\">\n<p class=\"mb-3 text-lg!\">You must confirm your public display name before commenting<\/p>\n<p class=\"mb-3 text-sm!\">Please logout and then login again, you will then be prompted to enter your display name.<\/p>\n<\/div>\n<\/div>\n<\/div>\n<\/div>\n<\/div>\n<\/div>\n<div id=\"widgetArea17\" class=\"widget-area md:basis-1\/3 widget-area-g-md-vp-1-3 widget-area-g-lg-vp-1-3 widget-area-g-xl-vp-1-3 page-widget-area-17\">\n<div data-widget-type=\"dynamic\" id=\"mostpopular\" class=\"clear-both widget widget-dynamic widget-mostpopular widget-dynamic-mostpopular widget-dynamic-fter-popular-box\">\n<div class=\"wdn-fte-pb pos-relative space-t20\n\"><\/p>\n<div class=\"slice-container popular-box-slice\">\n<section class=\"popular-box\" data-component-name=\"Slice:PopularBox\">\n<div class=\"popular-box__label\">\n<div class=\"popular-box__label__tab popular-box__label__tab--active\" role=\"heading\">\nLATEST ARTICLES\n<\/div>\n<\/div>\n<ol class=\"popular-box__articles-list popular-box__articles-list--active\">\n<li class=\"popular-box__article-list\">\n<div class=\"popular-box__article-list__container\">\n<div class=\"popular-box__article-list__image-wrapper\">\n<div>\n<source type=\"image\/webp\" srcset=\"https:\/\/cdn.mos.cms.futurecdn.net\/Vt44cujKFT8tiR8C2cjBsV-1280-80.jpg.webp 1280w, https:\/\/cdn.mos.cms.futurecdn.net\/Vt44cujKFT8tiR8C2cjBsV-720-80.jpg.webp 720w, https:\/\/cdn.mos.cms.futurecdn.net\/Vt44cujKFT8tiR8C2cjBsV-640-80.jpg.webp 640w, https:\/\/cdn.mos.cms.futurecdn.net\/Vt44cujKFT8tiR8C2cjBsV-320-80.jpg.webp 320w\" sizes=\"99vw\" \/><\/div>\n<\/div>\n<div class=\"popular-box__article-list__content\">\n<div class=\"popular-box__article-list__number-text\">1<\/div>\n<div class=\"popular-box__article-list__heading\">\n<p>A rare full cancellation, Ethan Hayter&#8217;s lost points, historical precedent \u2013\u00a0How the UCI rulebook was applied on the annulled stage 3 of the Vuelta a Espa\u00f1a<\/p>\n<\/div>\n<\/div>\n<\/div>\n<\/li>\n<li class=\"popular-box__article-list\">\n<div class=\"popular-box__article-list__container\">\n<div class=\"popular-box__article-list__content\">\n<div class=\"popular-box__article-list__number-text\">2<\/div>\n<div class=\"popular-box__article-list__heading\">\n<p>&#8216;We did it with our heart and with a lot of pleasure&#8217; \u2013 Hotel owner blown away by riders and five-star reviews after giving shelter to Vuelta a Espa\u00f1a peloton amid hailstorm<\/p>\n<\/div>\n<\/div>\n<\/div>\n<\/li>\n<li class=\"popular-box__article-list\">\n<div class=\"popular-box__article-list__container\">\n<div class=\"popular-box__article-list__content\">\n<div class=\"popular-box__article-list__number-text\">3<\/div>\n<div class=\"popular-box__article-list__heading\">\n<p>Vuelta a Espa\u00f1a stage 4 LIVE: Racing resumes with a short but brutal day in the mountains in Andorra<\/p>\n<\/div>\n<\/div>\n<\/div>\n<\/li>\n<li class=\"popular-box__article-list\">\n<div class=\"popular-box__article-list__container\">\n<div class=\"popular-box__article-list__content\">\n<div class=\"popular-box__article-list__number-text\">4<\/div>\n<div class=\"popular-box__article-list__heading\">\n<p>&#8216;The first thing I told the riders was \u2013 find shelter!&#8217; \u2013 How one team lived through the Vuelta a Espa\u00f1a hailstorm and stage cancellation drama<\/p>\n<\/div>\n<\/div>\n<\/div>\n<\/li>\n<li class=\"popular-box__article-list\">\n<div class=\"popular-box__article-list__container\">\n<div class=\"popular-box__article-list__content\">\n<div class=\"popular-box__article-list__number-text\">5<\/div>\n<div class=\"popular-box__article-list__heading\">\n<p>Vuelta a Espa\u00f1a Tech Gallery: A prototype Dura-Ace groupset, a new saddle for Tadej Poga\u010dar, and a special custom bike<\/p>\n<\/div>\n<\/div>\n<\/div>\n<\/li>\n<\/ol>\n<\/section>\n<\/div>\n<\/div>\n<\/div>\n<\/div>\n<\/div>\n<\/article>\n<div data-widget-type=\"hero\" id=\"hero\" class=\"clear-both widget widget-hero widget-hero widget-hero-hero hero-live news-article widget-hero widget-hero-fter-review\">\n<div data-component-name=\"Article:Hero\" class=\"news-article\">\n<div class=\"header-container\">\n<nav class=\"breadcrumb\" aria-label=\"Breadcrumbs\">\n<ol>\n<li>\nPro Cycling\n<\/li>\n<li>\nRacing\n<\/li>\n<li>\nRoad\n<\/li>\n<li>\nVuelta a Espa\u00f1a\n<\/li>\n<\/ol>\n<\/nav>\n<header>\n<div class=\"header-sub-container\">\n<h1 class=\"review-title-long live-report\">Vuelta a Espa\u00f1a stage 4 LIVE: Racing resumes with a short but brutal day in the mountains in Andorra<\/h1>\n<h2>Four major climbs and 2,890m of climbing on the menu in just 104.8km of racing<br \/>\n<\/h2>\n<div class=\"vds-byline-block flex flex-row flex-nowrap my-1.5 gap-2 text-left items-start justify-start\" data-component-name=\"Article:BylineBlock\">\n<p>Live-reports<\/p>\n<div class=\"my-auto vds-simple-byline\"><span class=\"inline-block vds-author\"><br \/>\nBy<br \/>\nDani Ostanek <\/span><\/p>\n<div class=\"flex gap-1 vds-byline-with-avatar__meta\"><span class=\"vds-date block font-normal tracking-normal normal-case text-xs\"><br \/>\nLast updated<br \/>\n<time data-component-name=\"UI:DateTime\" datetime=\"2026-08-25T13:08:21Z\" class=\"relative-date\"><br \/>\n25 August 2026<br \/>\n<\/time><\/span><\/div>\n<\/div>\n<\/div>\n<nav class=\"socialite-widget box less-space \" data-contexturl=\"https:\/\/www.cyclingnews.com\/pro-cycling\/live\/vuelta-a-espana-stage-4-live-racing-resumes-with-a-short-but-brutal-day-in-the-mountains-in-andorra\/\" data-mrf-recirculation=\"socialite\">\n<ul class=\"socialite-widget-ul\">\n<li class=\"socialite-widget-item social-facebook\">\n<li class=\"socialite-widget-item social-twitter\">\n<li class=\"socialite-widget-item social-pinterest\">\n<li class=\"socialite-widget-item social-email\"><\/ul>\n<p><span class=\"text-[color:var(--comment-count-text-color,inherit)]\"><span>1<\/span><span class=\"visible hidden sm:inline-block\">Comment<\/span><\/span><span class=\"text-[color:var(--comment-count-text-color,inherit)] hidden visible sm:inline-block\">Join the conversation<\/span><\/nav>\n<aside class=\"text-gray-700 flex items-center mx-0 my-5 p-0 justify-start text-left\" id=\"affiliate-disclaimer\" data-component-name=\"AffiliateDisclaimer\" data-hawk-message=\"Affiliate disclaimer removed because hawk deemed there are no affiliate links on this page\">\n<p class=\"text-[color:var(--affiliate-disclaimer--text-color,inherit)] mb-2 text-[length:var(--affiliate-disclaimer--font-size,0.75rem)] leading-[18px] md:text-[13px] [&amp;&gt;a]:text-inherit [&amp;&gt;a]:underline\">\nWhen you purchase through links on our site, we may earn an affiliate commission. Here\u2019s how it works.\n<\/p>\n<\/aside>\n<\/div>\n<\/header>\n<figure>\n<source type=\"image\/webp\" srcset=\"https:\/\/cdn.mos.cms.futurecdn.net\/cvR5PSnh5Z46KV2eUTjNtS-1920-80.jpg.webp 1920w, https:\/\/cdn.mos.cms.futurecdn.net\/cvR5PSnh5Z46KV2eUTjNtS-1600-80.jpg.webp 1600w, https:\/\/cdn.mos.cms.futurecdn.net\/cvR5PSnh5Z46KV2eUTjNtS-1200-80.jpg.webp 1200w, https:\/\/cdn.mos.cms.futurecdn.net\/cvR5PSnh5Z46KV2eUTjNtS-1024-80.jpg.webp 1024w, https:\/\/cdn.mos.cms.futurecdn.net\/cvR5PSnh5Z46KV2eUTjNtS-970-80.jpg.webp 970w, https:\/\/cdn.mos.cms.futurecdn.net\/cvR5PSnh5Z46KV2eUTjNtS-750-80.jpg.webp 750w, https:\/\/cdn.mos.cms.futurecdn.net\/cvR5PSnh5Z46KV2eUTjNtS-650-80.jpg.webp 650w, https:\/\/cdn.mos.cms.futurecdn.net\/cvR5PSnh5Z46KV2eUTjNtS-480-80.jpg.webp 480w, https:\/\/cdn.mos.cms.futurecdn.net\/cvR5PSnh5Z46KV2eUTjNtS-320-80.jpg.webp 320w\" sizes=\"(min-width: 1000px) 600px, 100vw\" \/><figcaption class=\"font-article-copy text-(--image--text--color) font-article-copy mt-2\"><span class=\"caption-text\">Will Tadej Poga\u010dar add more time to his overall lead in Andorra la Vella?<\/span><span class=\"credit\">(Image credit: \u00a9 Getty Images)<\/span><\/figcaption><\/figure>\n<\/div>\n<\/div>\n<\/div>\n<div data-component-name=\"Article:Hero\" class=\"news-article\">\n<div class=\"header-container\">\n<nav class=\"breadcrumb\" aria-label=\"Breadcrumbs\">\n<ol>\n<li>\nPro Cycling\n<\/li>\n<li>\nRacing\n<\/li>\n<li>\nRoad\n<\/li>\n<li>\nVuelta a Espa\u00f1a\n<\/li>\n<\/ol>\n<\/nav>\n<header>\n<div class=\"header-sub-container\">\n<h1 class=\"review-title-long live-report\">Vuelta a Espa\u00f1a stage 4 LIVE: Racing resumes with a short but brutal day in the mountains in Andorra<\/h1>\n<h2>Four major climbs and 2,890m of climbing on the menu in just 104.8km of racing<br \/>\n<\/h2>\n<div class=\"vds-byline-block flex flex-row flex-nowrap my-1.5 gap-2 text-left items-start justify-start\" data-component-name=\"Article:BylineBlock\">\n<p>Live-reports<\/p>\n<div class=\"my-auto vds-simple-byline\"><span class=\"inline-block vds-author\"><br \/>\nBy<br \/>\nDani Ostanek <\/span><\/p>\n<div class=\"flex gap-1 vds-byline-with-avatar__meta\"><span class=\"vds-date block font-normal tracking-normal normal-case text-xs\"><br \/>\nLast updated<br \/>\n<time data-component-name=\"UI:DateTime\" datetime=\"2026-08-25T13:08:21Z\" class=\"relative-date\"><br \/>\n25 August 2026<br \/>\n<\/time><\/span><\/div>\n<\/div>\n<\/div>\n<nav class=\"socialite-widget box less-space \" data-contexturl=\"https:\/\/www.cyclingnews.com\/pro-cycling\/live\/vuelta-a-espana-stage-4-live-racing-resumes-with-a-short-but-brutal-day-in-the-mountains-in-andorra\/\" data-mrf-recirculation=\"socialite\">\n<ul class=\"socialite-widget-ul\">\n<li class=\"socialite-widget-item social-facebook\">\n<li class=\"socialite-widget-item social-twitter\">\n<li class=\"socialite-widget-item social-pinterest\">\n<li class=\"socialite-widget-item social-email\"><\/ul>\n<p><span class=\"text-[color:var(--comment-count-text-color,inherit)]\"><span>1<\/span><span class=\"visible hidden sm:inline-block\">Comment<\/span><\/span><span class=\"text-[color:var(--comment-count-text-color,inherit)] hidden visible sm:inline-block\">Join the conversation<\/span><\/nav>\n<aside class=\"text-gray-700 flex items-center mx-0 my-5 p-0 justify-start text-left\" id=\"affiliate-disclaimer\" data-component-name=\"AffiliateDisclaimer\" data-hawk-message=\"Affiliate disclaimer removed because hawk deemed there are no affiliate links on this page\">\n<p class=\"text-[color:var(--affiliate-disclaimer--text-color,inherit)] mb-2 text-[length:var(--affiliate-disclaimer--font-size,0.75rem)] leading-[18px] md:text-[13px] [&amp;&gt;a]:text-inherit [&amp;&gt;a]:underline\">\nWhen you purchase through links on our site, we may earn an affiliate commission. Here\u2019s how it works.\n<\/p>\n<\/aside>\n<\/div>\n<\/header>\n<figure>\n<source type=\"image\/webp\" srcset=\"https:\/\/cdn.mos.cms.futurecdn.net\/cvR5PSnh5Z46KV2eUTjNtS-1920-80.jpg.webp 1920w, https:\/\/cdn.mos.cms.futurecdn.net\/cvR5PSnh5Z46KV2eUTjNtS-1600-80.jpg.webp 1600w, https:\/\/cdn.mos.cms.futurecdn.net\/cvR5PSnh5Z46KV2eUTjNtS-1200-80.jpg.webp 1200w, https:\/\/cdn.mos.cms.futurecdn.net\/cvR5PSnh5Z46KV2eUTjNtS-1024-80.jpg.webp 1024w, https:\/\/cdn.mos.cms.futurecdn.net\/cvR5PSnh5Z46KV2eUTjNtS-970-80.jpg.webp 970w, https:\/\/cdn.mos.cms.futurecdn.net\/cvR5PSnh5Z46KV2eUTjNtS-750-80.jpg.webp 750w, https:\/\/cdn.mos.cms.futurecdn.net\/cvR5PSnh5Z46KV2eUTjNtS-650-80.jpg.webp 650w, https:\/\/cdn.mos.cms.futurecdn.net\/cvR5PSnh5Z46KV2eUTjNtS-480-80.jpg.webp 480w, https:\/\/cdn.mos.cms.futurecdn.net\/cvR5PSnh5Z46KV2eUTjNtS-320-80.jpg.webp 320w\" sizes=\"(min-width: 1000px) 600px, 100vw\" \/><figcaption class=\"font-article-copy text-(--image--text--color) font-article-copy mt-2\"><span class=\"caption-text\">Will Tadej Poga\u010dar add more time to his overall lead in Andorra la Vella?<\/span><span class=\"credit\">(Image credit: \u00a9 Getty Images)<\/span><\/figcaption><\/figure>\n<\/div>\n<\/div>\n<div data-widget-type=\"contentparsed\" id=\"pinned-content\" class=\"clear-both widget widget-contentparsed widget-pinned-content widget-contentparsed-pinned-content widget-pinned news-article widget-content-parsed widget-content-parsed-default widget-content-parsed-live-feed \">\n<div class=\" article-body \">\n<div class><\/p>\n<p id=\"elk-ade1f7e2-98c8-11f1-8470-5f274711d6b4\"><strong>Vuelta a Espa\u00f1a 2026 &#8211; Everything you need to know<\/strong><\/p>\n<p><strong>Vuelta a Espa\u00f1a 2026 &#8211; Route<\/strong><\/p>\n<p id=\"elk-ade1f7e2-98c8-11f1-8470-5f274711d6b4-2\"><strong>Vuelta a Espa\u00f1a 2026 &#8211; Contenders<\/strong><\/p>\n<p><strong>Vuelta a Espa\u00f1a 2026 &#8211; stage 4 preview<\/strong><\/p>\n<p><strong>How to watch the 2026 Vuelta a Espa\u00f1a<\/strong><\/p>\n<p id=\"elk-ade1f83c-98c8-11f1-b000-0d2fb7949936\"><strong>For unbeatable coverage across road, gravel and tech, subscribe to Cyclingnews. You&#8217;ll get comprehensive race coverage of La Vuelta a Espa\u00f1a, subscriber-exclusive analysis from our expert columnists, in-depth features and industry-leading tech insight. Plus, the Cyclingnews app lets you follow the action wherever you go! <\/strong><u><strong>Join today.<\/strong><\/u><\/p>\n<h3 class=\"article-body__section\" id=\"section-race-situation\"><span>Race Situation<\/span><\/h3>\n\n<h3 class=\"article-body__section\" id=\"section-have-your-say\"><span>Have your say<\/span><\/h3>\n<\/div>\n<\/div>\n<\/div>\n<div data-widget-type=\"contentparsed\" id=\"live-feed-multipage\" class=\"clear-both widget widget-contentparsed widget-live-feed-multipage widget-contentparsed-live-feed-multipage news-article widget-content-parsed widget-content-parsed-default multipage widget-content-parsed-live-feed \">\n<div id=\"article-body\" class=\" article-body \">\n<div class=\"wcp-item-content\"><time class=\"no-wrap live-feed-date\" datetime=\"2026-08-25T13:08:21+00:00\">2026-08-25T13:08:21.764Z<\/time><\/p>\n<h3 class=\"article-body__section\" id=\"section-97km-to-go\"><span>97km to go<\/span><\/h3>\n<p id=\"elk-0ca70334-a086-11f1-a259-ffee7c4d24b9\">Pinarello-Q36.5 move to the front now.<\/p>\n<\/div>\n<div class=\"wcp-item-content\"><time class=\"no-wrap live-feed-date\" datetime=\"2026-08-25T13:08:02+00:00\">2026-08-25T13:08:02.681Z<\/time><\/p>\n<p id=\"elk-012875ec-a086-11f1-b17d-25a10b946b71\">UAE and Poga\u010dar at the start of today&#8217;s stage.<\/p>\n<figure class=\"van-image-figure inline-layout\" data-bordeaux-image-check id=\"elk-0128765a-a086-11f1-a974-ddf188523020\">\n<div class=\"image-full-width-wrapper\">\n<div class=\"image-widthsetter\">\n<p class=\"vanilla-image-block\">\n<source type=\"image\/webp\" srcset=\"https:\/\/cdn.mos.cms.futurecdn.net\/PdSZBmayeSnF5Py73uT8Ln-1024-80.jpg.webp 1200w, https:\/\/cdn.mos.cms.futurecdn.net\/PdSZBmayeSnF5Py73uT8Ln-1024-80.jpg.webp 1024w, https:\/\/cdn.mos.cms.futurecdn.net\/PdSZBmayeSnF5Py73uT8Ln-970-80.jpg.webp 970w, https:\/\/cdn.mos.cms.futurecdn.net\/PdSZBmayeSnF5Py73uT8Ln-650-80.jpg.webp 650w, https:\/\/cdn.mos.cms.futurecdn.net\/PdSZBmayeSnF5Py73uT8Ln-480-80.jpg.webp 480w, https:\/\/cdn.mos.cms.futurecdn.net\/PdSZBmayeSnF5Py73uT8Ln-320-80.jpg.webp 320w\" sizes=\"(min-width: 1000px) 970px, calc(100vw - 40px)\" \/><\/p>\n<\/div>\n<\/div><figcaption class=\" inline-layout\"><span class=\"credit\">(Image credit: Getty Images)<\/span><\/figcaption><\/figure>\n<\/div>\n<div class=\"wcp-item-content\"><time class=\"no-wrap live-feed-date\" datetime=\"2026-08-25T13:07:14+00:00\">2026-08-25T13:07:14.282Z<\/time><\/p>\n<p id=\"elk-e490027e-a085-11f1-8f7e-b9102f082af6\">UAE is bringing them back, however.<\/p>\n<\/div>\n<div class=\"wcp-item-content\"><time class=\"no-wrap live-feed-date\" datetime=\"2026-08-25T13:06:54+00:00\">2026-08-25T13:06:54.681Z<\/time><\/p>\n<p id=\"elk-d89d9db4-a085-11f1-80c1-5b01f310134d\">A host of other riders have joined them in the move, including Sepp Kuss, Jack Haig, Pello Bilbao, and Mikel Landa.<\/p>\n<\/div>\n<div class=\"wcp-item-content\"><time class=\"no-wrap live-feed-date\" datetime=\"2026-08-25T13:03:06+00:00\">2026-08-25T13:03:06.414Z<\/time><\/p>\n<p id=\"elk-5173cd9a-a085-11f1-bda6-b1e00505d764\">Bouwman is in the polka dot jersey as KOM leader, of course.<\/p>\n<\/div>\n<div class=\"wcp-item-content\"><time class=\"no-wrap live-feed-date\" datetime=\"2026-08-25T13:02:51+00:00\">2026-08-25T13:02:51.264Z<\/time><\/p>\n<p id=\"elk-47a026ce-a085-11f1-b939-4b12efdbe597\">More attackers flow off the front, including Dutchman Koen Bouwman and Steven Kruijswijk.<\/p>\n<\/div>\n<div class=\"wcp-item-content\"><time class=\"no-wrap live-feed-date\" datetime=\"2026-08-25T13:02:32+00:00\">2026-08-25T13:02:32.766Z<\/time><\/p>\n<h3 class=\"article-body__section\" id=\"section-100km-to-go\"><span>100km to go<\/span><\/h3>\n<p id=\"elk-3c712cee-a085-11f1-8827-6736976f29b9\">Uriarte has been caught.<\/p>\n<\/div>\n<div class=\"wcp-item-content\"><time class=\"no-wrap live-feed-date\" datetime=\"2026-08-25T12:56:51+00:00\">2026-08-25T12:56:51.331Z<\/time><\/p>\n<p id=\"elk-7127cf0c-a084-11f1-913a-3fc70ee1d7a6\">Diego Uriarte (Equipo Kern Pharma) is the first attacker of the day<\/p>\n<\/div>\n<div class=\"wcp-item-content\"><time class=\"no-wrap live-feed-date\" datetime=\"2026-08-25T12:53:55+00:00\">2026-08-25T12:53:55.997Z<\/time><\/p>\n<h3 class=\"article-body__section\" id=\"section-104-8km-to-go\"><span>104.8km to go<\/span><\/h3>\n<p id=\"elk-088903a8-a084-11f1-afea-75f2f7eb1a95\">His UAE team are right to the front with Ivo Oliveira as the flag drops to start the stage.<\/p>\n<\/div>\n<div class=\"wcp-item-content\"><time class=\"no-wrap live-feed-date\" datetime=\"2026-08-25T12:52:07+00:00\">2026-08-25T12:52:07.699Z<\/time><\/p>\n<p id=\"elk-c8685832-a083-11f1-b344-e9a6c3fc3062\">Tadej Poga\u010dar back in the red jersey this morning.<\/p>\n<figure class=\"van-image-figure inline-layout\" data-bordeaux-image-check id=\"elk-c8685896-a083-11f1-9286-e9924d45f54f\">\n<div class=\"image-full-width-wrapper\">\n<div class=\"image-widthsetter\">\n<p class=\"vanilla-image-block\">\n<source type=\"image\/webp\" srcset=\"https:\/\/cdn.mos.cms.futurecdn.net\/ZYZ7emvdpvejHbJe49j8Va-1024-80.jpg.webp 1200w, https:\/\/cdn.mos.cms.futurecdn.net\/ZYZ7emvdpvejHbJe49j8Va-1024-80.jpg.webp 1024w, https:\/\/cdn.mos.cms.futurecdn.net\/ZYZ7emvdpvejHbJe49j8Va-970-80.jpg.webp 970w, https:\/\/cdn.mos.cms.futurecdn.net\/ZYZ7emvdpvejHbJe49j8Va-650-80.jpg.webp 650w, https:\/\/cdn.mos.cms.futurecdn.net\/ZYZ7emvdpvejHbJe49j8Va-480-80.jpg.webp 480w, https:\/\/cdn.mos.cms.futurecdn.net\/ZYZ7emvdpvejHbJe49j8Va-320-80.jpg.webp 320w\" sizes=\"(min-width: 1000px) 970px, calc(100vw - 40px)\" \/><\/p>\n<\/div>\n<\/div><figcaption class=\" inline-layout\"><span class=\"credit\">(Image credit: Getty Images)<\/span><\/figcaption><\/figure>\n<\/div>\n<div class=\"wcp-item-content\"><time class=\"no-wrap live-feed-date\" datetime=\"2026-08-25T12:51:01+00:00\">2026-08-25T12:51:01.614Z<\/time><\/p>\n<p id=\"elk-a08de296-a083-11f1-bd0f-c50fd649f092\">A short 2.5km neutralised section to start the race today.<\/p>\n<\/div>\n<div class=\"wcp-item-content\"><time class=\"no-wrap live-feed-date\" datetime=\"2026-08-25T12:47:37+00:00\">2026-08-25T12:47:37.915Z<\/time><\/p>\n<p id=\"elk-272fe89a-a083-11f1-9af2-d1f6b6c18524\">The riders are just rolling out to start the stage now.<\/p>\n<\/div>\n<div class=\"wcp-item-content\"><time class=\"no-wrap live-feed-date\" datetime=\"2026-08-25T12:39:57+00:00\">2026-08-25T12:39:57.849Z<\/time><\/p>\n<p id=\"elk-14defe48-a082-11f1-aaf1-079953e0f886\">Other major climbs on today&#8217;s stage include the Collada de Beixalis (6.5km at 8.5%), the Col de Ordino (9.9km at 7%), and the La Comella (3.9km at 5.9%)<\/p>\n<\/div>\n<div class=\"wcp-item-content\"><time class=\"no-wrap live-feed-date\" datetime=\"2026-08-25T12:38:38+00:00\">2026-08-25T12:38:38.798Z<\/time><\/p>\n<p id=\"elk-e5cd8c5a-a081-11f1-9f87-1d6e73544a0e\">Three first-category climbs and over 2,800 metres of elevation are on the menu today. The climbing starts right from the off with the Port de Envalira \u2013 a 23.3km climb at a 5.1% average gradient.<\/p>\n<\/div>\n<div class=\"wcp-item-content\"><time class=\"no-wrap live-feed-date\" datetime=\"2026-08-25T12:21:44+00:00\">2026-08-25T12:21:44.870Z<\/time><\/p>\n<p id=\"elk-896d42d6-a07f-11f1-ac36-e1292c491e4f\">Much better conditions at the start today and all smiles in Andorra.<\/p>\n<figure class=\"van-image-figure inline-layout\" data-bordeaux-image-check id=\"elk-896d4344-a07f-11f1-9aed-4367c787381a\">\n<div class=\"image-full-width-wrapper\">\n<div class=\"image-widthsetter\">\n<p class=\"vanilla-image-block\">\n<source type=\"image\/webp\" srcset=\"https:\/\/cdn.mos.cms.futurecdn.net\/z4DtyNV4NBv8MHJxg52hGQ-1024-80.jpg.webp 1200w, https:\/\/cdn.mos.cms.futurecdn.net\/z4DtyNV4NBv8MHJxg52hGQ-1024-80.jpg.webp 1024w, https:\/\/cdn.mos.cms.futurecdn.net\/z4DtyNV4NBv8MHJxg52hGQ-970-80.jpg.webp 970w, https:\/\/cdn.mos.cms.futurecdn.net\/z4DtyNV4NBv8MHJxg52hGQ-650-80.jpg.webp 650w, https:\/\/cdn.mos.cms.futurecdn.net\/z4DtyNV4NBv8MHJxg52hGQ-480-80.jpg.webp 480w, https:\/\/cdn.mos.cms.futurecdn.net\/z4DtyNV4NBv8MHJxg52hGQ-320-80.jpg.webp 320w\" sizes=\"(min-width: 1000px) 970px, calc(100vw - 40px)\" \/><\/p>\n<\/div>\n<\/div><figcaption class=\" inline-layout\"><span class=\"credit\">(Image credit: Getty Images)<\/span><\/figcaption><\/figure>\n<\/div>\n<div class=\"wcp-item-content\"><time class=\"no-wrap live-feed-date\" datetime=\"2026-08-25T12:19:56+00:00\">2026-08-25T12:19:56.854Z<\/time><\/p>\n<p id=\"elk-490ab804-a07f-11f1-85fa-b1f3db488bcd\">We called up the hotel which sheltered the Vuelta peloton from the hailstorm yesterday.<\/p>\n<p><strong>&#8216;We did it with our heart and with a lot of pleasure&#8217; \u2013 Hotel owner blown away by riders and five-star reviews after giving shelter to Vuelta a Espa\u00f1a peloton amid hailstorm<\/strong><\/p>\n<figure class=\"van-image-figure inline-layout\" data-bordeaux-image-check id=\"elk-490ab87c-a07f-11f1-b20d-6d5a25059d6e\">\n<div class=\"image-full-width-wrapper\">\n<div class=\"image-widthsetter\">\n<p class=\"vanilla-image-block\">\n<source type=\"image\/webp\" srcset=\"https:\/\/cdn.mos.cms.futurecdn.net\/5ixVquGH2zoFfZFSdSyg3L-1200-80.jpg.webp 1200w, https:\/\/cdn.mos.cms.futurecdn.net\/5ixVquGH2zoFfZFSdSyg3L-1024-80.jpg.webp 1024w, https:\/\/cdn.mos.cms.futurecdn.net\/5ixVquGH2zoFfZFSdSyg3L-970-80.jpg.webp 970w, https:\/\/cdn.mos.cms.futurecdn.net\/5ixVquGH2zoFfZFSdSyg3L-650-80.jpg.webp 650w, https:\/\/cdn.mos.cms.futurecdn.net\/5ixVquGH2zoFfZFSdSyg3L-480-80.jpg.webp 480w, https:\/\/cdn.mos.cms.futurecdn.net\/5ixVquGH2zoFfZFSdSyg3L-320-80.jpg.webp 320w\" sizes=\"(min-width: 1000px) 970px, calc(100vw - 40px)\" \/><\/p>\n<\/div>\n<\/div><figcaption class=\" inline-layout\"><span class=\"credit\">(Image credit: Getty Images)<\/span><\/figcaption><\/figure>\n<\/div>\n<div class=\"wcp-item-content\"><time class=\"no-wrap live-feed-date\" datetime=\"2026-08-25T12:14:45+00:00\">2026-08-25T12:14:45.640Z<\/time><\/p>\n<p id=\"elk-8f7b7aa4-a07e-11f1-ad0f-839b98866bac\">Racing gets underway in around half an hour.<\/p>\n<\/div>\n<div class=\"wcp-item-content\"><time class=\"no-wrap live-feed-date\" datetime=\"2026-08-25T12:06:31+00:00\">2026-08-25T12:06:31.159Z<\/time><\/p>\n<p id=\"elk-68ce5062-a07d-11f1-807d-d129426c9e81\">Here&#8217;s a look at today&#8217;s stage, meanwhile.<\/p>\n<figure class=\"van-image-figure inline-layout\" data-bordeaux-image-check id=\"elk-68ce50c6-a07d-11f1-915a-cd5265182d0c\">\n<div class=\"image-full-width-wrapper\">\n<div class=\"image-widthsetter\">\n<p class=\"vanilla-image-block\">\n<source type=\"image\/webp\" srcset=\"https:\/\/cdn.mos.cms.futurecdn.net\/tyhVLo6MTv786BCDfHogiM-1200-80.jpg.webp 1200w, https:\/\/cdn.mos.cms.futurecdn.net\/tyhVLo6MTv786BCDfHogiM-1024-80.jpg.webp 1024w, https:\/\/cdn.mos.cms.futurecdn.net\/tyhVLo6MTv786BCDfHogiM-970-80.jpg.webp 970w, https:\/\/cdn.mos.cms.futurecdn.net\/tyhVLo6MTv786BCDfHogiM-650-80.jpg.webp 650w, https:\/\/cdn.mos.cms.futurecdn.net\/tyhVLo6MTv786BCDfHogiM-480-80.jpg.webp 480w, https:\/\/cdn.mos.cms.futurecdn.net\/tyhVLo6MTv786BCDfHogiM-320-80.jpg.webp 320w\" sizes=\"(min-width: 1000px) 970px, calc(100vw - 40px)\" \/><\/p>\n<\/div>\n<\/div><figcaption class=\" inline-layout\"><span class=\"credit\">(Image credit: Unipublic)<\/span><\/figcaption><\/figure>\n<\/div>\n<div class=\"wcp-item-content\"><time class=\"no-wrap live-feed-date\" datetime=\"2026-08-25T12:01:18+00:00\">2026-08-25T12:01:18.534Z<\/time><\/p>\n<p id=\"elk-ae67316c-a07c-11f1-8279-0b2f762a7753\"><strong>&#8216;The first thing I told the riders was \u2013 find shelter!&#8217; \u2013 How one team lived through the Vuelta a Espa\u00f1a hailstorm and stage cancellation drama<\/strong><\/p>\n<p>&#8216;The noise of the hail made it really hard to hear what was happening&#8217; says EF Education-EasyPost sports director<\/p>\n<figure class=\"van-image-figure inline-layout\" data-bordeaux-image-check id=\"elk-ae6731e4-a07c-11f1-9cca-2f1c76b44b2c\">\n<div class=\"image-full-width-wrapper\">\n<div class=\"image-widthsetter\">\n<p class=\"vanilla-image-block\">\n<source type=\"image\/webp\" srcset=\"https:\/\/cdn.mos.cms.futurecdn.net\/VQ85fpmey74WnmQcWoSrqf-1200-80.png.webp 1200w, https:\/\/cdn.mos.cms.futurecdn.net\/VQ85fpmey74WnmQcWoSrqf-1024-80.png.webp 1024w, https:\/\/cdn.mos.cms.futurecdn.net\/VQ85fpmey74WnmQcWoSrqf-970-80.png.webp 970w, https:\/\/cdn.mos.cms.futurecdn.net\/VQ85fpmey74WnmQcWoSrqf-650-80.png.webp 650w, https:\/\/cdn.mos.cms.futurecdn.net\/VQ85fpmey74WnmQcWoSrqf-480-80.png.webp 480w, https:\/\/cdn.mos.cms.futurecdn.net\/VQ85fpmey74WnmQcWoSrqf-320-80.png.webp 320w\" sizes=\"(min-width: 1000px) 970px, calc(100vw - 40px)\" \/><\/p>\n<\/div>\n<\/div><figcaption class=\" inline-layout\"><span class=\"caption-text\">Richard Carapaz rushing to shelter at the end of stage 3 <\/span><span class=\"credit\">(Image credit: Getty Images)<\/span><\/figcaption><\/figure>\n<\/div>\n<div class=\"wcp-item-content\"><time class=\"no-wrap live-feed-date\" datetime=\"2026-08-25T11:50:31+00:00\">2026-08-25T11:50:31.805Z<\/time><\/p>\n<p id=\"elk-2d20addc-a07b-11f1-89b5-0d70ac8c31d6\">Tadej Poga\u010dar was the favourite to extend his red jersey lead yesterday. Will he do so on today&#8217;s mountainous romp through Andorra? Here&#8217;s our stage preview.<\/p>\n<p><strong>&#8216;An absolute knockout stage&#8217; &#8211; Vuelta a Espa\u00f1a 2026 stage 4 preview: will Tadej Poga\u010dar strike (again)?<\/strong><\/p>\n<figure class=\"van-image-figure inline-layout\" data-bordeaux-image-check id=\"elk-2d20ae54-a07b-11f1-a60f-c9f3db5e3495\">\n<div class=\"image-full-width-wrapper\">\n<div class=\"image-widthsetter\">\n<p class=\"vanilla-image-block\">\n<source type=\"image\/webp\" srcset=\"https:\/\/cdn.mos.cms.futurecdn.net\/scjR7M9Fh8SyU9nh4SPKXF-1200-80.jpg.webp 1200w, https:\/\/cdn.mos.cms.futurecdn.net\/scjR7M9Fh8SyU9nh4SPKXF-1024-80.jpg.webp 1024w, https:\/\/cdn.mos.cms.futurecdn.net\/scjR7M9Fh8SyU9nh4SPKXF-970-80.jpg.webp 970w, https:\/\/cdn.mos.cms.futurecdn.net\/scjR7M9Fh8SyU9nh4SPKXF-650-80.jpg.webp 650w, https:\/\/cdn.mos.cms.futurecdn.net\/scjR7M9Fh8SyU9nh4SPKXF-480-80.jpg.webp 480w, https:\/\/cdn.mos.cms.futurecdn.net\/scjR7M9Fh8SyU9nh4SPKXF-320-80.jpg.webp 320w\" sizes=\"(min-width: 1000px) 970px, calc(100vw - 40px)\" \/><\/p>\n<\/div>\n<\/div><figcaption class=\" inline-layout\"><span class=\"credit\">(Image credit: Getty Images)<\/span><\/figcaption><\/figure>\n<\/div>\n<div class=\"wcp-item-content\"><time class=\"no-wrap live-feed-date\" datetime=\"2026-08-25T11:45:07+00:00\">2026-08-25T11:45:07.270Z<\/time><\/p>\n<p id=\"elk-6b843c34-a07a-11f1-b4cb-2176f311cb90\">The race is soon set to get going again after the tumultuous events of Monday&#8217;s stage 3, which was cut short by a massive hailstorm.<\/p>\n<\/div>\n<div class=\"wcp-item-content\"><time class=\"no-wrap live-feed-date\" datetime=\"2026-08-25T11:42:30+00:00\">2026-08-25T11:42:30.556Z<\/time><\/p>\n<p id=\"elk-ade9e1d2-98c8-11f1-9bd8-adffb421d08c\">Hello and welcome to our live coverage of stage 4 of the Vuelta a Espa\u00f1a!<\/p>\n<\/div>\n<div class=\"relative max-w-[1070px] viafoura-twig-component mt-6\" data-component-name=\"Viafoura:Comments\" data-nosnippet data-community-guidelines-text=\"&lt;p class=&apos;vfcustom-community-guidelines&apos;&gt;Please follow our &lt;a href=&quot;https:\/\/www.cyclingnews.com\/about\/#section-community-guidelines&quot; target=&quot;_blank&quot;&gt;community guidelines&lt;\/a&gt;.&lt;\/p&gt;\" data-join-the-conversation-text=\"Join the Conversation\">\n<div class=\"absolute top-0 left-0 w-full h-full flex items-center justify-center z-50 bg-white\/90 border-1 rounded-b-[var(--comment-widget-border-radius,0)]\">\n<div class=\"p-2 text-center\">\n<p class=\"mb-3 text-lg!\">You must confirm your public display name before commenting<\/p>\n<p class=\"mb-3 text-sm!\">Please logout and then login again, you will then be prompted to enter your display name.<\/p>\n<\/div>\n<\/div>\n<\/div>\n<\/div>\n<\/div>\n<div id=\"article-body\" class=\" article-body \">\n<div class=\"wcp-item-content\"><time class=\"no-wrap live-feed-date\" datetime=\"2026-08-25T13:08:21+00:00\">2026-08-25T13:08:21.764Z<\/time><\/p>\n<h3 class=\"article-body__section\" id=\"section-97km-to-go\"><span>97km to go<\/span><\/h3>\n<p id=\"elk-0ca70334-a086-11f1-a259-ffee7c4d24b9\">Pinarello-Q36.5 move to the front now.<\/p>\n<\/div>\n<div class=\"wcp-item-content\"><time class=\"no-wrap live-feed-date\" datetime=\"2026-08-25T13:08:02+00:00\">2026-08-25T13:08:02.681Z<\/time><\/p>\n<p id=\"elk-012875ec-a086-11f1-b17d-25a10b946b71\">UAE and Poga\u010dar at the start of today&#8217;s stage.<\/p>\n<figure class=\"van-image-figure inline-layout\" data-bordeaux-image-check id=\"elk-0128765a-a086-11f1-a974-ddf188523020\">\n<div class=\"image-full-width-wrapper\">\n<div class=\"image-widthsetter\">\n<p class=\"vanilla-image-block\">\n<source type=\"image\/webp\" srcset=\"https:\/\/cdn.mos.cms.futurecdn.net\/PdSZBmayeSnF5Py73uT8Ln-1024-80.jpg.webp 1200w, https:\/\/cdn.mos.cms.futurecdn.net\/PdSZBmayeSnF5Py73uT8Ln-1024-80.jpg.webp 1024w, https:\/\/cdn.mos.cms.futurecdn.net\/PdSZBmayeSnF5Py73uT8Ln-970-80.jpg.webp 970w, https:\/\/cdn.mos.cms.futurecdn.net\/PdSZBmayeSnF5Py73uT8Ln-650-80.jpg.webp 650w, https:\/\/cdn.mos.cms.futurecdn.net\/PdSZBmayeSnF5Py73uT8Ln-480-80.jpg.webp 480w, https:\/\/cdn.mos.cms.futurecdn.net\/PdSZBmayeSnF5Py73uT8Ln-320-80.jpg.webp 320w\" sizes=\"(min-width: 1000px) 970px, calc(100vw - 40px)\" \/><\/p>\n<\/div>\n<\/div><figcaption class=\" inline-layout\"><span class=\"credit\">(Image credit: Getty Images)<\/span><\/figcaption><\/figure>\n<\/div>\n<div class=\"wcp-item-content\"><time class=\"no-wrap live-feed-date\" datetime=\"2026-08-25T13:07:14+00:00\">2026-08-25T13:07:14.282Z<\/time><\/p>\n<p id=\"elk-e490027e-a085-11f1-8f7e-b9102f082af6\">UAE is bringing them back, however.<\/p>\n<\/div>\n<div class=\"wcp-item-content\"><time class=\"no-wrap live-feed-date\" datetime=\"2026-08-25T13:06:54+00:00\">2026-08-25T13:06:54.681Z<\/time><\/p>\n<p id=\"elk-d89d9db4-a085-11f1-80c1-5b01f310134d\">A host of other riders have joined them in the move, including Sepp Kuss, Jack Haig, Pello Bilbao, and Mikel Landa.<\/p>\n<\/div>\n<div class=\"wcp-item-content\"><time class=\"no-wrap live-feed-date\" datetime=\"2026-08-25T13:03:06+00:00\">2026-08-25T13:03:06.414Z<\/time><\/p>\n<p id=\"elk-5173cd9a-a085-11f1-bda6-b1e00505d764\">Bouwman is in the polka dot jersey as KOM leader, of course.<\/p>\n<\/div>\n<div class=\"wcp-item-content\"><time class=\"no-wrap live-feed-date\" datetime=\"2026-08-25T13:02:51+00:00\">2026-08-25T13:02:51.264Z<\/time><\/p>\n<p id=\"elk-47a026ce-a085-11f1-b939-4b12efdbe597\">More attackers flow off the front, including Dutchman Koen Bouwman and Steven Kruijswijk.<\/p>\n<\/div>\n<div class=\"wcp-item-content\"><time class=\"no-wrap live-feed-date\" datetime=\"2026-08-25T13:02:32+00:00\">2026-08-25T13:02:32.766Z<\/time><\/p>\n<h3 class=\"article-body__section\" id=\"section-100km-to-go\"><span>100km to go<\/span><\/h3>\n<p id=\"elk-3c712cee-a085-11f1-8827-6736976f29b9\">Uriarte has been caught.<\/p>\n<\/div>\n<div class=\"wcp-item-content\"><time class=\"no-wrap live-feed-date\" datetime=\"2026-08-25T12:56:51+00:00\">2026-08-25T12:56:51.331Z<\/time><\/p>\n<p id=\"elk-7127cf0c-a084-11f1-913a-3fc70ee1d7a6\">Diego Uriarte (Equipo Kern Pharma) is the first attacker of the day<\/p>\n<\/div>\n<div class=\"wcp-item-content\"><time class=\"no-wrap live-feed-date\" datetime=\"2026-08-25T12:53:55+00:00\">2026-08-25T12:53:55.997Z<\/time><\/p>\n<h3 class=\"article-body__section\" id=\"section-104-8km-to-go\"><span>104.8km to go<\/span><\/h3>\n<p id=\"elk-088903a8-a084-11f1-afea-75f2f7eb1a95\">His UAE team are right to the front with Ivo Oliveira as the flag drops to start the stage.<\/p>\n<\/div>\n<div class=\"wcp-item-content\"><time class=\"no-wrap live-feed-date\" datetime=\"2026-08-25T12:52:07+00:00\">2026-08-25T12:52:07.699Z<\/time><\/p>\n<p id=\"elk-c8685832-a083-11f1-b344-e9a6c3fc3062\">Tadej Poga\u010dar back in the red jersey this morning.<\/p>\n<figure class=\"van-image-figure inline-layout\" data-bordeaux-image-check id=\"elk-c8685896-a083-11f1-9286-e9924d45f54f\">\n<div class=\"image-full-width-wrapper\">\n<div class=\"image-widthsetter\">\n<p class=\"vanilla-image-block\">\n<source type=\"image\/webp\" srcset=\"https:\/\/cdn.mos.cms.futurecdn.net\/ZYZ7emvdpvejHbJe49j8Va-1024-80.jpg.webp 1200w, https:\/\/cdn.mos.cms.futurecdn.net\/ZYZ7emvdpvejHbJe49j8Va-1024-80.jpg.webp 1024w, https:\/\/cdn.mos.cms.futurecdn.net\/ZYZ7emvdpvejHbJe49j8Va-970-80.jpg.webp 970w, https:\/\/cdn.mos.cms.futurecdn.net\/ZYZ7emvdpvejHbJe49j8Va-650-80.jpg.webp 650w, https:\/\/cdn.mos.cms.futurecdn.net\/ZYZ7emvdpvejHbJe49j8Va-480-80.jpg.webp 480w, https:\/\/cdn.mos.cms.futurecdn.net\/ZYZ7emvdpvejHbJe49j8Va-320-80.jpg.webp 320w\" sizes=\"(min-width: 1000px) 970px, calc(100vw - 40px)\" \/><\/p>\n<\/div>\n<\/div><figcaption class=\" inline-layout\"><span class=\"credit\">(Image credit: Getty Images)<\/span><\/figcaption><\/figure>\n<\/div>\n<div class=\"wcp-item-content\"><time class=\"no-wrap live-feed-date\" datetime=\"2026-08-25T12:51:01+00:00\">2026-08-25T12:51:01.614Z<\/time><\/p>\n<p id=\"elk-a08de296-a083-11f1-bd0f-c50fd649f092\">A short 2.5km neutralised section to start the race today.<\/p>\n<\/div>\n<div class=\"wcp-item-content\"><time class=\"no-wrap live-feed-date\" datetime=\"2026-08-25T12:47:37+00:00\">2026-08-25T12:47:37.915Z<\/time><\/p>\n<p id=\"elk-272fe89a-a083-11f1-9af2-d1f6b6c18524\">The riders are just rolling out to start the stage now.<\/p>\n<\/div>\n<div class=\"wcp-item-content\"><time class=\"no-wrap live-feed-date\" datetime=\"2026-08-25T12:39:57+00:00\">2026-08-25T12:39:57.849Z<\/time><\/p>\n<p id=\"elk-14defe48-a082-11f1-aaf1-079953e0f886\">Other major climbs on today&#8217;s stage include the Collada de Beixalis (6.5km at 8.5%), the Col de Ordino (9.9km at 7%), and the La Comella (3.9km at 5.9%)<\/p>\n<\/div>\n<div class=\"wcp-item-content\"><time class=\"no-wrap live-feed-date\" datetime=\"2026-08-25T12:38:38+00:00\">2026-08-25T12:38:38.798Z<\/time><\/p>\n<p id=\"elk-e5cd8c5a-a081-11f1-9f87-1d6e73544a0e\">Three first-category climbs and over 2,800 metres of elevation are on the menu today. The climbing starts right from the off with the Port de Envalira \u2013 a 23.3km climb at a 5.1% average gradient.<\/p>\n<\/div>\n<div class=\"wcp-item-content\"><time class=\"no-wrap live-feed-date\" datetime=\"2026-08-25T12:21:44+00:00\">2026-08-25T12:21:44.870Z<\/time><\/p>\n<p id=\"elk-896d42d6-a07f-11f1-ac36-e1292c491e4f\">Much better conditions at the start today and all smiles in Andorra.<\/p>\n<figure class=\"van-image-figure inline-layout\" data-bordeaux-image-check id=\"elk-896d4344-a07f-11f1-9aed-4367c787381a\">\n<div class=\"image-full-width-wrapper\">\n<div class=\"image-widthsetter\">\n<p class=\"vanilla-image-block\">\n<source type=\"image\/webp\" srcset=\"https:\/\/cdn.mos.cms.futurecdn.net\/z4DtyNV4NBv8MHJxg52hGQ-1024-80.jpg.webp 1200w, https:\/\/cdn.mos.cms.futurecdn.net\/z4DtyNV4NBv8MHJxg52hGQ-1024-80.jpg.webp 1024w, https:\/\/cdn.mos.cms.futurecdn.net\/z4DtyNV4NBv8MHJxg52hGQ-970-80.jpg.webp 970w, https:\/\/cdn.mos.cms.futurecdn.net\/z4DtyNV4NBv8MHJxg52hGQ-650-80.jpg.webp 650w, https:\/\/cdn.mos.cms.futurecdn.net\/z4DtyNV4NBv8MHJxg52hGQ-480-80.jpg.webp 480w, https:\/\/cdn.mos.cms.futurecdn.net\/z4DtyNV4NBv8MHJxg52hGQ-320-80.jpg.webp 320w\" sizes=\"(min-width: 1000px) 970px, calc(100vw - 40px)\" \/><\/p>\n<\/div>\n<\/div><figcaption class=\" inline-layout\"><span class=\"credit\">(Image credit: Getty Images)<\/span><\/figcaption><\/figure>\n<\/div>\n<div class=\"wcp-item-content\"><time class=\"no-wrap live-feed-date\" datetime=\"2026-08-25T12:19:56+00:00\">2026-08-25T12:19:56.854Z<\/time><\/p>\n<p id=\"elk-490ab804-a07f-11f1-85fa-b1f3db488bcd\">We called up the hotel which sheltered the Vuelta peloton from the hailstorm yesterday.<\/p>\n<p><strong>&#8216;We did it with our heart and with a lot of pleasure&#8217; \u2013 Hotel owner blown away by riders and five-star reviews after giving shelter to Vuelta a Espa\u00f1a peloton amid hailstorm<\/strong><\/p>\n<figure class=\"van-image-figure inline-layout\" data-bordeaux-image-check id=\"elk-490ab87c-a07f-11f1-b20d-6d5a25059d6e\">\n<div class=\"image-full-width-wrapper\">\n<div class=\"image-widthsetter\">\n<p class=\"vanilla-image-block\">\n<source type=\"image\/webp\" srcset=\"https:\/\/cdn.mos.cms.futurecdn.net\/5ixVquGH2zoFfZFSdSyg3L-1200-80.jpg.webp 1200w, https:\/\/cdn.mos.cms.futurecdn.net\/5ixVquGH2zoFfZFSdSyg3L-1024-80.jpg.webp 1024w, https:\/\/cdn.mos.cms.futurecdn.net\/5ixVquGH2zoFfZFSdSyg3L-970-80.jpg.webp 970w, https:\/\/cdn.mos.cms.futurecdn.net\/5ixVquGH2zoFfZFSdSyg3L-650-80.jpg.webp 650w, https:\/\/cdn.mos.cms.futurecdn.net\/5ixVquGH2zoFfZFSdSyg3L-480-80.jpg.webp 480w, https:\/\/cdn.mos.cms.futurecdn.net\/5ixVquGH2zoFfZFSdSyg3L-320-80.jpg.webp 320w\" sizes=\"(min-width: 1000px) 970px, calc(100vw - 40px)\" \/><\/p>\n<\/div>\n<\/div><figcaption class=\" inline-layout\"><span class=\"credit\">(Image credit: Getty Images)<\/span><\/figcaption><\/figure>\n<\/div>\n<div class=\"wcp-item-content\"><time class=\"no-wrap live-feed-date\" datetime=\"2026-08-25T12:14:45+00:00\">2026-08-25T12:14:45.640Z<\/time><\/p>\n<p id=\"elk-8f7b7aa4-a07e-11f1-ad0f-839b98866bac\">Racing gets underway in around half an hour.<\/p>\n<\/div>\n<div class=\"wcp-item-content\"><time class=\"no-wrap live-feed-date\" datetime=\"2026-08-25T12:06:31+00:00\">2026-08-25T12:06:31.159Z<\/time><\/p>\n<p id=\"elk-68ce5062-a07d-11f1-807d-d129426c9e81\">Here&#8217;s a look at today&#8217;s stage, meanwhile.<\/p>\n<figure class=\"van-image-figure inline-layout\" data-bordeaux-image-check id=\"elk-68ce50c6-a07d-11f1-915a-cd5265182d0c\">\n<div class=\"image-full-width-wrapper\">\n<div class=\"image-widthsetter\">\n<p class=\"vanilla-image-block\">\n<source type=\"image\/webp\" srcset=\"https:\/\/cdn.mos.cms.futurecdn.net\/tyhVLo6MTv786BCDfHogiM-1200-80.jpg.webp 1200w, https:\/\/cdn.mos.cms.futurecdn.net\/tyhVLo6MTv786BCDfHogiM-1024-80.jpg.webp 1024w, https:\/\/cdn.mos.cms.futurecdn.net\/tyhVLo6MTv786BCDfHogiM-970-80.jpg.webp 970w, https:\/\/cdn.mos.cms.futurecdn.net\/tyhVLo6MTv786BCDfHogiM-650-80.jpg.webp 650w, https:\/\/cdn.mos.cms.futurecdn.net\/tyhVLo6MTv786BCDfHogiM-480-80.jpg.webp 480w, https:\/\/cdn.mos.cms.futurecdn.net\/tyhVLo6MTv786BCDfHogiM-320-80.jpg.webp 320w\" sizes=\"(min-width: 1000px) 970px, calc(100vw - 40px)\" \/><\/p>\n<\/div>\n<\/div><figcaption class=\" inline-layout\"><span class=\"credit\">(Image credit: Unipublic)<\/span><\/figcaption><\/figure>\n<\/div>\n<div class=\"wcp-item-content\"><time class=\"no-wrap live-feed-date\" datetime=\"2026-08-25T12:01:18+00:00\">2026-08-25T12:01:18.534Z<\/time><\/p>\n<p id=\"elk-ae67316c-a07c-11f1-8279-0b2f762a7753\"><strong>&#8216;The first thing I told the riders was \u2013 find shelter!&#8217; \u2013 How one team lived through the Vuelta a Espa\u00f1a hailstorm and stage cancellation drama<\/strong><\/p>\n<p>&#8216;The noise of the hail made it really hard to hear what was happening&#8217; says EF Education-EasyPost sports director<\/p>\n<figure class=\"van-image-figure inline-layout\" data-bordeaux-image-check id=\"elk-ae6731e4-a07c-11f1-9cca-2f1c76b44b2c\">\n<div class=\"image-full-width-wrapper\">\n<div class=\"image-widthsetter\">\n<p class=\"vanilla-image-block\">\n<source type=\"image\/webp\" srcset=\"https:\/\/cdn.mos.cms.futurecdn.net\/VQ85fpmey74WnmQcWoSrqf-1200-80.png.webp 1200w, https:\/\/cdn.mos.cms.futurecdn.net\/VQ85fpmey74WnmQcWoSrqf-1024-80.png.webp 1024w, https:\/\/cdn.mos.cms.futurecdn.net\/VQ85fpmey74WnmQcWoSrqf-970-80.png.webp 970w, https:\/\/cdn.mos.cms.futurecdn.net\/VQ85fpmey74WnmQcWoSrqf-650-80.png.webp 650w, https:\/\/cdn.mos.cms.futurecdn.net\/VQ85fpmey74WnmQcWoSrqf-480-80.png.webp 480w, https:\/\/cdn.mos.cms.futurecdn.net\/VQ85fpmey74WnmQcWoSrqf-320-80.png.webp 320w\" sizes=\"(min-width: 1000px) 970px, calc(100vw - 40px)\" \/><\/p>\n<\/div>\n<\/div><figcaption class=\" inline-layout\"><span class=\"caption-text\">Richard Carapaz rushing to shelter at the end of stage 3 <\/span><span class=\"credit\">(Image credit: Getty Images)<\/span><\/figcaption><\/figure>\n<\/div>\n<div class=\"wcp-item-content\"><time class=\"no-wrap live-feed-date\" datetime=\"2026-08-25T11:50:31+00:00\">2026-08-25T11:50:31.805Z<\/time><\/p>\n<p id=\"elk-2d20addc-a07b-11f1-89b5-0d70ac8c31d6\">Tadej Poga\u010dar was the favourite to extend his red jersey lead yesterday. Will he do so on today&#8217;s mountainous romp through Andorra? Here&#8217;s our stage preview.<\/p>\n<p><strong>&#8216;An absolute knockout stage&#8217; &#8211; Vuelta a Espa\u00f1a 2026 stage 4 preview: will Tadej Poga\u010dar strike (again)?<\/strong><\/p>\n<figure class=\"van-image-figure inline-layout\" data-bordeaux-image-check id=\"elk-2d20ae54-a07b-11f1-a60f-c9f3db5e3495\">\n<div class=\"image-full-width-wrapper\">\n<div class=\"image-widthsetter\">\n<p class=\"vanilla-image-block\">\n<source type=\"image\/webp\" srcset=\"https:\/\/cdn.mos.cms.futurecdn.net\/scjR7M9Fh8SyU9nh4SPKXF-1200-80.jpg.webp 1200w, https:\/\/cdn.mos.cms.futurecdn.net\/scjR7M9Fh8SyU9nh4SPKXF-1024-80.jpg.webp 1024w, https:\/\/cdn.mos.cms.futurecdn.net\/scjR7M9Fh8SyU9nh4SPKXF-970-80.jpg.webp 970w, https:\/\/cdn.mos.cms.futurecdn.net\/scjR7M9Fh8SyU9nh4SPKXF-650-80.jpg.webp 650w, https:\/\/cdn.mos.cms.futurecdn.net\/scjR7M9Fh8SyU9nh4SPKXF-480-80.jpg.webp 480w, https:\/\/cdn.mos.cms.futurecdn.net\/scjR7M9Fh8SyU9nh4SPKXF-320-80.jpg.webp 320w\" sizes=\"(min-width: 1000px) 970px, calc(100vw - 40px)\" \/><\/p>\n<\/div>\n<\/div><figcaption class=\" inline-layout\"><span class=\"credit\">(Image credit: Getty Images)<\/span><\/figcaption><\/figure>\n<\/div>\n<div class=\"wcp-item-content\"><time class=\"no-wrap live-feed-date\" datetime=\"2026-08-25T11:45:07+00:00\">2026-08-25T11:45:07.270Z<\/time><\/p>\n<p id=\"elk-6b843c34-a07a-11f1-b4cb-2176f311cb90\">The race is soon set to get going again after the tumultuous events of Monday&#8217;s stage 3, which was cut short by a massive hailstorm.<\/p>\n<\/div>\n<div class=\"wcp-item-content\"><time class=\"no-wrap live-feed-date\" datetime=\"2026-08-25T11:42:30+00:00\">2026-08-25T11:42:30.556Z<\/time><\/p>\n<p id=\"elk-ade9e1d2-98c8-11f1-9bd8-adffb421d08c\">Hello and welcome to our live coverage of stage 4 of the Vuelta a Espa\u00f1a!<\/p>\n<\/div>\n<div class=\"relative max-w-[1070px] viafoura-twig-component mt-6\" data-component-name=\"Viafoura:Comments\" data-nosnippet data-community-guidelines-text=\"&lt;p class=&apos;vfcustom-community-guidelines&apos;&gt;Please follow our &lt;a href=&quot;https:\/\/www.cyclingnews.com\/about\/#section-community-guidelines&quot; target=&quot;_blank&quot;&gt;community guidelines&lt;\/a&gt;.&lt;\/p&gt;\" data-join-the-conversation-text=\"Join the Conversation\">\n<div class=\"absolute top-0 left-0 w-full h-full flex items-center justify-center z-50 bg-white\/90 border-1 rounded-b-[var(--comment-widget-border-radius,0)]\">\n<div class=\"p-2 text-center\">\n<p class=\"mb-3 text-lg!\">You must confirm your public display name before commenting<\/p>\n<p class=\"mb-3 text-sm!\">Please logout and then login again, you will then be prompted to enter your display name.<\/p>\n<\/div>\n<\/div>\n<\/div>\n<\/div>\n<p>[analyse_source url=&#8221;https:\/\/www.cyclingnews.com\/pro-cycling\/live\/vuelta-a-espana-stage-4-live-racing-resumes-with-a-short-but-brutal-day-in-the-mountains-in-andorra\/&#8221;]<\/p>\n","protected":false},"excerpt":{"rendered":"<p>[analyse_image type=&#8221;featured&#8221; src=&#8221;https:\/\/cdn.mos.cms.futurecdn.net\/cvR5PSnh5Z46KV2eUTjNtS-2100-80.jpg&#8221;] 1 Tadej Poga\u010dar pulls over peloton as hail storm cancels finale of Vuelta a Espa\u00f1a stage 3 2 As it happened: Vuelta a Espa\u00f1a stage 3 comes to a premature end 3 As it happened: British sensation steals the show in first road stage at La Vuelta a Espa\u00f1a 2026 Pro Cycling [&hellip;]<\/p>\n","protected":false},"author":1,"featured_media":0,"comment_status":"open","ping_status":"","sticky":false,"template":"","format":"standard","meta":{"footnotes":""},"categories":[2],"tags":[226,68],"class_list":["post-2110644","post","type-post","status-publish","format-standard","hentry","category-politics","tag-crawlmanager","tag-cyclingnews-com"],"_links":{"self":[{"href":"https:\/\/analyse.optim.biz\/index.php?rest_route=\/wp\/v2\/posts\/2110644","targetHints":{"allow":["GET"]}}],"collection":[{"href":"https:\/\/analyse.optim.biz\/index.php?rest_route=\/wp\/v2\/posts"}],"about":[{"href":"https:\/\/analyse.optim.biz\/index.php?rest_route=\/wp\/v2\/types\/post"}],"author":[{"embeddable":true,"href":"https:\/\/analyse.optim.biz\/index.php?rest_route=\/wp\/v2\/users\/1"}],"replies":[{"embeddable":true,"href":"https:\/\/analyse.optim.biz\/index.php?rest_route=%2Fwp%2Fv2%2Fcomments&post=2110644"}],"version-history":[{"count":0,"href":"https:\/\/analyse.optim.biz\/index.php?rest_route=\/wp\/v2\/posts\/2110644\/revisions"}],"wp:attachment":[{"href":"https:\/\/analyse.optim.biz\/index.php?rest_route=%2Fwp%2Fv2%2Fmedia&parent=2110644"}],"wp:term":[{"taxonomy":"category","embeddable":true,"href":"https:\/\/analyse.optim.biz\/index.php?rest_route=%2Fwp%2Fv2%2Fcategories&post=2110644"},{"taxonomy":"post_tag","embeddable":true,"href":"https:\/\/analyse.optim.biz\/index.php?rest_route=%2Fwp%2Fv2%2Ftags&post=2110644"}],"curies":[{"name":"wp","href":"https:\/\/api.w.org\/{rel}","templated":true}]}}