{"id":2110628,"date":"2026-08-25T01:36:12","date_gmt":"2026-08-24T22:36:12","guid":{"rendered":"https:\/\/analyse.optim.biz\/?p=2110628"},"modified":"2026-08-25T01:36:12","modified_gmt":"2026-08-24T22:36:12","slug":"toki-sawada-and-shu-wei-hsu-claim-first-uci-gravel-world-series-race-in-japan","status":"publish","type":"post","link":"https:\/\/analyse.optim.biz\/?p=2110628","title":{"rendered":"Toki Sawada and Shu Wei Hsu claim first UCI Gravel World Series race in Japan"},"content":{"rendered":"<p>[analyse_image type=&#8221;featured&#8221; src=&#8221;https:\/\/cdn.mos.cms.futurecdn.net\/PAzoFkYa8jJSKtzef7YjQc-1024-80.jpg&#8221;]<\/p>\n<article class=\"m-0 box-border flex flex-row items-center pr-2.5 gap-[15px] w-[278px] h-20 flex-none upnext-article-divider\" role=\"listitem\" aria-label=\"Recommended article 1 of 3\">\n<div class=\"relative flex-none w-20 h-20\">\n    <source type=\"image\/webp\" srcset=\"https:\/\/cdn.mos.cms.futurecdn.net\/pyoa6JqM6PUXASaJ8znEpC-160-80.jpg.webp 160w, https:\/\/cdn.mos.cms.futurecdn.net\/pyoa6JqM6PUXASaJ8znEpC-80-80.jpg.webp 80w\" sizes=\"80px\" \/><\/p>\n<div class=\"flex items-center justify-center absolute w-4 h-6 left-0 top-0 bg-white\/90 flex-none z-[1]\" aria-hidden=\"true\"><span class=\"font-normal text-base leading-[17px] tracking-[1.3px] uppercase text-black flex-none\">1<\/span><\/div>\n<\/div>\n<div class=\"flex flex-col items-center justify-center gap-1.5 w-[173px] h-20 flex-none\">\n<p class=\"font-article-heading font-medium text-base leading-[21px] text-gray-800 w-[173px] line-clamp-3 group-hover:underline\">\n                                    Lauf Gravel Worlds: Geerike Schreurs beats Rosa Kl\u00f6ser in photo finish as Torbj\u00f8rn R\u00f8ed wins three-way sprint after storms cause course rejig\n                                <\/p>\n<\/div>\n<\/article>\n<article class=\"m-0 box-border flex flex-row items-center pr-2.5 gap-[15px] w-[278px] h-20 flex-none upnext-article-divider\" role=\"listitem\" aria-label=\"Recommended article 2 of 3\">\n<div class=\"relative flex-none w-20 h-20\">\n    <source type=\"image\/webp\" srcset=\"https:\/\/cdn.mos.cms.futurecdn.net\/kYywhcFqEQQMFNcicA8X9m-160-80.jpg.webp 160w, https:\/\/cdn.mos.cms.futurecdn.net\/kYywhcFqEQQMFNcicA8X9m-80-80.jpg.webp 80w\" sizes=\"80px\" \/><\/p>\n<div class=\"flex items-center justify-center absolute w-[18px] h-6 left-0 top-0 bg-white\/90 flex-none z-[1]\" aria-hidden=\"true\"><span class=\"font-normal text-base leading-[17px] tracking-[1.3px] uppercase text-black flex-none\">2<\/span><\/div>\n<\/div>\n<div class=\"flex flex-col items-center justify-center gap-1.5 w-[173px] h-20 flex-none\">\n<p class=\"font-article-heading font-medium text-base leading-[21px] text-gray-800 w-[173px] line-clamp-3 group-hover:underline\">\n                                    Gravel Earth Series: Geerike Schreurs takes solo win as Tobias Kongstad sprints to victory at CORE4\n                                <\/p>\n<\/div>\n<\/article>\n<article class=\"m-0 box-border flex flex-row items-center pr-2.5 gap-[15px] w-[278px] h-20 flex-none\" role=\"listitem\" aria-label=\"Recommended article 3 of 3\">\n<div class=\"relative flex-none w-20 h-20\">\n    <source type=\"image\/webp\" srcset=\"https:\/\/cdn.mos.cms.futurecdn.net\/8aiivvC4Xm48NjhbxbDvvH-160-80.png.webp 160w, https:\/\/cdn.mos.cms.futurecdn.net\/8aiivvC4Xm48NjhbxbDvvH-80-80.png.webp 80w\" sizes=\"80px\" \/><\/p>\n<div class=\"flex items-center justify-center absolute w-[18px] h-6 left-0 top-0 bg-white\/90 flex-none z-[1]\" aria-hidden=\"true\"><span class=\"font-normal text-base leading-[17px] tracking-[1.3px] uppercase text-black flex-none\">3<\/span><\/div>\n<\/div>\n<div class=\"flex flex-col items-center justify-center gap-1.5 w-[173px] h-20 flex-none\">\n<p class=\"font-article-heading font-medium text-base leading-[21px] text-gray-800 w-[173px] line-clamp-3 group-hover:underline\">\n                                    How to watch gravel races around the world &#8211; A guide to livestreams and free broadcasts this summer for Leadville Trail 100, Belgian Championships, Lauf Gravel Worlds and more\n                                <\/p>\n<\/div>\n<\/article>\n<article class=\"page-content-onecol flex-1\nnews-article article\n\"><\/p>\n<div class=\"widget-area-group widget-area-group-2col flex flex-wrap box-border\">\n<div id=\"widgetArea16\" class=\"widget-area basis-full md:basis-2\/3 widget-area-g-md-vp-2-3 widget-area-g-lg-vp-2-3 widget-area-g-xl-vp-2-3 page-widget-area-16\">\n<div data-widget-type=\"hero\" id=\"hero\" class=\"clear-both widget widget-hero widget-hero widget-hero-hero widget-hero widget-hero-fter-news\">\n<div class=\"news-article\">\n<header data-component-name=\"Article:Hero\">\n<nav class=\"breadcrumb\" aria-label=\"Breadcrumbs\">\n<ol>\n<li>\nPro Cycling\n<\/li>\n<li>\nRacing\n<\/li>\n<li>\nGravel\n<\/li>\n<li>\nUCI Gravel World Series events\n<\/li>\n<\/ol>\n<\/nav>\n<h1>Toki Sawada and Shu Wei Hsu claim first UCI Gravel World Series race in Japan<\/h1>\n<div class=\"byline-social\">\n<div class=\"vds-byline-block flex flex-row flex-nowrap my-1.5 gap-2 text-left items-start justify-start\" data-component-name=\"Article:BylineBlock\">\n<p>Race Results<\/p>\n<div class=\"my-auto vds-simple-byline\"><span class=\"inline-block vds-author\"><br \/>\nBy<br \/>\nSimone Giuliani <\/span><\/p>\n<div class=\"flex gap-1 vds-byline-with-avatar__meta\"><span class=\"vds-date block font-normal tracking-normal normal-case text-xs\"><br \/>\nPublished<br \/>\n<time data-component-name=\"UI:DateTime\" datetime=\"2026-08-25T01:36:12Z\" class=\"relative-date\"><br \/>\n25 August 2026<br \/>\n<\/time><\/span><\/div>\n<\/div>\n<\/div>\n<p class=\"strapline\">HYSK Gravel Classic Yakurai deliver solo victories on course with mountains of the Miyagi Prefecture as backdrop<\/p>\n<\/div>\n<aside class=\"text-gray-700 flex items-center mx-0 my-5 p-0 justify-start text-left\" id=\"affiliate-disclaimer\" data-component-name=\"AffiliateDisclaimer\" data-hawk-message=\"Affiliate disclaimer removed because hawk deemed there are no affiliate links on this page\">\n<p class=\"text-[color:var(--affiliate-disclaimer--text-color,inherit)] mb-2 text-[length:var(--affiliate-disclaimer--font-size,0.75rem)] leading-[18px] md:text-[13px] [&amp;&gt;a]:text-inherit [&amp;&gt;a]:underline\">\nWhen you purchase through links on our site, we may earn an affiliate commission. Here\u2019s how it works.\n<\/p>\n<\/aside>\n<\/header>\n<\/div>\n<\/div>\n<div data-widget-type=\"contentparsed\" id=\"content\" class=\"clear-both widget widget-contentparsed widget-content widget-contentparsed-content widget-content-parsed widget-content-parsed-content_document \">\n<div class=\"wcp-item-content\">\n<section class=\"content-wrapper\">\n<div class=\"box less-space hero-image-wrapper\">\n<figure class=\"mb-0\">\n<source type=\"image\/webp\" srcset=\"https:\/\/cdn.mos.cms.futurecdn.net\/PAzoFkYa8jJSKtzef7YjQc-1024-80.jpg.webp 1920w, https:\/\/cdn.mos.cms.futurecdn.net\/PAzoFkYa8jJSKtzef7YjQc-1024-80.jpg.webp 1600w, https:\/\/cdn.mos.cms.futurecdn.net\/PAzoFkYa8jJSKtzef7YjQc-1024-80.jpg.webp 1200w, https:\/\/cdn.mos.cms.futurecdn.net\/PAzoFkYa8jJSKtzef7YjQc-1024-80.jpg.webp 1024w, https:\/\/cdn.mos.cms.futurecdn.net\/PAzoFkYa8jJSKtzef7YjQc-970-80.jpg.webp 970w, https:\/\/cdn.mos.cms.futurecdn.net\/PAzoFkYa8jJSKtzef7YjQc-750-80.jpg.webp 750w, https:\/\/cdn.mos.cms.futurecdn.net\/PAzoFkYa8jJSKtzef7YjQc-650-80.jpg.webp 650w, https:\/\/cdn.mos.cms.futurecdn.net\/PAzoFkYa8jJSKtzef7YjQc-480-80.jpg.webp 480w, https:\/\/cdn.mos.cms.futurecdn.net\/PAzoFkYa8jJSKtzef7YjQc-320-80.jpg.webp 320w\" sizes=\"(min-width: 1000px) 600px, 100vw\" \/><figcaption class=\"font-article-copy text-(--image--text--color) font-article-copy mt-2\"><span class=\"caption-text font-article-copy\">UCI Gravel World Series rounds act as qualifiers for the UCI Gravel World Championships (pictured above) which will this year be held outside Europe for the first time<\/span><span class=\"credit font-article-copy\">(Image credit: MASSIMO FULGENZI AFP via Getty Images)<\/span><\/figcaption><\/figure>\n<\/div>\n<div id=\"article-body\" class=\"text-copy bodyCopy auto paywall-locker\">\n<div data-analytics-id=\"utility-bar\" id=\"utility-bar\" class=\"font-ui-heading flex justify-between items-center py-2 border-t border-b border-gray-300 border-solid mb-5 mx-auto\" data-component-name=\"UtilityBar\" data-mrf-recirculation=\"utility-bar\">\n<div class=\"flex gap-2 text-[#333] subcontainer\">\n<div class=\"relative tooltip-container\" role=\"tooltip\">\n<div data-component-name=\"Social:Dropdown\" role=\"menu\" id=\"utilitybar__dropdown--share\" aria-labelledby=\"utilitybar__button--share\" class=\"absolute left-0 top-full w-44 bg-white rounded-md shadow-md border border-neutral-200 z-[9996] list-none m-0 py-2 px-3 border-solid\">\n<ul class=\"m-0!\">\n<li class=\"!p-0 !m-0 list-none border-b border-gray-200 border-solid\">\n<li class=\"!p-0 !m-0 list-none border-b border-gray-200 border-solid\">\n<p>Facebook<\/p>\n<\/li>\n<li class=\"!p-0 !m-0 list-none border-b border-gray-200 border-solid\">\n<p>X<\/p>\n<\/li>\n<li class=\"!p-0 !m-0 list-none border-b border-gray-200 border-solid\">\n<p>Pinterest<\/p>\n<\/li>\n<li class=\"!p-0 !m-0 list-none border-b border-gray-200 border-solid\">\n<p>Email<\/p>\n<\/li>\n<\/ul>\n<\/div>\n<div class=\"font-ui-heading max-sm:hidden tooltip absolute left-1\/2 bg-gray-900 text-white text-xs leading-none px-3 py-1.5 rounded-md z-[10001] whitespace-nowrap\" id=\"tooltip-share-this-article\" role=\"tooltip\" aria-hidden=\"true\">\nShare this article\n<\/div>\n<\/div>\n<div class=\"relative tooltip-container\" role=\"tooltip\"><span class=\"ml-1 inline-flex h-5 px-2 shrink-0 items-center justify-center self-center overflow-hidden whitespace-nowrap rounded-[10px] bg-primary-500 text-[11px] leading-none font-ui-heading font-semibold text-white\">0<\/span><\/p>\n<div class=\"font-ui-heading max-sm:hidden tooltip absolute left-1\/2 bg-gray-900 text-white text-xs leading-none px-3 py-1.5 rounded-md z-[10001] whitespace-nowrap\" id=\"tooltip-join-the-conversation\" role=\"tooltip\" aria-hidden=\"true\">\nJoin the conversation\n<\/div>\n<\/div>\n<\/div>\n<div class=\"flex gap-2 text-[#333] subcontainer\">\n<div class=\"relative tooltip-container\" role=\"tooltip\">\n<p>Follow us<\/p>\n<div class=\"font-ui-heading max-sm:hidden tooltip absolute left-1\/2 bg-gray-900 text-white text-xs leading-none px-3 py-1.5 rounded-md z-[10001] whitespace-nowrap\" id=\"tooltip-add-us-as-a-preferred-source-on-google\" role=\"tooltip\" aria-hidden=\"true\">\nAdd us as a preferred source on Google\n<\/div>\n<\/div>\n<div class=\"relative tooltip-container\" role=\"tooltip\">\n<div class=\"font-ui-heading max-sm:hidden tooltip absolute left-1\/2 bg-gray-900 text-white text-xs leading-none px-3 py-1.5 rounded-md z-[10001] whitespace-nowrap\" id=\"tooltip-subscribe-to-our-newsletter\" role=\"tooltip\" aria-hidden=\"true\">\nSubscribe to our newsletter\n<\/div>\n<\/div>\n<\/div>\n<\/div>\n<p id=\"elk-4d94c33a-a01e-11f1-88e5-99cb2ab673ff\">The first UCI Gravel World Series race in Japan played out at HYSK Gravel Classic Yakurai on Saturday, with Toki Sawada and Shu Wei Hsu taking solo victories.<\/p>\n<p>The race took place over 106km with 2,616m of elevation gain through the steep climbs and technical gravel sectors with the mountainous backdrop of the Miyagi Prefecture in northern Japan.<\/p>\n<p id=\"elk-4d94c33a-a01e-11f1-88e5-99cb2ab673ff-2\" aria-hidden=\"true\" class=\"kiosq-b\">Sawada, who won the Dustman in Thailand early in the UCI Gravel World Series season calendar, claimed the elite men&#8217;s victory in 4:12:58. The Astemo Utsunomiya Blitzen rider was more than three minutes ahead of Koki Shirakawa while it was more than a minute further back to Hijiri Oda who completed the all Japanese podium.<\/p>\n<div class=\"my-6 w-full overflow-hidden rounded-[10px] lg:my-8\" data-component-name=\"JwPlayer:Carousel\" data-jwp-carousel data-jwp-carousel-payload=\"{&quot;ids&quot;:{&quot;playerID&quot;:&quot;jYDCcabO&quot;,&quot;searchPlaylistID&quot;:&quot;gwjdoYHD&quot;,&quot;divID&quot;:&quot;botr_gwjdoYHD_jYDCcabO_div&quot;,&quot;fallbackPlaylistID&quot;:&quot;gwjdoYHD&quot;,&quot;fallbackDivID&quot;:&quot;botr_gwjdoYHD_jYDCcabO_div&quot;,&quot;key&quot;:&quot;X9\/mXVGac0NphghLH9hZaqWA5d3dhAM\/Ih07grnEyMLjuO2E&quot;,&quot;tintLogo&quot;:true,&quot;useSearchPlaylist&quot;:false,&quot;enabled&quot;:true},&quot;signPostingEnabled&quot;:true,&quot;signPostingLinkEnabled&quot;:true,&quot;waitForAdLoad&quot;:false,&quot;hidePlayerOnDesktop&quot;:false,&quot;hidePlayerOnMobile&quot;:false,&quot;hidePlayerOnTablet&quot;:false}\">\n<div class=\"flex flex-nowrap items-center justify-between gap-3 bg-zinc-900 px-[14px] py-3\" data-jwp-carousel-header>\n<div class=\"flex min-w-0 shrink items-center\"><span class=\"inline-flex items-center gap-1.5 text-sm font-article-heading capitalize leading-5 text-white whitespace-nowrap\"><span class=\"jwp-carousel-title-desktop\">Latest Videos From<\/span><span class=\"jwp-carousel-brand\">Cyclingnews<\/span><\/span><\/div>\n<\/div>\n<div class=\"min-h-[44px] bg-zinc-900 px-[14px] py-3\" data-jwp-carousel-signposting><a class=\"invisible block truncate text-sm font-bold leading-5 text-white underline decoration-solid underline-offset-2\" data-jwp-carousel-signposting-link href target=\"_blank\" rel=\"noopener noreferrer\"><span data-jwp-carousel-signposting-title>Watch full video here: <\/span><\/a><\/div>\n<\/div>\n<p aria-hidden=\"true\" class=\"kiosq-b\">In the elite women&#8217;s race Taiwan&#8217;s Hsu crossed the line at 5:36:57, carving out a substantial gap to home nation riders Sachi Kataoka and Chiharu Ukai, who took the remaining podium places.<\/p>\n<p aria-hidden=\"true\" class=\"kiosq-b\">The UCI Gravel World Series rounds offer riders an opportunity to qualify for the UCI Gravel World Championships, which this year will be held outside Europe for the first time ever. It will be held at Nannup, Western Australia on October 10-11.<\/p>\n<aside data-component-name=\"Recirculation:ArticleRiver\" data-recirculation-type=\"inline\" data-mrf-recirculation=\"Trending Bar\" data-nosnippet class=\"clear-both pt-2 pb-0 mb-4\"><span class=\"\n            flex\n            after:content-[&apos;&apos;] after:flex-1 after:ml-4 after:my-[0.7rem] after:border-t after:border-solid after:border-t-[#ccc]\n            before:content-[&apos;&apos;] before:flex-1 before:mr-4 before:my-[0.7rem] before:border-t before:border-solid before:border-t-[#ccc]\n            font-article-heading pb-0 text-[length:var(--article-river-title--font-size,1em)] uppercase sm:text-[length:var(--article-river-title--font-size,0.875em)] font-bold\n        \"><br \/>\n            You may like<br \/>\n        <\/span><\/p>\n<ul class=\"flex flex-col gap-0 m-0 max-w-full\">\n<li class=\"m-0 list-none border-b border-solid border-[#ededed] py-2\" data-recirculation-id=\"recirculation-card-1\" id=\"recirculation-inline-1\" data-analytics-id=\"recirculation-inline-1\" data-mrf-recirculation=\"recirculation-inline-1\">\n    <source type=\"image\/webp\" srcset=\"https:\/\/cdn.mos.cms.futurecdn.net\/vUYTFGANz5D8B7RsLdtsuL-250-80.jpg.webp 250w, https:\/\/cdn.mos.cms.futurecdn.net\/vUYTFGANz5D8B7RsLdtsuL-150-80.jpg.webp 150w\" sizes=\"150px\" \/><span class=\"w-full text-base font-[var(--article-river-item--font-weight,500)] font-article-heading line-clamp-3 md:line-clamp-2\">UCI Gravel World Series: Marjolein van&#8217;t Geloof and Eddy Le Huitouze snare victory at Latvia&#8217;s Gravel Weekend<\/span><\/li>\n<li class=\"m-0 list-none border-b border-solid border-[#ededed] py-2\" data-recirculation-id=\"recirculation-card-2\" id=\"recirculation-inline-2\" data-analytics-id=\"recirculation-inline-2\" data-mrf-recirculation=\"recirculation-inline-2\">\n    <source type=\"image\/webp\" srcset=\"https:\/\/cdn.mos.cms.futurecdn.net\/6RWhR83csnZQBiAn3Hst6c-250-80.jpg.webp 250w, https:\/\/cdn.mos.cms.futurecdn.net\/6RWhR83csnZQBiAn3Hst6c-150-80.jpg.webp 150w\" sizes=\"150px\" \/><span class=\"w-full text-base font-[var(--article-river-item--font-weight,500)] font-article-heading line-clamp-3 md:line-clamp-2\">UCI Gravel World Series: Petr Vako\u010d and Nele Laing celebrate in Singen as they take victories at Hegau Gravel<\/span><\/li>\n<li class=\"m-0 list-none border-b border-solid border-[#ccc] py-2\" data-recirculation-id=\"recirculation-card-3\" id=\"recirculation-inline-3\" data-analytics-id=\"recirculation-inline-3\" data-mrf-recirculation=\"recirculation-inline-3\">\n    <source type=\"image\/webp\" srcset=\"https:\/\/cdn.mos.cms.futurecdn.net\/GiLnUMGZtXrhkSXwGZrs3P-250-80.png.webp 250w, https:\/\/cdn.mos.cms.futurecdn.net\/GiLnUMGZtXrhkSXwGZrs3P-150-80.png.webp 150w\" sizes=\"150px\" \/><span class=\"w-full text-base font-[var(--article-river-item--font-weight,500)] font-article-heading line-clamp-3 md:line-clamp-2\">UCI Gravel World Series: Winning runs for world champion Lorena Wiebes and Belgian champion Niels Vandeputte at Eislek Gravel Luxembourg<\/span><\/li>\n<\/ul>\n<\/aside>\n<div class=\"slice-container table-wrapper slice-container-table kiosq-b\" data-component-name=\"Slice:Table\" id=\"elk-f7666df4-a024-11f1-9ae1-6167228ad702\" aria-hidden=\"true\">\n<div class=\"table__instruction\">\nSwipe to scroll horizontally<\/p>\n<\/div>\n<div class=\"table__container\">\n<table tabindex=\"0\" class=\"table__wrapper table__wrapper--inbodyContent table__wrapper--sticky table__wrapper--divider\">\n<caption class=\"table__caption table__caption--top table__caption--left\">\nTop 3 elite women<br \/>\n<\/caption>\n<thead class=\"table__head\">\n<tr class=\"table__head__row\">\n<th class=\"table__head__heading table__head__heading--left\" colspan=\"1\">\n<p>Position<\/p>\n<\/th>\n<th class=\"table__head__heading table__head__heading--left\" colspan=\"1\">\n<p>Rider<\/p>\n<\/th>\n<th class=\"table__head__heading table__head__heading--left\" colspan=\"1\">\n<p>Time<\/p>\n<\/th>\n<\/tr>\n<\/thead>\n<tbody class=\"table__body\">\n<tr class=\"table__body__row\">\n<td class=\"table_body__data\" colspan=\"1\">\n<p>1<\/p>\n<\/td>\n<td class=\"table_body__data\" colspan=\"1\">\n<p>Shu Wei Hsu<\/p>\n<\/td>\n<td class=\"table_body__data\" colspan=\"1\">\n<p>5:36:57<\/p>\n<\/td>\n<\/tr>\n<tr class=\"table__body__row\">\n<td class=\"table_body__data\" colspan=\"1\">\n<p>2<\/p>\n<\/td>\n<td class=\"table_body__data\" colspan=\"1\">\n<p>Sachi Kataoka<\/p>\n<\/td>\n<td class=\"table_body__data\" colspan=\"1\">\n<p>+28:53<\/p>\n<\/td>\n<\/tr>\n<tr class=\"table__body__row\">\n<td class=\"table_body__data\" colspan=\"1\">\n<p>3<\/p>\n<\/td>\n<td class=\"table_body__data\" colspan=\"1\">\n<p>Chiharu Ukai<\/p>\n<\/td>\n<td class=\"table_body__data\" colspan=\"1\">\n<p>+37:46<\/p>\n<\/td>\n<\/tr>\n<\/tbody>\n<\/table>\n<\/div>\n<\/div>\n<div class=\"slice-container table-wrapper slice-container-table kiosq-b\" data-component-name=\"Slice:Table\" id=\"elk-0c3d950a-a024-11f1-82cc-c97dcfe85cc1\" aria-hidden=\"true\">\n<div class=\"table__instruction\">\nSwipe to scroll horizontally<\/p>\n<\/div>\n<div class=\"table__container\">\n<table tabindex=\"0\" class=\"table__wrapper table__wrapper--inbodyContent table__wrapper--sticky table__wrapper--divider\">\n<caption class=\"table__caption table__caption--top table__caption--left\">\nTop 3 elite men<br \/>\n<\/caption>\n<thead class=\"table__head\">\n<tr class=\"table__head__row\">\n<th class=\"table__head__heading table__head__heading--left\" colspan=\"1\">\n<p>Position<\/p>\n<\/th>\n<th class=\"table__head__heading table__head__heading--left\" colspan=\"1\">\n<p>Rider<\/p>\n<\/th>\n<th class=\"table__head__heading table__head__heading--left\" colspan=\"1\">\n<p>Time<\/p>\n<\/th>\n<\/tr>\n<\/thead>\n<tbody class=\"table__body\">\n<tr class=\"table__body__row\">\n<td class=\"table_body__data\" colspan=\"1\">\n<p>1<\/p>\n<\/td>\n<td class=\"table_body__data\" colspan=\"1\">\n<p>Toki Sawada<\/p>\n<\/td>\n<td class=\"table_body__data\" colspan=\"1\">\n<p>4:12:58<\/p>\n<\/td>\n<\/tr>\n<tr class=\"table__body__row\">\n<td class=\"table_body__data\" colspan=\"1\">\n<p>2<\/p>\n<\/td>\n<td class=\"table_body__data\" colspan=\"1\">\n<p>Koki Shirakawa<\/p>\n<\/td>\n<td class=\"table_body__data\" colspan=\"1\">\n<p>+3:29<\/p>\n<\/td>\n<\/tr>\n<tr class=\"table__body__row\">\n<td class=\"table_body__data\" colspan=\"1\">\n<p>3<\/p>\n<\/td>\n<td class=\"table_body__data\" colspan=\"1\">\n<p>Hijiri Oda <\/p>\n<\/td>\n<td class=\"table_body__data\" colspan=\"1\">\n<p>+4:42<\/p>\n<\/td>\n<\/tr>\n<\/tbody>\n<\/table>\n<\/div>\n<\/div>\n<div id=\"slice-container-newsletterForm-articleInbodyContent-EKoNaAjFYM8LwsZsD5rpoF\" class=\"slice-container newsletter-inbodyContent-slice newsletterForm-articleInbodyContent-EKoNaAjFYM8LwsZsD5rpoF slice-container-newsletterForm\">\n<div data-hydrate=\"true\" class=\"newsletter-form__wrapper newsletter-form__wrapper--inbodyContent\">\n<div class=\"newsletter-form__container\">\n<section class=\"newsletter-form__top-bar\">\n<div class=\"newsletter-form__header\">Get The Leadout Newsletter<\/div>\n<\/section>\n<section class=\"newsletter-form__main-section\">\n<p class=\"newsletter-form__strapline\">The latest race content, interviews, features, reviews and expert buying guides, direct to your inbox!<\/p>\n<footer class=\"newsletter-form__footer \">By submitting your information you agree to the Terms &amp; Conditions and Privacy Policy and are aged 16 or over.<\/footer>\n<\/section>\n<\/div>\n<\/div>\n<\/div>\n<\/div>\n<div class=\"block mb-5\" id=\"articleTag\" data-component-name=\"PostArticleLinks\" data-nosnippet data-mrf-recirculation=\"post-article-links\">\n<div class=\"border-b border-b-black border-solid py-2.5 text-black font-bold uppercase\">CATEGORIES<\/div>\n<nav class=\"py-2.5 flex gap-2.5 flex-wrap\" data-analytics-id=\"article-tag\" data-mrf-recirculation=\"article-tag\">\n<p>Women&#8217;s Cycling<\/p>\n<\/nav>\n<\/div>\n<div id=\"slice-container-authorBio-EKoNaAjFYM8LwsZsD5rpoF\" class=\"slice-container slice-author-bio authorBio-EKoNaAjFYM8LwsZsD5rpoF slice-container-authorBio\">\n<div class=\"author author__default-layout author--separator author--collapsible\" data-hydrate=\"true\">\n<div class=\"author__header\">\n<div class=\"author__avatar-block\">\n<figure class=\"image-wrapped__wrapper\" data-bordeaux-image-check=\"false\">\n<div class=\"image-wrapped__widthsetter\">\n<div class=\"image-wrapped__aspect-padding\">\n<div><source class=\"author__avatar image-wrapped__image image__image\" type=\"image\/webp\" srcset=\"https:\/\/cdn.mos.cms.futurecdn.net\/RUKCQmBBgAFRGkijgpLyah-140-80.jpg.webp 140w\" sizes=\"99vw\" data-normal=\"https:\/\/cdn.mos.cms.futurecdn.net\/RUKCQmBBgAFRGkijgpLyah.jpg\" data-original-mos=\"https:\/\/cdn.mos.cms.futurecdn.net\/RUKCQmBBgAFRGkijgpLyah.jpg\" data-pin-media=\"https:\/\/cdn.mos.cms.futurecdn.net\/RUKCQmBBgAFRGkijgpLyah.jpg\" data-pin-nopin=\"true\" data-slice-image=\"true\" \/><\/div>\n<\/div>\n<\/div>\n<\/figure>\n<\/div>\n<div class=\"author__heading\">\n<div class=\"author__name\">Simone Giuliani<\/div>\n<div class=\"author__social\">\n<nav class=\"button-social-group author__social-buttons\" aria-labelledby=\"button-social-group- author__social-buttons\">\n<div id=\"button-social-group- author__social-buttons\">Social Links Navigation<\/div>\n<\/nav>\n<\/div>\n<div class=\"author__role\">Australia Editor<\/div>\n<\/div>\n<\/div>\n<div class=\"author__bio-wrapper\">\n<div class=\"author__biography\">\n<p>Simone is a degree-qualified journalist that has accumulated decades of wide-ranging experience while working across a variety of leading media organisations. She joined <em>Cyclingnews<\/em> as a Production Editor at the start of the 2021 season and has now moved into the role of Australia Editor. Previously she worked as a freelance writer, Australian Editor at <em>Ella CyclingTips<\/em> and as a correspondent for <em>Reuters<\/em> and <em>Bloomberg<\/em>. Cycling was initially purely a leisure pursuit for Simone, who started out as a business journalist, but in 2015 her career focus also shifted to the sport.<\/p>\n<\/div>\n<\/div>\n<\/div>\n<\/div>\n<\/section>\n<div class=\"relative max-w-[1070px] viafoura-twig-component mt-6 mx-4 lg:mx-0\" data-component-name=\"Viafoura:Comments\" data-nosnippet data-community-guidelines-text=\"&lt;p class=&apos;vfcustom-community-guidelines&apos;&gt;Please follow our &lt;a href=&quot;https:\/\/www.cyclingnews.com\/about\/#section-community-guidelines&quot; target=&quot;_blank&quot;&gt;community guidelines&lt;\/a&gt;.&lt;\/p&gt;\" data-join-the-conversation-text=\"Join the Conversation\">\n<div class=\"absolute top-0 left-0 w-full h-full flex items-center justify-center z-50 bg-white\/90 border-1 rounded-b-[var(--comment-widget-border-radius,0)]\">\n<div class=\"p-2 text-center\">\n<p class=\"mb-3 text-lg!\">You must confirm your public display name before commenting<\/p>\n<p class=\"mb-3 text-sm!\">Please logout and then login again, you will then be prompted to enter your display name.<\/p>\n<\/div>\n<\/div>\n<\/div>\n<section class=\"mx-2 my-5 sm:mx-0\">\n<aside class=\"w-full\" data-nosnippet data-mrf-recirculation=\"article-river-stacked\">\n<div data-recirc-id=\"article-river-stacked-adviser:hybrid\">\n<div class=\"text-white py-4 px-3 mb-4 bg-[#333] uppercase font-bold custom-header-styles\">Read more<\/div>\n<div class=\"grid grid-cols-1 gap-4 mt-4 mb-5\">\n<div>\n<div class=\"aspect-[var(--img-listing-aspect-ratio,16\/9)] relative mb-3.5\">\n    <source type=\"image\/webp\" srcset=\"https:\/\/cdn.mos.cms.futurecdn.net\/vUYTFGANz5D8B7RsLdtsuL-840-80.jpg.webp 840w, https:\/\/cdn.mos.cms.futurecdn.net\/vUYTFGANz5D8B7RsLdtsuL-650-80.jpg.webp 650w, https:\/\/cdn.mos.cms.futurecdn.net\/vUYTFGANz5D8B7RsLdtsuL-500-80.jpg.webp 500w, https:\/\/cdn.mos.cms.futurecdn.net\/vUYTFGANz5D8B7RsLdtsuL-450-80.jpg.webp 450w, https:\/\/cdn.mos.cms.futurecdn.net\/vUYTFGANz5D8B7RsLdtsuL-320-80.jpg.webp 320w\" sizes=\"(min-width: 900px) 925px, (min-width: 700px) 450px, calc(100vw - 48px)\" \/><\/div>\n<p><span class=\"custom-subheading-styles\">Racing<\/span><span class=\"text-base text-black font-bold mx-0 my-2.5 p-0 block custom-text-styles\">UCI Gravel World Series: Marjolein van&#8217;t Geloof and Eddy Le Huitouze snare victory at Latvia&#8217;s Gravel Weekend<\/span><\/div>\n<div class=\"relative recirc-feed sponsored-card min-h-[250px]\" data-recirc-id=\"article-river-stacked-ads:native-cards\" data-mrf-recirculation=\"article-river-ads\" data-nosnippet data-ad-slot-path=\"feed-sponsored-post\" data-attribute-device=\"all\">\n<div class=\"max-w-full sponsored-post--placeholder animate-pulse\">\n<div class=\"relative!\"><span class=\"text-base text-black font-bold mx-0 my-2.5 p-0 block bg-gray-100\">\u00a0<br \/>\u00a0<\/span><\/div>\n<\/div>\n<\/div>\n<div>\n<div class=\"aspect-[var(--img-listing-aspect-ratio,16\/9)] relative mb-3.5\">\n    <source type=\"image\/webp\" srcset=\"https:\/\/cdn.mos.cms.futurecdn.net\/6RWhR83csnZQBiAn3Hst6c-840-80.jpg.webp 840w, https:\/\/cdn.mos.cms.futurecdn.net\/6RWhR83csnZQBiAn3Hst6c-650-80.jpg.webp 650w, https:\/\/cdn.mos.cms.futurecdn.net\/6RWhR83csnZQBiAn3Hst6c-500-80.jpg.webp 500w, https:\/\/cdn.mos.cms.futurecdn.net\/6RWhR83csnZQBiAn3Hst6c-450-80.jpg.webp 450w, https:\/\/cdn.mos.cms.futurecdn.net\/6RWhR83csnZQBiAn3Hst6c-320-80.jpg.webp 320w\" sizes=\"(min-width: 900px) 925px, (min-width: 700px) 450px, calc(100vw - 48px)\" \/><\/div>\n<p><span class=\"custom-subheading-styles\">Pro Cycling<\/span><span class=\"text-base text-black font-bold mx-0 my-2.5 p-0 block custom-text-styles\">UCI Gravel World Series: Petr Vako\u010d and Nele Laing celebrate in Singen as they take victories at Hegau Gravel<\/span><\/div>\n<div class=\"relative recirc-feed sponsored-card min-h-[250px]\" data-recirc-id=\"article-river-stacked-ads:native-cards\" data-mrf-recirculation=\"article-river-ads\" data-nosnippet data-ad-slot-path=\"feed-sponsored-post\" data-attribute-device=\"all\">\n<div class=\"max-w-full sponsored-post--placeholder animate-pulse\">\n<div class=\"relative!\"><span class=\"text-base text-black font-bold mx-0 my-2.5 p-0 block bg-gray-100\">\u00a0<br \/>\u00a0<\/span><\/div>\n<\/div>\n<\/div>\n<div>\n<div class=\"aspect-[var(--img-listing-aspect-ratio,16\/9)] relative mb-3.5\">\n    <source type=\"image\/webp\" srcset=\"https:\/\/cdn.mos.cms.futurecdn.net\/GiLnUMGZtXrhkSXwGZrs3P-840-80.png.webp 840w, https:\/\/cdn.mos.cms.futurecdn.net\/GiLnUMGZtXrhkSXwGZrs3P-650-80.png.webp 650w, https:\/\/cdn.mos.cms.futurecdn.net\/GiLnUMGZtXrhkSXwGZrs3P-500-80.png.webp 500w, https:\/\/cdn.mos.cms.futurecdn.net\/GiLnUMGZtXrhkSXwGZrs3P-450-80.png.webp 450w, https:\/\/cdn.mos.cms.futurecdn.net\/GiLnUMGZtXrhkSXwGZrs3P-320-80.png.webp 320w\" sizes=\"(min-width: 900px) 925px, (min-width: 700px) 450px, calc(100vw - 48px)\" \/><\/div>\n<p><span class=\"custom-subheading-styles\">Racing<\/span><span class=\"text-base text-black font-bold mx-0 my-2.5 p-0 block custom-text-styles\">UCI Gravel World Series: Winning runs for world champion Lorena Wiebes and Belgian champion Niels Vandeputte at Eislek Gravel Luxembourg<\/span><\/div>\n<div class=\"relative recirc-feed sponsored-card min-h-[250px]\" data-recirc-id=\"article-river-stacked-ads:native-cards\" data-mrf-recirculation=\"article-river-ads\" data-nosnippet data-ad-slot-path=\"feed-sponsored-post\" data-attribute-device=\"all\">\n<div class=\"max-w-full sponsored-post--placeholder animate-pulse\">\n<div class=\"relative!\"><span class=\"text-base text-black font-bold mx-0 my-2.5 p-0 block bg-gray-100\">\u00a0<br \/>\u00a0<\/span><\/div>\n<\/div>\n<\/div>\n<div>\n<div class=\"aspect-[var(--img-listing-aspect-ratio,16\/9)] relative mb-3.5\">\n    <source type=\"image\/webp\" srcset=\"https:\/\/cdn.mos.cms.futurecdn.net\/yCJNrGcwwLKxA7cLNtsTyA-840-80.png.webp 840w, https:\/\/cdn.mos.cms.futurecdn.net\/yCJNrGcwwLKxA7cLNtsTyA-650-80.png.webp 650w, https:\/\/cdn.mos.cms.futurecdn.net\/yCJNrGcwwLKxA7cLNtsTyA-500-80.png.webp 500w, https:\/\/cdn.mos.cms.futurecdn.net\/yCJNrGcwwLKxA7cLNtsTyA-450-80.png.webp 450w, https:\/\/cdn.mos.cms.futurecdn.net\/yCJNrGcwwLKxA7cLNtsTyA-320-80.png.webp 320w\" sizes=\"(min-width: 900px) 925px, (min-width: 700px) 450px, calc(100vw - 48px)\" \/><\/div>\n<p><span class=\"custom-subheading-styles\">Racing<\/span><span class=\"text-base text-black font-bold mx-0 my-2.5 p-0 block custom-text-styles\">UCI Gravel World Series: Simon Pellaud and Natalia Franco solo to wins at high-elevation Bogot\u00e1 Gravel<\/span><\/div>\n<div class=\"relative recirc-feed sponsored-card min-h-[250px]\" data-recirc-id=\"article-river-stacked-ads:native-cards\" data-mrf-recirculation=\"article-river-ads\" data-nosnippet data-ad-slot-path=\"feed-sponsored-post\" data-attribute-device=\"all\">\n<div class=\"max-w-full sponsored-post--placeholder animate-pulse\">\n<div class=\"relative!\"><span class=\"text-base text-black font-bold mx-0 my-2.5 p-0 block bg-gray-100\">\u00a0<br \/>\u00a0<\/span><\/div>\n<\/div>\n<\/div>\n<div>\n<div class=\"aspect-[var(--img-listing-aspect-ratio,16\/9)] relative mb-3.5\">\n    <source type=\"image\/webp\" srcset=\"https:\/\/cdn.mos.cms.futurecdn.net\/aL2QXoTBuphSkq5tGVPvXT-840-80.jpg.webp 840w, https:\/\/cdn.mos.cms.futurecdn.net\/aL2QXoTBuphSkq5tGVPvXT-650-80.jpg.webp 650w, https:\/\/cdn.mos.cms.futurecdn.net\/aL2QXoTBuphSkq5tGVPvXT-500-80.jpg.webp 500w, https:\/\/cdn.mos.cms.futurecdn.net\/aL2QXoTBuphSkq5tGVPvXT-450-80.jpg.webp 450w, https:\/\/cdn.mos.cms.futurecdn.net\/aL2QXoTBuphSkq5tGVPvXT-320-80.jpg.webp 320w\" sizes=\"(min-width: 900px) 925px, (min-width: 700px) 450px, calc(100vw - 48px)\" \/><\/div>\n<p><span class=\"custom-subheading-styles\">Racing<\/span><span class=\"text-base text-black font-bold mx-0 my-2.5 p-0 block custom-text-styles\">UCI Gravel World Series: Oceania champion Nicole Frain and Jonas Lindberg celebrate solo wins at Hlinsko gravel<\/span><\/div>\n<div class=\"relative recirc-feed sponsored-card min-h-[250px]\" data-recirc-id=\"article-river-stacked-ads:native-cards\" data-mrf-recirculation=\"article-river-ads\" data-nosnippet data-ad-slot-path=\"feed-sponsored-post\" data-attribute-device=\"all\">\n<div class=\"max-w-full sponsored-post--placeholder animate-pulse\">\n<div class=\"relative!\"><span class=\"text-base text-black font-bold mx-0 my-2.5 p-0 block bg-gray-100\">\u00a0<br \/>\u00a0<\/span><\/div>\n<\/div>\n<\/div>\n<div>\n<div class=\"aspect-[var(--img-listing-aspect-ratio,16\/9)] relative mb-3.5\">\n    <source type=\"image\/webp\" srcset=\"https:\/\/cdn.mos.cms.futurecdn.net\/piiHae96oE6tDrdsjwkSxD-840-80.jpg.webp 840w, https:\/\/cdn.mos.cms.futurecdn.net\/piiHae96oE6tDrdsjwkSxD-650-80.jpg.webp 650w, https:\/\/cdn.mos.cms.futurecdn.net\/piiHae96oE6tDrdsjwkSxD-500-80.jpg.webp 500w, https:\/\/cdn.mos.cms.futurecdn.net\/piiHae96oE6tDrdsjwkSxD-450-80.jpg.webp 450w, https:\/\/cdn.mos.cms.futurecdn.net\/piiHae96oE6tDrdsjwkSxD-320-80.jpg.webp 320w\" sizes=\"(min-width: 900px) 925px, (min-width: 700px) 450px, calc(100vw - 48px)\" \/><\/div>\n<p><span class=\"custom-subheading-styles\">Racing<\/span><span class=\"text-base text-black font-bold mx-0 my-2.5 p-0 block custom-text-styles\">UCI Gravel World Series: Swiss riders Joel Roth and Elena Hartmann climb to victories at The Majestics Gravel<\/span><\/div>\n<div class=\"relative recirc-feed sponsored-card min-h-[250px]\" data-recirc-id=\"article-river-stacked-ads:native-cards\" data-mrf-recirculation=\"article-river-ads\" data-nosnippet data-ad-slot-path=\"feed-sponsored-post\" data-attribute-device=\"all\">\n<div class=\"max-w-full sponsored-post--placeholder animate-pulse\">\n<div class=\"relative!\"><span class=\"text-base text-black font-bold mx-0 my-2.5 p-0 block bg-gray-100\">\u00a0<br \/>\u00a0<\/span><\/div>\n<\/div>\n<\/div>\n<\/div>\n<\/div>\n<\/aside>\n<aside class=\"w-full\" data-nosnippet data-mrf-recirculation=\"article-river-stacked\">\n<div data-recirc-id=\"article-river-stacked-solr:latest-category\">\n<div class=\"text-white py-4 px-3 mb-4 bg-[#333] uppercase font-bold custom-header-styles\">Latest in Racing<\/div>\n<div class=\"grid grid-cols-1 gap-4 mt-4 mb-5\">\n<div>\n<div class=\"aspect-[var(--img-listing-aspect-ratio,16\/9)] relative mb-3.5\">\n    <source type=\"image\/webp\" srcset=\"https:\/\/cdn.mos.cms.futurecdn.net\/bTmsvr8367GggSQUKRr8wF-840-80.jpg.webp 840w, https:\/\/cdn.mos.cms.futurecdn.net\/bTmsvr8367GggSQUKRr8wF-650-80.jpg.webp 650w, https:\/\/cdn.mos.cms.futurecdn.net\/bTmsvr8367GggSQUKRr8wF-500-80.jpg.webp 500w, https:\/\/cdn.mos.cms.futurecdn.net\/bTmsvr8367GggSQUKRr8wF-450-80.jpg.webp 450w, https:\/\/cdn.mos.cms.futurecdn.net\/bTmsvr8367GggSQUKRr8wF-320-80.jpg.webp 320w\" sizes=\"(min-width: 900px) 925px, (min-width: 700px) 450px, calc(100vw - 48px)\" \/><\/div>\n<p><span class=\"custom-subheading-styles\">Racing<\/span><span class=\"text-base text-black font-bold mx-0 my-2.5 p-0 block custom-text-styles\">Hayley Preen and Alex Miller claim UCI Gravel World Series wins and African titles at Khomas100 for second year<\/span><\/div>\n<div class=\"relative recirc-feed sponsored-card min-h-[250px]\" data-recirc-id=\"article-river-stacked-ads:native-cards\" data-mrf-recirculation=\"article-river-ads\" data-nosnippet data-ad-slot-path=\"feed-sponsored-post\" data-attribute-device=\"all\">\n<div class=\"max-w-full sponsored-post--placeholder animate-pulse\">\n<div class=\"relative!\"><span class=\"text-base text-black font-bold mx-0 my-2.5 p-0 block bg-gray-100\">\u00a0<br \/>\u00a0<\/span><\/div>\n<\/div>\n<\/div>\n<div>\n<div class=\"aspect-[var(--img-listing-aspect-ratio,16\/9)] relative mb-3.5\">\n    <source type=\"image\/webp\" srcset=\"https:\/\/cdn.mos.cms.futurecdn.net\/64jEDv2zsiXbVsk8MB3GH5-840-80.jpg.webp 840w, https:\/\/cdn.mos.cms.futurecdn.net\/64jEDv2zsiXbVsk8MB3GH5-650-80.jpg.webp 650w, https:\/\/cdn.mos.cms.futurecdn.net\/64jEDv2zsiXbVsk8MB3GH5-500-80.jpg.webp 500w, https:\/\/cdn.mos.cms.futurecdn.net\/64jEDv2zsiXbVsk8MB3GH5-450-80.jpg.webp 450w, https:\/\/cdn.mos.cms.futurecdn.net\/64jEDv2zsiXbVsk8MB3GH5-320-80.jpg.webp 320w\" sizes=\"(min-width: 900px) 925px, (min-width: 700px) 450px, calc(100vw - 48px)\" \/><\/div>\n<p><span class=\"custom-subheading-styles\">Racing<\/span><span class=\"text-base text-black font-bold mx-0 my-2.5 p-0 block custom-text-styles\">&#8216;We came here to see the race but nothing could be done&#8217; &#8211; Eyewitness account of how Vuelta a Espa\u00f1a stage 3 ground to a halt<\/span><\/div>\n<div class=\"relative recirc-feed sponsored-card min-h-[250px]\" data-recirc-id=\"article-river-stacked-ads:native-cards\" data-mrf-recirculation=\"article-river-ads\" data-nosnippet data-ad-slot-path=\"feed-sponsored-post\" data-attribute-device=\"all\">\n<div class=\"max-w-full sponsored-post--placeholder animate-pulse\">\n<div class=\"relative!\"><span class=\"text-base text-black font-bold mx-0 my-2.5 p-0 block bg-gray-100\">\u00a0<br \/>\u00a0<\/span><\/div>\n<\/div>\n<\/div>\n<div>\n<div class=\"aspect-[var(--img-listing-aspect-ratio,16\/9)] relative mb-3.5\">\n    <source type=\"image\/webp\" srcset=\"https:\/\/cdn.mos.cms.futurecdn.net\/gb83HzBMqhypFmjmZNAvnQ-840-80.jpg.webp 840w, https:\/\/cdn.mos.cms.futurecdn.net\/gb83HzBMqhypFmjmZNAvnQ-650-80.jpg.webp 650w, https:\/\/cdn.mos.cms.futurecdn.net\/gb83HzBMqhypFmjmZNAvnQ-500-80.jpg.webp 500w, https:\/\/cdn.mos.cms.futurecdn.net\/gb83HzBMqhypFmjmZNAvnQ-450-80.jpg.webp 450w, https:\/\/cdn.mos.cms.futurecdn.net\/gb83HzBMqhypFmjmZNAvnQ-320-80.jpg.webp 320w\" sizes=\"(min-width: 900px) 925px, (min-width: 700px) 450px, calc(100vw - 48px)\" \/><\/div>\n<p><span class=\"custom-subheading-styles\">Racing<\/span><span class=\"text-base text-black font-bold mx-0 my-2.5 p-0 block custom-text-styles\">Tadej Poga\u010dar pulls over peloton as hail storm cancels finale of Vuelta a Espa\u00f1a stage 3<\/span><\/div>\n<div class=\"relative recirc-feed sponsored-card min-h-[250px]\" data-recirc-id=\"article-river-stacked-ads:native-cards\" data-mrf-recirculation=\"article-river-ads\" data-nosnippet data-ad-slot-path=\"feed-sponsored-post\" data-attribute-device=\"all\">\n<div class=\"max-w-full sponsored-post--placeholder animate-pulse\">\n<div class=\"relative!\"><span class=\"text-base text-black font-bold mx-0 my-2.5 p-0 block bg-gray-100\">\u00a0<br \/>\u00a0<\/span><\/div>\n<\/div>\n<\/div>\n<div>\n<div class=\"aspect-[var(--img-listing-aspect-ratio,16\/9)] relative mb-3.5\">\n    <source type=\"image\/webp\" srcset=\"https:\/\/cdn.mos.cms.futurecdn.net\/CVjibzGwjF7ZSVLRodUHS8-840-80.jpg.webp 840w, https:\/\/cdn.mos.cms.futurecdn.net\/CVjibzGwjF7ZSVLRodUHS8-650-80.jpg.webp 650w, https:\/\/cdn.mos.cms.futurecdn.net\/CVjibzGwjF7ZSVLRodUHS8-500-80.jpg.webp 500w, https:\/\/cdn.mos.cms.futurecdn.net\/CVjibzGwjF7ZSVLRodUHS8-450-80.jpg.webp 450w, https:\/\/cdn.mos.cms.futurecdn.net\/CVjibzGwjF7ZSVLRodUHS8-320-80.jpg.webp 320w\" sizes=\"(min-width: 900px) 925px, (min-width: 700px) 450px, calc(100vw - 48px)\" \/><\/div>\n<p><span class=\"custom-subheading-styles\">Racing<\/span><span class=\"text-base text-black font-bold mx-0 my-2.5 p-0 block custom-text-styles\">Vuelta a Espa\u00f1a places restrictions on its own content creator amid backlash over interactions with Tadej Poga\u010dar and others<\/span><\/div>\n<div class=\"relative recirc-feed sponsored-card min-h-[250px]\" data-recirc-id=\"article-river-stacked-ads:native-cards\" data-mrf-recirculation=\"article-river-ads\" data-nosnippet data-ad-slot-path=\"feed-sponsored-post\" data-attribute-device=\"all\">\n<div class=\"max-w-full sponsored-post--placeholder animate-pulse\">\n<div class=\"relative!\"><span class=\"text-base text-black font-bold mx-0 my-2.5 p-0 block bg-gray-100\">\u00a0<br \/>\u00a0<\/span><\/div>\n<\/div>\n<\/div>\n<div>\n<div class=\"aspect-[var(--img-listing-aspect-ratio,16\/9)] relative mb-3.5\">\n    <source type=\"image\/webp\" srcset=\"https:\/\/cdn.mos.cms.futurecdn.net\/zjHmUwnskFuJeTYbEF8aYC-840-80.jpg.webp 840w, https:\/\/cdn.mos.cms.futurecdn.net\/zjHmUwnskFuJeTYbEF8aYC-650-80.jpg.webp 650w, https:\/\/cdn.mos.cms.futurecdn.net\/zjHmUwnskFuJeTYbEF8aYC-500-80.jpg.webp 500w, https:\/\/cdn.mos.cms.futurecdn.net\/zjHmUwnskFuJeTYbEF8aYC-450-80.jpg.webp 450w, https:\/\/cdn.mos.cms.futurecdn.net\/zjHmUwnskFuJeTYbEF8aYC-320-80.jpg.webp 320w\" sizes=\"(min-width: 900px) 925px, (min-width: 700px) 450px, calc(100vw - 48px)\" \/><\/div>\n<p><span class=\"custom-subheading-styles\">Racing<\/span><span class=\"text-base text-black font-bold mx-0 my-2.5 p-0 block custom-text-styles\">La Vuelta, Canada, or elsewhere \u2013 Where are the men&#8217;s stars riding in preparation for the Road World Championships?<\/span><\/div>\n<div class=\"relative recirc-feed sponsored-card min-h-[250px]\" data-recirc-id=\"article-river-stacked-ads:native-cards\" data-mrf-recirculation=\"article-river-ads\" data-nosnippet data-ad-slot-path=\"feed-sponsored-post\" data-attribute-device=\"all\">\n<div class=\"max-w-full sponsored-post--placeholder animate-pulse\">\n<div class=\"relative!\"><span class=\"text-base text-black font-bold mx-0 my-2.5 p-0 block bg-gray-100\">\u00a0<br \/>\u00a0<\/span><\/div>\n<\/div>\n<\/div>\n<div>\n<div class=\"aspect-[var(--img-listing-aspect-ratio,16\/9)] relative mb-3.5\">\n    <source type=\"image\/webp\" srcset=\"https:\/\/cdn.mos.cms.futurecdn.net\/qeUP3Jwa4YCvLkCpjvgbEa-840-80.jpg.webp 840w, https:\/\/cdn.mos.cms.futurecdn.net\/qeUP3Jwa4YCvLkCpjvgbEa-650-80.jpg.webp 650w, https:\/\/cdn.mos.cms.futurecdn.net\/qeUP3Jwa4YCvLkCpjvgbEa-500-80.jpg.webp 500w, https:\/\/cdn.mos.cms.futurecdn.net\/qeUP3Jwa4YCvLkCpjvgbEa-450-80.jpg.webp 450w, https:\/\/cdn.mos.cms.futurecdn.net\/qeUP3Jwa4YCvLkCpjvgbEa-320-80.jpg.webp 320w\" sizes=\"(min-width: 900px) 925px, (min-width: 700px) 450px, calc(100vw - 48px)\" \/><\/div>\n<p><span class=\"custom-subheading-styles\">Racing<\/span><span class=\"text-base text-black font-bold mx-0 my-2.5 p-0 block custom-text-styles\">Vuelta a Espa\u00f1a: Stage 3 ends without a winner as extreme weather batters the peloton on the road to first summit finish at Font Romeu<\/span><\/div>\n<div class=\"relative recirc-feed sponsored-card min-h-[250px]\" data-recirc-id=\"article-river-stacked-ads:native-cards\" data-mrf-recirculation=\"article-river-ads\" data-nosnippet data-ad-slot-path=\"feed-sponsored-post\" data-attribute-device=\"all\">\n<div class=\"max-w-full sponsored-post--placeholder animate-pulse\">\n<div class=\"relative!\"><span class=\"text-base text-black font-bold mx-0 my-2.5 p-0 block bg-gray-100\">\u00a0<br \/>\u00a0<\/span><\/div>\n<\/div>\n<\/div>\n<\/div>\n<\/div>\n<\/aside>\n<aside class=\"w-full\" data-nosnippet data-mrf-recirculation=\"article-river-stacked\">\n<div data-recirc-id=\"article-river-stacked-solr:latest-articletype\">\n<div class=\"text-white py-4 px-3 mb-4 bg-[#333] uppercase font-bold custom-header-styles\">Latest in Race Results<\/div>\n<div class=\"grid grid-cols-1 gap-4 mt-4 mb-5\">\n<div>\n<div class=\"aspect-[var(--img-listing-aspect-ratio,16\/9)] relative mb-3.5\">\n    <source type=\"image\/webp\" srcset=\"https:\/\/cdn.mos.cms.futurecdn.net\/bTmsvr8367GggSQUKRr8wF-840-80.jpg.webp 840w, https:\/\/cdn.mos.cms.futurecdn.net\/bTmsvr8367GggSQUKRr8wF-650-80.jpg.webp 650w, https:\/\/cdn.mos.cms.futurecdn.net\/bTmsvr8367GggSQUKRr8wF-500-80.jpg.webp 500w, https:\/\/cdn.mos.cms.futurecdn.net\/bTmsvr8367GggSQUKRr8wF-450-80.jpg.webp 450w, https:\/\/cdn.mos.cms.futurecdn.net\/bTmsvr8367GggSQUKRr8wF-320-80.jpg.webp 320w\" sizes=\"(min-width: 900px) 925px, (min-width: 700px) 450px, calc(100vw - 48px)\" \/><\/div>\n<p><span class=\"custom-subheading-styles\">Racing<\/span><span class=\"text-base text-black font-bold mx-0 my-2.5 p-0 block custom-text-styles\">Hayley Preen and Alex Miller claim UCI Gravel World Series wins and African titles at Khomas100 for second year<\/span><\/div>\n<div class=\"relative recirc-feed sponsored-card min-h-[250px]\" data-recirc-id=\"article-river-stacked-ads:native-cards\" data-mrf-recirculation=\"article-river-ads\" data-nosnippet data-ad-slot-path=\"feed-sponsored-post\" data-attribute-device=\"all\">\n<div class=\"max-w-full sponsored-post--placeholder animate-pulse\">\n<div class=\"relative!\"><span class=\"text-base text-black font-bold mx-0 my-2.5 p-0 block bg-gray-100\">\u00a0<br \/>\u00a0<\/span><\/div>\n<\/div>\n<\/div>\n<div>\n<div class=\"aspect-[var(--img-listing-aspect-ratio,16\/9)] relative mb-3.5\">\n    <source type=\"image\/webp\" srcset=\"https:\/\/cdn.mos.cms.futurecdn.net\/qeUP3Jwa4YCvLkCpjvgbEa-840-80.jpg.webp 840w, https:\/\/cdn.mos.cms.futurecdn.net\/qeUP3Jwa4YCvLkCpjvgbEa-650-80.jpg.webp 650w, https:\/\/cdn.mos.cms.futurecdn.net\/qeUP3Jwa4YCvLkCpjvgbEa-500-80.jpg.webp 500w, https:\/\/cdn.mos.cms.futurecdn.net\/qeUP3Jwa4YCvLkCpjvgbEa-450-80.jpg.webp 450w, https:\/\/cdn.mos.cms.futurecdn.net\/qeUP3Jwa4YCvLkCpjvgbEa-320-80.jpg.webp 320w\" sizes=\"(min-width: 900px) 925px, (min-width: 700px) 450px, calc(100vw - 48px)\" \/><\/div>\n<p><span class=\"custom-subheading-styles\">Racing<\/span><span class=\"text-base text-black font-bold mx-0 my-2.5 p-0 block custom-text-styles\">Vuelta a Espa\u00f1a: Stage 3 ends without a winner as extreme weather batters the peloton on the road to first summit finish at Font Romeu<\/span><\/div>\n<div class=\"relative recirc-feed sponsored-card min-h-[250px]\" data-recirc-id=\"article-river-stacked-ads:native-cards\" data-mrf-recirculation=\"article-river-ads\" data-nosnippet data-ad-slot-path=\"feed-sponsored-post\" data-attribute-device=\"all\">\n<div class=\"max-w-full sponsored-post--placeholder animate-pulse\">\n<div class=\"relative!\"><span class=\"text-base text-black font-bold mx-0 my-2.5 p-0 block bg-gray-100\">\u00a0<br \/>\u00a0<\/span><\/div>\n<\/div>\n<\/div>\n<div>\n<div class=\"aspect-[var(--img-listing-aspect-ratio,16\/9)] relative mb-3.5\">\n    <source type=\"image\/webp\" srcset=\"https:\/\/cdn.mos.cms.futurecdn.net\/aqedMr2yq5dFSWVFHTrjMA-840-80.jpg.webp 840w, https:\/\/cdn.mos.cms.futurecdn.net\/aqedMr2yq5dFSWVFHTrjMA-650-80.jpg.webp 650w, https:\/\/cdn.mos.cms.futurecdn.net\/aqedMr2yq5dFSWVFHTrjMA-500-80.jpg.webp 500w, https:\/\/cdn.mos.cms.futurecdn.net\/aqedMr2yq5dFSWVFHTrjMA-450-80.jpg.webp 450w, https:\/\/cdn.mos.cms.futurecdn.net\/aqedMr2yq5dFSWVFHTrjMA-320-80.jpg.webp 320w\" sizes=\"(min-width: 900px) 925px, (min-width: 700px) 450px, calc(100vw - 48px)\" \/><\/div>\n<p><span class=\"custom-subheading-styles\">Racing<\/span><span class=\"text-base text-black font-bold mx-0 my-2.5 p-0 block custom-text-styles\">Deutschland Tour: Isaac del Toro seals overall title as Paul Magnier wins finale stage 4 in Heilbronn<\/span><\/div>\n<div class=\"relative recirc-feed sponsored-card min-h-[250px]\" data-recirc-id=\"article-river-stacked-ads:native-cards\" data-mrf-recirculation=\"article-river-ads\" data-nosnippet data-ad-slot-path=\"feed-sponsored-post\" data-attribute-device=\"all\">\n<div class=\"max-w-full sponsored-post--placeholder animate-pulse\">\n<div class=\"relative!\"><span class=\"text-base text-black font-bold mx-0 my-2.5 p-0 block bg-gray-100\">\u00a0<br \/>\u00a0<\/span><\/div>\n<\/div>\n<\/div>\n<div>\n<div class=\"aspect-[var(--img-listing-aspect-ratio,16\/9)] relative mb-3.5\">\n    <source type=\"image\/webp\" srcset=\"https:\/\/cdn.mos.cms.futurecdn.net\/as8Z4qRNG2969Xm5zz6JSM-840-80.jpg.webp 840w, https:\/\/cdn.mos.cms.futurecdn.net\/as8Z4qRNG2969Xm5zz6JSM-650-80.jpg.webp 650w, https:\/\/cdn.mos.cms.futurecdn.net\/as8Z4qRNG2969Xm5zz6JSM-500-80.jpg.webp 500w, https:\/\/cdn.mos.cms.futurecdn.net\/as8Z4qRNG2969Xm5zz6JSM-450-80.jpg.webp 450w, https:\/\/cdn.mos.cms.futurecdn.net\/as8Z4qRNG2969Xm5zz6JSM-320-80.jpg.webp 320w\" sizes=\"(min-width: 900px) 925px, (min-width: 700px) 450px, calc(100vw - 48px)\" \/><\/div>\n<p><span class=\"custom-subheading-styles\">Women&#8217;s Cycling<\/span><span class=\"text-base text-black font-bold mx-0 my-2.5 p-0 block custom-text-styles\">Tour of Britain Women: Kim Le Court-Pienaar claims overall title as unstoppable Lorena Wiebes takes fourth victory in stage 5 finale<\/span><\/div>\n<div class=\"relative recirc-feed sponsored-card min-h-[250px]\" data-recirc-id=\"article-river-stacked-ads:native-cards\" data-mrf-recirculation=\"article-river-ads\" data-nosnippet data-ad-slot-path=\"feed-sponsored-post\" data-attribute-device=\"all\">\n<div class=\"max-w-full sponsored-post--placeholder animate-pulse\">\n<div class=\"relative!\"><span class=\"text-base text-black font-bold mx-0 my-2.5 p-0 block bg-gray-100\">\u00a0<br \/>\u00a0<\/span><\/div>\n<\/div>\n<\/div>\n<div>\n<div class=\"aspect-[var(--img-listing-aspect-ratio,16\/9)] relative mb-3.5\">\n    <source type=\"image\/webp\" srcset=\"https:\/\/cdn.mos.cms.futurecdn.net\/x2WtQR2kCmobTexWFXFRFU-840-80.jpg.webp 840w, https:\/\/cdn.mos.cms.futurecdn.net\/x2WtQR2kCmobTexWFXFRFU-650-80.jpg.webp 650w, https:\/\/cdn.mos.cms.futurecdn.net\/x2WtQR2kCmobTexWFXFRFU-500-80.jpg.webp 500w, https:\/\/cdn.mos.cms.futurecdn.net\/x2WtQR2kCmobTexWFXFRFU-450-80.jpg.webp 450w, https:\/\/cdn.mos.cms.futurecdn.net\/x2WtQR2kCmobTexWFXFRFU-320-80.jpg.webp 320w\" sizes=\"(min-width: 900px) 925px, (min-width: 700px) 450px, calc(100vw - 48px)\" \/><\/div>\n<p><span class=\"custom-subheading-styles\">Racing<\/span><span class=\"text-base text-black font-bold mx-0 my-2.5 p-0 block custom-text-styles\">Renewi Tour: Jasper Philipsen wins overall title with hat trick of sprint victories on stage 5<\/span><\/div>\n<div class=\"relative recirc-feed sponsored-card min-h-[250px]\" data-recirc-id=\"article-river-stacked-ads:native-cards\" data-mrf-recirculation=\"article-river-ads\" data-nosnippet data-ad-slot-path=\"feed-sponsored-post\" data-attribute-device=\"all\">\n<div class=\"max-w-full sponsored-post--placeholder animate-pulse\">\n<div class=\"relative!\"><span class=\"text-base text-black font-bold mx-0 my-2.5 p-0 block bg-gray-100\">\u00a0<br \/>\u00a0<\/span><\/div>\n<\/div>\n<\/div>\n<div>\n<div class=\"aspect-[var(--img-listing-aspect-ratio,16\/9)] relative mb-3.5\">\n    <source type=\"image\/webp\" srcset=\"https:\/\/cdn.mos.cms.futurecdn.net\/qNaVetYgQPFWvp3Ne8irMU-840-80.jpg.webp 840w, https:\/\/cdn.mos.cms.futurecdn.net\/qNaVetYgQPFWvp3Ne8irMU-650-80.jpg.webp 650w, https:\/\/cdn.mos.cms.futurecdn.net\/qNaVetYgQPFWvp3Ne8irMU-500-80.jpg.webp 500w, https:\/\/cdn.mos.cms.futurecdn.net\/qNaVetYgQPFWvp3Ne8irMU-450-80.jpg.webp 450w, https:\/\/cdn.mos.cms.futurecdn.net\/qNaVetYgQPFWvp3Ne8irMU-320-80.jpg.webp 320w\" sizes=\"(min-width: 900px) 925px, (min-width: 700px) 450px, calc(100vw - 48px)\" \/><\/div>\n<p><span class=\"custom-subheading-styles\">Racing<\/span><span class=\"text-base text-black font-bold mx-0 my-2.5 p-0 block custom-text-styles\">Vuelta a Espa\u00f1a: Powerful sprint nets Matthew Brennan stage 2 victory as Tadej Poga\u010dar fends off attacks to keep leader&#8217;s jersey<\/span><\/div>\n<div class=\"relative recirc-feed sponsored-card min-h-[250px]\" data-recirc-id=\"article-river-stacked-ads:native-cards\" data-mrf-recirculation=\"article-river-ads\" data-nosnippet data-ad-slot-path=\"feed-sponsored-post\" data-attribute-device=\"all\">\n<div class=\"max-w-full sponsored-post--placeholder animate-pulse\">\n<div class=\"relative!\"><span class=\"text-base text-black font-bold mx-0 my-2.5 p-0 block bg-gray-100\">\u00a0<br \/>\u00a0<\/span><\/div>\n<\/div>\n<\/div>\n<\/div>\n<\/div>\n<\/aside>\n<\/section>\n<\/div>\n<\/div>\n<\/div>\n<div id=\"widgetArea17\" class=\"widget-area md:basis-1\/3 widget-area-g-md-vp-1-3 widget-area-g-lg-vp-1-3 widget-area-g-xl-vp-1-3 page-widget-area-17\">\n<div data-widget-type=\"dynamic\" id=\"popular-data\" class=\"clear-both widget widget-dynamic widget-popular-data widget-dynamic-popular-data widget-dynamic-fter-popular-box\">\n<div class=\"wdn-fte-pb pos-relative space-t20\n\"><\/p>\n<div class=\"slice-container popular-box-slice\">\n<section class=\"popular-box\" data-component-name=\"Slice:PopularBox\">\n<div class=\"popular-box__label\">\n<div class=\"popular-box__label__tab popular-box__label__tab--active\" role=\"heading\">\nLATEST ARTICLES\n<\/div>\n<\/div>\n<ol class=\"popular-box__articles-list popular-box__articles-list--active\">\n<li class=\"popular-box__article-list\">\n<div class=\"popular-box__article-list__container\">\n<div class=\"popular-box__article-list__image-wrapper\">\n<div>\n<source type=\"image\/webp\" srcset=\"https:\/\/cdn.mos.cms.futurecdn.net\/bTmsvr8367GggSQUKRr8wF-1280-80.jpg.webp 1280w, https:\/\/cdn.mos.cms.futurecdn.net\/bTmsvr8367GggSQUKRr8wF-720-80.jpg.webp 720w, https:\/\/cdn.mos.cms.futurecdn.net\/bTmsvr8367GggSQUKRr8wF-640-80.jpg.webp 640w, https:\/\/cdn.mos.cms.futurecdn.net\/bTmsvr8367GggSQUKRr8wF-320-80.jpg.webp 320w\" sizes=\"99vw\" \/><\/div>\n<\/div>\n<div class=\"popular-box__article-list__content\">\n<div class=\"popular-box__article-list__number-text\">1<\/div>\n<div class=\"popular-box__article-list__heading\">\n<p>Hayley Preen and Alex Miller claim UCI Gravel World Series wins and African titles at Khomas100 for second year<\/p>\n<\/div>\n<\/div>\n<\/div>\n<\/li>\n<li class=\"popular-box__article-list\">\n<div class=\"popular-box__article-list__container\">\n<div class=\"popular-box__article-list__content\">\n<div class=\"popular-box__article-list__number-text\">2<\/div>\n<div class=\"popular-box__article-list__heading\">\n<p>Toki Sawada and Shu Wei Hsu claim first UCI Gravel World Series race in Japan<\/p>\n<\/div>\n<\/div>\n<\/div>\n<\/li>\n<li class=\"popular-box__article-list\">\n<div class=\"popular-box__article-list__container\">\n<div class=\"popular-box__article-list__content\">\n<div class=\"popular-box__article-list__number-text\">3<\/div>\n<div class=\"popular-box__article-list__heading\">\n<p>&#8216;We came here to see the race but nothing could be done&#8217; &#8211; Eyewitness account of how Vuelta a Espa\u00f1a stage 3 ground to a halt<\/p>\n<\/div>\n<\/div>\n<\/div>\n<\/li>\n<li class=\"popular-box__article-list\">\n<div class=\"popular-box__article-list__container\">\n<div class=\"popular-box__article-list__content\">\n<div class=\"popular-box__article-list__number-text\">4<\/div>\n<div class=\"popular-box__article-list__heading\">\n<p>Vuelta a Espa\u00f1a: Stage 3 ends without a winner as extreme weather batters the peloton on the road to first summit finish at Font Romeu<\/p>\n<\/div>\n<\/div>\n<\/div>\n<\/li>\n<li class=\"popular-box__article-list\">\n<div class=\"popular-box__article-list__container\">\n<div class=\"popular-box__article-list__content\">\n<div class=\"popular-box__article-list__number-text\">5<\/div>\n<div class=\"popular-box__article-list__heading\">\n<p>Tadej Poga\u010dar pulls over peloton as hail storm cancels finale of Vuelta a Espa\u00f1a stage 3<\/p>\n<\/div>\n<\/div>\n<\/div>\n<\/li>\n<\/ol>\n<\/section>\n<\/div>\n<\/div>\n<\/div>\n<\/div>\n<\/div>\n<\/article>\n<article class=\"page-content-onecol flex-1\nnews-article article\n\"><\/p>\n<div class=\"widget-area-group widget-area-group-2col flex flex-wrap box-border\">\n<div id=\"widgetArea16\" class=\"widget-area basis-full md:basis-2\/3 widget-area-g-md-vp-2-3 widget-area-g-lg-vp-2-3 widget-area-g-xl-vp-2-3 page-widget-area-16\">\n<div data-widget-type=\"hero\" id=\"hero\" class=\"clear-both widget widget-hero widget-hero widget-hero-hero widget-hero widget-hero-fter-news\">\n<div class=\"news-article\">\n<header data-component-name=\"Article:Hero\">\n<nav class=\"breadcrumb\" aria-label=\"Breadcrumbs\">\n<ol>\n<li>\nPro Cycling\n<\/li>\n<li>\nRacing\n<\/li>\n<li>\nGravel\n<\/li>\n<li>\nUCI Gravel World Series events\n<\/li>\n<\/ol>\n<\/nav>\n<h1>Toki Sawada and Shu Wei Hsu claim first UCI Gravel World Series race in Japan<\/h1>\n<div class=\"byline-social\">\n<div class=\"vds-byline-block flex flex-row flex-nowrap my-1.5 gap-2 text-left items-start justify-start\" data-component-name=\"Article:BylineBlock\">\n<p>Race Results<\/p>\n<div class=\"my-auto vds-simple-byline\"><span class=\"inline-block vds-author\"><br \/>\nBy<br \/>\nSimone Giuliani <\/span><\/p>\n<div class=\"flex gap-1 vds-byline-with-avatar__meta\"><span class=\"vds-date block font-normal tracking-normal normal-case text-xs\"><br \/>\nPublished<br \/>\n<time data-component-name=\"UI:DateTime\" datetime=\"2026-08-25T01:36:12Z\" class=\"relative-date\"><br \/>\n25 August 2026<br \/>\n<\/time><\/span><\/div>\n<\/div>\n<\/div>\n<p class=\"strapline\">HYSK Gravel Classic Yakurai deliver solo victories on course with mountains of the Miyagi Prefecture as backdrop<\/p>\n<\/div>\n<aside class=\"text-gray-700 flex items-center mx-0 my-5 p-0 justify-start text-left\" id=\"affiliate-disclaimer\" data-component-name=\"AffiliateDisclaimer\" data-hawk-message=\"Affiliate disclaimer removed because hawk deemed there are no affiliate links on this page\">\n<p class=\"text-[color:var(--affiliate-disclaimer--text-color,inherit)] mb-2 text-[length:var(--affiliate-disclaimer--font-size,0.75rem)] leading-[18px] md:text-[13px] [&amp;&gt;a]:text-inherit [&amp;&gt;a]:underline\">\nWhen you purchase through links on our site, we may earn an affiliate commission. Here\u2019s how it works.\n<\/p>\n<\/aside>\n<\/header>\n<\/div>\n<\/div>\n<div data-widget-type=\"contentparsed\" id=\"content\" class=\"clear-both widget widget-contentparsed widget-content widget-contentparsed-content widget-content-parsed widget-content-parsed-content_document \">\n<div class=\"wcp-item-content\">\n<section class=\"content-wrapper\">\n<div class=\"box less-space hero-image-wrapper\">\n<figure class=\"mb-0\">\n<source type=\"image\/webp\" srcset=\"https:\/\/cdn.mos.cms.futurecdn.net\/PAzoFkYa8jJSKtzef7YjQc-1024-80.jpg.webp 1920w, https:\/\/cdn.mos.cms.futurecdn.net\/PAzoFkYa8jJSKtzef7YjQc-1024-80.jpg.webp 1600w, https:\/\/cdn.mos.cms.futurecdn.net\/PAzoFkYa8jJSKtzef7YjQc-1024-80.jpg.webp 1200w, https:\/\/cdn.mos.cms.futurecdn.net\/PAzoFkYa8jJSKtzef7YjQc-1024-80.jpg.webp 1024w, https:\/\/cdn.mos.cms.futurecdn.net\/PAzoFkYa8jJSKtzef7YjQc-970-80.jpg.webp 970w, https:\/\/cdn.mos.cms.futurecdn.net\/PAzoFkYa8jJSKtzef7YjQc-750-80.jpg.webp 750w, https:\/\/cdn.mos.cms.futurecdn.net\/PAzoFkYa8jJSKtzef7YjQc-650-80.jpg.webp 650w, https:\/\/cdn.mos.cms.futurecdn.net\/PAzoFkYa8jJSKtzef7YjQc-480-80.jpg.webp 480w, https:\/\/cdn.mos.cms.futurecdn.net\/PAzoFkYa8jJSKtzef7YjQc-320-80.jpg.webp 320w\" sizes=\"(min-width: 1000px) 600px, 100vw\" \/><figcaption class=\"font-article-copy text-(--image--text--color) font-article-copy mt-2\"><span class=\"caption-text font-article-copy\">UCI Gravel World Series rounds act as qualifiers for the UCI Gravel World Championships (pictured above) which will this year be held outside Europe for the first time<\/span><span class=\"credit font-article-copy\">(Image credit: MASSIMO FULGENZI AFP via Getty Images)<\/span><\/figcaption><\/figure>\n<\/div>\n<div id=\"article-body\" class=\"text-copy bodyCopy auto paywall-locker\">\n<div data-analytics-id=\"utility-bar\" id=\"utility-bar\" class=\"font-ui-heading flex justify-between items-center py-2 border-t border-b border-gray-300 border-solid mb-5 mx-auto\" data-component-name=\"UtilityBar\" data-mrf-recirculation=\"utility-bar\">\n<div class=\"flex gap-2 text-[#333] subcontainer\">\n<div class=\"relative tooltip-container\" role=\"tooltip\">\n<div data-component-name=\"Social:Dropdown\" role=\"menu\" id=\"utilitybar__dropdown--share\" aria-labelledby=\"utilitybar__button--share\" class=\"absolute left-0 top-full w-44 bg-white rounded-md shadow-md border border-neutral-200 z-[9996] list-none m-0 py-2 px-3 border-solid\">\n<ul class=\"m-0!\">\n<li class=\"!p-0 !m-0 list-none border-b border-gray-200 border-solid\">\n<li class=\"!p-0 !m-0 list-none border-b border-gray-200 border-solid\">\n<p>Facebook<\/p>\n<\/li>\n<li class=\"!p-0 !m-0 list-none border-b border-gray-200 border-solid\">\n<p>X<\/p>\n<\/li>\n<li class=\"!p-0 !m-0 list-none border-b border-gray-200 border-solid\">\n<p>Pinterest<\/p>\n<\/li>\n<li class=\"!p-0 !m-0 list-none border-b border-gray-200 border-solid\">\n<p>Email<\/p>\n<\/li>\n<\/ul>\n<\/div>\n<div class=\"font-ui-heading max-sm:hidden tooltip absolute left-1\/2 bg-gray-900 text-white text-xs leading-none px-3 py-1.5 rounded-md z-[10001] whitespace-nowrap\" id=\"tooltip-share-this-article\" role=\"tooltip\" aria-hidden=\"true\">\nShare this article\n<\/div>\n<\/div>\n<div class=\"relative tooltip-container\" role=\"tooltip\"><span class=\"ml-1 inline-flex h-5 px-2 shrink-0 items-center justify-center self-center overflow-hidden whitespace-nowrap rounded-[10px] bg-primary-500 text-[11px] leading-none font-ui-heading font-semibold text-white\">0<\/span><\/p>\n<div class=\"font-ui-heading max-sm:hidden tooltip absolute left-1\/2 bg-gray-900 text-white text-xs leading-none px-3 py-1.5 rounded-md z-[10001] whitespace-nowrap\" id=\"tooltip-join-the-conversation\" role=\"tooltip\" aria-hidden=\"true\">\nJoin the conversation\n<\/div>\n<\/div>\n<\/div>\n<div class=\"flex gap-2 text-[#333] subcontainer\">\n<div class=\"relative tooltip-container\" role=\"tooltip\">\n<p>Follow us<\/p>\n<div class=\"font-ui-heading max-sm:hidden tooltip absolute left-1\/2 bg-gray-900 text-white text-xs leading-none px-3 py-1.5 rounded-md z-[10001] whitespace-nowrap\" id=\"tooltip-add-us-as-a-preferred-source-on-google\" role=\"tooltip\" aria-hidden=\"true\">\nAdd us as a preferred source on Google\n<\/div>\n<\/div>\n<div class=\"relative tooltip-container\" role=\"tooltip\">\n<div class=\"font-ui-heading max-sm:hidden tooltip absolute left-1\/2 bg-gray-900 text-white text-xs leading-none px-3 py-1.5 rounded-md z-[10001] whitespace-nowrap\" id=\"tooltip-subscribe-to-our-newsletter\" role=\"tooltip\" aria-hidden=\"true\">\nSubscribe to our newsletter\n<\/div>\n<\/div>\n<\/div>\n<\/div>\n<p id=\"elk-4d94c33a-a01e-11f1-88e5-99cb2ab673ff\">The first UCI Gravel World Series race in Japan played out at HYSK Gravel Classic Yakurai on Saturday, with Toki Sawada and Shu Wei Hsu taking solo victories.<\/p>\n<p>The race took place over 106km with 2,616m of elevation gain through the steep climbs and technical gravel sectors with the mountainous backdrop of the Miyagi Prefecture in northern Japan.<\/p>\n<p id=\"elk-4d94c33a-a01e-11f1-88e5-99cb2ab673ff-2\" aria-hidden=\"true\" class=\"kiosq-b\">Sawada, who won the Dustman in Thailand early in the UCI Gravel World Series season calendar, claimed the elite men&#8217;s victory in 4:12:58. The Astemo Utsunomiya Blitzen rider was more than three minutes ahead of Koki Shirakawa while it was more than a minute further back to Hijiri Oda who completed the all Japanese podium.<\/p>\n<div class=\"my-6 w-full overflow-hidden rounded-[10px] lg:my-8\" data-component-name=\"JwPlayer:Carousel\" data-jwp-carousel data-jwp-carousel-payload=\"{&quot;ids&quot;:{&quot;playerID&quot;:&quot;jYDCcabO&quot;,&quot;searchPlaylistID&quot;:&quot;gwjdoYHD&quot;,&quot;divID&quot;:&quot;botr_gwjdoYHD_jYDCcabO_div&quot;,&quot;fallbackPlaylistID&quot;:&quot;gwjdoYHD&quot;,&quot;fallbackDivID&quot;:&quot;botr_gwjdoYHD_jYDCcabO_div&quot;,&quot;key&quot;:&quot;X9\/mXVGac0NphghLH9hZaqWA5d3dhAM\/Ih07grnEyMLjuO2E&quot;,&quot;tintLogo&quot;:true,&quot;useSearchPlaylist&quot;:false,&quot;enabled&quot;:true},&quot;signPostingEnabled&quot;:true,&quot;signPostingLinkEnabled&quot;:true,&quot;waitForAdLoad&quot;:false,&quot;hidePlayerOnDesktop&quot;:false,&quot;hidePlayerOnMobile&quot;:false,&quot;hidePlayerOnTablet&quot;:false}\">\n<div class=\"flex flex-nowrap items-center justify-between gap-3 bg-zinc-900 px-[14px] py-3\" data-jwp-carousel-header>\n<div class=\"flex min-w-0 shrink items-center\"><span class=\"inline-flex items-center gap-1.5 text-sm font-article-heading capitalize leading-5 text-white whitespace-nowrap\"><span class=\"jwp-carousel-title-desktop\">Latest Videos From<\/span><span class=\"jwp-carousel-brand\">Cyclingnews<\/span><\/span><\/div>\n<\/div>\n<div class=\"min-h-[44px] bg-zinc-900 px-[14px] py-3\" data-jwp-carousel-signposting><a class=\"invisible block truncate text-sm font-bold leading-5 text-white underline decoration-solid underline-offset-2\" data-jwp-carousel-signposting-link href target=\"_blank\" rel=\"noopener noreferrer\"><span data-jwp-carousel-signposting-title>Watch full video here: <\/span><\/a><\/div>\n<\/div>\n<p aria-hidden=\"true\" class=\"kiosq-b\">In the elite women&#8217;s race Taiwan&#8217;s Hsu crossed the line at 5:36:57, carving out a substantial gap to home nation riders Sachi Kataoka and Chiharu Ukai, who took the remaining podium places.<\/p>\n<p aria-hidden=\"true\" class=\"kiosq-b\">The UCI Gravel World Series rounds offer riders an opportunity to qualify for the UCI Gravel World Championships, which this year will be held outside Europe for the first time ever. It will be held at Nannup, Western Australia on October 10-11.<\/p>\n<aside data-component-name=\"Recirculation:ArticleRiver\" data-recirculation-type=\"inline\" data-mrf-recirculation=\"Trending Bar\" data-nosnippet class=\"clear-both pt-2 pb-0 mb-4\"><span class=\"\n            flex\n            after:content-[&apos;&apos;] after:flex-1 after:ml-4 after:my-[0.7rem] after:border-t after:border-solid after:border-t-[#ccc]\n            before:content-[&apos;&apos;] before:flex-1 before:mr-4 before:my-[0.7rem] before:border-t before:border-solid before:border-t-[#ccc]\n            font-article-heading pb-0 text-[length:var(--article-river-title--font-size,1em)] uppercase sm:text-[length:var(--article-river-title--font-size,0.875em)] font-bold\n        \"><br \/>\n            You may like<br \/>\n        <\/span><\/p>\n<ul class=\"flex flex-col gap-0 m-0 max-w-full\">\n<li class=\"m-0 list-none border-b border-solid border-[#ededed] py-2\" data-recirculation-id=\"recirculation-card-1\" id=\"recirculation-inline-1\" data-analytics-id=\"recirculation-inline-1\" data-mrf-recirculation=\"recirculation-inline-1\">\n    <source type=\"image\/webp\" srcset=\"https:\/\/cdn.mos.cms.futurecdn.net\/vUYTFGANz5D8B7RsLdtsuL-250-80.jpg.webp 250w, https:\/\/cdn.mos.cms.futurecdn.net\/vUYTFGANz5D8B7RsLdtsuL-150-80.jpg.webp 150w\" sizes=\"150px\" \/><span class=\"w-full text-base font-[var(--article-river-item--font-weight,500)] font-article-heading line-clamp-3 md:line-clamp-2\">UCI Gravel World Series: Marjolein van&#8217;t Geloof and Eddy Le Huitouze snare victory at Latvia&#8217;s Gravel Weekend<\/span><\/li>\n<li class=\"m-0 list-none border-b border-solid border-[#ededed] py-2\" data-recirculation-id=\"recirculation-card-2\" id=\"recirculation-inline-2\" data-analytics-id=\"recirculation-inline-2\" data-mrf-recirculation=\"recirculation-inline-2\">\n    <source type=\"image\/webp\" srcset=\"https:\/\/cdn.mos.cms.futurecdn.net\/6RWhR83csnZQBiAn3Hst6c-250-80.jpg.webp 250w, https:\/\/cdn.mos.cms.futurecdn.net\/6RWhR83csnZQBiAn3Hst6c-150-80.jpg.webp 150w\" sizes=\"150px\" \/><span class=\"w-full text-base font-[var(--article-river-item--font-weight,500)] font-article-heading line-clamp-3 md:line-clamp-2\">UCI Gravel World Series: Petr Vako\u010d and Nele Laing celebrate in Singen as they take victories at Hegau Gravel<\/span><\/li>\n<li class=\"m-0 list-none border-b border-solid border-[#ccc] py-2\" data-recirculation-id=\"recirculation-card-3\" id=\"recirculation-inline-3\" data-analytics-id=\"recirculation-inline-3\" data-mrf-recirculation=\"recirculation-inline-3\">\n    <source type=\"image\/webp\" srcset=\"https:\/\/cdn.mos.cms.futurecdn.net\/GiLnUMGZtXrhkSXwGZrs3P-250-80.png.webp 250w, https:\/\/cdn.mos.cms.futurecdn.net\/GiLnUMGZtXrhkSXwGZrs3P-150-80.png.webp 150w\" sizes=\"150px\" \/><span class=\"w-full text-base font-[var(--article-river-item--font-weight,500)] font-article-heading line-clamp-3 md:line-clamp-2\">UCI Gravel World Series: Winning runs for world champion Lorena Wiebes and Belgian champion Niels Vandeputte at Eislek Gravel Luxembourg<\/span><\/li>\n<\/ul>\n<\/aside>\n<div class=\"slice-container table-wrapper slice-container-table kiosq-b\" data-component-name=\"Slice:Table\" id=\"elk-f7666df4-a024-11f1-9ae1-6167228ad702\" aria-hidden=\"true\">\n<div class=\"table__instruction\">\nSwipe to scroll horizontally<\/p>\n<\/div>\n<div class=\"table__container\">\n<table tabindex=\"0\" class=\"table__wrapper table__wrapper--inbodyContent table__wrapper--sticky table__wrapper--divider\">\n<caption class=\"table__caption table__caption--top table__caption--left\">\nTop 3 elite women<br \/>\n<\/caption>\n<thead class=\"table__head\">\n<tr class=\"table__head__row\">\n<th class=\"table__head__heading table__head__heading--left\" colspan=\"1\">\n<p>Position<\/p>\n<\/th>\n<th class=\"table__head__heading table__head__heading--left\" colspan=\"1\">\n<p>Rider<\/p>\n<\/th>\n<th class=\"table__head__heading table__head__heading--left\" colspan=\"1\">\n<p>Time<\/p>\n<\/th>\n<\/tr>\n<\/thead>\n<tbody class=\"table__body\">\n<tr class=\"table__body__row\">\n<td class=\"table_body__data\" colspan=\"1\">\n<p>1<\/p>\n<\/td>\n<td class=\"table_body__data\" colspan=\"1\">\n<p>Shu Wei Hsu<\/p>\n<\/td>\n<td class=\"table_body__data\" colspan=\"1\">\n<p>5:36:57<\/p>\n<\/td>\n<\/tr>\n<tr class=\"table__body__row\">\n<td class=\"table_body__data\" colspan=\"1\">\n<p>2<\/p>\n<\/td>\n<td class=\"table_body__data\" colspan=\"1\">\n<p>Sachi Kataoka<\/p>\n<\/td>\n<td class=\"table_body__data\" colspan=\"1\">\n<p>+28:53<\/p>\n<\/td>\n<\/tr>\n<tr class=\"table__body__row\">\n<td class=\"table_body__data\" colspan=\"1\">\n<p>3<\/p>\n<\/td>\n<td class=\"table_body__data\" colspan=\"1\">\n<p>Chiharu Ukai<\/p>\n<\/td>\n<td class=\"table_body__data\" colspan=\"1\">\n<p>+37:46<\/p>\n<\/td>\n<\/tr>\n<\/tbody>\n<\/table>\n<\/div>\n<\/div>\n<div class=\"slice-container table-wrapper slice-container-table kiosq-b\" data-component-name=\"Slice:Table\" id=\"elk-0c3d950a-a024-11f1-82cc-c97dcfe85cc1\" aria-hidden=\"true\">\n<div class=\"table__instruction\">\nSwipe to scroll horizontally<\/p>\n<\/div>\n<div class=\"table__container\">\n<table tabindex=\"0\" class=\"table__wrapper table__wrapper--inbodyContent table__wrapper--sticky table__wrapper--divider\">\n<caption class=\"table__caption table__caption--top table__caption--left\">\nTop 3 elite men<br \/>\n<\/caption>\n<thead class=\"table__head\">\n<tr class=\"table__head__row\">\n<th class=\"table__head__heading table__head__heading--left\" colspan=\"1\">\n<p>Position<\/p>\n<\/th>\n<th class=\"table__head__heading table__head__heading--left\" colspan=\"1\">\n<p>Rider<\/p>\n<\/th>\n<th class=\"table__head__heading table__head__heading--left\" colspan=\"1\">\n<p>Time<\/p>\n<\/th>\n<\/tr>\n<\/thead>\n<tbody class=\"table__body\">\n<tr class=\"table__body__row\">\n<td class=\"table_body__data\" colspan=\"1\">\n<p>1<\/p>\n<\/td>\n<td class=\"table_body__data\" colspan=\"1\">\n<p>Toki Sawada<\/p>\n<\/td>\n<td class=\"table_body__data\" colspan=\"1\">\n<p>4:12:58<\/p>\n<\/td>\n<\/tr>\n<tr class=\"table__body__row\">\n<td class=\"table_body__data\" colspan=\"1\">\n<p>2<\/p>\n<\/td>\n<td class=\"table_body__data\" colspan=\"1\">\n<p>Koki Shirakawa<\/p>\n<\/td>\n<td class=\"table_body__data\" colspan=\"1\">\n<p>+3:29<\/p>\n<\/td>\n<\/tr>\n<tr class=\"table__body__row\">\n<td class=\"table_body__data\" colspan=\"1\">\n<p>3<\/p>\n<\/td>\n<td class=\"table_body__data\" colspan=\"1\">\n<p>Hijiri Oda <\/p>\n<\/td>\n<td class=\"table_body__data\" colspan=\"1\">\n<p>+4:42<\/p>\n<\/td>\n<\/tr>\n<\/tbody>\n<\/table>\n<\/div>\n<\/div>\n<div id=\"slice-container-newsletterForm-articleInbodyContent-EKoNaAjFYM8LwsZsD5rpoF\" class=\"slice-container newsletter-inbodyContent-slice newsletterForm-articleInbodyContent-EKoNaAjFYM8LwsZsD5rpoF slice-container-newsletterForm\">\n<div data-hydrate=\"true\" class=\"newsletter-form__wrapper newsletter-form__wrapper--inbodyContent\">\n<div class=\"newsletter-form__container\">\n<section class=\"newsletter-form__top-bar\">\n<div class=\"newsletter-form__header\">Get The Leadout Newsletter<\/div>\n<\/section>\n<section class=\"newsletter-form__main-section\">\n<p class=\"newsletter-form__strapline\">The latest race content, interviews, features, reviews and expert buying guides, direct to your inbox!<\/p>\n<footer class=\"newsletter-form__footer \">By submitting your information you agree to the Terms &amp; Conditions and Privacy Policy and are aged 16 or over.<\/footer>\n<\/section>\n<\/div>\n<\/div>\n<\/div>\n<\/div>\n<div class=\"block mb-5\" id=\"articleTag\" data-component-name=\"PostArticleLinks\" data-nosnippet data-mrf-recirculation=\"post-article-links\">\n<div class=\"border-b border-b-black border-solid py-2.5 text-black font-bold uppercase\">CATEGORIES<\/div>\n<nav class=\"py-2.5 flex gap-2.5 flex-wrap\" data-analytics-id=\"article-tag\" data-mrf-recirculation=\"article-tag\">\n<p>Women&#8217;s Cycling<\/p>\n<\/nav>\n<\/div>\n<div id=\"slice-container-authorBio-EKoNaAjFYM8LwsZsD5rpoF\" class=\"slice-container slice-author-bio authorBio-EKoNaAjFYM8LwsZsD5rpoF slice-container-authorBio\">\n<div class=\"author author__default-layout author--separator author--collapsible\" data-hydrate=\"true\">\n<div class=\"author__header\">\n<div class=\"author__avatar-block\">\n<figure class=\"image-wrapped__wrapper\" data-bordeaux-image-check=\"false\">\n<div class=\"image-wrapped__widthsetter\">\n<div class=\"image-wrapped__aspect-padding\">\n<div><source class=\"author__avatar image-wrapped__image image__image\" type=\"image\/webp\" srcset=\"https:\/\/cdn.mos.cms.futurecdn.net\/RUKCQmBBgAFRGkijgpLyah-140-80.jpg.webp 140w\" sizes=\"99vw\" data-normal=\"https:\/\/cdn.mos.cms.futurecdn.net\/RUKCQmBBgAFRGkijgpLyah.jpg\" data-original-mos=\"https:\/\/cdn.mos.cms.futurecdn.net\/RUKCQmBBgAFRGkijgpLyah.jpg\" data-pin-media=\"https:\/\/cdn.mos.cms.futurecdn.net\/RUKCQmBBgAFRGkijgpLyah.jpg\" data-pin-nopin=\"true\" data-slice-image=\"true\" \/><\/div>\n<\/div>\n<\/div>\n<\/figure>\n<\/div>\n<div class=\"author__heading\">\n<div class=\"author__name\">Simone Giuliani<\/div>\n<div class=\"author__social\">\n<nav class=\"button-social-group author__social-buttons\" aria-labelledby=\"button-social-group- author__social-buttons\">\n<div id=\"button-social-group- author__social-buttons\">Social Links Navigation<\/div>\n<\/nav>\n<\/div>\n<div class=\"author__role\">Australia Editor<\/div>\n<\/div>\n<\/div>\n<div class=\"author__bio-wrapper\">\n<div class=\"author__biography\">\n<p>Simone is a degree-qualified journalist that has accumulated decades of wide-ranging experience while working across a variety of leading media organisations. She joined <em>Cyclingnews<\/em> as a Production Editor at the start of the 2021 season and has now moved into the role of Australia Editor. Previously she worked as a freelance writer, Australian Editor at <em>Ella CyclingTips<\/em> and as a correspondent for <em>Reuters<\/em> and <em>Bloomberg<\/em>. Cycling was initially purely a leisure pursuit for Simone, who started out as a business journalist, but in 2015 her career focus also shifted to the sport.<\/p>\n<\/div>\n<\/div>\n<\/div>\n<\/div>\n<\/section>\n<div class=\"relative max-w-[1070px] viafoura-twig-component mt-6 mx-4 lg:mx-0\" data-component-name=\"Viafoura:Comments\" data-nosnippet data-community-guidelines-text=\"&lt;p class=&apos;vfcustom-community-guidelines&apos;&gt;Please follow our &lt;a href=&quot;https:\/\/www.cyclingnews.com\/about\/#section-community-guidelines&quot; target=&quot;_blank&quot;&gt;community guidelines&lt;\/a&gt;.&lt;\/p&gt;\" data-join-the-conversation-text=\"Join the Conversation\">\n<div class=\"absolute top-0 left-0 w-full h-full flex items-center justify-center z-50 bg-white\/90 border-1 rounded-b-[var(--comment-widget-border-radius,0)]\">\n<div class=\"p-2 text-center\">\n<p class=\"mb-3 text-lg!\">You must confirm your public display name before commenting<\/p>\n<p class=\"mb-3 text-sm!\">Please logout and then login again, you will then be prompted to enter your display name.<\/p>\n<\/div>\n<\/div>\n<\/div>\n<section class=\"mx-2 my-5 sm:mx-0\">\n<aside class=\"w-full\" data-nosnippet data-mrf-recirculation=\"article-river-stacked\">\n<div data-recirc-id=\"article-river-stacked-adviser:hybrid\">\n<div class=\"text-white py-4 px-3 mb-4 bg-[#333] uppercase font-bold custom-header-styles\">Read more<\/div>\n<div class=\"grid grid-cols-1 gap-4 mt-4 mb-5\">\n<div>\n<div class=\"aspect-[var(--img-listing-aspect-ratio,16\/9)] relative mb-3.5\">\n    <source type=\"image\/webp\" srcset=\"https:\/\/cdn.mos.cms.futurecdn.net\/vUYTFGANz5D8B7RsLdtsuL-840-80.jpg.webp 840w, https:\/\/cdn.mos.cms.futurecdn.net\/vUYTFGANz5D8B7RsLdtsuL-650-80.jpg.webp 650w, https:\/\/cdn.mos.cms.futurecdn.net\/vUYTFGANz5D8B7RsLdtsuL-500-80.jpg.webp 500w, https:\/\/cdn.mos.cms.futurecdn.net\/vUYTFGANz5D8B7RsLdtsuL-450-80.jpg.webp 450w, https:\/\/cdn.mos.cms.futurecdn.net\/vUYTFGANz5D8B7RsLdtsuL-320-80.jpg.webp 320w\" sizes=\"(min-width: 900px) 925px, (min-width: 700px) 450px, calc(100vw - 48px)\" \/><\/div>\n<p><span class=\"custom-subheading-styles\">Racing<\/span><span class=\"text-base text-black font-bold mx-0 my-2.5 p-0 block custom-text-styles\">UCI Gravel World Series: Marjolein van&#8217;t Geloof and Eddy Le Huitouze snare victory at Latvia&#8217;s Gravel Weekend<\/span><\/div>\n<div class=\"relative recirc-feed sponsored-card min-h-[250px]\" data-recirc-id=\"article-river-stacked-ads:native-cards\" data-mrf-recirculation=\"article-river-ads\" data-nosnippet data-ad-slot-path=\"feed-sponsored-post\" data-attribute-device=\"all\">\n<div class=\"max-w-full sponsored-post--placeholder animate-pulse\">\n<div class=\"relative!\"><span class=\"text-base text-black font-bold mx-0 my-2.5 p-0 block bg-gray-100\">\u00a0<br \/>\u00a0<\/span><\/div>\n<\/div>\n<\/div>\n<div>\n<div class=\"aspect-[var(--img-listing-aspect-ratio,16\/9)] relative mb-3.5\">\n    <source type=\"image\/webp\" srcset=\"https:\/\/cdn.mos.cms.futurecdn.net\/6RWhR83csnZQBiAn3Hst6c-840-80.jpg.webp 840w, https:\/\/cdn.mos.cms.futurecdn.net\/6RWhR83csnZQBiAn3Hst6c-650-80.jpg.webp 650w, https:\/\/cdn.mos.cms.futurecdn.net\/6RWhR83csnZQBiAn3Hst6c-500-80.jpg.webp 500w, https:\/\/cdn.mos.cms.futurecdn.net\/6RWhR83csnZQBiAn3Hst6c-450-80.jpg.webp 450w, https:\/\/cdn.mos.cms.futurecdn.net\/6RWhR83csnZQBiAn3Hst6c-320-80.jpg.webp 320w\" sizes=\"(min-width: 900px) 925px, (min-width: 700px) 450px, calc(100vw - 48px)\" \/><\/div>\n<p><span class=\"custom-subheading-styles\">Pro Cycling<\/span><span class=\"text-base text-black font-bold mx-0 my-2.5 p-0 block custom-text-styles\">UCI Gravel World Series: Petr Vako\u010d and Nele Laing celebrate in Singen as they take victories at Hegau Gravel<\/span><\/div>\n<div class=\"relative recirc-feed sponsored-card min-h-[250px]\" data-recirc-id=\"article-river-stacked-ads:native-cards\" data-mrf-recirculation=\"article-river-ads\" data-nosnippet data-ad-slot-path=\"feed-sponsored-post\" data-attribute-device=\"all\">\n<div class=\"max-w-full sponsored-post--placeholder animate-pulse\">\n<div class=\"relative!\"><span class=\"text-base text-black font-bold mx-0 my-2.5 p-0 block bg-gray-100\">\u00a0<br \/>\u00a0<\/span><\/div>\n<\/div>\n<\/div>\n<div>\n<div class=\"aspect-[var(--img-listing-aspect-ratio,16\/9)] relative mb-3.5\">\n    <source type=\"image\/webp\" srcset=\"https:\/\/cdn.mos.cms.futurecdn.net\/GiLnUMGZtXrhkSXwGZrs3P-840-80.png.webp 840w, https:\/\/cdn.mos.cms.futurecdn.net\/GiLnUMGZtXrhkSXwGZrs3P-650-80.png.webp 650w, https:\/\/cdn.mos.cms.futurecdn.net\/GiLnUMGZtXrhkSXwGZrs3P-500-80.png.webp 500w, https:\/\/cdn.mos.cms.futurecdn.net\/GiLnUMGZtXrhkSXwGZrs3P-450-80.png.webp 450w, https:\/\/cdn.mos.cms.futurecdn.net\/GiLnUMGZtXrhkSXwGZrs3P-320-80.png.webp 320w\" sizes=\"(min-width: 900px) 925px, (min-width: 700px) 450px, calc(100vw - 48px)\" \/><\/div>\n<p><span class=\"custom-subheading-styles\">Racing<\/span><span class=\"text-base text-black font-bold mx-0 my-2.5 p-0 block custom-text-styles\">UCI Gravel World Series: Winning runs for world champion Lorena Wiebes and Belgian champion Niels Vandeputte at Eislek Gravel Luxembourg<\/span><\/div>\n<div class=\"relative recirc-feed sponsored-card min-h-[250px]\" data-recirc-id=\"article-river-stacked-ads:native-cards\" data-mrf-recirculation=\"article-river-ads\" data-nosnippet data-ad-slot-path=\"feed-sponsored-post\" data-attribute-device=\"all\">\n<div class=\"max-w-full sponsored-post--placeholder animate-pulse\">\n<div class=\"relative!\"><span class=\"text-base text-black font-bold mx-0 my-2.5 p-0 block bg-gray-100\">\u00a0<br \/>\u00a0<\/span><\/div>\n<\/div>\n<\/div>\n<div>\n<div class=\"aspect-[var(--img-listing-aspect-ratio,16\/9)] relative mb-3.5\">\n    <source type=\"image\/webp\" srcset=\"https:\/\/cdn.mos.cms.futurecdn.net\/yCJNrGcwwLKxA7cLNtsTyA-840-80.png.webp 840w, https:\/\/cdn.mos.cms.futurecdn.net\/yCJNrGcwwLKxA7cLNtsTyA-650-80.png.webp 650w, https:\/\/cdn.mos.cms.futurecdn.net\/yCJNrGcwwLKxA7cLNtsTyA-500-80.png.webp 500w, https:\/\/cdn.mos.cms.futurecdn.net\/yCJNrGcwwLKxA7cLNtsTyA-450-80.png.webp 450w, https:\/\/cdn.mos.cms.futurecdn.net\/yCJNrGcwwLKxA7cLNtsTyA-320-80.png.webp 320w\" sizes=\"(min-width: 900px) 925px, (min-width: 700px) 450px, calc(100vw - 48px)\" \/><\/div>\n<p><span class=\"custom-subheading-styles\">Racing<\/span><span class=\"text-base text-black font-bold mx-0 my-2.5 p-0 block custom-text-styles\">UCI Gravel World Series: Simon Pellaud and Natalia Franco solo to wins at high-elevation Bogot\u00e1 Gravel<\/span><\/div>\n<div class=\"relative recirc-feed sponsored-card min-h-[250px]\" data-recirc-id=\"article-river-stacked-ads:native-cards\" data-mrf-recirculation=\"article-river-ads\" data-nosnippet data-ad-slot-path=\"feed-sponsored-post\" data-attribute-device=\"all\">\n<div class=\"max-w-full sponsored-post--placeholder animate-pulse\">\n<div class=\"relative!\"><span class=\"text-base text-black font-bold mx-0 my-2.5 p-0 block bg-gray-100\">\u00a0<br \/>\u00a0<\/span><\/div>\n<\/div>\n<\/div>\n<div>\n<div class=\"aspect-[var(--img-listing-aspect-ratio,16\/9)] relative mb-3.5\">\n    <source type=\"image\/webp\" srcset=\"https:\/\/cdn.mos.cms.futurecdn.net\/aL2QXoTBuphSkq5tGVPvXT-840-80.jpg.webp 840w, https:\/\/cdn.mos.cms.futurecdn.net\/aL2QXoTBuphSkq5tGVPvXT-650-80.jpg.webp 650w, https:\/\/cdn.mos.cms.futurecdn.net\/aL2QXoTBuphSkq5tGVPvXT-500-80.jpg.webp 500w, https:\/\/cdn.mos.cms.futurecdn.net\/aL2QXoTBuphSkq5tGVPvXT-450-80.jpg.webp 450w, https:\/\/cdn.mos.cms.futurecdn.net\/aL2QXoTBuphSkq5tGVPvXT-320-80.jpg.webp 320w\" sizes=\"(min-width: 900px) 925px, (min-width: 700px) 450px, calc(100vw - 48px)\" \/><\/div>\n<p><span class=\"custom-subheading-styles\">Racing<\/span><span class=\"text-base text-black font-bold mx-0 my-2.5 p-0 block custom-text-styles\">UCI Gravel World Series: Oceania champion Nicole Frain and Jonas Lindberg celebrate solo wins at Hlinsko gravel<\/span><\/div>\n<div class=\"relative recirc-feed sponsored-card min-h-[250px]\" data-recirc-id=\"article-river-stacked-ads:native-cards\" data-mrf-recirculation=\"article-river-ads\" data-nosnippet data-ad-slot-path=\"feed-sponsored-post\" data-attribute-device=\"all\">\n<div class=\"max-w-full sponsored-post--placeholder animate-pulse\">\n<div class=\"relative!\"><span class=\"text-base text-black font-bold mx-0 my-2.5 p-0 block bg-gray-100\">\u00a0<br \/>\u00a0<\/span><\/div>\n<\/div>\n<\/div>\n<div>\n<div class=\"aspect-[var(--img-listing-aspect-ratio,16\/9)] relative mb-3.5\">\n    <source type=\"image\/webp\" srcset=\"https:\/\/cdn.mos.cms.futurecdn.net\/piiHae96oE6tDrdsjwkSxD-840-80.jpg.webp 840w, https:\/\/cdn.mos.cms.futurecdn.net\/piiHae96oE6tDrdsjwkSxD-650-80.jpg.webp 650w, https:\/\/cdn.mos.cms.futurecdn.net\/piiHae96oE6tDrdsjwkSxD-500-80.jpg.webp 500w, https:\/\/cdn.mos.cms.futurecdn.net\/piiHae96oE6tDrdsjwkSxD-450-80.jpg.webp 450w, https:\/\/cdn.mos.cms.futurecdn.net\/piiHae96oE6tDrdsjwkSxD-320-80.jpg.webp 320w\" sizes=\"(min-width: 900px) 925px, (min-width: 700px) 450px, calc(100vw - 48px)\" \/><\/div>\n<p><span class=\"custom-subheading-styles\">Racing<\/span><span class=\"text-base text-black font-bold mx-0 my-2.5 p-0 block custom-text-styles\">UCI Gravel World Series: Swiss riders Joel Roth and Elena Hartmann climb to victories at The Majestics Gravel<\/span><\/div>\n<div class=\"relative recirc-feed sponsored-card min-h-[250px]\" data-recirc-id=\"article-river-stacked-ads:native-cards\" data-mrf-recirculation=\"article-river-ads\" data-nosnippet data-ad-slot-path=\"feed-sponsored-post\" data-attribute-device=\"all\">\n<div class=\"max-w-full sponsored-post--placeholder animate-pulse\">\n<div class=\"relative!\"><span class=\"text-base text-black font-bold mx-0 my-2.5 p-0 block bg-gray-100\">\u00a0<br \/>\u00a0<\/span><\/div>\n<\/div>\n<\/div>\n<\/div>\n<\/div>\n<\/aside>\n<aside class=\"w-full\" data-nosnippet data-mrf-recirculation=\"article-river-stacked\">\n<div data-recirc-id=\"article-river-stacked-solr:latest-category\">\n<div class=\"text-white py-4 px-3 mb-4 bg-[#333] uppercase font-bold custom-header-styles\">Latest in Racing<\/div>\n<div class=\"grid grid-cols-1 gap-4 mt-4 mb-5\">\n<div>\n<div class=\"aspect-[var(--img-listing-aspect-ratio,16\/9)] relative mb-3.5\">\n    <source type=\"image\/webp\" srcset=\"https:\/\/cdn.mos.cms.futurecdn.net\/bTmsvr8367GggSQUKRr8wF-840-80.jpg.webp 840w, https:\/\/cdn.mos.cms.futurecdn.net\/bTmsvr8367GggSQUKRr8wF-650-80.jpg.webp 650w, https:\/\/cdn.mos.cms.futurecdn.net\/bTmsvr8367GggSQUKRr8wF-500-80.jpg.webp 500w, https:\/\/cdn.mos.cms.futurecdn.net\/bTmsvr8367GggSQUKRr8wF-450-80.jpg.webp 450w, https:\/\/cdn.mos.cms.futurecdn.net\/bTmsvr8367GggSQUKRr8wF-320-80.jpg.webp 320w\" sizes=\"(min-width: 900px) 925px, (min-width: 700px) 450px, calc(100vw - 48px)\" \/><\/div>\n<p><span class=\"custom-subheading-styles\">Racing<\/span><span class=\"text-base text-black font-bold mx-0 my-2.5 p-0 block custom-text-styles\">Hayley Preen and Alex Miller claim UCI Gravel World Series wins and African titles at Khomas100 for second year<\/span><\/div>\n<div class=\"relative recirc-feed sponsored-card min-h-[250px]\" data-recirc-id=\"article-river-stacked-ads:native-cards\" data-mrf-recirculation=\"article-river-ads\" data-nosnippet data-ad-slot-path=\"feed-sponsored-post\" data-attribute-device=\"all\">\n<div class=\"max-w-full sponsored-post--placeholder animate-pulse\">\n<div class=\"relative!\"><span class=\"text-base text-black font-bold mx-0 my-2.5 p-0 block bg-gray-100\">\u00a0<br \/>\u00a0<\/span><\/div>\n<\/div>\n<\/div>\n<div>\n<div class=\"aspect-[var(--img-listing-aspect-ratio,16\/9)] relative mb-3.5\">\n    <source type=\"image\/webp\" srcset=\"https:\/\/cdn.mos.cms.futurecdn.net\/64jEDv2zsiXbVsk8MB3GH5-840-80.jpg.webp 840w, https:\/\/cdn.mos.cms.futurecdn.net\/64jEDv2zsiXbVsk8MB3GH5-650-80.jpg.webp 650w, https:\/\/cdn.mos.cms.futurecdn.net\/64jEDv2zsiXbVsk8MB3GH5-500-80.jpg.webp 500w, https:\/\/cdn.mos.cms.futurecdn.net\/64jEDv2zsiXbVsk8MB3GH5-450-80.jpg.webp 450w, https:\/\/cdn.mos.cms.futurecdn.net\/64jEDv2zsiXbVsk8MB3GH5-320-80.jpg.webp 320w\" sizes=\"(min-width: 900px) 925px, (min-width: 700px) 450px, calc(100vw - 48px)\" \/><\/div>\n<p><span class=\"custom-subheading-styles\">Racing<\/span><span class=\"text-base text-black font-bold mx-0 my-2.5 p-0 block custom-text-styles\">&#8216;We came here to see the race but nothing could be done&#8217; &#8211; Eyewitness account of how Vuelta a Espa\u00f1a stage 3 ground to a halt<\/span><\/div>\n<div class=\"relative recirc-feed sponsored-card min-h-[250px]\" data-recirc-id=\"article-river-stacked-ads:native-cards\" data-mrf-recirculation=\"article-river-ads\" data-nosnippet data-ad-slot-path=\"feed-sponsored-post\" data-attribute-device=\"all\">\n<div class=\"max-w-full sponsored-post--placeholder animate-pulse\">\n<div class=\"relative!\"><span class=\"text-base text-black font-bold mx-0 my-2.5 p-0 block bg-gray-100\">\u00a0<br \/>\u00a0<\/span><\/div>\n<\/div>\n<\/div>\n<div>\n<div class=\"aspect-[var(--img-listing-aspect-ratio,16\/9)] relative mb-3.5\">\n    <source type=\"image\/webp\" srcset=\"https:\/\/cdn.mos.cms.futurecdn.net\/gb83HzBMqhypFmjmZNAvnQ-840-80.jpg.webp 840w, https:\/\/cdn.mos.cms.futurecdn.net\/gb83HzBMqhypFmjmZNAvnQ-650-80.jpg.webp 650w, https:\/\/cdn.mos.cms.futurecdn.net\/gb83HzBMqhypFmjmZNAvnQ-500-80.jpg.webp 500w, https:\/\/cdn.mos.cms.futurecdn.net\/gb83HzBMqhypFmjmZNAvnQ-450-80.jpg.webp 450w, https:\/\/cdn.mos.cms.futurecdn.net\/gb83HzBMqhypFmjmZNAvnQ-320-80.jpg.webp 320w\" sizes=\"(min-width: 900px) 925px, (min-width: 700px) 450px, calc(100vw - 48px)\" \/><\/div>\n<p><span class=\"custom-subheading-styles\">Racing<\/span><span class=\"text-base text-black font-bold mx-0 my-2.5 p-0 block custom-text-styles\">Tadej Poga\u010dar pulls over peloton as hail storm cancels finale of Vuelta a Espa\u00f1a stage 3<\/span><\/div>\n<div class=\"relative recirc-feed sponsored-card min-h-[250px]\" data-recirc-id=\"article-river-stacked-ads:native-cards\" data-mrf-recirculation=\"article-river-ads\" data-nosnippet data-ad-slot-path=\"feed-sponsored-post\" data-attribute-device=\"all\">\n<div class=\"max-w-full sponsored-post--placeholder animate-pulse\">\n<div class=\"relative!\"><span class=\"text-base text-black font-bold mx-0 my-2.5 p-0 block bg-gray-100\">\u00a0<br \/>\u00a0<\/span><\/div>\n<\/div>\n<\/div>\n<div>\n<div class=\"aspect-[var(--img-listing-aspect-ratio,16\/9)] relative mb-3.5\">\n    <source type=\"image\/webp\" srcset=\"https:\/\/cdn.mos.cms.futurecdn.net\/CVjibzGwjF7ZSVLRodUHS8-840-80.jpg.webp 840w, https:\/\/cdn.mos.cms.futurecdn.net\/CVjibzGwjF7ZSVLRodUHS8-650-80.jpg.webp 650w, https:\/\/cdn.mos.cms.futurecdn.net\/CVjibzGwjF7ZSVLRodUHS8-500-80.jpg.webp 500w, https:\/\/cdn.mos.cms.futurecdn.net\/CVjibzGwjF7ZSVLRodUHS8-450-80.jpg.webp 450w, https:\/\/cdn.mos.cms.futurecdn.net\/CVjibzGwjF7ZSVLRodUHS8-320-80.jpg.webp 320w\" sizes=\"(min-width: 900px) 925px, (min-width: 700px) 450px, calc(100vw - 48px)\" \/><\/div>\n<p><span class=\"custom-subheading-styles\">Racing<\/span><span class=\"text-base text-black font-bold mx-0 my-2.5 p-0 block custom-text-styles\">Vuelta a Espa\u00f1a places restrictions on its own content creator amid backlash over interactions with Tadej Poga\u010dar and others<\/span><\/div>\n<div class=\"relative recirc-feed sponsored-card min-h-[250px]\" data-recirc-id=\"article-river-stacked-ads:native-cards\" data-mrf-recirculation=\"article-river-ads\" data-nosnippet data-ad-slot-path=\"feed-sponsored-post\" data-attribute-device=\"all\">\n<div class=\"max-w-full sponsored-post--placeholder animate-pulse\">\n<div class=\"relative!\"><span class=\"text-base text-black font-bold mx-0 my-2.5 p-0 block bg-gray-100\">\u00a0<br \/>\u00a0<\/span><\/div>\n<\/div>\n<\/div>\n<div>\n<div class=\"aspect-[var(--img-listing-aspect-ratio,16\/9)] relative mb-3.5\">\n    <source type=\"image\/webp\" srcset=\"https:\/\/cdn.mos.cms.futurecdn.net\/zjHmUwnskFuJeTYbEF8aYC-840-80.jpg.webp 840w, https:\/\/cdn.mos.cms.futurecdn.net\/zjHmUwnskFuJeTYbEF8aYC-650-80.jpg.webp 650w, https:\/\/cdn.mos.cms.futurecdn.net\/zjHmUwnskFuJeTYbEF8aYC-500-80.jpg.webp 500w, https:\/\/cdn.mos.cms.futurecdn.net\/zjHmUwnskFuJeTYbEF8aYC-450-80.jpg.webp 450w, https:\/\/cdn.mos.cms.futurecdn.net\/zjHmUwnskFuJeTYbEF8aYC-320-80.jpg.webp 320w\" sizes=\"(min-width: 900px) 925px, (min-width: 700px) 450px, calc(100vw - 48px)\" \/><\/div>\n<p><span class=\"custom-subheading-styles\">Racing<\/span><span class=\"text-base text-black font-bold mx-0 my-2.5 p-0 block custom-text-styles\">La Vuelta, Canada, or elsewhere \u2013 Where are the men&#8217;s stars riding in preparation for the Road World Championships?<\/span><\/div>\n<div class=\"relative recirc-feed sponsored-card min-h-[250px]\" data-recirc-id=\"article-river-stacked-ads:native-cards\" data-mrf-recirculation=\"article-river-ads\" data-nosnippet data-ad-slot-path=\"feed-sponsored-post\" data-attribute-device=\"all\">\n<div class=\"max-w-full sponsored-post--placeholder animate-pulse\">\n<div class=\"relative!\"><span class=\"text-base text-black font-bold mx-0 my-2.5 p-0 block bg-gray-100\">\u00a0<br \/>\u00a0<\/span><\/div>\n<\/div>\n<\/div>\n<div>\n<div class=\"aspect-[var(--img-listing-aspect-ratio,16\/9)] relative mb-3.5\">\n    <source type=\"image\/webp\" srcset=\"https:\/\/cdn.mos.cms.futurecdn.net\/qeUP3Jwa4YCvLkCpjvgbEa-840-80.jpg.webp 840w, https:\/\/cdn.mos.cms.futurecdn.net\/qeUP3Jwa4YCvLkCpjvgbEa-650-80.jpg.webp 650w, https:\/\/cdn.mos.cms.futurecdn.net\/qeUP3Jwa4YCvLkCpjvgbEa-500-80.jpg.webp 500w, https:\/\/cdn.mos.cms.futurecdn.net\/qeUP3Jwa4YCvLkCpjvgbEa-450-80.jpg.webp 450w, https:\/\/cdn.mos.cms.futurecdn.net\/qeUP3Jwa4YCvLkCpjvgbEa-320-80.jpg.webp 320w\" sizes=\"(min-width: 900px) 925px, (min-width: 700px) 450px, calc(100vw - 48px)\" \/><\/div>\n<p><span class=\"custom-subheading-styles\">Racing<\/span><span class=\"text-base text-black font-bold mx-0 my-2.5 p-0 block custom-text-styles\">Vuelta a Espa\u00f1a: Stage 3 ends without a winner as extreme weather batters the peloton on the road to first summit finish at Font Romeu<\/span><\/div>\n<div class=\"relative recirc-feed sponsored-card min-h-[250px]\" data-recirc-id=\"article-river-stacked-ads:native-cards\" data-mrf-recirculation=\"article-river-ads\" data-nosnippet data-ad-slot-path=\"feed-sponsored-post\" data-attribute-device=\"all\">\n<div class=\"max-w-full sponsored-post--placeholder animate-pulse\">\n<div class=\"relative!\"><span class=\"text-base text-black font-bold mx-0 my-2.5 p-0 block bg-gray-100\">\u00a0<br \/>\u00a0<\/span><\/div>\n<\/div>\n<\/div>\n<\/div>\n<\/div>\n<\/aside>\n<aside class=\"w-full\" data-nosnippet data-mrf-recirculation=\"article-river-stacked\">\n<div data-recirc-id=\"article-river-stacked-solr:latest-articletype\">\n<div class=\"text-white py-4 px-3 mb-4 bg-[#333] uppercase font-bold custom-header-styles\">Latest in Race Results<\/div>\n<div class=\"grid grid-cols-1 gap-4 mt-4 mb-5\">\n<div>\n<div class=\"aspect-[var(--img-listing-aspect-ratio,16\/9)] relative mb-3.5\">\n    <source type=\"image\/webp\" srcset=\"https:\/\/cdn.mos.cms.futurecdn.net\/bTmsvr8367GggSQUKRr8wF-840-80.jpg.webp 840w, https:\/\/cdn.mos.cms.futurecdn.net\/bTmsvr8367GggSQUKRr8wF-650-80.jpg.webp 650w, https:\/\/cdn.mos.cms.futurecdn.net\/bTmsvr8367GggSQUKRr8wF-500-80.jpg.webp 500w, https:\/\/cdn.mos.cms.futurecdn.net\/bTmsvr8367GggSQUKRr8wF-450-80.jpg.webp 450w, https:\/\/cdn.mos.cms.futurecdn.net\/bTmsvr8367GggSQUKRr8wF-320-80.jpg.webp 320w\" sizes=\"(min-width: 900px) 925px, (min-width: 700px) 450px, calc(100vw - 48px)\" \/><\/div>\n<p><span class=\"custom-subheading-styles\">Racing<\/span><span class=\"text-base text-black font-bold mx-0 my-2.5 p-0 block custom-text-styles\">Hayley Preen and Alex Miller claim UCI Gravel World Series wins and African titles at Khomas100 for second year<\/span><\/div>\n<div class=\"relative recirc-feed sponsored-card min-h-[250px]\" data-recirc-id=\"article-river-stacked-ads:native-cards\" data-mrf-recirculation=\"article-river-ads\" data-nosnippet data-ad-slot-path=\"feed-sponsored-post\" data-attribute-device=\"all\">\n<div class=\"max-w-full sponsored-post--placeholder animate-pulse\">\n<div class=\"relative!\"><span class=\"text-base text-black font-bold mx-0 my-2.5 p-0 block bg-gray-100\">\u00a0<br \/>\u00a0<\/span><\/div>\n<\/div>\n<\/div>\n<div>\n<div class=\"aspect-[var(--img-listing-aspect-ratio,16\/9)] relative mb-3.5\">\n    <source type=\"image\/webp\" srcset=\"https:\/\/cdn.mos.cms.futurecdn.net\/qeUP3Jwa4YCvLkCpjvgbEa-840-80.jpg.webp 840w, https:\/\/cdn.mos.cms.futurecdn.net\/qeUP3Jwa4YCvLkCpjvgbEa-650-80.jpg.webp 650w, https:\/\/cdn.mos.cms.futurecdn.net\/qeUP3Jwa4YCvLkCpjvgbEa-500-80.jpg.webp 500w, https:\/\/cdn.mos.cms.futurecdn.net\/qeUP3Jwa4YCvLkCpjvgbEa-450-80.jpg.webp 450w, https:\/\/cdn.mos.cms.futurecdn.net\/qeUP3Jwa4YCvLkCpjvgbEa-320-80.jpg.webp 320w\" sizes=\"(min-width: 900px) 925px, (min-width: 700px) 450px, calc(100vw - 48px)\" \/><\/div>\n<p><span class=\"custom-subheading-styles\">Racing<\/span><span class=\"text-base text-black font-bold mx-0 my-2.5 p-0 block custom-text-styles\">Vuelta a Espa\u00f1a: Stage 3 ends without a winner as extreme weather batters the peloton on the road to first summit finish at Font Romeu<\/span><\/div>\n<div class=\"relative recirc-feed sponsored-card min-h-[250px]\" data-recirc-id=\"article-river-stacked-ads:native-cards\" data-mrf-recirculation=\"article-river-ads\" data-nosnippet data-ad-slot-path=\"feed-sponsored-post\" data-attribute-device=\"all\">\n<div class=\"max-w-full sponsored-post--placeholder animate-pulse\">\n<div class=\"relative!\"><span class=\"text-base text-black font-bold mx-0 my-2.5 p-0 block bg-gray-100\">\u00a0<br \/>\u00a0<\/span><\/div>\n<\/div>\n<\/div>\n<div>\n<div class=\"aspect-[var(--img-listing-aspect-ratio,16\/9)] relative mb-3.5\">\n    <source type=\"image\/webp\" srcset=\"https:\/\/cdn.mos.cms.futurecdn.net\/aqedMr2yq5dFSWVFHTrjMA-840-80.jpg.webp 840w, https:\/\/cdn.mos.cms.futurecdn.net\/aqedMr2yq5dFSWVFHTrjMA-650-80.jpg.webp 650w, https:\/\/cdn.mos.cms.futurecdn.net\/aqedMr2yq5dFSWVFHTrjMA-500-80.jpg.webp 500w, https:\/\/cdn.mos.cms.futurecdn.net\/aqedMr2yq5dFSWVFHTrjMA-450-80.jpg.webp 450w, https:\/\/cdn.mos.cms.futurecdn.net\/aqedMr2yq5dFSWVFHTrjMA-320-80.jpg.webp 320w\" sizes=\"(min-width: 900px) 925px, (min-width: 700px) 450px, calc(100vw - 48px)\" \/><\/div>\n<p><span class=\"custom-subheading-styles\">Racing<\/span><span class=\"text-base text-black font-bold mx-0 my-2.5 p-0 block custom-text-styles\">Deutschland Tour: Isaac del Toro seals overall title as Paul Magnier wins finale stage 4 in Heilbronn<\/span><\/div>\n<div class=\"relative recirc-feed sponsored-card min-h-[250px]\" data-recirc-id=\"article-river-stacked-ads:native-cards\" data-mrf-recirculation=\"article-river-ads\" data-nosnippet data-ad-slot-path=\"feed-sponsored-post\" data-attribute-device=\"all\">\n<div class=\"max-w-full sponsored-post--placeholder animate-pulse\">\n<div class=\"relative!\"><span class=\"text-base text-black font-bold mx-0 my-2.5 p-0 block bg-gray-100\">\u00a0<br \/>\u00a0<\/span><\/div>\n<\/div>\n<\/div>\n<div>\n<div class=\"aspect-[var(--img-listing-aspect-ratio,16\/9)] relative mb-3.5\">\n    <source type=\"image\/webp\" srcset=\"https:\/\/cdn.mos.cms.futurecdn.net\/as8Z4qRNG2969Xm5zz6JSM-840-80.jpg.webp 840w, https:\/\/cdn.mos.cms.futurecdn.net\/as8Z4qRNG2969Xm5zz6JSM-650-80.jpg.webp 650w, https:\/\/cdn.mos.cms.futurecdn.net\/as8Z4qRNG2969Xm5zz6JSM-500-80.jpg.webp 500w, https:\/\/cdn.mos.cms.futurecdn.net\/as8Z4qRNG2969Xm5zz6JSM-450-80.jpg.webp 450w, https:\/\/cdn.mos.cms.futurecdn.net\/as8Z4qRNG2969Xm5zz6JSM-320-80.jpg.webp 320w\" sizes=\"(min-width: 900px) 925px, (min-width: 700px) 450px, calc(100vw - 48px)\" \/><\/div>\n<p><span class=\"custom-subheading-styles\">Women&#8217;s Cycling<\/span><span class=\"text-base text-black font-bold mx-0 my-2.5 p-0 block custom-text-styles\">Tour of Britain Women: Kim Le Court-Pienaar claims overall title as unstoppable Lorena Wiebes takes fourth victory in stage 5 finale<\/span><\/div>\n<div class=\"relative recirc-feed sponsored-card min-h-[250px]\" data-recirc-id=\"article-river-stacked-ads:native-cards\" data-mrf-recirculation=\"article-river-ads\" data-nosnippet data-ad-slot-path=\"feed-sponsored-post\" data-attribute-device=\"all\">\n<div class=\"max-w-full sponsored-post--placeholder animate-pulse\">\n<div class=\"relative!\"><span class=\"text-base text-black font-bold mx-0 my-2.5 p-0 block bg-gray-100\">\u00a0<br \/>\u00a0<\/span><\/div>\n<\/div>\n<\/div>\n<div>\n<div class=\"aspect-[var(--img-listing-aspect-ratio,16\/9)] relative mb-3.5\">\n    <source type=\"image\/webp\" srcset=\"https:\/\/cdn.mos.cms.futurecdn.net\/x2WtQR2kCmobTexWFXFRFU-840-80.jpg.webp 840w, https:\/\/cdn.mos.cms.futurecdn.net\/x2WtQR2kCmobTexWFXFRFU-650-80.jpg.webp 650w, https:\/\/cdn.mos.cms.futurecdn.net\/x2WtQR2kCmobTexWFXFRFU-500-80.jpg.webp 500w, https:\/\/cdn.mos.cms.futurecdn.net\/x2WtQR2kCmobTexWFXFRFU-450-80.jpg.webp 450w, https:\/\/cdn.mos.cms.futurecdn.net\/x2WtQR2kCmobTexWFXFRFU-320-80.jpg.webp 320w\" sizes=\"(min-width: 900px) 925px, (min-width: 700px) 450px, calc(100vw - 48px)\" \/><\/div>\n<p><span class=\"custom-subheading-styles\">Racing<\/span><span class=\"text-base text-black font-bold mx-0 my-2.5 p-0 block custom-text-styles\">Renewi Tour: Jasper Philipsen wins overall title with hat trick of sprint victories on stage 5<\/span><\/div>\n<div class=\"relative recirc-feed sponsored-card min-h-[250px]\" data-recirc-id=\"article-river-stacked-ads:native-cards\" data-mrf-recirculation=\"article-river-ads\" data-nosnippet data-ad-slot-path=\"feed-sponsored-post\" data-attribute-device=\"all\">\n<div class=\"max-w-full sponsored-post--placeholder animate-pulse\">\n<div class=\"relative!\"><span class=\"text-base text-black font-bold mx-0 my-2.5 p-0 block bg-gray-100\">\u00a0<br \/>\u00a0<\/span><\/div>\n<\/div>\n<\/div>\n<div>\n<div class=\"aspect-[var(--img-listing-aspect-ratio,16\/9)] relative mb-3.5\">\n    <source type=\"image\/webp\" srcset=\"https:\/\/cdn.mos.cms.futurecdn.net\/qNaVetYgQPFWvp3Ne8irMU-840-80.jpg.webp 840w, https:\/\/cdn.mos.cms.futurecdn.net\/qNaVetYgQPFWvp3Ne8irMU-650-80.jpg.webp 650w, https:\/\/cdn.mos.cms.futurecdn.net\/qNaVetYgQPFWvp3Ne8irMU-500-80.jpg.webp 500w, https:\/\/cdn.mos.cms.futurecdn.net\/qNaVetYgQPFWvp3Ne8irMU-450-80.jpg.webp 450w, https:\/\/cdn.mos.cms.futurecdn.net\/qNaVetYgQPFWvp3Ne8irMU-320-80.jpg.webp 320w\" sizes=\"(min-width: 900px) 925px, (min-width: 700px) 450px, calc(100vw - 48px)\" \/><\/div>\n<p><span class=\"custom-subheading-styles\">Racing<\/span><span class=\"text-base text-black font-bold mx-0 my-2.5 p-0 block custom-text-styles\">Vuelta a Espa\u00f1a: Powerful sprint nets Matthew Brennan stage 2 victory as Tadej Poga\u010dar fends off attacks to keep leader&#8217;s jersey<\/span><\/div>\n<div class=\"relative recirc-feed sponsored-card min-h-[250px]\" data-recirc-id=\"article-river-stacked-ads:native-cards\" data-mrf-recirculation=\"article-river-ads\" data-nosnippet data-ad-slot-path=\"feed-sponsored-post\" data-attribute-device=\"all\">\n<div class=\"max-w-full sponsored-post--placeholder animate-pulse\">\n<div class=\"relative!\"><span class=\"text-base text-black font-bold mx-0 my-2.5 p-0 block bg-gray-100\">\u00a0<br \/>\u00a0<\/span><\/div>\n<\/div>\n<\/div>\n<\/div>\n<\/div>\n<\/aside>\n<\/section>\n<\/div>\n<\/div>\n<\/div>\n<div id=\"widgetArea17\" class=\"widget-area md:basis-1\/3 widget-area-g-md-vp-1-3 widget-area-g-lg-vp-1-3 widget-area-g-xl-vp-1-3 page-widget-area-17\">\n<div data-widget-type=\"dynamic\" id=\"popular-data\" class=\"clear-both widget widget-dynamic widget-popular-data widget-dynamic-popular-data widget-dynamic-fter-popular-box\">\n<div class=\"wdn-fte-pb pos-relative space-t20\n\"><\/p>\n<div class=\"slice-container popular-box-slice\">\n<section class=\"popular-box\" data-component-name=\"Slice:PopularBox\">\n<div class=\"popular-box__label\">\n<div class=\"popular-box__label__tab popular-box__label__tab--active\" role=\"heading\">\nLATEST ARTICLES\n<\/div>\n<\/div>\n<ol class=\"popular-box__articles-list popular-box__articles-list--active\">\n<li class=\"popular-box__article-list\">\n<div class=\"popular-box__article-list__container\">\n<div class=\"popular-box__article-list__image-wrapper\">\n<div>\n<source type=\"image\/webp\" srcset=\"https:\/\/cdn.mos.cms.futurecdn.net\/bTmsvr8367GggSQUKRr8wF-1280-80.jpg.webp 1280w, https:\/\/cdn.mos.cms.futurecdn.net\/bTmsvr8367GggSQUKRr8wF-720-80.jpg.webp 720w, https:\/\/cdn.mos.cms.futurecdn.net\/bTmsvr8367GggSQUKRr8wF-640-80.jpg.webp 640w, https:\/\/cdn.mos.cms.futurecdn.net\/bTmsvr8367GggSQUKRr8wF-320-80.jpg.webp 320w\" sizes=\"99vw\" \/><\/div>\n<\/div>\n<div class=\"popular-box__article-list__content\">\n<div class=\"popular-box__article-list__number-text\">1<\/div>\n<div class=\"popular-box__article-list__heading\">\n<p>Hayley Preen and Alex Miller claim UCI Gravel World Series wins and African titles at Khomas100 for second year<\/p>\n<\/div>\n<\/div>\n<\/div>\n<\/li>\n<li class=\"popular-box__article-list\">\n<div class=\"popular-box__article-list__container\">\n<div class=\"popular-box__article-list__content\">\n<div class=\"popular-box__article-list__number-text\">2<\/div>\n<div class=\"popular-box__article-list__heading\">\n<p>Toki Sawada and Shu Wei Hsu claim first UCI Gravel World Series race in Japan<\/p>\n<\/div>\n<\/div>\n<\/div>\n<\/li>\n<li class=\"popular-box__article-list\">\n<div class=\"popular-box__article-list__container\">\n<div class=\"popular-box__article-list__content\">\n<div class=\"popular-box__article-list__number-text\">3<\/div>\n<div class=\"popular-box__article-list__heading\">\n<p>&#8216;We came here to see the race but nothing could be done&#8217; &#8211; Eyewitness account of how Vuelta a Espa\u00f1a stage 3 ground to a halt<\/p>\n<\/div>\n<\/div>\n<\/div>\n<\/li>\n<li class=\"popular-box__article-list\">\n<div class=\"popular-box__article-list__container\">\n<div class=\"popular-box__article-list__content\">\n<div class=\"popular-box__article-list__number-text\">4<\/div>\n<div class=\"popular-box__article-list__heading\">\n<p>Vuelta a Espa\u00f1a: Stage 3 ends without a winner as extreme weather batters the peloton on the road to first summit finish at Font Romeu<\/p>\n<\/div>\n<\/div>\n<\/div>\n<\/li>\n<li class=\"popular-box__article-list\">\n<div class=\"popular-box__article-list__container\">\n<div class=\"popular-box__article-list__content\">\n<div class=\"popular-box__article-list__number-text\">5<\/div>\n<div class=\"popular-box__article-list__heading\">\n<p>Tadej Poga\u010dar pulls over peloton as hail storm cancels finale of Vuelta a Espa\u00f1a stage 3<\/p>\n<\/div>\n<\/div>\n<\/div>\n<\/li>\n<\/ol>\n<\/section>\n<\/div>\n<\/div>\n<\/div>\n<\/div>\n<\/div>\n<\/article>\n<div class=\"news-article\">\n<header data-component-name=\"Article:Hero\">\n<nav class=\"breadcrumb\" aria-label=\"Breadcrumbs\">\n<ol>\n<li>\nPro Cycling\n<\/li>\n<li>\nRacing\n<\/li>\n<li>\nGravel\n<\/li>\n<li>\nUCI Gravel World Series events\n<\/li>\n<\/ol>\n<\/nav>\n<h1>Toki Sawada and Shu Wei Hsu claim first UCI Gravel World Series race in Japan<\/h1>\n<div class=\"byline-social\">\n<div class=\"vds-byline-block flex flex-row flex-nowrap my-1.5 gap-2 text-left items-start justify-start\" data-component-name=\"Article:BylineBlock\">\n<p>Race Results<\/p>\n<div class=\"my-auto vds-simple-byline\"><span class=\"inline-block vds-author\"><br \/>\nBy<br \/>\nSimone Giuliani <\/span><\/p>\n<div class=\"flex gap-1 vds-byline-with-avatar__meta\"><span class=\"vds-date block font-normal tracking-normal normal-case text-xs\"><br \/>\nPublished<br \/>\n<time data-component-name=\"UI:DateTime\" datetime=\"2026-08-25T01:36:12Z\" class=\"relative-date\"><br \/>\n25 August 2026<br \/>\n<\/time><\/span><\/div>\n<\/div>\n<\/div>\n<p class=\"strapline\">HYSK Gravel Classic Yakurai deliver solo victories on course with mountains of the Miyagi Prefecture as backdrop<\/p>\n<\/div>\n<aside class=\"text-gray-700 flex items-center mx-0 my-5 p-0 justify-start text-left\" id=\"affiliate-disclaimer\" data-component-name=\"AffiliateDisclaimer\" data-hawk-message=\"Affiliate disclaimer removed because hawk deemed there are no affiliate links on this page\">\n<p class=\"text-[color:var(--affiliate-disclaimer--text-color,inherit)] mb-2 text-[length:var(--affiliate-disclaimer--font-size,0.75rem)] leading-[18px] md:text-[13px] [&amp;&gt;a]:text-inherit [&amp;&gt;a]:underline\">\nWhen you purchase through links on our site, we may earn an affiliate commission. Here\u2019s how it works.\n<\/p>\n<\/aside>\n<\/header>\n<\/div>\n<div id=\"article-body\" class=\"text-copy bodyCopy auto paywall-locker\">\n<div data-analytics-id=\"utility-bar\" id=\"utility-bar\" class=\"font-ui-heading flex justify-between items-center py-2 border-t border-b border-gray-300 border-solid mb-5 mx-auto\" data-component-name=\"UtilityBar\" data-mrf-recirculation=\"utility-bar\">\n<div class=\"flex gap-2 text-[#333] subcontainer\">\n<div class=\"relative tooltip-container\" role=\"tooltip\">\n<div data-component-name=\"Social:Dropdown\" role=\"menu\" id=\"utilitybar__dropdown--share\" aria-labelledby=\"utilitybar__button--share\" class=\"absolute left-0 top-full w-44 bg-white rounded-md shadow-md border border-neutral-200 z-[9996] list-none m-0 py-2 px-3 border-solid\">\n<ul class=\"m-0!\">\n<li class=\"!p-0 !m-0 list-none border-b border-gray-200 border-solid\">\n<li class=\"!p-0 !m-0 list-none border-b border-gray-200 border-solid\">\n<p>Facebook<\/p>\n<\/li>\n<li class=\"!p-0 !m-0 list-none border-b border-gray-200 border-solid\">\n<p>X<\/p>\n<\/li>\n<li class=\"!p-0 !m-0 list-none border-b border-gray-200 border-solid\">\n<p>Pinterest<\/p>\n<\/li>\n<li class=\"!p-0 !m-0 list-none border-b border-gray-200 border-solid\">\n<p>Email<\/p>\n<\/li>\n<\/ul>\n<\/div>\n<div class=\"font-ui-heading max-sm:hidden tooltip absolute left-1\/2 bg-gray-900 text-white text-xs leading-none px-3 py-1.5 rounded-md z-[10001] whitespace-nowrap\" id=\"tooltip-share-this-article\" role=\"tooltip\" aria-hidden=\"true\">\nShare this article\n<\/div>\n<\/div>\n<div class=\"relative tooltip-container\" role=\"tooltip\"><span class=\"ml-1 inline-flex h-5 px-2 shrink-0 items-center justify-center self-center overflow-hidden whitespace-nowrap rounded-[10px] bg-primary-500 text-[11px] leading-none font-ui-heading font-semibold text-white\">0<\/span><\/p>\n<div class=\"font-ui-heading max-sm:hidden tooltip absolute left-1\/2 bg-gray-900 text-white text-xs leading-none px-3 py-1.5 rounded-md z-[10001] whitespace-nowrap\" id=\"tooltip-join-the-conversation\" role=\"tooltip\" aria-hidden=\"true\">\nJoin the conversation\n<\/div>\n<\/div>\n<\/div>\n<div class=\"flex gap-2 text-[#333] subcontainer\">\n<div class=\"relative tooltip-container\" role=\"tooltip\">\n<p>Follow us<\/p>\n<div class=\"font-ui-heading max-sm:hidden tooltip absolute left-1\/2 bg-gray-900 text-white text-xs leading-none px-3 py-1.5 rounded-md z-[10001] whitespace-nowrap\" id=\"tooltip-add-us-as-a-preferred-source-on-google\" role=\"tooltip\" aria-hidden=\"true\">\nAdd us as a preferred source on Google\n<\/div>\n<\/div>\n<div class=\"relative tooltip-container\" role=\"tooltip\">\n<div class=\"font-ui-heading max-sm:hidden tooltip absolute left-1\/2 bg-gray-900 text-white text-xs leading-none px-3 py-1.5 rounded-md z-[10001] whitespace-nowrap\" id=\"tooltip-subscribe-to-our-newsletter\" role=\"tooltip\" aria-hidden=\"true\">\nSubscribe to our newsletter\n<\/div>\n<\/div>\n<\/div>\n<\/div>\n<p id=\"elk-4d94c33a-a01e-11f1-88e5-99cb2ab673ff\">The first UCI Gravel World Series race in Japan played out at HYSK Gravel Classic Yakurai on Saturday, with Toki Sawada and Shu Wei Hsu taking solo victories.<\/p>\n<p>The race took place over 106km with 2,616m of elevation gain through the steep climbs and technical gravel sectors with the mountainous backdrop of the Miyagi Prefecture in northern Japan.<\/p>\n<p id=\"elk-4d94c33a-a01e-11f1-88e5-99cb2ab673ff-2\" aria-hidden=\"true\" class=\"kiosq-b\">Sawada, who won the Dustman in Thailand early in the UCI Gravel World Series season calendar, claimed the elite men&#8217;s victory in 4:12:58. The Astemo Utsunomiya Blitzen rider was more than three minutes ahead of Koki Shirakawa while it was more than a minute further back to Hijiri Oda who completed the all Japanese podium.<\/p>\n<div class=\"my-6 w-full overflow-hidden rounded-[10px] lg:my-8\" data-component-name=\"JwPlayer:Carousel\" data-jwp-carousel data-jwp-carousel-payload=\"{&quot;ids&quot;:{&quot;playerID&quot;:&quot;jYDCcabO&quot;,&quot;searchPlaylistID&quot;:&quot;gwjdoYHD&quot;,&quot;divID&quot;:&quot;botr_gwjdoYHD_jYDCcabO_div&quot;,&quot;fallbackPlaylistID&quot;:&quot;gwjdoYHD&quot;,&quot;fallbackDivID&quot;:&quot;botr_gwjdoYHD_jYDCcabO_div&quot;,&quot;key&quot;:&quot;X9\/mXVGac0NphghLH9hZaqWA5d3dhAM\/Ih07grnEyMLjuO2E&quot;,&quot;tintLogo&quot;:true,&quot;useSearchPlaylist&quot;:false,&quot;enabled&quot;:true},&quot;signPostingEnabled&quot;:true,&quot;signPostingLinkEnabled&quot;:true,&quot;waitForAdLoad&quot;:false,&quot;hidePlayerOnDesktop&quot;:false,&quot;hidePlayerOnMobile&quot;:false,&quot;hidePlayerOnTablet&quot;:false}\">\n<div class=\"flex flex-nowrap items-center justify-between gap-3 bg-zinc-900 px-[14px] py-3\" data-jwp-carousel-header>\n<div class=\"flex min-w-0 shrink items-center\"><span class=\"inline-flex items-center gap-1.5 text-sm font-article-heading capitalize leading-5 text-white whitespace-nowrap\"><span class=\"jwp-carousel-title-desktop\">Latest Videos From<\/span><span class=\"jwp-carousel-brand\">Cyclingnews<\/span><\/span><\/div>\n<\/div>\n<div class=\"min-h-[44px] bg-zinc-900 px-[14px] py-3\" data-jwp-carousel-signposting><a class=\"invisible block truncate text-sm font-bold leading-5 text-white underline decoration-solid underline-offset-2\" data-jwp-carousel-signposting-link href target=\"_blank\" rel=\"noopener noreferrer\"><span data-jwp-carousel-signposting-title>Watch full video here: <\/span><\/a><\/div>\n<\/div>\n<p aria-hidden=\"true\" class=\"kiosq-b\">In the elite women&#8217;s race Taiwan&#8217;s Hsu crossed the line at 5:36:57, carving out a substantial gap to home nation riders Sachi Kataoka and Chiharu Ukai, who took the remaining podium places.<\/p>\n<p aria-hidden=\"true\" class=\"kiosq-b\">The UCI Gravel World Series rounds offer riders an opportunity to qualify for the UCI Gravel World Championships, which this year will be held outside Europe for the first time ever. It will be held at Nannup, Western Australia on October 10-11.<\/p>\n<aside data-component-name=\"Recirculation:ArticleRiver\" data-recirculation-type=\"inline\" data-mrf-recirculation=\"Trending Bar\" data-nosnippet class=\"clear-both pt-2 pb-0 mb-4\"><span class=\"\n            flex\n            after:content-[&apos;&apos;] after:flex-1 after:ml-4 after:my-[0.7rem] after:border-t after:border-solid after:border-t-[#ccc]\n            before:content-[&apos;&apos;] before:flex-1 before:mr-4 before:my-[0.7rem] before:border-t before:border-solid before:border-t-[#ccc]\n            font-article-heading pb-0 text-[length:var(--article-river-title--font-size,1em)] uppercase sm:text-[length:var(--article-river-title--font-size,0.875em)] font-bold\n        \"><br \/>\n            You may like<br \/>\n        <\/span><\/p>\n<ul class=\"flex flex-col gap-0 m-0 max-w-full\">\n<li class=\"m-0 list-none border-b border-solid border-[#ededed] py-2\" data-recirculation-id=\"recirculation-card-1\" id=\"recirculation-inline-1\" data-analytics-id=\"recirculation-inline-1\" data-mrf-recirculation=\"recirculation-inline-1\">\n    <source type=\"image\/webp\" srcset=\"https:\/\/cdn.mos.cms.futurecdn.net\/vUYTFGANz5D8B7RsLdtsuL-250-80.jpg.webp 250w, https:\/\/cdn.mos.cms.futurecdn.net\/vUYTFGANz5D8B7RsLdtsuL-150-80.jpg.webp 150w\" sizes=\"150px\" \/><span class=\"w-full text-base font-[var(--article-river-item--font-weight,500)] font-article-heading line-clamp-3 md:line-clamp-2\">UCI Gravel World Series: Marjolein van&#8217;t Geloof and Eddy Le Huitouze snare victory at Latvia&#8217;s Gravel Weekend<\/span><\/li>\n<li class=\"m-0 list-none border-b border-solid border-[#ededed] py-2\" data-recirculation-id=\"recirculation-card-2\" id=\"recirculation-inline-2\" data-analytics-id=\"recirculation-inline-2\" data-mrf-recirculation=\"recirculation-inline-2\">\n    <source type=\"image\/webp\" srcset=\"https:\/\/cdn.mos.cms.futurecdn.net\/6RWhR83csnZQBiAn3Hst6c-250-80.jpg.webp 250w, https:\/\/cdn.mos.cms.futurecdn.net\/6RWhR83csnZQBiAn3Hst6c-150-80.jpg.webp 150w\" sizes=\"150px\" \/><span class=\"w-full text-base font-[var(--article-river-item--font-weight,500)] font-article-heading line-clamp-3 md:line-clamp-2\">UCI Gravel World Series: Petr Vako\u010d and Nele Laing celebrate in Singen as they take victories at Hegau Gravel<\/span><\/li>\n<li class=\"m-0 list-none border-b border-solid border-[#ccc] py-2\" data-recirculation-id=\"recirculation-card-3\" id=\"recirculation-inline-3\" data-analytics-id=\"recirculation-inline-3\" data-mrf-recirculation=\"recirculation-inline-3\">\n    <source type=\"image\/webp\" srcset=\"https:\/\/cdn.mos.cms.futurecdn.net\/GiLnUMGZtXrhkSXwGZrs3P-250-80.png.webp 250w, https:\/\/cdn.mos.cms.futurecdn.net\/GiLnUMGZtXrhkSXwGZrs3P-150-80.png.webp 150w\" sizes=\"150px\" \/><span class=\"w-full text-base font-[var(--article-river-item--font-weight,500)] font-article-heading line-clamp-3 md:line-clamp-2\">UCI Gravel World Series: Winning runs for world champion Lorena Wiebes and Belgian champion Niels Vandeputte at Eislek Gravel Luxembourg<\/span><\/li>\n<\/ul>\n<\/aside>\n<div class=\"slice-container table-wrapper slice-container-table kiosq-b\" data-component-name=\"Slice:Table\" id=\"elk-f7666df4-a024-11f1-9ae1-6167228ad702\" aria-hidden=\"true\">\n<div class=\"table__instruction\">\nSwipe to scroll horizontally<\/p>\n<\/div>\n<div class=\"table__container\">\n<table tabindex=\"0\" class=\"table__wrapper table__wrapper--inbodyContent table__wrapper--sticky table__wrapper--divider\">\n<caption class=\"table__caption table__caption--top table__caption--left\">\nTop 3 elite women<br \/>\n<\/caption>\n<thead class=\"table__head\">\n<tr class=\"table__head__row\">\n<th class=\"table__head__heading table__head__heading--left\" colspan=\"1\">\n<p>Position<\/p>\n<\/th>\n<th class=\"table__head__heading table__head__heading--left\" colspan=\"1\">\n<p>Rider<\/p>\n<\/th>\n<th class=\"table__head__heading table__head__heading--left\" colspan=\"1\">\n<p>Time<\/p>\n<\/th>\n<\/tr>\n<\/thead>\n<tbody class=\"table__body\">\n<tr class=\"table__body__row\">\n<td class=\"table_body__data\" colspan=\"1\">\n<p>1<\/p>\n<\/td>\n<td class=\"table_body__data\" colspan=\"1\">\n<p>Shu Wei Hsu<\/p>\n<\/td>\n<td class=\"table_body__data\" colspan=\"1\">\n<p>5:36:57<\/p>\n<\/td>\n<\/tr>\n<tr class=\"table__body__row\">\n<td class=\"table_body__data\" colspan=\"1\">\n<p>2<\/p>\n<\/td>\n<td class=\"table_body__data\" colspan=\"1\">\n<p>Sachi Kataoka<\/p>\n<\/td>\n<td class=\"table_body__data\" colspan=\"1\">\n<p>+28:53<\/p>\n<\/td>\n<\/tr>\n<tr class=\"table__body__row\">\n<td class=\"table_body__data\" colspan=\"1\">\n<p>3<\/p>\n<\/td>\n<td class=\"table_body__data\" colspan=\"1\">\n<p>Chiharu Ukai<\/p>\n<\/td>\n<td class=\"table_body__data\" colspan=\"1\">\n<p>+37:46<\/p>\n<\/td>\n<\/tr>\n<\/tbody>\n<\/table>\n<\/div>\n<\/div>\n<div class=\"slice-container table-wrapper slice-container-table kiosq-b\" data-component-name=\"Slice:Table\" id=\"elk-0c3d950a-a024-11f1-82cc-c97dcfe85cc1\" aria-hidden=\"true\">\n<div class=\"table__instruction\">\nSwipe to scroll horizontally<\/p>\n<\/div>\n<div class=\"table__container\">\n<table tabindex=\"0\" class=\"table__wrapper table__wrapper--inbodyContent table__wrapper--sticky table__wrapper--divider\">\n<caption class=\"table__caption table__caption--top table__caption--left\">\nTop 3 elite men<br \/>\n<\/caption>\n<thead class=\"table__head\">\n<tr class=\"table__head__row\">\n<th class=\"table__head__heading table__head__heading--left\" colspan=\"1\">\n<p>Position<\/p>\n<\/th>\n<th class=\"table__head__heading table__head__heading--left\" colspan=\"1\">\n<p>Rider<\/p>\n<\/th>\n<th class=\"table__head__heading table__head__heading--left\" colspan=\"1\">\n<p>Time<\/p>\n<\/th>\n<\/tr>\n<\/thead>\n<tbody class=\"table__body\">\n<tr class=\"table__body__row\">\n<td class=\"table_body__data\" colspan=\"1\">\n<p>1<\/p>\n<\/td>\n<td class=\"table_body__data\" colspan=\"1\">\n<p>Toki Sawada<\/p>\n<\/td>\n<td class=\"table_body__data\" colspan=\"1\">\n<p>4:12:58<\/p>\n<\/td>\n<\/tr>\n<tr class=\"table__body__row\">\n<td class=\"table_body__data\" colspan=\"1\">\n<p>2<\/p>\n<\/td>\n<td class=\"table_body__data\" colspan=\"1\">\n<p>Koki Shirakawa<\/p>\n<\/td>\n<td class=\"table_body__data\" colspan=\"1\">\n<p>+3:29<\/p>\n<\/td>\n<\/tr>\n<tr class=\"table__body__row\">\n<td class=\"table_body__data\" colspan=\"1\">\n<p>3<\/p>\n<\/td>\n<td class=\"table_body__data\" colspan=\"1\">\n<p>Hijiri Oda <\/p>\n<\/td>\n<td class=\"table_body__data\" colspan=\"1\">\n<p>+4:42<\/p>\n<\/td>\n<\/tr>\n<\/tbody>\n<\/table>\n<\/div>\n<\/div>\n<div id=\"slice-container-newsletterForm-articleInbodyContent-EKoNaAjFYM8LwsZsD5rpoF\" class=\"slice-container newsletter-inbodyContent-slice newsletterForm-articleInbodyContent-EKoNaAjFYM8LwsZsD5rpoF slice-container-newsletterForm\">\n<div data-hydrate=\"true\" class=\"newsletter-form__wrapper newsletter-form__wrapper--inbodyContent\">\n<div class=\"newsletter-form__container\">\n<section class=\"newsletter-form__top-bar\">\n<div class=\"newsletter-form__header\">Get The Leadout Newsletter<\/div>\n<\/section>\n<section class=\"newsletter-form__main-section\">\n<p class=\"newsletter-form__strapline\">The latest race content, interviews, features, reviews and expert buying guides, direct to your inbox!<\/p>\n<footer class=\"newsletter-form__footer \">By submitting your information you agree to the Terms &amp; Conditions and Privacy Policy and are aged 16 or over.<\/footer>\n<\/section>\n<\/div>\n<\/div>\n<\/div>\n<\/div>\n<p>[analyse_source url=&#8221;https:\/\/www.cyclingnews.com\/pro-cycling\/racing\/toki-sawada-and-shu-wei-hsu-claim-first-uci-gravel-world-series-race-in-japan\/&#8221;]<\/p>\n","protected":false},"excerpt":{"rendered":"<p>[analyse_image type=&#8221;featured&#8221; src=&#8221;https:\/\/cdn.mos.cms.futurecdn.net\/PAzoFkYa8jJSKtzef7YjQc-1024-80.jpg&#8221;] 1 Lauf Gravel Worlds: Geerike Schreurs beats Rosa Kl\u00f6ser in photo finish as Torbj\u00f8rn R\u00f8ed wins three-way sprint after storms cause course rejig 2 Gravel Earth Series: Geerike Schreurs takes solo win as Tobias Kongstad sprints to victory at CORE4 3 How to watch gravel races around the world &#8211; A guide [&hellip;]<\/p>\n","protected":false},"author":1,"featured_media":0,"comment_status":"open","ping_status":"","sticky":false,"template":"","format":"standard","meta":{"footnotes":""},"categories":[2],"tags":[226,68],"class_list":["post-2110628","post","type-post","status-publish","format-standard","hentry","category-politics","tag-crawlmanager","tag-cyclingnews-com"],"_links":{"self":[{"href":"https:\/\/analyse.optim.biz\/index.php?rest_route=\/wp\/v2\/posts\/2110628","targetHints":{"allow":["GET"]}}],"collection":[{"href":"https:\/\/analyse.optim.biz\/index.php?rest_route=\/wp\/v2\/posts"}],"about":[{"href":"https:\/\/analyse.optim.biz\/index.php?rest_route=\/wp\/v2\/types\/post"}],"author":[{"embeddable":true,"href":"https:\/\/analyse.optim.biz\/index.php?rest_route=\/wp\/v2\/users\/1"}],"replies":[{"embeddable":true,"href":"https:\/\/analyse.optim.biz\/index.php?rest_route=%2Fwp%2Fv2%2Fcomments&post=2110628"}],"version-history":[{"count":0,"href":"https:\/\/analyse.optim.biz\/index.php?rest_route=\/wp\/v2\/posts\/2110628\/revisions"}],"wp:attachment":[{"href":"https:\/\/analyse.optim.biz\/index.php?rest_route=%2Fwp%2Fv2%2Fmedia&parent=2110628"}],"wp:term":[{"taxonomy":"category","embeddable":true,"href":"https:\/\/analyse.optim.biz\/index.php?rest_route=%2Fwp%2Fv2%2Fcategories&post=2110628"},{"taxonomy":"post_tag","embeddable":true,"href":"https:\/\/analyse.optim.biz\/index.php?rest_route=%2Fwp%2Fv2%2Ftags&post=2110628"}],"curies":[{"name":"wp","href":"https:\/\/api.w.org\/{rel}","templated":true}]}}