{"id":2110537,"date":"2026-08-24T21:00:00","date_gmt":"2026-08-24T18:00:00","guid":{"rendered":"https:\/\/analyse.optim.biz\/?p=2110537"},"modified":"2026-08-24T21:00:00","modified_gmt":"2026-08-24T18:00:00","slug":"foto-tabara-de-documentare-pentru-elevii-scolii-alexandru-vlahuta-gugesti","status":"publish","type":"post","link":"https:\/\/analyse.optim.biz\/?p=2110537","title":{"rendered":"FOTO! Tab\u0103r\u0103 de documentare pentru elevii \u0218colii \u201eAlexandru Vlahu\u021b\u0103\u201d Guge\u0219ti"},"content":{"rendered":"<p>[analyse_image type=&#8221;featured&#8221; src=&#8221;https:\/\/www.monitoruldevrancea.ro\/wp-content\/uploads\/2026\/08\/gugesti.jpg&#8221;]<\/p>\n<div class=\"td_block_wrap tdb_single_content tdi_123 td-pb-border-top td_block_template_1 td-post-content tagdiv-type\" data-td-block-uid=\"tdi_123\">\n<div class=\"tdb-block-inner td-fix-index\">\n<p><strong>Facebook \u0218coala Gimnazial\u0103 \u201eAlexandru Vlahu\u021b\u0103\u201d Guge\u0219ti:<\/strong><\/p>\n<p><em>\u201eExcelen\u021b\u0103 \u00een educa\u021bie\u201d \u2013 10 ani de tradi\u021bie, 10 ani de recunoa\u0219tere \u0219i r\u0103spl\u0103tire a performan\u021bei!<\/em><\/p>\n<p>Uneori, performan\u021ba are nevoie, \u00eenainte de toate, de oameni care s\u0103 cread\u0103 \u00een ea. De oameni care s\u0103 \u00een\u021beleag\u0103 c\u0103, dincolo de diplome, medalii \u0219i rezultate, se afl\u0103 ore nesf\u00e2r\u0219ite de munc\u0103, ambi\u021bie, perseveren\u021b\u0103 \u0219i visuri. La \u0218coala Gimnazial\u0103 \u201eAlexandru Vlahu\u021b\u0103\u201d din Guge\u0219ti, ace\u0219ti copii care aleg s\u0103 munceasc\u0103 pentru a fi mai buni au g\u0103sit, de-a lungul anilor, un sprijin real \u00een comunitatea lor.<\/p>\n<p>\u00cen perioada 17-20 august 2026, elevii no\u0219tri, al\u0103turi de cadrele didactice care i-au \u00eendrumat, au participat la o nou\u0103 tab\u0103r\u0103 de documentare, organizat\u0103 \u00een cadrul proiectului devenit deja o frumoas\u0103 tradi\u021bie: \u201ePentru excelen\u021b\u0103 \u00een educa\u021bie!\u201d.<\/p>\n<p>Proiectul, realizat \u00een parteneriat cu Prim\u0103ria \u0219i Consiliul Local Guge\u0219ti, la ini\u021biativa domnului primar <strong><em>Vasile Vatr\u0103<\/em><\/strong>, a ajuns la cea de-a X-a edi\u021bie. Zece ani de tradi\u021bie \u00eenseamn\u0103, de fapt, zece ani \u00een care performan\u021ba elevilor a fost v\u0103zut\u0103, apreciat\u0103 \u0219i r\u0103spl\u0103tit\u0103. Zece ani \u00een care autoritatea local\u0103 a transmis, prin fapte, un mesaj deosebit de important: investi\u021bia \u00een educa\u021bie este investi\u021bia cea mai sigur\u0103 \u00een viitorul unei comunit\u0103\u021bi.<\/p>\n<p>Anul acesta, 43 de persoane \u2013 elevi olimpici \u0219i cadre didactice \u00eendrum\u0103toare \u2013 au avut bucuria de a lua parte la aceast\u0103 experien\u021b\u0103. Toate cheltuielile necesare transportului, caz\u0103rii, pensiunii complete \u0219i vizit\u0103rii obiectivelor din program au fost suportate de Prim\u0103ria \u0219i Consiliul Local Guge\u0219ti, ca o form\u0103 concret\u0103 de recunoa\u0219tere a rezultatelor deosebite ob\u021binute de elevii no\u0219tri la olimpiadele \u0219i concursurile \u0219colare avizate de Ministerul Educa\u021biei \u0219i Cercet\u0103rii.<\/p>\n<p>De aceast\u0103 dat\u0103, destina\u021bia a fost una pe care ne-am dorit-o cu to\u021bii de mult\u0103 vreme: Maramure\u0219ul \u2013 \u021binutul tradi\u021biilor p\u0103strate cu sfin\u021benie, al credin\u021bei, al oamenilor gospodari \u0219i al peisajelor care \u00ee\u021bi r\u0103m\u00e2n pentru totdeauna \u00een suflet.<\/p>\n<p>Am pornit la drum cu emo\u021bie, voie bun\u0103 \u0219i mult\u0103 curiozitate. Prima zi ne-a purtat prin locuri de o frumuse\u021be aparte, cu opriri la M\u0103n\u0103stirea Prislop \u0219i la spectaculoasa Cascad\u0103 a Cailor, ale c\u0103rei ape, c\u0103z\u00e2nd de la aproape 100 de metri \u00een\u0103l\u021bime, ne-au oferit un spectacol impresionant al naturii.<\/p>\n<p>A doua zi a \u00eensemnat, pentru mul\u021bi dintre noi, \u00eemplinirea unui mic vis: o c\u0103l\u0103torie cu Moc\u0103ni\u021ba, prin peisajele s\u0103lbatice \u0219i fascinante ale Maramure\u0219ului. Trenul cu aburi, aerul curat \u0219i mun\u021bii parc\u0103 desprindeau c\u0103l\u0103toria noastr\u0103 dintr-o poveste. Dup\u0103 aceast\u0103 experien\u021b\u0103 memorabil\u0103, am p\u0103\u0219it \u00een lini\u0219tea \u0219i frumuse\u021bea M\u0103n\u0103stirii B\u00e2rsana, loc \u00een care tradi\u021bia, credin\u021ba \u0219i respectul pentru \u00eenainta\u0219i se simt la fiecare pas.<\/p>\n<p>Cea de-a treia zi ne-a adus mai aproape de istoria \u0219i sufletul maramure\u0219ean, prin vizita la Muzeul Satului Maramure\u0219ean, o adev\u0103rat\u0103 punte \u00eentre trecut \u0219i prezent. Am continuat apoi spre celebrul Cimitir Vesel de la S\u0103p\u00e2n\u021ba, loc unic, \u00een care crea\u021biile lui <strong><em>Stan Ioan P\u0103tra\u0219<\/em><\/strong> vorbesc, \u00eentr-un mod cu totul aparte, despre via\u021b\u0103 \u0219i despre oamenii care au tr\u0103it-o.\u00a0<\/p>\n<p>Nu puteam pleca din zon\u0103 f\u0103r\u0103 s\u0103 nu admir\u0103m \u0219i impun\u0103toarea biseric\u0103 de lemn de la M\u0103n\u0103stirea Peri-S\u0103p\u00e2n\u021ba, una dintre cele mai impresionante construc\u021bii de acest fel din lume.<\/p>\n<p>\u00cen diminea\u021ba zilei de 20 august, am pornit spre cas\u0103 cu sufletele pline. L\u0103sam \u00een urm\u0103 patru zile minunate, dar luam cu noi mult mai mult dec\u00e2t fotografii \u0219i amintiri. Ne-am \u00eembog\u0103\u021bit cultura general\u0103, am descoperit locuri \u0219i tradi\u021bii, am \u00een\u021beles mai bine istoria \u0219i identitatea noastr\u0103 \u0219i, poate cel mai important, ne-am \u00eentors acas\u0103 cu energia \u0219i motiva\u021bia de a merge mai departe.<\/p>\n<p>Pentru ace\u0219ti elevi, aceast\u0103 tab\u0103r\u0103 a fost mai mult dec\u00e2t o excursie. A fost o r\u0103splat\u0103 pentru munca lor, o \u00eencurajare \u0219i o dovad\u0103 c\u0103 performan\u021ba nu trece neobservat\u0103. A fost mesajul unei comunit\u0103\u021bi care le spune copiilor s\u0103i: \u201e<strong><em>Vedem c\u00e2t munci\u021bi. Suntem m\u00e2ndri de voi. Credem \u00een viitorul vostru!<\/em><\/strong>\u201d.<\/p>\n<p>De aceea, se cuvine s\u0103 adres\u0103m sincere mul\u021bumiri domnului primar <strong><em>Vasile Vatr\u0103<\/em><\/strong>, precum \u0219i Prim\u0103riei \u0219i Consiliului Local Guge\u0219ti, pentru consecven\u021ba \u0219i implicarea cu care sus\u021bin, de aproape un deceniu, excelen\u021ba \u00een educa\u021bie. \u00centr-o lume \u00een care se vorbe\u0219te adesea despre importan\u021ba educa\u021biei, la Guge\u0219ti acest sprijin se vede \u00een fapte.<\/p>\n<p>Mul\u021bumim pentru c\u0103 investi\u021bi \u00een elevii no\u0219tri, \u00een profesorii care \u00eei \u00eendrum\u0103 \u0219i, mai ales, \u00een speran\u021ba c\u0103 fiecare genera\u021bie poate construi un viitor mai bun! \u201ePentru excelen\u021b\u0103 \u00een educa\u021bie!\u201d nu este doar numele unui proiect. Este o promisiune respectat\u0103, o tradi\u021bie a performan\u021bei \u0219i o frumoas\u0103 lec\u021bie despre ceea ce poate realiza o comunitate atunci c\u00e2nd alege s\u0103 cread\u0103 \u00een copiii ei.<\/p>\n<p>Felicit\u0103ri tuturor elevilor pentru rezultatele ob\u021binute \u0219i mult succes \u00een noul an \u0219colar! S\u0103 p\u0103str\u0103m vie dorin\u021ba de a \u00eenv\u0103\u021ba, de a ne dep\u0103\u0219i limitele \u0219i de a demonstra, prin fiecare reu\u0219it\u0103, c\u0103 excelen\u021ba merit\u0103 sus\u021binut\u0103.<\/p>\n<figure class=\"wp-block-gallery has-nested-images columns-default is-cropped td-modal-on-gallery wp-block-gallery-1 is-layout-flex wp-block-gallery-is-layout-flex\">\n<figure class=\"wp-block-image size-full\"><img loading=\"lazy\" decoding=\"async\" width=\"1536\" height=\"2048\" data-id=\"728151\" src=\"https:\/\/www.monitoruldevrancea.ro\/wp-content\/uploads\/2026\/08\/784717888_1749544379709144_1424240816154155210_n.jpg\" alt class=\"wp-image-728151\"><\/figure>\n<figure class=\"wp-block-image size-full\"><img loading=\"lazy\" decoding=\"async\" width=\"1500\" height=\"2000\" data-id=\"728155\" src=\"https:\/\/www.monitoruldevrancea.ro\/wp-content\/uploads\/2026\/08\/784877212_1749544303042485_4758123705539008389_n.jpg\" alt class=\"wp-image-728155\"><\/figure>\n<figure class=\"wp-block-image size-full\"><img loading=\"lazy\" decoding=\"async\" width=\"1200\" height=\"1600\" data-id=\"728153\" src=\"https:\/\/www.monitoruldevrancea.ro\/wp-content\/uploads\/2026\/08\/784981926_1749543943042521_2618774862469860921_n.jpg\" alt class=\"wp-image-728153\"><\/figure>\n<figure class=\"wp-block-image size-full\"><img decoding=\"async\" loading=\"lazy\" width=\"1500\" height=\"2000\" data-id=\"728152\" src=\"https:\/\/www.monitoruldevrancea.ro\/wp-content\/uploads\/2026\/08\/785152186_1749543953042520_5514825401596214054_n.jpg\" alt class=\"wp-image-728152\"><\/figure>\n<figure class=\"wp-block-image size-full\"><img decoding=\"async\" loading=\"lazy\" width=\"2048\" height=\"1536\" data-id=\"728150\" src=\"https:\/\/www.monitoruldevrancea.ro\/wp-content\/uploads\/2026\/08\/785258172_1749544146375834_1228163455823882916_n.jpg\" alt class=\"wp-image-728150\"><\/figure>\n<figure class=\"wp-block-image size-full\"><img decoding=\"async\" loading=\"lazy\" width=\"1200\" height=\"1600\" data-id=\"728149\" src=\"https:\/\/www.monitoruldevrancea.ro\/wp-content\/uploads\/2026\/08\/785602578_1749544103042505_5713964595645082280_n.jpg\" alt class=\"wp-image-728149\"><\/figure>\n<figure class=\"wp-block-image size-full\"><img decoding=\"async\" loading=\"lazy\" width=\"1536\" height=\"2048\" data-id=\"728154\" src=\"https:\/\/www.monitoruldevrancea.ro\/wp-content\/uploads\/2026\/08\/786065739_1749544003042515_3120752118299585061_n.jpg\" alt class=\"wp-image-728154\"><\/figure>\n<\/figure>\n<\/div>\n<\/div>\n<p>[analyse_source url=&#8221;https:\/\/www.monitoruldevrancea.ro\/2026\/08\/25\/foto-tabara-de-documentare-pentru-elevii-scolii-alexandru-vlahuta-gugesti\/&#8221;]<\/p>\n","protected":false},"excerpt":{"rendered":"<p>[analyse_image type=&#8221;featured&#8221; src=&#8221;https:\/\/www.monitoruldevrancea.ro\/wp-content\/uploads\/2026\/08\/gugesti.jpg&#8221;] Facebook \u0218coala Gimnazial\u0103 \u201eAlexandru Vlahu\u021b\u0103\u201d Guge\u0219ti: \u201eExcelen\u021b\u0103 \u00een educa\u021bie\u201d \u2013 10 ani de tradi\u021bie, 10 ani de recunoa\u0219tere \u0219i r\u0103spl\u0103tire a performan\u021bei! Uneori, performan\u021ba are nevoie, \u00eenainte de toate, de oameni care s\u0103 cread\u0103 \u00een ea. De oameni care s\u0103 \u00een\u021beleag\u0103 c\u0103, dincolo de diplome, medalii \u0219i rezultate, se afl\u0103 ore nesf\u00e2r\u0219ite [&hellip;]<\/p>\n","protected":false},"author":1,"featured_media":0,"comment_status":"open","ping_status":"","sticky":false,"template":"","format":"standard","meta":{"footnotes":""},"categories":[89],"tags":[226,209],"class_list":["post-2110537","post","type-post","status-publish","format-standard","hentry","category-romania","tag-crawlmanager","tag-monitoruldevrancea-ro"],"_links":{"self":[{"href":"https:\/\/analyse.optim.biz\/index.php?rest_route=\/wp\/v2\/posts\/2110537","targetHints":{"allow":["GET"]}}],"collection":[{"href":"https:\/\/analyse.optim.biz\/index.php?rest_route=\/wp\/v2\/posts"}],"about":[{"href":"https:\/\/analyse.optim.biz\/index.php?rest_route=\/wp\/v2\/types\/post"}],"author":[{"embeddable":true,"href":"https:\/\/analyse.optim.biz\/index.php?rest_route=\/wp\/v2\/users\/1"}],"replies":[{"embeddable":true,"href":"https:\/\/analyse.optim.biz\/index.php?rest_route=%2Fwp%2Fv2%2Fcomments&post=2110537"}],"version-history":[{"count":0,"href":"https:\/\/analyse.optim.biz\/index.php?rest_route=\/wp\/v2\/posts\/2110537\/revisions"}],"wp:attachment":[{"href":"https:\/\/analyse.optim.biz\/index.php?rest_route=%2Fwp%2Fv2%2Fmedia&parent=2110537"}],"wp:term":[{"taxonomy":"category","embeddable":true,"href":"https:\/\/analyse.optim.biz\/index.php?rest_route=%2Fwp%2Fv2%2Fcategories&post=2110537"},{"taxonomy":"post_tag","embeddable":true,"href":"https:\/\/analyse.optim.biz\/index.php?rest_route=%2Fwp%2Fv2%2Ftags&post=2110537"}],"curies":[{"name":"wp","href":"https:\/\/api.w.org\/{rel}","templated":true}]}}