{"id":2110536,"date":"2026-08-24T21:00:00","date_gmt":"2026-08-24T18:00:00","guid":{"rendered":"https:\/\/analyse.optim.biz\/?p=2110536"},"modified":"2026-08-24T21:00:00","modified_gmt":"2026-08-24T18:00:00","slug":"sofer-de-86-de-ani-prins-pe-autostrada-a7-conducand-pe-sensul-opus-de-depasare-cum-a-fost-sanctionat-de-politisti","status":"publish","type":"post","link":"https:\/\/analyse.optim.biz\/?p=2110536","title":{"rendered":"\u0218ofer de 86 de ani, prins pe autostrada A7 conduc\u00e2nd pe sensul opus de depasare; cum a fost sanc\u021bionat de poli\u021bi\u0219ti"},"content":{"rendered":"<p>[analyse_image type=&#8221;featured&#8221; src=&#8221;https:\/\/www.monitoruldevrancea.ro\/wp-content\/uploads\/2026\/08\/FB_IMG_1787641700823-scaled.jpg&#8221;]<\/p>\n<div class=\"td_block_wrap tdb_single_content tdi_123 td-pb-border-top td_block_template_1 td-post-content tagdiv-type\" data-td-block-uid=\"tdi_123\">\n<div class=\"tdb-block-inner td-fix-index\">\n<p><strong>Biroul de pres\u0103 al Inspectoratului de Poli\u021bie Jude\u021bean (IPJ) Vrancea:<\/strong><\/p>\n<p>La data de 25 august a.c., ora 08:30, poli\u021bi\u0219tii Biroului de Poli\u021bie Autostrada A7 Mizil \u2013 S\u0103b\u0103oani au fost sesiza\u021bi, prin SNUAU 112, cu privire la faptul c\u0103 un autoturism circula pe sensul opus de deplasare pe Autostrada A7 Mizil \u2013 S\u0103b\u0103oani, \u00een jude\u021bul Vrancea.<\/p>\n<p>\u00cen urma verific\u0103rilor efectuate, poli\u021bi\u0219tii au identificat, la scurt timp, autoturismul, stabilind c\u0103 acesta era condus de un b\u0103rbat, \u00een v\u00e2rst\u0103 de 86 de ani, din jude\u021bul Gala\u021bi.<\/p>\n<p>Conduc\u0103torul auto a fost sanc\u021bionat contraven\u021bional cu <strong>amend\u0103 \u00een valoare de 1.946,25 de lei, iar exercitarea dreptului de a conduce autovehicule pe drumurile publice i-a fost suspendat\u0103 pentru o perioad\u0103 de 120 de zile<\/strong>, \u00een conformitate cu prevederile legale.<\/p>\n<\/div>\n<\/div>\n<p>[analyse_source url=&#8221;https:\/\/www.monitoruldevrancea.ro\/2026\/08\/25\/sofer-de-86-de-ani-prins-pe-autostrada-a7-conducand-pe-sensul-opus-de-depasare-cum-a-fost-sanctionat-de-politisti\/&#8221;]<\/p>\n","protected":false},"excerpt":{"rendered":"<p>[analyse_image type=&#8221;featured&#8221; src=&#8221;https:\/\/www.monitoruldevrancea.ro\/wp-content\/uploads\/2026\/08\/FB_IMG_1787641700823-scaled.jpg&#8221;] Biroul de pres\u0103 al Inspectoratului de Poli\u021bie Jude\u021bean (IPJ) Vrancea: La data de 25 august a.c., ora 08:30, poli\u021bi\u0219tii Biroului de Poli\u021bie Autostrada A7 Mizil \u2013 S\u0103b\u0103oani au fost sesiza\u021bi, prin SNUAU 112, cu privire la faptul c\u0103 un autoturism circula pe sensul opus de deplasare pe Autostrada A7 Mizil \u2013 S\u0103b\u0103oani, [&hellip;]<\/p>\n","protected":false},"author":1,"featured_media":0,"comment_status":"open","ping_status":"","sticky":false,"template":"","format":"standard","meta":{"footnotes":""},"categories":[89],"tags":[226,209],"class_list":["post-2110536","post","type-post","status-publish","format-standard","hentry","category-romania","tag-crawlmanager","tag-monitoruldevrancea-ro"],"_links":{"self":[{"href":"https:\/\/analyse.optim.biz\/index.php?rest_route=\/wp\/v2\/posts\/2110536","targetHints":{"allow":["GET"]}}],"collection":[{"href":"https:\/\/analyse.optim.biz\/index.php?rest_route=\/wp\/v2\/posts"}],"about":[{"href":"https:\/\/analyse.optim.biz\/index.php?rest_route=\/wp\/v2\/types\/post"}],"author":[{"embeddable":true,"href":"https:\/\/analyse.optim.biz\/index.php?rest_route=\/wp\/v2\/users\/1"}],"replies":[{"embeddable":true,"href":"https:\/\/analyse.optim.biz\/index.php?rest_route=%2Fwp%2Fv2%2Fcomments&post=2110536"}],"version-history":[{"count":0,"href":"https:\/\/analyse.optim.biz\/index.php?rest_route=\/wp\/v2\/posts\/2110536\/revisions"}],"wp:attachment":[{"href":"https:\/\/analyse.optim.biz\/index.php?rest_route=%2Fwp%2Fv2%2Fmedia&parent=2110536"}],"wp:term":[{"taxonomy":"category","embeddable":true,"href":"https:\/\/analyse.optim.biz\/index.php?rest_route=%2Fwp%2Fv2%2Fcategories&post=2110536"},{"taxonomy":"post_tag","embeddable":true,"href":"https:\/\/analyse.optim.biz\/index.php?rest_route=%2Fwp%2Fv2%2Ftags&post=2110536"}],"curies":[{"name":"wp","href":"https:\/\/api.w.org\/{rel}","templated":true}]}}