{"id":2110532,"date":"2026-08-24T21:00:00","date_gmt":"2026-08-24T18:00:00","guid":{"rendered":"https:\/\/analyse.optim.biz\/?p=2110532"},"modified":"2026-08-24T21:00:00","modified_gmt":"2026-08-24T18:00:00","slug":"video-vrancenii-sunt-invitati-duminica-la-festivalul-la-muchia-bradului-de-la-nereju","status":"publish","type":"post","link":"https:\/\/analyse.optim.biz\/?p=2110532","title":{"rendered":"VIDEO! Vr\u00e2ncenii sunt invita\u021bi, duminic\u0103,\u00a0la festivalul \u201dLa Muchia Bradului\u201d de la Nereju"},"content":{"rendered":"<p>[analyse_image type=&#8221;featured&#8221; src=&#8221;https:\/\/www.monitoruldevrancea.ro\/wp-content\/uploads\/2026\/08\/2026-08-25_09.57.56.jpg&#8221;]<\/p>\n<div class=\"td_block_wrap tdb_single_content tdi_123 td-pb-border-top td_block_template_1 td-post-content tagdiv-type\" data-td-block-uid=\"tdi_123\">\n<div class=\"tdb-block-inner td-fix-index\">\n<p>Pe <strong>30 august<\/strong>, Consiliul Jude\u021bean Vrancea prin OMD Vin \u00een Vrancea \u00a0v\u0103 invit\u0103 s\u0103 trece\u021bi dincolo de lumea \u0219tiut\u0103 \u0219i s\u0103 p\u0103\u0219i\u021bi \u00eentr-un t\u0103r\u00e2m de poveste din inima mun\u021bilor Vrancei: <strong>Nereju<\/strong>, vatr\u0103 folcloric\u0103 autentic\u0103 \u0219i un adev\u0103rat p\u0103str\u0103tor al tradi\u021biilor str\u0103vechi din \u021aara Vrancei.<\/p>\n<p>Nereju este <strong>leag\u0103nul sacru unde d\u0103inuie\u0219te Chip\u0103ru\u0219ul<\/strong>, poate cel mai vechi \u0219i enigmatic dans ritualic din Europa, o mo\u0219tenire r\u0103mas\u0103 vie din ad\u00e2ncul timpurilor dacice.<\/p>\n<p>Pl\u0103m\u0103dit din legende \u0219i crezuri str\u0103mo\u0219e\u0219ti, <strong>Chip\u0103ru\u0219ul<\/strong> n-a fost niciodat\u0103 un simplu joc, ci o punte secret\u0103 \u00eentre v\u0103zut \u0219i nev\u0103zut. \u00cen nop\u021bile de priveghi, c\u00e2nd o fiin\u021b\u0103 \u00ee\u0219i \u00eencepea marea trecere, umbrele prindeau via\u021b\u0103. B\u0103rba\u021bi \u00eenv\u0103lui\u021bi \u00een mister, purt\u00e2nd m\u0103\u0219ti \u00eenfrico\u0219\u0103toare din piele de oaie sau coaj\u0103 de mesteac\u0103n, \u00eempodobite cu pene \u0219i coarne \u0219i \u00eencing\u00e2ndu-\u0219i br\u00e2ul cu t\u0103l\u0103ngi grele , porneau un dans hipnotic \u00een jurul unui foc viu.<\/p>\n<p><strong>M\u0103\u0219tile arhaice<\/strong> le ascundeau chipul pentru a p\u0103c\u0103li moartea \u0219i a izgoni duhurile \u00eentunericului, <strong>Focul sacru<\/strong> ardea hotarul dintre lumi, cur\u0103\u021b\u00e2nd v\u0103zduhul \u0219i lumin\u00e2nd drumul sufletului c\u0103tre ve\u0219nicie, <strong>S\u0103riturile dezn\u0103d\u0103jduite \u0219i ropotul metalic al t\u0103l\u0103ngilor<\/strong> sp\u0103rgeau t\u0103cerea, alung\u00e2nd jalea \u0219i amintind c\u0103 via\u021ba \u0219i moartea se \u00eempletesc \u00eentr-un ritm etern.<\/p>\n<p>\u00cen cadrul festivalului, to\u021bi cei care vor trece pragul Nerejului vor avea parte de o experien\u021b\u0103 memorabil\u0103 pentru suflet \u0219i sim\u021buri. Al\u0103turi de <strong>me\u0219terii populari<\/strong>, <strong>produc\u0103torii locali<\/strong> \u0219i gospodarii de la <strong>Punctele Gastronomice Locale (PGL)<\/strong>, ve\u021bi descoperi adev\u0103rata comoar\u0103 a satului vr\u00e2ncean:<\/p>\n<ul class=\"wp-block-list\">\n<li><strong>Me\u0219terii populari din Nereju \u0219i din zon\u0103<\/strong>, f\u0103uritori de m\u0103\u0219ti arhaice, cioplitori \u00een lemn, p\u00e2n\u0103 la iscusitele \u021bes\u0103toare ale locului, cele care dau via\u021b\u0103 iilor cusute manual, to\u021bi p\u0103str\u0103tori ai me\u0219te\u0219ugurilor vechi, v\u0103 vor ar\u0103ta cum prind via\u021b\u0103 simbolurile str\u0103mo\u0219e\u0219ti.<\/li>\n<li><strong>Punctele Gastronomice Locale (PGL)<\/strong> \u0219i gospodinele locului v\u0103 vor r\u0103sf\u0103\u021ba cu bucate tradi\u021bionale preg\u0103tite dup\u0103 re\u021bete tradi\u021bionale, ce readuc gustul copil\u0103riei.<\/li>\n<li><strong>Produc\u0103torii locali<\/strong> v\u0103 vor \u00eent\u00e2mpina cu roade curate din gospod\u0103riile lor, f\u0103cute dup\u0103 re\u021bete transmise din genera\u021bie \u00een genera\u021bie.<\/li>\n<\/ul>\n<p>Ast\u0103zi, misterul de alt\u0103dat\u0103 vibreaz\u0103 \u00eenc\u0103 la Nereju. M\u0103\u0219tile vechi vegheaz\u0103, d\u0103l\u021bile me\u0219terilor dau form\u0103 lemnului, ceaunele dau \u00een clocot, iar ecoul Chip\u0103ru\u0219ului, cheam\u0103 pe oricine vrea s\u0103 simt\u0103 magia pur\u0103 a Vrancei profunde.<\/p>\n<p>Veni\u021bi duminic\u0103 pe 30 august, ora 12:00, \u00a0la festivalul \u201dLa Muchia Bradului\u201d de la Nereju!<\/p>\n<p>L\u0103sa\u021bi-v\u0103 purta\u021bi de vraja folclorului str\u0103bun, admira\u021bi m\u0103iestria me\u0219terilor populari, tr\u0103i\u021bi bucuria bucatelor de alt\u0103dat\u0103 \u0219i descoperi\u021bi o lume ce pare desprins\u0103 din basme!<\/p>\n<\/div>\n<\/div>\n<p>[analyse_source url=&#8221;https:\/\/www.monitoruldevrancea.ro\/2026\/08\/25\/video-vrancenii-sunt-invitati-duminica-la-festivalul-la-muchia-bradului-de-la-nereju\/&#8221;]<\/p>\n","protected":false},"excerpt":{"rendered":"<p>[analyse_image type=&#8221;featured&#8221; src=&#8221;https:\/\/www.monitoruldevrancea.ro\/wp-content\/uploads\/2026\/08\/2026-08-25_09.57.56.jpg&#8221;] Pe 30 august, Consiliul Jude\u021bean Vrancea prin OMD Vin \u00een Vrancea \u00a0v\u0103 invit\u0103 s\u0103 trece\u021bi dincolo de lumea \u0219tiut\u0103 \u0219i s\u0103 p\u0103\u0219i\u021bi \u00eentr-un t\u0103r\u00e2m de poveste din inima mun\u021bilor Vrancei: Nereju, vatr\u0103 folcloric\u0103 autentic\u0103 \u0219i un adev\u0103rat p\u0103str\u0103tor al tradi\u021biilor str\u0103vechi din \u021aara Vrancei. Nereju este leag\u0103nul sacru unde d\u0103inuie\u0219te Chip\u0103ru\u0219ul, poate [&hellip;]<\/p>\n","protected":false},"author":1,"featured_media":0,"comment_status":"open","ping_status":"","sticky":false,"template":"","format":"standard","meta":{"footnotes":""},"categories":[89],"tags":[226,209],"class_list":["post-2110532","post","type-post","status-publish","format-standard","hentry","category-romania","tag-crawlmanager","tag-monitoruldevrancea-ro"],"_links":{"self":[{"href":"https:\/\/analyse.optim.biz\/index.php?rest_route=\/wp\/v2\/posts\/2110532","targetHints":{"allow":["GET"]}}],"collection":[{"href":"https:\/\/analyse.optim.biz\/index.php?rest_route=\/wp\/v2\/posts"}],"about":[{"href":"https:\/\/analyse.optim.biz\/index.php?rest_route=\/wp\/v2\/types\/post"}],"author":[{"embeddable":true,"href":"https:\/\/analyse.optim.biz\/index.php?rest_route=\/wp\/v2\/users\/1"}],"replies":[{"embeddable":true,"href":"https:\/\/analyse.optim.biz\/index.php?rest_route=%2Fwp%2Fv2%2Fcomments&post=2110532"}],"version-history":[{"count":0,"href":"https:\/\/analyse.optim.biz\/index.php?rest_route=\/wp\/v2\/posts\/2110532\/revisions"}],"wp:attachment":[{"href":"https:\/\/analyse.optim.biz\/index.php?rest_route=%2Fwp%2Fv2%2Fmedia&parent=2110532"}],"wp:term":[{"taxonomy":"category","embeddable":true,"href":"https:\/\/analyse.optim.biz\/index.php?rest_route=%2Fwp%2Fv2%2Fcategories&post=2110532"},{"taxonomy":"post_tag","embeddable":true,"href":"https:\/\/analyse.optim.biz\/index.php?rest_route=%2Fwp%2Fv2%2Ftags&post=2110532"}],"curies":[{"name":"wp","href":"https:\/\/api.w.org\/{rel}","templated":true}]}}