{"id":2110530,"date":"2026-08-24T21:00:00","date_gmt":"2026-08-24T18:00:00","guid":{"rendered":"https:\/\/analyse.optim.biz\/?p=2110530"},"modified":"2026-08-24T21:00:00","modified_gmt":"2026-08-24T18:00:00","slug":"foto-un-mort-si-trei-raniti-grav-printre-care-un-copil-de-3-ani-in-urma-coliziunii-dintre-doua-autoturisme-pe-dn2-zona-sascut","status":"publish","type":"post","link":"https:\/\/analyse.optim.biz\/?p=2110530","title":{"rendered":"FOTO! Un MORT \u0219i trei r\u0103ni\u021bi grav, printre care un copil de 3 ani, \u00een urma coliziunii dintre dou\u0103 autoturisme pe DN2, zona Sascut"},"content":{"rendered":"<p>[analyse_image type=&#8221;featured&#8221; src=&#8221;https:\/\/www.monitoruldevrancea.ro\/wp-content\/uploads\/2026\/08\/31750.webp&#8221;]<\/p>\n<div class=\"td_block_wrap tdb_single_content tdi_123 td-pb-border-top td_block_template_1 td-post-content tagdiv-type\" data-td-block-uid=\"tdi_123\">\n<div class=\"tdb-block-inner td-fix-index\">\n<p><strong>Comunicat al Serviciului de Ambulan\u021b\u0103 Jude\u021bean (SAJ) Vrancea:<\/strong><\/p>\n<p><strong><em>Accident rutier deosebit gratrv pe DN2- E85, la Sascut. Un b\u0103rbat a decedat \u0219i trei r\u0103ni\u021bi au ajuns la spital<\/em><\/strong><\/p>\n<p>\u00cen aceast\u0103 diminea\u021b\u0103 \u00een jurul orei 05:23, dispeceratul Serviciului de Ambulan\u021b\u0103 Jude\u021bean Vrancea a fost alertat prin apel la num\u0103rul unic de urgen\u021b\u0103 112, despre producerea unui impact frontal violent \u00eentre dou\u0103 autoturisme pe DN2- E85.<\/p>\n<p>Accidentul a avut loc la limita teritorial\u0103 dintre jude\u021bele Vrancea \u0219i Bac\u0103u, pe sectorul de drum dintre municipiul Adjud \u0219i localitatea Sascut.<\/p>\n<p>Av\u00e2nd \u00een vedere gravitatea coliziunii \u0219i num\u0103rul de persoane implicate, dispeceratul a alertat \u0219i direc\u021bionat imediat for\u021be de interven\u021bie din ambele jude\u021be.<\/p>\n<p>Din cadrul structurilor din Vrancea au fost mobilizate de urgen\u021b\u0103:<\/p>\n<ul class=\"wp-block-list\">\n<li>dou\u0103 ambulan\u021be cu asistent de la Substa\u021bia Adjud;<\/li>\n<li>o ambulan\u021b\u0103 cu medic de la Sta\u021bia Central\u0103 Foc\u0219ani;<\/li>\n<li>modulul SMURD din cadrul ISU Vrancea.<\/li>\n<\/ul>\n<p>\u00cen sprijinul acestora, de la nivelul jude\u021bului vecin, au fost direc\u021bionate dou\u0103 ambulan\u021be de la SAJ Bac\u0103u.<\/p>\n<p>La locul evenimentului au fost identificate patru victime, starea acestora dup\u0103 acordarea primului ajutor fiind urm\u0103toarea: \u00centr-unul dintre autoturisme a fost g\u0103sit\u0103 o familie format\u0103 din trei membri:<\/p>\n<ul class=\"wp-block-list\">\n<li>t\u00e2n\u0103r\u0103 de 21 de ani, gravid\u0103, con\u0219tient\u0103 prezent\u00e2nd traumatisme la nivelul membrelor inferioare \u0219i traumatism lombar;<\/li>\n<li>feti\u021b\u0103 \u00een v\u00e2rst\u0103 de 3 ani, care a suferit un traumatism cranio-cerebral deschis;<\/li>\n<li>b\u0103rbat \u00een v\u00e2rst\u0103 de 28 de ani, cu traumatism cranio-cerebral \u0219i traumatism lombar.<\/li>\n<\/ul>\n<p>To\u021bi cei trei pacien\u021bi au fost stabiliza\u021bi la fa\u021ba locului \u0219i transporta\u021bi ini\u021bial la Compartimentul de Primiri Urgen\u021be al Spitalului Municipal Adjud pentru evaluare \u0219i asisten\u021b\u0103 critic\u0103 imediat\u0103. Ulterior, toate cele trei victime au fost transferate la Spitalul din Bac\u0103u pentru investiga\u021bii medicale complexe \u0219i tratament de specialitate.<\/p>\n<p>\u00cen cel de-al doilea autoturism a fost identificat un b\u0103rbat \u00een v\u00e2rst\u0103 de 52 de ani, \u00eencarcerat \u0219i incon\u0219tient, aflat \u00een stop cardio-respirator.<br \/>Imediat dup\u0103 extragerea sa din fiarele contorsionate ale ma\u0219inii de c\u0103tre echipajul de descarcerare, echipele medicale au aplicat protocoalele de urgen\u021b\u0103. Manevrele avansate de resuscitare cardio-respiratorie au fost efectuate la fa\u021ba locului timp de aproximativ 45 de minute. Din p\u0103cate, organismul victimei nu a r\u0103spuns la eforturile depuse, fiind declarat decesul de c\u0103tre medicul aflat la locul accidentului.<\/p>\n<p><strong><em>Surs\u0103 foto: bacau.NET \/ unupetrotus.ro<\/em><\/strong><\/p>\n<figure class=\"wp-block-image size-full\"><img loading=\"lazy\" decoding=\"async\" width=\"899\" height=\"668\" src=\"https:\/\/www.monitoruldevrancea.ro\/wp-content\/uploads\/2026\/08\/31751.webp\" alt class=\"wp-image-728331\"><\/figure>\n<figure class=\"wp-block-image size-large\"><img loading=\"lazy\" decoding=\"async\" width=\"1024\" height=\"629\" src=\"https:\/\/www.monitoruldevrancea.ro\/wp-content\/uploads\/2026\/08\/Screenshot_20260825_081024_Opera-1024x629.jpg\" alt class=\"wp-image-728326\"><\/figure>\n<figure class=\"wp-block-image size-large\"><img loading=\"lazy\" decoding=\"async\" width=\"1024\" height=\"593\" src=\"https:\/\/www.monitoruldevrancea.ro\/wp-content\/uploads\/2026\/08\/31754-1024x593.jpg\" alt class=\"wp-image-728334\"><\/figure>\n<\/div>\n<\/div>\n<p>[analyse_source url=&#8221;https:\/\/www.monitoruldevrancea.ro\/2026\/08\/25\/un-mort-si-trei-raniti-grav-printre-care-un-copil-de-3-ani-in-urma-coluziunii-dintre-doua-autoturisme-pe-dn2-zona-sascut\/&#8221;]<\/p>\n","protected":false},"excerpt":{"rendered":"<p>[analyse_image type=&#8221;featured&#8221; src=&#8221;https:\/\/www.monitoruldevrancea.ro\/wp-content\/uploads\/2026\/08\/31750.webp&#8221;] Comunicat al Serviciului de Ambulan\u021b\u0103 Jude\u021bean (SAJ) Vrancea: Accident rutier deosebit gratrv pe DN2- E85, la Sascut. Un b\u0103rbat a decedat \u0219i trei r\u0103ni\u021bi au ajuns la spital \u00cen aceast\u0103 diminea\u021b\u0103 \u00een jurul orei 05:23, dispeceratul Serviciului de Ambulan\u021b\u0103 Jude\u021bean Vrancea a fost alertat prin apel la num\u0103rul unic de urgen\u021b\u0103 112, [&hellip;]<\/p>\n","protected":false},"author":1,"featured_media":0,"comment_status":"open","ping_status":"","sticky":false,"template":"","format":"standard","meta":{"footnotes":""},"categories":[89],"tags":[226,209],"class_list":["post-2110530","post","type-post","status-publish","format-standard","hentry","category-romania","tag-crawlmanager","tag-monitoruldevrancea-ro"],"_links":{"self":[{"href":"https:\/\/analyse.optim.biz\/index.php?rest_route=\/wp\/v2\/posts\/2110530","targetHints":{"allow":["GET"]}}],"collection":[{"href":"https:\/\/analyse.optim.biz\/index.php?rest_route=\/wp\/v2\/posts"}],"about":[{"href":"https:\/\/analyse.optim.biz\/index.php?rest_route=\/wp\/v2\/types\/post"}],"author":[{"embeddable":true,"href":"https:\/\/analyse.optim.biz\/index.php?rest_route=\/wp\/v2\/users\/1"}],"replies":[{"embeddable":true,"href":"https:\/\/analyse.optim.biz\/index.php?rest_route=%2Fwp%2Fv2%2Fcomments&post=2110530"}],"version-history":[{"count":0,"href":"https:\/\/analyse.optim.biz\/index.php?rest_route=\/wp\/v2\/posts\/2110530\/revisions"}],"wp:attachment":[{"href":"https:\/\/analyse.optim.biz\/index.php?rest_route=%2Fwp%2Fv2%2Fmedia&parent=2110530"}],"wp:term":[{"taxonomy":"category","embeddable":true,"href":"https:\/\/analyse.optim.biz\/index.php?rest_route=%2Fwp%2Fv2%2Fcategories&post=2110530"},{"taxonomy":"post_tag","embeddable":true,"href":"https:\/\/analyse.optim.biz\/index.php?rest_route=%2Fwp%2Fv2%2Ftags&post=2110530"}],"curies":[{"name":"wp","href":"https:\/\/api.w.org\/{rel}","templated":true}]}}