{"id":2110522,"date":"2026-08-24T21:00:00","date_gmt":"2026-08-24T18:00:00","guid":{"rendered":"https:\/\/analyse.optim.biz\/?p=2110522"},"modified":"2026-08-24T21:00:00","modified_gmt":"2026-08-24T18:00:00","slug":"de-ziua-independentei-ucrainei-maia-sandu-i-a-conferit-presedintelui-volodimir-zelenski-ordinul-republicii-2","status":"publish","type":"post","link":"https:\/\/analyse.optim.biz\/?p=2110522","title":{"rendered":"De Ziua Independen\u021bei Ucrainei, Maia Sandu i-a conferit pre\u0219edintelui Volodimir Zelenski \u201eOrdinul Republicii\u201d"},"content":{"rendered":"<p>[analyse_image type=&#8221;featured&#8221; src=&#8221;https:\/\/www.monitoruldevrancea.ro\/wp-content\/uploads\/2026\/08\/maia-sandu.jpg&#8221;]<\/p>\n<div class=\"td_block_wrap tdb_single_content tdi_123 td-pb-border-top td_block_template_1 td-post-content tagdiv-type\" data-td-block-uid=\"tdi_123\">\n<div class=\"tdb-block-inner td-fix-index\">\n<p>Pre\u0219edinta Republicii Moldova, <strong><em>Maia Sandu<\/em><\/strong>, i-a conferit luni omologului s\u0103u ucrainean, <strong><em>Volodimir Zelenski<\/em><\/strong>, \u201eOrdinul Republicii\u201d, cea mai \u00eenalt\u0103 distinc\u021bie de stat a Republicii Moldova, pentru contribu\u021bia excep\u021bional\u0103 la ap\u0103rarea p\u0103cii \u0219i a libert\u0103\u021bii pe continentul european \u0219i \u00een semn de recuno\u0219tin\u021b\u0103 a poporului Republicii Moldova fa\u021b\u0103 de curajul poporului ucrainean, informeaz\u0103 Moldpres.<\/p>\n<p>\u201e<strong><em>De patru ani \u0219i jum\u0103tate, ucrainenii \u00ee\u0219i ap\u0103r\u0103 \u021bara, iar prin curajul lor ap\u0103r\u0103 pacea pe \u00eentreg continentul. Moldova tr\u0103ie\u0219te \u00een pace \u0219i datorit\u0103 acestui curaj<\/em><\/strong>\u201d, a declarat <strong><em>Maia Sandu<\/em><\/strong>.<\/p>\n<p>Distinc\u021bia i-a fost conferit\u0103 \u0219efului statului ucrainean \u00een contextul evenimentelor dedicate s\u0103rb\u0103toririi a 35 de ani de la proclamarea independen\u021bei Ucrainei. Pre\u0219edinta <strong><em>Maia Sandu<\/em><\/strong> s-a aflat luni la Kiev pentru a fi al\u0103turi de poporul ucrainean, \u00eempreun\u0103 cu al\u021bi lideri europeni, potrivit sursei citate.<\/p>\n<p>\u00cen cadrul vizitei, \u0219efa statului a participat \u0219i la reuniunea Coali\u021biei de Voin\u021b\u0103, un grup de state care \u0219i-au unit eforturile \u00een sprijinul Ucrainei. La r\u00e2ndul s\u0103u, prim-ministrul <strong><em>Vasile Tofan<\/em><\/strong> a declarat c\u0103 Republica Moldova este \u0219i va r\u0103m\u00e2ne un vecin de \u00eencredere \u0219i un partener ferm al Ucrainei. (\u2026)<\/p>\n<p>\u201e<strong><em>Ucraina s\u0103rb\u0103tore\u0219te 35 de ani de independen\u021b\u0103. Cu aceast\u0103 ocazie, vreau s\u0103 transmit poporului ucrainean un mesaj de profund de respect \u0219i solidaritate. Am tr\u0103it \u0219i am lucrat mai bine de zece ani la Kiev<\/em><\/strong>.\u00a0<\/p>\n<p><strong><em>Acolo am cunoscut \u00eendeaproape puterea, generozitatea \u0219i demnitatea ucrainenilor \u2013 prin antreprenorii al\u0103turi de care am construit, prin studen\u021bii c\u0103rora le-am predat \u0219i prin mul\u021bi prieteni care ast\u0103zi \u00ee\u0219i ap\u0103r\u0103 \u021bara<\/em><\/strong>\u201d, a afirmat <strong><em>Vasile Tofan<\/em><\/strong>.\u00a0<\/p>\n<\/div>\n<\/div>\n<p>[analyse_source url=&#8221;https:\/\/www.monitoruldevrancea.ro\/2026\/08\/25\/de-ziua-independentei-ucrainei-maia-sandu-i-a-conferit-presedintelui-volodimir-zelenski-ordinul-republicii\/&#8221;]<\/p>\n","protected":false},"excerpt":{"rendered":"<p>[analyse_image type=&#8221;featured&#8221; src=&#8221;https:\/\/www.monitoruldevrancea.ro\/wp-content\/uploads\/2026\/08\/maia-sandu.jpg&#8221;] Pre\u0219edinta Republicii Moldova, Maia Sandu, i-a conferit luni omologului s\u0103u ucrainean, Volodimir Zelenski, \u201eOrdinul Republicii\u201d, cea mai \u00eenalt\u0103 distinc\u021bie de stat a Republicii Moldova, pentru contribu\u021bia excep\u021bional\u0103 la ap\u0103rarea p\u0103cii \u0219i a libert\u0103\u021bii pe continentul european \u0219i \u00een semn de recuno\u0219tin\u021b\u0103 a poporului Republicii Moldova fa\u021b\u0103 de curajul poporului ucrainean, informeaz\u0103 Moldpres. [&hellip;]<\/p>\n","protected":false},"author":1,"featured_media":0,"comment_status":"open","ping_status":"","sticky":false,"template":"","format":"standard","meta":{"footnotes":""},"categories":[89],"tags":[226,209],"class_list":["post-2110522","post","type-post","status-publish","format-standard","hentry","category-romania","tag-crawlmanager","tag-monitoruldevrancea-ro"],"_links":{"self":[{"href":"https:\/\/analyse.optim.biz\/index.php?rest_route=\/wp\/v2\/posts\/2110522","targetHints":{"allow":["GET"]}}],"collection":[{"href":"https:\/\/analyse.optim.biz\/index.php?rest_route=\/wp\/v2\/posts"}],"about":[{"href":"https:\/\/analyse.optim.biz\/index.php?rest_route=\/wp\/v2\/types\/post"}],"author":[{"embeddable":true,"href":"https:\/\/analyse.optim.biz\/index.php?rest_route=\/wp\/v2\/users\/1"}],"replies":[{"embeddable":true,"href":"https:\/\/analyse.optim.biz\/index.php?rest_route=%2Fwp%2Fv2%2Fcomments&post=2110522"}],"version-history":[{"count":0,"href":"https:\/\/analyse.optim.biz\/index.php?rest_route=\/wp\/v2\/posts\/2110522\/revisions"}],"wp:attachment":[{"href":"https:\/\/analyse.optim.biz\/index.php?rest_route=%2Fwp%2Fv2%2Fmedia&parent=2110522"}],"wp:term":[{"taxonomy":"category","embeddable":true,"href":"https:\/\/analyse.optim.biz\/index.php?rest_route=%2Fwp%2Fv2%2Fcategories&post=2110522"},{"taxonomy":"post_tag","embeddable":true,"href":"https:\/\/analyse.optim.biz\/index.php?rest_route=%2Fwp%2Fv2%2Ftags&post=2110522"}],"curies":[{"name":"wp","href":"https:\/\/api.w.org\/{rel}","templated":true}]}}