{"id":2110387,"date":"2026-08-21T13:00:00","date_gmt":"2026-08-21T10:00:00","guid":{"rendered":"https:\/\/analyse.optim.biz\/?p=2110387"},"modified":"2026-08-21T13:00:00","modified_gmt":"2026-08-21T10:00:00","slug":"info-transbus-lucrarile-de-reabilitare-de-pe-strada-frasinet-tronson-chiristigii-mesteacanului-genereaza-modificari-temporare-pentru-traseele-3-5-5b-si-z122","status":"publish","type":"post","link":"https:\/\/analyse.optim.biz\/?p=2110387","title":{"rendered":"Info Transbus | Lucr\u0103rile de reabilitare de pe strada Fr\u0103sinet (tronson Chiristigii \u2013 Mesteac\u0103nului ) genereaz\u0103 modific\u0103ri temporare pentru traseele 3, 5, 5B \u0219i Z122"},"content":{"rendered":"<p>[analyse_image type=&#8221;featured&#8221; src=&#8221;https:\/\/www.campusbuzau.ro\/wp-content\/uploads\/2026\/08\/lucrari-frasinet-intesectie-chiristigii-mesteacanului.jpghttps:\/\/www.campusbuzau.ro\/wp-content\/uploads\/2026\/08\/lucrari-frasinet-intesectie-chiristigii-mesteacanului.jpg&#8221;]<\/p>\n<div class=\"entry-content\">\n<p><strong><em><mark class=\"has-inline-color has-maincolor-color\">Stima\u021bi c\u0103l\u0103tori, \u00eencep\u00e2nd de luni, 24 august 2026, ca urmare a lucr\u0103rilor de reabilitare \u0219i modernizare a str\u0103zii Fr\u0103sinet \u2013 infrastructur\u0103 rutier\u0103, pietonal\u0103 \u0219i amenajarea spa\u021biilor verzi \u2013 vor fi instituite temporar modific\u0103ri de circula\u021bie care impun devierea unor trasee Trans Bus.<\/mark><\/em><\/strong><\/p>\n<p>Pe strada Fr\u0103sinet, pe tronsonul cuprins \u00eentre sensul giratoriu de la intersec\u021bia str\u0103zilor Chiristigii \u2013 Fr\u0103sinet \u0219i intersec\u021bia str\u0103zilor Fr\u0103sinet \u2013 Mesteac\u0103nului, circula\u021bia rutier\u0103 se va desf\u0103\u0219ura \u00een sens unic.<\/p>\n<p>\u00cen aceste condi\u021bii, traseele 3, 5, 5B \u0219i Z122 vor fi modificate temporar dup\u0103 cum urmeaz\u0103:<\/p>\n<p><strong>TRASEUL 3<\/strong><\/p>\n<p>Sens Dedeman \u2192 Centrul Schengen<\/p>\n<p><em><strong><mark class=\"has-inline-color has-maincolor-color\">Autobuzele vor circula pe ruta:<\/mark><\/strong><\/em><\/p>\n<p>Dedeman \u2192 R\u00e2u Buz\u0103u (Aqua Max) \u2192 Diego \u2192 Episcopiei (Prutului) \u2192 Catedral\u0103, apoi vor continua pe traseul actual.<\/p>\n<p>Sens Centrul Schengen \u2192 Dedeman<\/p>\n<p>Traseul r\u0103m\u00e2ne nemodificat.<\/p>\n<p><strong>TRASEELE 5, 5B \u0218I Z122<\/strong><\/p>\n<p>Sens Micro XIV \u2192 Aleea Sporturilor<\/p>\n<p><strong><em><mark class=\"has-inline-color has-maincolor-color\">Autobuzele vor circula pe ruta:<\/mark><\/em><\/strong><\/p>\n<p>Micro XIV \u2192 Bd. Unirii \u2192 Episcopiei \u2192 Carrefour E85 (Avion) \u2192 sens giratoriu Cartier Orizont \u2192 Diego \u2192 Episcopie \u2192 Bazar \u2192 Str. Mesteac\u0103nului \u2192 Aleea Sporturilor, apoi vor continua pe traseele actuale.<\/p>\n<p>Sens Aleea Sporturilor \u2192 Micro XIV<\/p>\n<\/div>\n<p>[analyse_source url=&#8221;https:\/\/www.campusbuzau.ro\/info-transbus-modificari-temporare-pentru-traseele-3-5-5b-si-z122\/&#8221;]<\/p>\n","protected":false},"excerpt":{"rendered":"<p>[analyse_image type=&#8221;featured&#8221; src=&#8221;https:\/\/www.campusbuzau.ro\/wp-content\/uploads\/2026\/08\/lucrari-frasinet-intesectie-chiristigii-mesteacanului.jpghttps:\/\/www.campusbuzau.ro\/wp-content\/uploads\/2026\/08\/lucrari-frasinet-intesectie-chiristigii-mesteacanului.jpg&#8221;] Stima\u021bi c\u0103l\u0103tori, \u00eencep\u00e2nd de luni, 24 august 2026, ca urmare a lucr\u0103rilor de reabilitare \u0219i modernizare a str\u0103zii Fr\u0103sinet \u2013 infrastructur\u0103 rutier\u0103, pietonal\u0103 \u0219i amenajarea spa\u021biilor verzi \u2013 vor fi instituite temporar modific\u0103ri de circula\u021bie care impun devierea unor trasee Trans Bus. Pe strada Fr\u0103sinet, pe tronsonul cuprins \u00eentre sensul giratoriu de [&hellip;]<\/p>\n","protected":false},"author":1,"featured_media":0,"comment_status":"open","ping_status":"","sticky":false,"template":"","format":"standard","meta":{"footnotes":""},"categories":[2],"tags":[118,226],"class_list":["post-2110387","post","type-post","status-publish","format-standard","hentry","category-politics","tag-campusbuzau-ro","tag-crawlmanager"],"_links":{"self":[{"href":"https:\/\/analyse.optim.biz\/index.php?rest_route=\/wp\/v2\/posts\/2110387","targetHints":{"allow":["GET"]}}],"collection":[{"href":"https:\/\/analyse.optim.biz\/index.php?rest_route=\/wp\/v2\/posts"}],"about":[{"href":"https:\/\/analyse.optim.biz\/index.php?rest_route=\/wp\/v2\/types\/post"}],"author":[{"embeddable":true,"href":"https:\/\/analyse.optim.biz\/index.php?rest_route=\/wp\/v2\/users\/1"}],"replies":[{"embeddable":true,"href":"https:\/\/analyse.optim.biz\/index.php?rest_route=%2Fwp%2Fv2%2Fcomments&post=2110387"}],"version-history":[{"count":0,"href":"https:\/\/analyse.optim.biz\/index.php?rest_route=\/wp\/v2\/posts\/2110387\/revisions"}],"wp:attachment":[{"href":"https:\/\/analyse.optim.biz\/index.php?rest_route=%2Fwp%2Fv2%2Fmedia&parent=2110387"}],"wp:term":[{"taxonomy":"category","embeddable":true,"href":"https:\/\/analyse.optim.biz\/index.php?rest_route=%2Fwp%2Fv2%2Fcategories&post=2110387"},{"taxonomy":"post_tag","embeddable":true,"href":"https:\/\/analyse.optim.biz\/index.php?rest_route=%2Fwp%2Fv2%2Ftags&post=2110387"}],"curies":[{"name":"wp","href":"https:\/\/api.w.org\/{rel}","templated":true}]}}