{"id":2110378,"date":"2026-08-24T11:00:39","date_gmt":"2026-08-24T08:00:39","guid":{"rendered":"https:\/\/analyse.optim.biz\/?p=2110378"},"modified":"2026-08-24T11:00:39","modified_gmt":"2026-08-24T08:00:39","slug":"noaptea-muzeelor-la-sate-tururi-ghidate-gratuite-la-casa-vasile-voiculescu-din-parscov-stiri-din-surse","status":"publish","type":"post","link":"https:\/\/analyse.optim.biz\/?p=2110378","title":{"rendered":"Noaptea Muzeelor la Sate, tururi ghidate gratuite la Casa \u201eVasile Voiculescu\u201d din P\u00e2rscov &#8211; Stiri Din Surse"},"content":{"rendered":"<p>[analyse_image type=&#8221;featured&#8221; src=&#8221;https:\/\/stiridinsursebuzau.ro\/wp-content\/uploads\/2026\/08\/Messenger_creation_633A17C7-9B97-4FB6-838D-415F46B9EE51.jpeg&#8221;]<\/p>\n<article class=\"page-content-single small single\">\n<div id=\"stiri-2875124682\" class=\"stiri-inainte-de-continut-14 stiri-entity-placement\"><a href=\"https:\/\/www.shoppingcitybuzau.ro\/\" aria-label=\"NEPI_Buzau_Card Colac_1274x158\"><img decoding=\"async\" loading=\"lazy\" src=\"https:\/\/stiridinsursebuzau.ro\/wp-content\/uploads\/2026\/08\/NEPI_Buzau_Card-Colac_1274x158.jpg\" alt width=\"1274\" height=\"158\"><\/a><\/div>\n<div id=\"stiri-3523269467\" class=\"stiri-inainte-de-continut-3 stiri-entity-placement\"><a href=\"https:\/\/buzau.21k.ro\/\" aria-label=\"900\u00d7200\"><img decoding=\"async\" loading=\"lazy\" src=\"https:\/\/stiridinsursebuzau.ro\/wp-content\/uploads\/2026\/07\/900x200.gif\" alt width=\"900\" height=\"200\"><\/a><\/div>\n<p class=\"wp-block-paragraph\">Muzeul Jude\u021bean Buz\u0103u organizeaz\u0103 s\u00e2mb\u0103t\u0103, 29 august 2026, \u00eentre orele 18:00 \u0219i 22:00, la Casa Memorial\u0103 \u201eVasile Voiculescu\u201d din P\u00e2rscov, tururi ghidate gratuite, \u00een cadrul celei de-a IV-a edi\u021bii a \u201eNop\u021bii Muzeelor la Sate\u201d.<\/p>\n<p class=\"wp-block-paragraph\">Vizitatorii vor putea descoperi locuin\u021ba \u00een care s-a n\u0103scut \u0219i a tr\u0103it o parte important\u0103 din via\u021b\u0103 poetul, prozatorul \u0219i medicul Vasile Voiculescu, precum \u0219i informa\u021bii despre via\u021ba \u0219i opera acestuia.<\/p>\n<p class=\"wp-block-paragraph\">Casa memorial\u0103 se afl\u0103 la aproximativ 32 de kilometri de municipiul Buz\u0103u \u0219i reprezint\u0103 unul dintre obiectivele culturale importante ale jude\u021bului.<\/p>\n<p class=\"wp-block-paragraph\">Aceesul este gratuit! <\/p>\n<div class=\"post-views content-post post-48502 entry-meta load-static\" data-pvc-type=\"post\" data-pvc-id=\"48502\"><span class=\"post-views-label\">Vizualiz\u0103ri \u0219tire:<\/span><span class=\"post-views-count\">67<\/span><\/div>\n<div id=\"stiri-1470332887\" class=\"stiri-dupa-continut-2 stiri-entity-placement\"><a href=\"https:\/\/rapidservicebuzau.ro\/\" aria-label=\"RAPID SUPER SERVICE\"><img loading=\"lazy\" decoding=\"async\" src=\"https:\/\/stiridinsursebuzau.ro\/wp-content\/uploads\/2026\/02\/ChatGPT-Image-10-feb.-2026-22_24_01.png\" alt width=\"1536\" height=\"1024\"><\/a><\/div>\n<div id=\"stiri-2275750846\" class=\"stiri-dupa-continut_2 stiri-entity-placement\"><a href=\"https:\/\/www.facebook.com\/profile.php?id=61564932526740\" aria-label=\"Glamour Pizza &quot;la patrat&quot;\"><img decoding=\"async\" loading=\"lazy\" src=\"https:\/\/stiridinsursebuzau.ro\/wp-content\/uploads\/2026\/02\/ChatGPT-Image-10-feb.-2026-21_57_13.png\" alt=\"Glamour Pizza &quot;la patrat&quot;\" width=\"1536\" height=\"1024\"><\/a><\/div>\n<div id=\"stiri-2449647583\" class=\"stiri-dupa-continut_3 stiri-entity-placement\"><a href=\"https:\/\/www.facebook.com\/profile.php?id=61573613380169&amp;locale=ro_RO\" aria-label=\"ChatGPT Image 10 feb. 2026, 22_10_50\"><img decoding=\"async\" loading=\"lazy\" src=\"https:\/\/stiridinsursebuzau.ro\/wp-content\/uploads\/2026\/02\/ChatGPT-Image-10-feb.-2026-22_10_50.png\" alt width=\"1536\" height=\"1024\"><\/a><\/div>\n<div id=\"stiri-1210977025\" class=\"stiri-dupa-continut_4 stiri-entity-placement\"><a href=\"https:\/\/www.facebook.com\/profile.php?id=100077377992379\" aria-label=\"1536 cu 1024 pixeli\"><img decoding=\"async\" loading=\"lazy\" src=\"https:\/\/stiridinsursebuzau.ro\/wp-content\/uploads\/2026\/02\/ChatGPT-Image-20-feb.-2026-14_05_15.png\" alt=\"1536 cu 1024 pixeli\" width=\"1536\" height=\"1024\"><\/a><\/div>\n<div id=\"stiri-1531417273\" class=\"stiri-dupa-continut_5 stiri-entity-placement\"><img decoding=\"async\" loading=\"lazy\" src=\"https:\/\/stiridinsursebuzau.ro\/wp-content\/uploads\/2026\/02\/ChatGPT-Image-10-feb.-2026-23_00_56.png\" alt=\"piese tractoare\" width=\"1536\" height=\"1024\"><\/div>\n<nav class=\"navigation post-navigation\" aria-label=\"Articole\">\n<h2 class=\"screen-reader-text\">Navigare \u00een articole<\/h2>\n<div class=\"nav-links\">\n<div class=\"nav-previous\"><a href=\"https:\/\/stiridinsursebuzau.ro\/vali-vijelie-vine-astazi-la-naeni-sarbatoare-cu-muzica-populara-si-foc-de-artificii-la-glasul-pietrei\/\" rel=\"prev\">Vali Vijelie vine ast\u0103zi la N\u0103eni. S\u0103rb\u0103toare cu muzic\u0103 popular\u0103 \u0219i foc de artificii la \u201eGlasul Pietrei\u201d <\/a><\/div>\n<div class=\"nav-next\"><a href=\"https:\/\/stiridinsursebuzau.ro\/primaria-buzau-ofera-microgranturi-de-20-000-de-lei-pentru-proiecte-de-mediu-realizate-de-tineri\/\" rel=\"next\"> Prim\u0103ria Buz\u0103u ofer\u0103 microgranturi de 20.000 de lei pentru proiecte de mediu realizate de tineri<\/a><\/div>\n<\/div>\n<\/nav>\n<\/article>\n<article class=\"page-content-single small single\">\n<div id=\"stiri-2875124682\" class=\"stiri-inainte-de-continut-14 stiri-entity-placement\"><a href=\"https:\/\/www.shoppingcitybuzau.ro\/\" aria-label=\"NEPI_Buzau_Card Colac_1274x158\"><img decoding=\"async\" loading=\"lazy\" src=\"https:\/\/stiridinsursebuzau.ro\/wp-content\/uploads\/2026\/08\/NEPI_Buzau_Card-Colac_1274x158.jpg\" alt width=\"1274\" height=\"158\"><\/a><\/div>\n<div id=\"stiri-3523269467\" class=\"stiri-inainte-de-continut-3 stiri-entity-placement\"><a href=\"https:\/\/buzau.21k.ro\/\" aria-label=\"900\u00d7200\"><img decoding=\"async\" loading=\"lazy\" src=\"https:\/\/stiridinsursebuzau.ro\/wp-content\/uploads\/2026\/07\/900x200.gif\" alt width=\"900\" height=\"200\"><\/a><\/div>\n<p class=\"wp-block-paragraph\">Muzeul Jude\u021bean Buz\u0103u organizeaz\u0103 s\u00e2mb\u0103t\u0103, 29 august 2026, \u00eentre orele 18:00 \u0219i 22:00, la Casa Memorial\u0103 \u201eVasile Voiculescu\u201d din P\u00e2rscov, tururi ghidate gratuite, \u00een cadrul celei de-a IV-a edi\u021bii a \u201eNop\u021bii Muzeelor la Sate\u201d.<\/p>\n<p class=\"wp-block-paragraph\">Vizitatorii vor putea descoperi locuin\u021ba \u00een care s-a n\u0103scut \u0219i a tr\u0103it o parte important\u0103 din via\u021b\u0103 poetul, prozatorul \u0219i medicul Vasile Voiculescu, precum \u0219i informa\u021bii despre via\u021ba \u0219i opera acestuia.<\/p>\n<p class=\"wp-block-paragraph\">Casa memorial\u0103 se afl\u0103 la aproximativ 32 de kilometri de municipiul Buz\u0103u \u0219i reprezint\u0103 unul dintre obiectivele culturale importante ale jude\u021bului.<\/p>\n<p class=\"wp-block-paragraph\">Aceesul este gratuit! <\/p>\n<div class=\"post-views content-post post-48502 entry-meta load-static\" data-pvc-type=\"post\" data-pvc-id=\"48502\"><span class=\"post-views-label\">Vizualiz\u0103ri \u0219tire:<\/span><span class=\"post-views-count\">67<\/span><\/div>\n<div id=\"stiri-1470332887\" class=\"stiri-dupa-continut-2 stiri-entity-placement\"><a href=\"https:\/\/rapidservicebuzau.ro\/\" aria-label=\"RAPID SUPER SERVICE\"><img loading=\"lazy\" decoding=\"async\" src=\"https:\/\/stiridinsursebuzau.ro\/wp-content\/uploads\/2026\/02\/ChatGPT-Image-10-feb.-2026-22_24_01.png\" alt width=\"1536\" height=\"1024\"><\/a><\/div>\n<div id=\"stiri-2275750846\" class=\"stiri-dupa-continut_2 stiri-entity-placement\"><a href=\"https:\/\/www.facebook.com\/profile.php?id=61564932526740\" aria-label=\"Glamour Pizza &quot;la patrat&quot;\"><img decoding=\"async\" loading=\"lazy\" src=\"https:\/\/stiridinsursebuzau.ro\/wp-content\/uploads\/2026\/02\/ChatGPT-Image-10-feb.-2026-21_57_13.png\" alt=\"Glamour Pizza &quot;la patrat&quot;\" width=\"1536\" height=\"1024\"><\/a><\/div>\n<div id=\"stiri-2449647583\" class=\"stiri-dupa-continut_3 stiri-entity-placement\"><a href=\"https:\/\/www.facebook.com\/profile.php?id=61573613380169&amp;locale=ro_RO\" aria-label=\"ChatGPT Image 10 feb. 2026, 22_10_50\"><img decoding=\"async\" loading=\"lazy\" src=\"https:\/\/stiridinsursebuzau.ro\/wp-content\/uploads\/2026\/02\/ChatGPT-Image-10-feb.-2026-22_10_50.png\" alt width=\"1536\" height=\"1024\"><\/a><\/div>\n<div id=\"stiri-1210977025\" class=\"stiri-dupa-continut_4 stiri-entity-placement\"><a href=\"https:\/\/www.facebook.com\/profile.php?id=100077377992379\" aria-label=\"1536 cu 1024 pixeli\"><img decoding=\"async\" loading=\"lazy\" src=\"https:\/\/stiridinsursebuzau.ro\/wp-content\/uploads\/2026\/02\/ChatGPT-Image-20-feb.-2026-14_05_15.png\" alt=\"1536 cu 1024 pixeli\" width=\"1536\" height=\"1024\"><\/a><\/div>\n<div id=\"stiri-1531417273\" class=\"stiri-dupa-continut_5 stiri-entity-placement\"><img decoding=\"async\" loading=\"lazy\" src=\"https:\/\/stiridinsursebuzau.ro\/wp-content\/uploads\/2026\/02\/ChatGPT-Image-10-feb.-2026-23_00_56.png\" alt=\"piese tractoare\" width=\"1536\" height=\"1024\"><\/div>\n<nav class=\"navigation post-navigation\" aria-label=\"Articole\">\n<h2 class=\"screen-reader-text\">Navigare \u00een articole<\/h2>\n<div class=\"nav-links\">\n<div class=\"nav-previous\"><a href=\"https:\/\/stiridinsursebuzau.ro\/vali-vijelie-vine-astazi-la-naeni-sarbatoare-cu-muzica-populara-si-foc-de-artificii-la-glasul-pietrei\/\" rel=\"prev\">Vali Vijelie vine ast\u0103zi la N\u0103eni. S\u0103rb\u0103toare cu muzic\u0103 popular\u0103 \u0219i foc de artificii la \u201eGlasul Pietrei\u201d <\/a><\/div>\n<div class=\"nav-next\"><a href=\"https:\/\/stiridinsursebuzau.ro\/primaria-buzau-ofera-microgranturi-de-20-000-de-lei-pentru-proiecte-de-mediu-realizate-de-tineri\/\" rel=\"next\"> Prim\u0103ria Buz\u0103u ofer\u0103 microgranturi de 20.000 de lei pentru proiecte de mediu realizate de tineri<\/a><\/div>\n<\/div>\n<\/nav>\n<\/article>\n<p>[analyse_source url=&#8221;https:\/\/stiridinsursebuzau.ro\/noaptea-muzeelor-la-sate-tururi-ghidate-gratuite-la-casa-vasile-voiculescu-din-parscov\/&#8221;]<\/p>\n","protected":false},"excerpt":{"rendered":"<p>[analyse_image type=&#8221;featured&#8221; src=&#8221;https:\/\/stiridinsursebuzau.ro\/wp-content\/uploads\/2026\/08\/Messenger_creation_633A17C7-9B97-4FB6-838D-415F46B9EE51.jpeg&#8221;] Muzeul Jude\u021bean Buz\u0103u organizeaz\u0103 s\u00e2mb\u0103t\u0103, 29 august 2026, \u00eentre orele 18:00 \u0219i 22:00, la Casa Memorial\u0103 \u201eVasile Voiculescu\u201d din P\u00e2rscov, tururi ghidate gratuite, \u00een cadrul celei de-a IV-a edi\u021bii a \u201eNop\u021bii Muzeelor la Sate\u201d. Vizitatorii vor putea descoperi locuin\u021ba \u00een care s-a n\u0103scut \u0219i a tr\u0103it o parte important\u0103 din via\u021b\u0103 poetul, [&hellip;]<\/p>\n","protected":false},"author":1,"featured_media":0,"comment_status":"open","ping_status":"","sticky":false,"template":"","format":"standard","meta":{"footnotes":""},"categories":[2],"tags":[226,60],"class_list":["post-2110378","post","type-post","status-publish","format-standard","hentry","category-politics","tag-crawlmanager","tag-stiridinsursebuzau-ro"],"_links":{"self":[{"href":"https:\/\/analyse.optim.biz\/index.php?rest_route=\/wp\/v2\/posts\/2110378","targetHints":{"allow":["GET"]}}],"collection":[{"href":"https:\/\/analyse.optim.biz\/index.php?rest_route=\/wp\/v2\/posts"}],"about":[{"href":"https:\/\/analyse.optim.biz\/index.php?rest_route=\/wp\/v2\/types\/post"}],"author":[{"embeddable":true,"href":"https:\/\/analyse.optim.biz\/index.php?rest_route=\/wp\/v2\/users\/1"}],"replies":[{"embeddable":true,"href":"https:\/\/analyse.optim.biz\/index.php?rest_route=%2Fwp%2Fv2%2Fcomments&post=2110378"}],"version-history":[{"count":0,"href":"https:\/\/analyse.optim.biz\/index.php?rest_route=\/wp\/v2\/posts\/2110378\/revisions"}],"wp:attachment":[{"href":"https:\/\/analyse.optim.biz\/index.php?rest_route=%2Fwp%2Fv2%2Fmedia&parent=2110378"}],"wp:term":[{"taxonomy":"category","embeddable":true,"href":"https:\/\/analyse.optim.biz\/index.php?rest_route=%2Fwp%2Fv2%2Fcategories&post=2110378"},{"taxonomy":"post_tag","embeddable":true,"href":"https:\/\/analyse.optim.biz\/index.php?rest_route=%2Fwp%2Fv2%2Ftags&post=2110378"}],"curies":[{"name":"wp","href":"https:\/\/api.w.org\/{rel}","templated":true}]}}